{"id":10558,"date":"2018-04-26T00:00:00","date_gmt":"2018-04-25T22:00:00","guid":{"rendered":"https:\/\/www.billin.net\/blog\/seguro-responsabilidad-civil-autonomos-empresas\/"},"modified":"2025-09-25T20:58:09","modified_gmt":"2025-09-25T18:58:09","slug":"seguro-responsabilidad-civil-autonomos-empresas","status":"publish","type":"post","link":"https:\/\/www.billin.net\/blog\/seguro-responsabilidad-civil-autonomos-empresas\/","title":{"rendered":"\u00bfEs el Seguro de Responsabilidad Civil para aut\u00f3nomos obligatorio?"},"content":{"rendered":"<p>Aprende a proteger tu negocio, ya que, tendr\u00e1s que <strong>ser responsable del da\u00f1o que causes<\/strong>, adem\u00e1s de los perjuicios que te puedan causar terceros. Te contamos todo sobre el seguro de responsabilidad civil para aut\u00f3nomos.<!--more--><\/p>\n<h2>\u00bfQu\u00e9 es la Responsabilidad Civil para aut\u00f3nomos obligatoria?<\/h2>\n<p>Es tener un seguro de responsabilidad civil, para cualquier <a href=\"https:\/\/www.billin.net\/glosario\/definicion-persona-fisica\/\">persona f\u00edsica<\/a> o jur\u00eddica que desarrolle una actividad empresarial, y que <strong>te cubra de las indemnizaciones que puedan provenir de reclamaciones efectuadas a tu negocio<\/strong>, por da\u00f1os causados a terceros, es obligatorio.<\/p>\n<p>Entendemos la responsabilidad civil como la<strong> obligaci\u00f3n que tenemos de reparar un da\u00f1o causado por nosotros,<\/strong> bien sea por nuestros actos o por los de alguien dependiente de nosotros, e incluso, cosas que est\u00e9n bajo nuestra responsabilidad.<\/p>\n<h3>\u00bfPara qu\u00e9 sirve un seguro de responsabilidad civil?<\/h3>\n<p>Debemos tener claro que como cualquier persona, no estamos exentos de poder causar un da\u00f1o, ya sea por negligencia, omisi\u00f3n o por circunstancias independientes de nosotros.<\/p>\n<p>Este da\u00f1o causado puede llegar a generar consecuencias penales cuando la acci\u00f3n sea considerada delito, de ah\u00ed, la <strong>obligatoriedad del seguro de responsabilidad civil<\/strong> en pr\u00e1cticamente el 100% de las actividades tanto empresariales como profesionales.<\/p>\n<p>Esta responsabilidad se har\u00e1 cargo de pagar la indemnizaci\u00f3n respondiendo de todos los da\u00f1os materiales o personales producidos a terceros.<\/p>\n<p><img loading=\"lazy\" decoding=\"async\" class=\"aligncenter wp-image-6868 size-full\" src=\"https:\/\/www.billin.net\/blog\/wp-content\/uploads\/2018\/04\/responsabilidad-civil-autonomo-empresas-min.jpg\" alt=\"seguro de responsabilidad civil autonomos\" width=\"1000\" height=\"667\" srcset=\"https:\/\/www.billin.net\/blog\/wp-content\/uploads\/2018\/04\/responsabilidad-civil-autonomo-empresas-min.jpg 1000w, https:\/\/www.billin.net\/blog\/wp-content\/uploads\/2018\/04\/responsabilidad-civil-autonomo-empresas-min-300x200.jpg 300w, https:\/\/www.billin.net\/blog\/wp-content\/uploads\/2018\/04\/responsabilidad-civil-autonomo-empresas-min-768x512.jpg 768w, https:\/\/www.billin.net\/blog\/wp-content\/uploads\/2018\/04\/responsabilidad-civil-autonomo-empresas-min-600x400.jpg 600w, https:\/\/www.billin.net\/blog\/wp-content\/uploads\/2018\/04\/responsabilidad-civil-autonomo-empresas-min-200x133.jpg 200w, https:\/\/www.billin.net\/blog\/wp-content\/uploads\/2018\/04\/responsabilidad-civil-autonomo-empresas-min-810x540.jpg 810w\" sizes=\"(max-width: 1000px) 100vw, 1000px\" \/><\/p>\n<h2>Tipos de Responsabilidad Civil para aut\u00f3nomos<\/h2>\n<h3>Responsabilidad civil general.<\/h3>\n<p>Nos garantiza las reclamaciones de da\u00f1os directos, tanto materiales como personales, que hayamos podido ocasionar a un tercero.<\/p>\n<p>Este <a href=\"https:\/\/www.billin.net\/blog\/seguros-para-autonomos\/\">tipo de seguro<\/a> es, principalmente, el contratado por aut\u00f3nomos y empresas, que puedan causar da\u00f1os al ejercer su actividad, como, por ejemplo, alba\u00f1iles, fabricantes, empresa de instaladores, etc.<\/p>\n<p>La cantidad de la responsabilidad va desde 150.000 hasta varios millones de euros, lo importante, es que la adaptes a tu negocio, y<strong> pongas el l\u00edmite adecuado a tu actividad<\/strong>.<\/p>\n<h3>Responsabilidad civil profesional.<\/h3>\n<p>En este caso ampara al asegurado por da\u00f1os causados en elementos patrimoniales primarios causados a un tercero, es decir, <strong>generados por errores, omisiones o negligencias, cometidos en el desempe\u00f1o de su actividad profesional<\/strong>.<\/p>\n<p>Estos elementos patrimoniales se refieren a los que generan una p\u00e9rdida econ\u00f3mica que no vendr\u00e1 por un motivo material directo ni personal sufrido por el reclamante.<\/p>\n<p>Un ejemplo, ser\u00eda que un economista no aplicara a un cliente un <a href=\"https:\/\/www.billin.net\/glosario\/definicion-beneficio-fiscal\/\">beneficio fiscal<\/a>, y llegara la prescripci\u00f3n de esos impuestos, perdiendo as\u00ed, la cuant\u00eda econ\u00f3mica que le hubiese correspondido. Aqu\u00ed el economista tendr\u00eda que indemnizar al reclamante por esa p\u00e9rdida.<\/p>\n<h3>Coberturas del seguro de responsabilidad civil<\/h3>\n<p>Con cobertura, nos referimos al <strong>l\u00edmite de la indemnizaci\u00f3n que nos pongamos en nuestro seguro de responsabilidad civil<\/strong>.<\/p>\n<p>Esta p\u00f3liza suele ir desde 150.000 euros, 300.000 euros y 600.000 euros, aunque es posible hacerlo por un importe mayor.<\/p>\n<p>Normalmente, un aut\u00f3nomo o empresa coge el l\u00edmite m\u00e1s adaptado a su negocio, aunque hay algunas excepciones, que tienen una norma espec\u00edfica, en la cual, se indica el m\u00ednimo establecido.<\/p>\n<p>Cuando escojamos la cobertura, debemos fijarnos en que la expresi\u00f3n se refleje de la siguiente manera:<\/p>\n<p style=\"text-align: center;\"><strong>Cobertura XXXXX: 600.000 \u20ac por siniestro y a\u00f1o<\/strong><\/p>\n<p>Esto significar\u00eda qu\u00e9 si tenemos varios siniestros en un mismo a\u00f1o, una vez que hayamos consumido los 600.000 euros nos hemos quedado sin cobertura.<\/p>\n<p>Otro punto importante, son los gastos en defensa jur\u00eddica, es importante, que est\u00e9n incluidos en la p\u00f3liza, ya que, en caso de tener que indemnizar, \u00e9stos ser\u00e1n pagados con la responsabilidad, de la otra forma, no saldr\u00edan de la indemnizaci\u00f3n.<\/p>\n<p>Tambi\u00e9n <strong>hay que tener en cuenta el sub-l\u00edmite<\/strong>, puesto que, aunque tengamos una p\u00f3liza de 150.000 euros contratada, normalmente, le corresponde 60.000 euros por v\u00edctima, a la de 300.000 euros le corresponde 90.000 euros y a la de 600.000 euros son 150.000 euros. Este sub-l\u00edmite llegar\u00e1 como m\u00e1ximo a 180.000 euros, es por ello, que muchas empresas contratan una p\u00f3liza paralela, para que sea usada en caso de que la primera sea insuficiente y poder cubrir todas las indemnizaciones.<\/p>\n<p>Aqu\u00ed tienes m\u00e1s sobre lo que es un <strong><a href=\"https:\/\/www.billin.net\/blog\/seguro-responsabilidad-civil-empresas\/\" target=\"_blank\" rel=\"noopener noreferrer\">seguro de responsabilidad civil para empresas<\/a>.<\/strong><\/p>\n<p><img loading=\"lazy\" decoding=\"async\" class=\"aligncenter wp-image-6869 size-full\" src=\"https:\/\/www.billin.net\/blog\/wp-content\/uploads\/2018\/04\/responsabilidad-civil-empresas-min.jpg\" alt=\"seguros de responsabilidad civil para autonomos\" width=\"1000\" height=\"667\" srcset=\"https:\/\/www.billin.net\/blog\/wp-content\/uploads\/2018\/04\/responsabilidad-civil-empresas-min.jpg 1000w, https:\/\/www.billin.net\/blog\/wp-content\/uploads\/2018\/04\/responsabilidad-civil-empresas-min-300x200.jpg 300w, https:\/\/www.billin.net\/blog\/wp-content\/uploads\/2018\/04\/responsabilidad-civil-empresas-min-768x512.jpg 768w, https:\/\/www.billin.net\/blog\/wp-content\/uploads\/2018\/04\/responsabilidad-civil-empresas-min-600x400.jpg 600w, https:\/\/www.billin.net\/blog\/wp-content\/uploads\/2018\/04\/responsabilidad-civil-empresas-min-200x133.jpg 200w, https:\/\/www.billin.net\/blog\/wp-content\/uploads\/2018\/04\/responsabilidad-civil-empresas-min-810x540.jpg 810w\" sizes=\"(max-width: 1000px) 100vw, 1000px\" \/><\/p>\n<h2>Coberturas necesarias en tu seguro<\/h2>\n<p>Te clasificamos las <strong>coberturas que no debes olvidar contratar en tu seguro de responsabilidad civil<\/strong>, te evitar\u00e1 muchos dolores de cabeza:<\/p>\n<ul>\n<li>Asistencia jur\u00eddica telef\u00f3nica<\/li>\n<li>Defensa de los derechos de quien explota el negocio<\/li>\n<li>Asuntos administrativos<\/li>\n<li>Reclamaci\u00f3n de da\u00f1os<\/li>\n<li>Defensa ante otros seguros<\/li>\n<li>Reclamaci\u00f3n en contratos de bienes muebles<\/li>\n<li>Reclamaci\u00f3n en contratos de suministros<\/li>\n<li>Reclamaci\u00f3n en contratos de servicios<\/li>\n<li>Defensa ante las inspecciones de trabajo y contratos laborales<\/li>\n<li>Defensa ante responsabilidad penal<\/li>\n<li>Defensa en gastos de peritaje<\/li>\n<\/ul>\n<h2>Conclusi\u00f3n<\/h2>\n<p>Hemos visto la importancia vital, que tiene la contrataci\u00f3n de una p\u00f3liza que proteja tu responsabilidad civil, ya que, somos humanos, y podemos equivocarnos o causar un da\u00f1o material a un tercero,<strong> sin mala fe<\/strong>.<\/p>\n<p>Por todo ello, se recomienda que la contrataci\u00f3n de dicha p\u00f3liza se efect\u00fae desde el momento que comienza la actividad, y que, tanto la cantidad de responsabilidad, como los da\u00f1os contratados, est\u00e9n adaptados a las necesidades de tu negocio, y que ning\u00fan imprevisto genere una p\u00e9rdida en tu empresa.<\/p>\n<p>Si todav\u00eda no tienes claro lo que conlleva un seguro de responsabilidad civil para aut\u00f3nomos utiliza las preguntas y te ayudaremos a resolver todas tus dudas.<\/p>\n","protected":false},"excerpt":{"rendered":"<p>Aprende a proteger tu negocio, ya que, tendr\u00e1s que ser responsable del da\u00f1o que causes, adem\u00e1s de los perjuicios que te puedan causar terceros. Te contamos todo sobre el seguro de responsabilidad civil para aut\u00f3nomos.<\/p>\n","protected":false},"author":20,"featured_media":6867,"comment_status":"open","ping_status":"open","sticky":false,"template":"","format":"standard","meta":{"_acf_changed":false,"_et_pb_use_builder":"","_et_pb_old_content":"","_et_gb_content_width":"","om_disable_all_campaigns":false,"inline_featured_image":false,"footnotes":""},"categories":[1014],"tags":[1380],"class_list":{"0":"post-10558","1":"post","2":"type-post","3":"status-publish","4":"format-standard","5":"has-post-thumbnail","7":"category-fiscalidad","8":"tag-autonomos"},"acf":{"selector_de_usuario":null,"fecha_de_revision":"20220120"},"yoast_head":"<!-- This site is optimized with the Yoast SEO plugin v27.1 - https:\/\/yoast.com\/product\/yoast-seo-wordpress\/ -->\n<title>Seguro de Responsabilidad Civil Aut\u00f3nomos \u00bfObligatorio? - TeamSystem Facturas Billin<\/title>\n<meta name=\"description\" content=\"Te contamos todo sobre el seguro de responsabilidad civil para aut\u00f3nomos y las consideraciones que debes tener a la hora de contratarlo.\" \/>\n<meta name=\"robots\" content=\"index, follow, max-snippet:-1, max-image-preview:large, max-video-preview:-1\" \/>\n<link rel=\"canonical\" href=\"https:\/\/www.billin.net\/blog\/seguro-responsabilidad-civil-autonomos-empresas\/\" \/>\n<meta property=\"og:locale\" content=\"es_ES\" \/>\n<meta property=\"og:type\" content=\"article\" \/>\n<meta property=\"og:title\" content=\"Seguro de Responsabilidad Civil Aut\u00f3nomos \u00bfObligatorio? - TeamSystem Facturas Billin\" \/>\n<meta property=\"og:description\" content=\"Te contamos todo sobre el seguro de responsabilidad civil para aut\u00f3nomos y las consideraciones que debes tener a la hora de contratarlo.\" \/>\n<meta property=\"og:url\" content=\"https:\/\/www.billin.net\/blog\/seguro-responsabilidad-civil-autonomos-empresas\/\" \/>\n<meta property=\"og:site_name\" content=\"Blog de TeamSystem Facturas Billin\" \/>\n<meta property=\"article:publisher\" content=\"https:\/\/www.facebook.com\/EsBillin\" \/>\n<meta property=\"article:published_time\" content=\"2018-04-25T22:00:00+00:00\" \/>\n<meta property=\"article:modified_time\" content=\"2025-09-25T18:58:09+00:00\" \/>\n<meta property=\"og:image\" content=\"https:\/\/www.billin.net\/blog\/wp-content\/uploads\/2018\/04\/seguro-responsabilidad-civil-empresa-min.jpg\" \/>\n\t<meta property=\"og:image:width\" content=\"1000\" \/>\n\t<meta property=\"og:image:height\" content=\"667\" \/>\n\t<meta property=\"og:image:type\" content=\"image\/jpeg\" \/>\n<meta name=\"author\" content=\"Marcos De La Cueva - CEO TeamSystem Facturas Billin\" \/>\n<meta name=\"twitter:card\" content=\"summary_large_image\" \/>\n<meta name=\"twitter:creator\" content=\"@Billin_ES\" \/>\n<meta name=\"twitter:site\" content=\"@Billin_ES\" \/>\n<meta name=\"twitter:label1\" content=\"Escrito por\" \/>\n\t<meta name=\"twitter:data1\" content=\"Marcos De La Cueva - CEO TeamSystem Facturas Billin\" \/>\n\t<meta name=\"twitter:label2\" content=\"Tiempo de lectura\" \/>\n\t<meta name=\"twitter:data2\" content=\"5 minutos\" \/>\n<script type=\"application\/ld+json\" class=\"yoast-schema-graph\">{\"@context\":\"https:\/\/schema.org\",\"@graph\":[{\"@type\":\"Article\",\"@id\":\"https:\/\/www.billin.net\/blog\/seguro-responsabilidad-civil-autonomos-empresas\/#article\",\"isPartOf\":{\"@id\":\"https:\/\/www.billin.net\/blog\/seguro-responsabilidad-civil-autonomos-empresas\/\"},\"author\":{\"name\":\"Marcos De La Cueva - CEO TeamSystem Facturas Billin\",\"@id\":\"https:\/\/www.billin.net\/blog\/#\/schema\/person\/d0339ee6e869234614541b1e80a793e7\"},\"headline\":\"\u00bfEs el Seguro de Responsabilidad Civil para aut\u00f3nomos obligatorio?\",\"datePublished\":\"2018-04-25T22:00:00+00:00\",\"dateModified\":\"2025-09-25T18:58:09+00:00\",\"mainEntityOfPage\":{\"@id\":\"https:\/\/www.billin.net\/blog\/seguro-responsabilidad-civil-autonomos-empresas\/\"},\"wordCount\":921,\"commentCount\":7,\"publisher\":{\"@id\":\"https:\/\/www.billin.net\/blog\/#organization\"},\"image\":{\"@id\":\"https:\/\/www.billin.net\/blog\/seguro-responsabilidad-civil-autonomos-empresas\/#primaryimage\"},\"thumbnailUrl\":\"https:\/\/www.billin.net\/blog\/wp-content\/uploads\/2018\/04\/seguro-responsabilidad-civil-empresa-min.jpg\",\"keywords\":[\"Aut\u00f3nomos\"],\"articleSection\":[\"Fiscalidad\"],\"inLanguage\":\"es\",\"potentialAction\":[{\"@type\":\"CommentAction\",\"name\":\"Comment\",\"target\":[\"https:\/\/www.billin.net\/blog\/seguro-responsabilidad-civil-autonomos-empresas\/#respond\"]}]},{\"@type\":\"WebPage\",\"@id\":\"https:\/\/www.billin.net\/blog\/seguro-responsabilidad-civil-autonomos-empresas\/\",\"url\":\"https:\/\/www.billin.net\/blog\/seguro-responsabilidad-civil-autonomos-empresas\/\",\"name\":\"Seguro de Responsabilidad Civil Aut\u00f3nomos \u00bfObligatorio? - TeamSystem Facturas Billin\",\"isPartOf\":{\"@id\":\"https:\/\/www.billin.net\/blog\/#website\"},\"primaryImageOfPage\":{\"@id\":\"https:\/\/www.billin.net\/blog\/seguro-responsabilidad-civil-autonomos-empresas\/#primaryimage\"},\"image\":{\"@id\":\"https:\/\/www.billin.net\/blog\/seguro-responsabilidad-civil-autonomos-empresas\/#primaryimage\"},\"thumbnailUrl\":\"https:\/\/www.billin.net\/blog\/wp-content\/uploads\/2018\/04\/seguro-responsabilidad-civil-empresa-min.jpg\",\"datePublished\":\"2018-04-25T22:00:00+00:00\",\"dateModified\":\"2025-09-25T18:58:09+00:00\",\"description\":\"Te contamos todo sobre el seguro de responsabilidad civil para aut\u00f3nomos y las consideraciones que debes tener a la hora de contratarlo.\",\"breadcrumb\":{\"@id\":\"https:\/\/www.billin.net\/blog\/seguro-responsabilidad-civil-autonomos-empresas\/#breadcrumb\"},\"inLanguage\":\"es\",\"potentialAction\":[{\"@type\":\"ReadAction\",\"target\":[\"https:\/\/www.billin.net\/blog\/seguro-responsabilidad-civil-autonomos-empresas\/\"]}]},{\"@type\":\"ImageObject\",\"inLanguage\":\"es\",\"@id\":\"https:\/\/www.billin.net\/blog\/seguro-responsabilidad-civil-autonomos-empresas\/#primaryimage\",\"url\":\"https:\/\/www.billin.net\/blog\/wp-content\/uploads\/2018\/04\/seguro-responsabilidad-civil-empresa-min.jpg\",\"contentUrl\":\"https:\/\/www.billin.net\/blog\/wp-content\/uploads\/2018\/04\/seguro-responsabilidad-civil-empresa-min.jpg\",\"width\":1000,\"height\":667,\"caption\":\"seguro responsabilidad civil autonomos\"},{\"@type\":\"BreadcrumbList\",\"@id\":\"https:\/\/www.billin.net\/blog\/seguro-responsabilidad-civil-autonomos-empresas\/#breadcrumb\",\"itemListElement\":[{\"@type\":\"ListItem\",\"position\":1,\"name\":\"Blog\",\"item\":\"https:\/\/www.billin.net\/blog\/\"},{\"@type\":\"ListItem\",\"position\":2,\"name\":\"Fiscalidad\",\"item\":\"https:\/\/www.billin.net\/blog\/fiscalidad\/\"},{\"@type\":\"ListItem\",\"position\":3,\"name\":\"\u00bfEs el Seguro de Responsabilidad Civil para aut\u00f3nomos obligatorio?\"}]},{\"@type\":\"WebSite\",\"@id\":\"https:\/\/www.billin.net\/blog\/#website\",\"url\":\"https:\/\/www.billin.net\/blog\/\",\"name\":\"Blog de Billin\",\"description\":\"Mantente informado con el blog de TeamSystem Facturas Billin:  facturaci\u00f3n, legislaci\u00f3n, contabilidad, management y toda la informaci\u00f3n \u00fatil para pymes y aut\u00f3nomos.\",\"publisher\":{\"@id\":\"https:\/\/www.billin.net\/blog\/#organization\"},\"potentialAction\":[{\"@type\":\"SearchAction\",\"target\":{\"@type\":\"EntryPoint\",\"urlTemplate\":\"https:\/\/www.billin.net\/blog\/?s={search_term_string}\"},\"query-input\":{\"@type\":\"PropertyValueSpecification\",\"valueRequired\":true,\"valueName\":\"search_term_string\"}}],\"inLanguage\":\"es\"},{\"@type\":\"Organization\",\"@id\":\"https:\/\/www.billin.net\/blog\/#organization\",\"name\":\"Billin\",\"alternateName\":\"Blog de Billin\",\"url\":\"https:\/\/www.billin.net\/blog\/\",\"logo\":{\"@type\":\"ImageObject\",\"inLanguage\":\"es\",\"@id\":\"https:\/\/www.billin.net\/blog\/#\/schema\/logo\/image\/\",\"url\":\"https:\/\/www.billin.net\/blog\/wp-content\/uploads\/2019\/06\/logotipo-billin-blog-1.png\",\"contentUrl\":\"https:\/\/www.billin.net\/blog\/wp-content\/uploads\/2019\/06\/logotipo-billin-blog-1.png\",\"width\":126,\"height\":50,\"caption\":\"Billin\"},\"image\":{\"@id\":\"https:\/\/www.billin.net\/blog\/#\/schema\/logo\/image\/\"},\"sameAs\":[\"https:\/\/www.facebook.com\/EsBillin\",\"https:\/\/x.com\/Billin_ES\",\"https:\/\/www.instagram.com\/billin_es\/\",\"https:\/\/www.linkedin.com\/company\/billin-spain\",\"https:\/\/www.youtube.com\/c\/BillinEsintercambiodefacturas\/\"],\"legalName\":\"MY EXPENSES SL\",\"contactPoint\":{\"@type\":\"ContactPoint\",\"telephone\":\"+34918318883\",\"contactType\":\"customer service\",\"email\":\"info@billin.eu\",\"availableLanguage\":\"es\"},\"foundingDate\":\"2015\",\"numberOfEmployees\":{\"@type\":\"QuantitativeValue\",\"minValue\":10,\"maxValue\":50},\"parentOrganization\":{\"@type\":\"Organization\",\"name\":\"TeamSystem\",\"url\":\"https:\/\/www.teamsystem.com\/\"},\"description\":\"Billin es el programa de facturaci\u00f3n online de TeamSystem para aut\u00f3nomos y pymes en Espa\u00f1a. Permite crear facturas, controlar gastos y cumplir con Verifactu.\",\"address\":{\"@type\":\"PostalAddress\",\"streetAddress\":\"Calle Arturo Soria, 336\",\"addressLocality\":\"Madrid\",\"addressRegion\":\"Madrid\",\"postalCode\":\"28033\",\"addressCountry\":\"ES\"}},{\"@type\":\"Person\",\"@id\":\"https:\/\/www.billin.net\/blog\/#\/schema\/person\/d0339ee6e869234614541b1e80a793e7\",\"name\":\"Marcos De La Cueva - CEO TeamSystem Facturas Billin\",\"image\":{\"@type\":\"ImageObject\",\"inLanguage\":\"es\",\"@id\":\"https:\/\/www.billin.net\/blog\/#\/schema\/person\/image\/\",\"url\":\"https:\/\/www.billin.net\/blog\/wp-content\/uploads\/2023\/10\/marcos-color-150x150.png\",\"contentUrl\":\"https:\/\/www.billin.net\/blog\/wp-content\/uploads\/2023\/10\/marcos-color-150x150.png\",\"caption\":\"Marcos De La Cueva - CEO TeamSystem Facturas Billin\"},\"description\":\"Licenciado en ADE por la Universidad Aut\u00f3noma de Madrid, Marcos De la Cueva es CEO y cofundador de TeamSystem Facturas Billin, un programa online que lleva m\u00e1s de 9 a\u00f1os ayudando a aut\u00f3nomos, peque\u00f1os negocios y gestor\u00edas a digitalizar sus presupuestos, facturas, tickets y gastos. \u00a0 Sobre Marcos De La Cueva \u00a0 Apasionado por el mundo empresarial y la tecnolog\u00eda, curs\u00f3 su M\u00e1ster de Finanzas en la Universidad Pontificia de Comillas y estuvo en el Programa de Cooperaci\u00f3n Educativa de la Universidad Aut\u00f3noma de Madrid. \u00a0 Marcos siempre ha tenido su objetivo claro: ayudar a la creaci\u00f3n de negocios financieramente sostenibles a trav\u00e9s de una herramienta de facturaci\u00f3n que les permita ahorrar tiempo y tener la contabilidad bajo control. \u00a0 Marcos De La Cueva en los medios \u2014 Noticia sobre Kit Digital y Ley Antifraude (VeriFactu) en El Economista. \u2014 Noticia sobre Kit Digital y factura electr\u00f3nica obligatoria en Diario Jur\u00eddico. \u2014 Noticia sobre el a\u00f1o de transici\u00f3n para la factura electr\u00f3nica en Muy Pymes. \u2014 Entrevista sobre factura electr\u00f3nica obligatoria en Canal Sur. \u2014 Noticia sobre el informe factura electr\u00f3nica de TeamSystem en Channel Partner. \u2014 Charla sobre productividad y Ley Crea y Crece en El Economista. \u2014 Charla sobre factura electr\u00f3nica obligatoria en Muy Pymes. \u2014 Charla sobre digitalizaci\u00f3n aut\u00f3nomos y productividad en esdiario. \u2014 Charla sobre productividad y factura electr\u00f3nica en La Raz\u00f3n. \u2014 Charla sobre factura electr\u00f3nica obligatoria en Aut\u00f3nomos y Emprendedores. \u2014 Entrevista sobre Ley Antifraude y Ley Crea y Crece en Expansi\u00f3n. \u2014 Entrevista sobre Ley Antifraude y Ley Crea y Crece en La Raz\u00f3n. \u2014 Entrevista sobre factura electr\u00f3nica obligatoria en El Economista. \u2014 Comunicado Billin y TeamSystem en Business Insider. \u2014 Entrevista en Econom\u00eda Digital. \u2014 Entrevista en Ideas para tu empresa de Vodafone. \u2014 Entrevista en M\u00e1sQradio. \u2014 Entrevista en Armas para emprender de El M\u00e9todo Gallardo. \u2014 Entrevista en KFund. \u2014 Entrevista en AXA Seguros Espa\u00f1a. \u2014 Entrevista en GestionaRadio. \u00a0 Marcos De La Cueva en eventos \u00a0 \u2014 Participaci\u00f3n como ponente en Accountex Espa\u00f1a 2023. \u00a0 Tem\u00e1ticas de especializaci\u00f3n \u00a0 negocios | startups | contabilidad| fiscalidad | empresas| asesor\u00edas| autonomos | emprendedores | peque\u00f1os negocios | econom\u00eda | ADE | pymes | desarrollo de negocio\u00a0\",\"sameAs\":[\"https:\/\/www.billin.net\/\",\"https:\/\/www.linkedin.com\/in\/marcos-de-la-cueva-19750ba3\/\"],\"url\":\"https:\/\/www.billin.net\/blog\/author\/marcosdelacueva\/\",\"jobTitle\":\"CEO y cofundador de TS Facturas Billin\"}]}<\/script>\n<!-- \/ Yoast SEO plugin. -->","yoast_head_json":{"title":"Seguro de Responsabilidad Civil Aut\u00f3nomos \u00bfObligatorio? - TeamSystem Facturas Billin","description":"Te contamos todo sobre el seguro de responsabilidad civil para aut\u00f3nomos y las consideraciones que debes tener a la hora de contratarlo.","robots":{"index":"index","follow":"follow","max-snippet":"max-snippet:-1","max-image-preview":"max-image-preview:large","max-video-preview":"max-video-preview:-1"},"canonical":"https:\/\/www.billin.net\/blog\/seguro-responsabilidad-civil-autonomos-empresas\/","og_locale":"es_ES","og_type":"article","og_title":"Seguro de Responsabilidad Civil Aut\u00f3nomos \u00bfObligatorio? - TeamSystem Facturas Billin","og_description":"Te contamos todo sobre el seguro de responsabilidad civil para aut\u00f3nomos y las consideraciones que debes tener a la hora de contratarlo.","og_url":"https:\/\/www.billin.net\/blog\/seguro-responsabilidad-civil-autonomos-empresas\/","og_site_name":"Blog de TeamSystem Facturas Billin","article_publisher":"https:\/\/www.facebook.com\/EsBillin","article_published_time":"2018-04-25T22:00:00+00:00","article_modified_time":"2025-09-25T18:58:09+00:00","og_image":[{"width":1000,"height":667,"url":"https:\/\/www.billin.net\/blog\/wp-content\/uploads\/2018\/04\/seguro-responsabilidad-civil-empresa-min.jpg","type":"image\/jpeg"}],"author":"Marcos De La Cueva - CEO TeamSystem Facturas Billin","twitter_card":"summary_large_image","twitter_creator":"@Billin_ES","twitter_site":"@Billin_ES","twitter_misc":{"Escrito por":"Marcos De La Cueva - CEO TeamSystem Facturas Billin","Tiempo de lectura":"5 minutos"},"schema":{"@context":"https:\/\/schema.org","@graph":[{"@type":"Article","@id":"https:\/\/www.billin.net\/blog\/seguro-responsabilidad-civil-autonomos-empresas\/#article","isPartOf":{"@id":"https:\/\/www.billin.net\/blog\/seguro-responsabilidad-civil-autonomos-empresas\/"},"author":{"name":"Marcos De La Cueva - CEO TeamSystem Facturas Billin","@id":"https:\/\/www.billin.net\/blog\/#\/schema\/person\/d0339ee6e869234614541b1e80a793e7"},"headline":"\u00bfEs el Seguro de Responsabilidad Civil para aut\u00f3nomos obligatorio?","datePublished":"2018-04-25T22:00:00+00:00","dateModified":"2025-09-25T18:58:09+00:00","mainEntityOfPage":{"@id":"https:\/\/www.billin.net\/blog\/seguro-responsabilidad-civil-autonomos-empresas\/"},"wordCount":921,"commentCount":7,"publisher":{"@id":"https:\/\/www.billin.net\/blog\/#organization"},"image":{"@id":"https:\/\/www.billin.net\/blog\/seguro-responsabilidad-civil-autonomos-empresas\/#primaryimage"},"thumbnailUrl":"https:\/\/www.billin.net\/blog\/wp-content\/uploads\/2018\/04\/seguro-responsabilidad-civil-empresa-min.jpg","keywords":["Aut\u00f3nomos"],"articleSection":["Fiscalidad"],"inLanguage":"es","potentialAction":[{"@type":"CommentAction","name":"Comment","target":["https:\/\/www.billin.net\/blog\/seguro-responsabilidad-civil-autonomos-empresas\/#respond"]}]},{"@type":"WebPage","@id":"https:\/\/www.billin.net\/blog\/seguro-responsabilidad-civil-autonomos-empresas\/","url":"https:\/\/www.billin.net\/blog\/seguro-responsabilidad-civil-autonomos-empresas\/","name":"Seguro de Responsabilidad Civil Aut\u00f3nomos \u00bfObligatorio? - TeamSystem Facturas Billin","isPartOf":{"@id":"https:\/\/www.billin.net\/blog\/#website"},"primaryImageOfPage":{"@id":"https:\/\/www.billin.net\/blog\/seguro-responsabilidad-civil-autonomos-empresas\/#primaryimage"},"image":{"@id":"https:\/\/www.billin.net\/blog\/seguro-responsabilidad-civil-autonomos-empresas\/#primaryimage"},"thumbnailUrl":"https:\/\/www.billin.net\/blog\/wp-content\/uploads\/2018\/04\/seguro-responsabilidad-civil-empresa-min.jpg","datePublished":"2018-04-25T22:00:00+00:00","dateModified":"2025-09-25T18:58:09+00:00","description":"Te contamos todo sobre el seguro de responsabilidad civil para aut\u00f3nomos y las consideraciones que debes tener a la hora de contratarlo.","breadcrumb":{"@id":"https:\/\/www.billin.net\/blog\/seguro-responsabilidad-civil-autonomos-empresas\/#breadcrumb"},"inLanguage":"es","potentialAction":[{"@type":"ReadAction","target":["https:\/\/www.billin.net\/blog\/seguro-responsabilidad-civil-autonomos-empresas\/"]}]},{"@type":"ImageObject","inLanguage":"es","@id":"https:\/\/www.billin.net\/blog\/seguro-responsabilidad-civil-autonomos-empresas\/#primaryimage","url":"https:\/\/www.billin.net\/blog\/wp-content\/uploads\/2018\/04\/seguro-responsabilidad-civil-empresa-min.jpg","contentUrl":"https:\/\/www.billin.net\/blog\/wp-content\/uploads\/2018\/04\/seguro-responsabilidad-civil-empresa-min.jpg","width":1000,"height":667,"caption":"seguro responsabilidad civil autonomos"},{"@type":"BreadcrumbList","@id":"https:\/\/www.billin.net\/blog\/seguro-responsabilidad-civil-autonomos-empresas\/#breadcrumb","itemListElement":[{"@type":"ListItem","position":1,"name":"Blog","item":"https:\/\/www.billin.net\/blog\/"},{"@type":"ListItem","position":2,"name":"Fiscalidad","item":"https:\/\/www.billin.net\/blog\/fiscalidad\/"},{"@type":"ListItem","position":3,"name":"\u00bfEs el Seguro de Responsabilidad Civil para aut\u00f3nomos obligatorio?"}]},{"@type":"WebSite","@id":"https:\/\/www.billin.net\/blog\/#website","url":"https:\/\/www.billin.net\/blog\/","name":"Blog de Billin","description":"Mantente informado con el blog de TeamSystem Facturas Billin:  facturaci\u00f3n, legislaci\u00f3n, contabilidad, management y toda la informaci\u00f3n \u00fatil para pymes y aut\u00f3nomos.","publisher":{"@id":"https:\/\/www.billin.net\/blog\/#organization"},"potentialAction":[{"@type":"SearchAction","target":{"@type":"EntryPoint","urlTemplate":"https:\/\/www.billin.net\/blog\/?s={search_term_string}"},"query-input":{"@type":"PropertyValueSpecification","valueRequired":true,"valueName":"search_term_string"}}],"inLanguage":"es"},{"@type":"Organization","@id":"https:\/\/www.billin.net\/blog\/#organization","name":"Billin","alternateName":"Blog de Billin","url":"https:\/\/www.billin.net\/blog\/","logo":{"@type":"ImageObject","inLanguage":"es","@id":"https:\/\/www.billin.net\/blog\/#\/schema\/logo\/image\/","url":"https:\/\/www.billin.net\/blog\/wp-content\/uploads\/2019\/06\/logotipo-billin-blog-1.png","contentUrl":"https:\/\/www.billin.net\/blog\/wp-content\/uploads\/2019\/06\/logotipo-billin-blog-1.png","width":126,"height":50,"caption":"Billin"},"image":{"@id":"https:\/\/www.billin.net\/blog\/#\/schema\/logo\/image\/"},"sameAs":["https:\/\/www.facebook.com\/EsBillin","https:\/\/x.com\/Billin_ES","https:\/\/www.instagram.com\/billin_es\/","https:\/\/www.linkedin.com\/company\/billin-spain","https:\/\/www.youtube.com\/c\/BillinEsintercambiodefacturas\/"],"legalName":"MY EXPENSES SL","contactPoint":{"@type":"ContactPoint","telephone":"+34918318883","contactType":"customer service","email":"info@billin.eu","availableLanguage":"es"},"foundingDate":"2015","numberOfEmployees":{"@type":"QuantitativeValue","minValue":10,"maxValue":50},"parentOrganization":{"@type":"Organization","name":"TeamSystem","url":"https:\/\/www.teamsystem.com\/"},"description":"Billin es el programa de facturaci\u00f3n online de TeamSystem para aut\u00f3nomos y pymes en Espa\u00f1a. Permite crear facturas, controlar gastos y cumplir con Verifactu.","address":{"@type":"PostalAddress","streetAddress":"Calle Arturo Soria, 336","addressLocality":"Madrid","addressRegion":"Madrid","postalCode":"28033","addressCountry":"ES"}},{"@type":"Person","@id":"https:\/\/www.billin.net\/blog\/#\/schema\/person\/d0339ee6e869234614541b1e80a793e7","name":"Marcos De La Cueva - CEO TeamSystem Facturas Billin","image":{"@type":"ImageObject","inLanguage":"es","@id":"https:\/\/www.billin.net\/blog\/#\/schema\/person\/image\/","url":"https:\/\/www.billin.net\/blog\/wp-content\/uploads\/2023\/10\/marcos-color-150x150.png","contentUrl":"https:\/\/www.billin.net\/blog\/wp-content\/uploads\/2023\/10\/marcos-color-150x150.png","caption":"Marcos De La Cueva - CEO TeamSystem Facturas Billin"},"description":"Licenciado en ADE por la Universidad Aut\u00f3noma de Madrid, Marcos De la Cueva es CEO y cofundador de TeamSystem Facturas Billin, un programa online que lleva m\u00e1s de 9 a\u00f1os ayudando a aut\u00f3nomos, peque\u00f1os negocios y gestor\u00edas a digitalizar sus presupuestos, facturas, tickets y gastos. \u00a0 Sobre Marcos De La Cueva \u00a0 Apasionado por el mundo empresarial y la tecnolog\u00eda, curs\u00f3 su M\u00e1ster de Finanzas en la Universidad Pontificia de Comillas y estuvo en el Programa de Cooperaci\u00f3n Educativa de la Universidad Aut\u00f3noma de Madrid. \u00a0 Marcos siempre ha tenido su objetivo claro: ayudar a la creaci\u00f3n de negocios financieramente sostenibles a trav\u00e9s de una herramienta de facturaci\u00f3n que les permita ahorrar tiempo y tener la contabilidad bajo control. \u00a0 Marcos De La Cueva en los medios \u2014 Noticia sobre Kit Digital y Ley Antifraude (VeriFactu) en El Economista. \u2014 Noticia sobre Kit Digital y factura electr\u00f3nica obligatoria en Diario Jur\u00eddico. \u2014 Noticia sobre el a\u00f1o de transici\u00f3n para la factura electr\u00f3nica en Muy Pymes. \u2014 Entrevista sobre factura electr\u00f3nica obligatoria en Canal Sur. \u2014 Noticia sobre el informe factura electr\u00f3nica de TeamSystem en Channel Partner. \u2014 Charla sobre productividad y Ley Crea y Crece en El Economista. \u2014 Charla sobre factura electr\u00f3nica obligatoria en Muy Pymes. \u2014 Charla sobre digitalizaci\u00f3n aut\u00f3nomos y productividad en esdiario. \u2014 Charla sobre productividad y factura electr\u00f3nica en La Raz\u00f3n. \u2014 Charla sobre factura electr\u00f3nica obligatoria en Aut\u00f3nomos y Emprendedores. \u2014 Entrevista sobre Ley Antifraude y Ley Crea y Crece en Expansi\u00f3n. \u2014 Entrevista sobre Ley Antifraude y Ley Crea y Crece en La Raz\u00f3n. \u2014 Entrevista sobre factura electr\u00f3nica obligatoria en El Economista. \u2014 Comunicado Billin y TeamSystem en Business Insider. \u2014 Entrevista en Econom\u00eda Digital. \u2014 Entrevista en Ideas para tu empresa de Vodafone. \u2014 Entrevista en M\u00e1sQradio. \u2014 Entrevista en Armas para emprender de El M\u00e9todo Gallardo. \u2014 Entrevista en KFund. \u2014 Entrevista en AXA Seguros Espa\u00f1a. \u2014 Entrevista en GestionaRadio. \u00a0 Marcos De La Cueva en eventos \u00a0 \u2014 Participaci\u00f3n como ponente en Accountex Espa\u00f1a 2023. \u00a0 Tem\u00e1ticas de especializaci\u00f3n \u00a0 negocios | startups | contabilidad| fiscalidad | empresas| asesor\u00edas| autonomos | emprendedores | peque\u00f1os negocios | econom\u00eda | ADE | pymes | desarrollo de negocio\u00a0","sameAs":["https:\/\/www.billin.net\/","https:\/\/www.linkedin.com\/in\/marcos-de-la-cueva-19750ba3\/"],"url":"https:\/\/www.billin.net\/blog\/author\/marcosdelacueva\/","jobTitle":"CEO y cofundador de TS Facturas Billin"}]}},"_links":{"self":[{"href":"https:\/\/www.billin.net\/blog\/wp-json\/wp\/v2\/posts\/10558","targetHints":{"allow":["GET"]}}],"collection":[{"href":"https:\/\/www.billin.net\/blog\/wp-json\/wp\/v2\/posts"}],"about":[{"href":"https:\/\/www.billin.net\/blog\/wp-json\/wp\/v2\/types\/post"}],"author":[{"embeddable":true,"href":"https:\/\/www.billin.net\/blog\/wp-json\/wp\/v2\/users\/20"}],"replies":[{"embeddable":true,"href":"https:\/\/www.billin.net\/blog\/wp-json\/wp\/v2\/comments?post=10558"}],"version-history":[{"count":9,"href":"https:\/\/www.billin.net\/blog\/wp-json\/wp\/v2\/posts\/10558\/revisions"}],"predecessor-version":[{"id":27399,"href":"https:\/\/www.billin.net\/blog\/wp-json\/wp\/v2\/posts\/10558\/revisions\/27399"}],"wp:featuredmedia":[{"embeddable":true,"href":"https:\/\/www.billin.net\/blog\/wp-json\/wp\/v2\/media\/6867"}],"wp:attachment":[{"href":"https:\/\/www.billin.net\/blog\/wp-json\/wp\/v2\/media?parent=10558"}],"wp:term":[{"taxonomy":"category","embeddable":true,"href":"https:\/\/www.billin.net\/blog\/wp-json\/wp\/v2\/categories?post=10558"},{"taxonomy":"post_tag","embeddable":true,"href":"https:\/\/www.billin.net\/blog\/wp-json\/wp\/v2\/tags?post=10558"}],"curies":[{"name":"wp","href":"https:\/\/api.w.org\/{rel}","templated":true}]}}