{"id":10554,"date":"2018-04-23T00:00:00","date_gmt":"2018-04-22T22:00:00","guid":{"rendered":"https:\/\/www.billin.net\/blog\/guia-contabilidad-autonomo\/"},"modified":"2025-09-25T20:58:16","modified_gmt":"2025-09-25T18:58:16","slug":"guia-contabilidad-autonomo","status":"publish","type":"post","link":"https:\/\/www.billin.net\/blog\/guia-contabilidad-autonomo\/","title":{"rendered":"C\u00f3mo llevar la contabilidad de un aut\u00f3nomo"},"content":{"rendered":"<p>Hemos elaborado una gu\u00eda para que t\u00fa mismo seas capaz de poder llevar tu propia <a href=\"https:\/\/www.billin.net\/blog\/contabilidad-basica-pymes-autonomos\/\" target=\"_blank\" rel=\"noopener noreferrer\">contabilidad b\u00e1sica<\/a> <strong>o bien si eres un contable aut\u00f3nomo.<\/strong> Adem\u00e1s de ense\u00f1arte como elaborar los libros contables y los impuestos.<!--more--><\/p>\n<h2>\u00bfQu\u00e9 es la contabilidad para aut\u00f3nomos?<\/h2>\n<p>La <a href=\"https:\/\/www.billin.net\/glosario\/definicion-contabilidad\/\" target=\"_blank\" rel=\"noopener noreferrer\">contabilidad<\/a> es un sistema de registro, an\u00e1lisis y clasificaci\u00f3n de las operaciones de una empresa que tienen unas obligaciones fiscales y, la cual, est\u00e1 sujeta a un sistema tributario estatal.<\/p>\n<p>En este art\u00edculo, vamos a ense\u00f1arte a contabilizar las tres operaciones fundamentales y habituales que tiene un aut\u00f3nomo:<\/p>\n<ul>\n<li><strong>Ventas<\/strong><\/li>\n<\/ul>\n<p>En esta operaci\u00f3n aparecer\u00e1n tres cuentas fundamentales, donde cada una te desprender\u00e1 un tipo de informaci\u00f3n, es decir:<\/p>\n<p><img loading=\"lazy\" decoding=\"async\" class=\"aligncenter wp-image-6791 size-full\" src=\"https:\/\/www.billin.net\/blog\/wp-content\/uploads\/2018\/04\/ventas.jpg\" alt=\"Gu\u00eda de contabilidad para el aut\u00f3nomo\" width=\"538\" height=\"69\" srcset=\"https:\/\/www.billin.net\/blog\/wp-content\/uploads\/2018\/04\/ventas.jpg 538w, https:\/\/www.billin.net\/blog\/wp-content\/uploads\/2018\/04\/ventas-300x38.jpg 300w\" sizes=\"(max-width: 538px) 100vw, 538px\" \/><\/p>\n<p><strong><u>Ejemplo:<\/u><\/strong> Una empresa A dedicada a la venta de material de construcci\u00f3n, vende a la empresa B una cantidad de 1.500 euros (<a href=\"https:\/\/www.billin.net\/como-sacar-el-iva\/\" target=\"_blank\" rel=\"noopener noreferrer\">IVA incluido 21%<\/a>), \u00bfc\u00f3mo se har\u00eda el asiento contable correspondiente?<\/p>\n<p><strong>1500 \u20ac \u00a0\u00a0\u00a0\u00a0\u00a0\u00a0\u00a0\u00a0\u00a0\u00a0\u00a0 4300000 Empresa B a Ingresos por la venta\u00a0 \u00a0 \u00a0 7000000 \u00a0\u00a0\u00a0\u00a0\u00a0\u00a0 1240\u20ac<\/strong><\/p>\n<p><strong>\u00a0 \u00a0 \u00a0 \u00a0 \u00a0 \u00a0 \u00a0 \u00a0 \u00a0 \u00a0 \u00a0 \u00a0 \u00a0 \u00a0 \u00a0 \u00a0 \u00a0 \u00a0 \u00a0 \u00a0 \u00a0 \u00a0 \u00a0 \u00a0 \u00a0 \u00a0 \u00a0 \u00a0 \u00a0 \u00a0 \u00a0 \u00a0a IVA repercutido\u00a0 \u00a0 \u00a0 \u00a0 \u00a0 \u00a0 \u00a0 \u00a0 <\/strong><strong>477000\u00a0\u00a0\u00a0\u00a0\u00a0\u00a0\u00a0\u00a0\u00a0\u00a0\u00a0 260 \u20ac<\/strong><\/p>\n<p>En este caso la cuenta 4300000 nos indica el importe total de la factura, la cuenta 4770000 es el IVA que tenemos que ingresar a Hacienda, y por \u00faltimo la cuenta 7000000 muestra nuestra ganancia bruta.<\/p>\n<ul>\n<li><a href=\"https:\/\/www.billin.net\/glosario\/definicion-compra\/\" target=\"_blank\" rel=\"noopener noreferrer\"><strong>Compras<\/strong><\/a><\/li>\n<\/ul>\n<p>En esta operaci\u00f3n tenemos tres cuentas fundamentales, donde nuevamente cada una desprender\u00e1 un tipo de informaci\u00f3n distinta, es decir:<\/p>\n<p><img loading=\"lazy\" decoding=\"async\" class=\"aligncenter wp-image-6792 size-full\" src=\"https:\/\/www.billin.net\/blog\/wp-content\/uploads\/2018\/04\/compras.jpg\" alt=\"contabilidad para el aut\u00f3nomo\" width=\"538\" height=\"69\" srcset=\"https:\/\/www.billin.net\/blog\/wp-content\/uploads\/2018\/04\/compras.jpg 538w, https:\/\/www.billin.net\/blog\/wp-content\/uploads\/2018\/04\/compras-300x38.jpg 300w\" sizes=\"(max-width: 538px) 100vw, 538px\" \/><\/p>\n<p>Ejemplo: La empresa A compra a la empresa B por un total de factura de 1.500 \u20ac (IVA incluido 21%), \u00bfc\u00f3mo ser\u00eda el asiento contable?<\/p>\n<p><strong>1240 \u20ac 6000000 Compras a Empresa B 4000000 \u00a0\u00a0\u00a0 1500\u20ac<\/strong><\/p>\n<p><strong>260 \u20ac\u00a0\u00a0 4720000 IVA soportado<\/strong><\/p>\n<p>En este caso la cuenta 400000 nos informa del total de la compra, la cuenta 4720000 ser\u00e1 el IVA que podremos deducir en nuestras ventas, y por \u00faltimo la cuenta 600000 el gasto bruto<\/p>\n<p><img loading=\"lazy\" decoding=\"async\" class=\"aligncenter wp-image-6801 size-full\" src=\"https:\/\/www.billin.net\/blog\/wp-content\/uploads\/2018\/04\/autonomo-guia-contabilidad-min.jpg\" alt=\"contabilidad de autonomos\" width=\"1000\" height=\"687\" srcset=\"https:\/\/www.billin.net\/blog\/wp-content\/uploads\/2018\/04\/autonomo-guia-contabilidad-min.jpg 1000w, https:\/\/www.billin.net\/blog\/wp-content\/uploads\/2018\/04\/autonomo-guia-contabilidad-min-300x206.jpg 300w, https:\/\/www.billin.net\/blog\/wp-content\/uploads\/2018\/04\/autonomo-guia-contabilidad-min-768x528.jpg 768w, https:\/\/www.billin.net\/blog\/wp-content\/uploads\/2018\/04\/autonomo-guia-contabilidad-min-600x412.jpg 600w, https:\/\/www.billin.net\/blog\/wp-content\/uploads\/2018\/04\/autonomo-guia-contabilidad-min-200x137.jpg 200w, https:\/\/www.billin.net\/blog\/wp-content\/uploads\/2018\/04\/autonomo-guia-contabilidad-min-810x556.jpg 810w, https:\/\/www.billin.net\/blog\/wp-content\/uploads\/2018\/04\/autonomo-guia-contabilidad-min-145x100.jpg 145w, https:\/\/www.billin.net\/blog\/wp-content\/uploads\/2018\/04\/autonomo-guia-contabilidad-min-380x260.jpg 380w\" sizes=\"(max-width: 1000px) 100vw, 1000px\" \/><\/p>\n<ul>\n<li><strong>Gastos<\/strong><\/li>\n<\/ul>\n<p>Aqu\u00ed aparecer\u00e1n igualmente tres cuentas contables, exactamente igual que una compra con la diferencia que la base imponible de la factura ir\u00e1 a una cuenta espec\u00edfica, es decir, si por ejemplo es una factura de luz, ir\u00e1 a la cuenta 6280000 denominada \u201csuministros\u201d.<\/p>\n<p>Una vez entendido esto, pasamos a ver c\u00f3mo funcionan los libros contables, para poder calcular la cuota de IVA que nos corresponde pagar en el trimestre.<\/p>\n<p>Si eres Freelance, es importante que tengas en cuenta los <a href=\"https:\/\/www.billin.net\/calculadora-gastos-deducibles\/\" target=\"_blank\" rel=\"noopener noreferrer\">gastos deducibles para aut\u00f3nomos<\/a>.<\/p>\n<h2>Libro de facturas emitidas y recibidas<\/h2>\n<ul>\n<li><strong><a href=\"https:\/\/www.billin.net\/blog\/como-crear-los-libros-de-registro-de-facturas\/\" target=\"_blank\" rel=\"noopener noreferrer\">Libro de facturas emitidas<\/a>.<\/strong><\/li>\n<\/ul>\n<p>En este libro vamos a contabilizar todas las facturas realizadas por nosotros a nuestros clientes, es decir, aqu\u00ed ir\u00e1n los asientos explicados en el apartado de <strong>ventas<\/strong>.<\/p>\n<p>Una vez que hayamos incluido todas las facturas correspondientes al periodo que estemos realizando, es decir, si estamos declarando el primer trimestre ser\u00e1n las que correspondan a los meses de enero, febrero y marzo, obtendremos una cantidad total.<\/p>\n<p><strong>Ejemplo:<\/strong><\/p>\n<p>Supongamos que hemos emitido en el primer trimestre del a\u00f1o 2018, las siguientes facturas:<\/p>\n<p>N\u00ba 1 = 1.000, N\u00ba 2 = 2.000, N\u00ba 3 = 1.000 \u20ac (IVA incluido al 21%)<\/p>\n<p><img loading=\"lazy\" decoding=\"async\" class=\"aligncenter size-full wp-image-6793\" src=\"https:\/\/www.billin.net\/blog\/wp-content\/uploads\/2018\/04\/ejemplo.jpg\" alt=\"Gu\u00eda de contabilidad para el aut\u00f3nomo\" width=\"606\" height=\"69\" srcset=\"https:\/\/www.billin.net\/blog\/wp-content\/uploads\/2018\/04\/ejemplo.jpg 606w, https:\/\/www.billin.net\/blog\/wp-content\/uploads\/2018\/04\/ejemplo-300x34.jpg 300w\" sizes=\"(max-width: 606px) 100vw, 606px\" \/><\/p>\n<p>Una vez hemos calculado los totales de las tres cuentas, ya tenemos la primera cantidad para incorporarla a nuestro Modelo 303 1\u00ba Trimestre de 2018.<\/p>\n<ul>\n<li><strong>Libro de facturas recibidas y gastos<\/strong><\/li>\n<\/ul>\n<p>En este libro incluiremos todas las compras necesarias para el desarrollo de nuestra actividad m\u00e1s los gastos inherentes a nuestra actividad, estas compras y gastos se contabilizar\u00e1n como lo explicado en el apartado compras y gastos.<\/p>\n<p>Siguiendo con el ejemplo anterior diremos que las facturas correspondientes al trimestre de compras han sido:<\/p>\n<p>N\u00ba compra material = 500 \u20ac, N\u00ba gasolina = 100 \u20ac, N\u00ba alquiler = 200 \u20ac<\/p>\n<p><img loading=\"lazy\" decoding=\"async\" class=\"aligncenter size-full wp-image-6794\" src=\"https:\/\/www.billin.net\/blog\/wp-content\/uploads\/2018\/04\/libro-facturas.jpg\" alt=\"\u2022 Libro de facturas recibidas y gastos\" width=\"610\" height=\"69\" srcset=\"https:\/\/www.billin.net\/blog\/wp-content\/uploads\/2018\/04\/libro-facturas.jpg 610w, https:\/\/www.billin.net\/blog\/wp-content\/uploads\/2018\/04\/libro-facturas-300x34.jpg 300w\" sizes=\"(max-width: 610px) 100vw, 610px\" \/><\/p>\n<p>Una vez hemos calculado los totales de las tres cuentas, ya tenemos la segunda cantidad para incorporarla a nuestro Modelo 303 1\u00ba Trimestre de 2018.<\/p>\n<h2>Modelo de Impuesto del Valor A\u00f1adido: 303<\/h2>\n<p>Una vez terminado el apartado anterior, llega el momento de <a href=\"https:\/\/www.billin.net\/blog\/como-rellenar-modelo-303\/\" target=\"_blank\" rel=\"noopener noreferrer\">rellenar el Modelo 303<\/a>, y saber lo que tendremos que pagar a Hacienda, vamos a adjuntar una imagen del Modelo para indicaros en la casilla que deb\u00e9is incluir cada uno de los importes calculados.<\/p>\n<p>Como vemos en la Imagen 1, es la parte donde incluiremos nuestros datos personales y contestaremos a las preguntas habituales, os dejamos marcadas las m\u00e1s comunes, pero l\u00e9elas detenidamente, por si no cumplieras alguna:<\/p>\n<p><img loading=\"lazy\" decoding=\"async\" class=\"aligncenter wp-image-6795 size-full\" src=\"https:\/\/www.billin.net\/blog\/wp-content\/uploads\/2018\/04\/contabilidad-autonomo.jpg\" alt=\"imagen del modelo de Impuesto del Valor A\u00f1adido: 303\" width=\"964\" height=\"495\" srcset=\"https:\/\/www.billin.net\/blog\/wp-content\/uploads\/2018\/04\/contabilidad-autonomo.jpg 964w, https:\/\/www.billin.net\/blog\/wp-content\/uploads\/2018\/04\/contabilidad-autonomo-300x154.jpg 300w, https:\/\/www.billin.net\/blog\/wp-content\/uploads\/2018\/04\/contabilidad-autonomo-768x394.jpg 768w, https:\/\/www.billin.net\/blog\/wp-content\/uploads\/2018\/04\/contabilidad-autonomo-810x416.jpg 810w\" sizes=\"(max-width: 964px) 100vw, 964px\" \/><\/p>\n<p><strong>Imagen 1<\/strong><\/p>\n<p>En la siguiente imagen 2, tendr\u00edamos que rellenar los siguientes importes, seg\u00fan nuestro ejemplo, y correspondiente al <u><a href=\"https:\/\/www.billin.net\/blog\/iva-devengado\/\" target=\"_blank\" rel=\"noopener noreferrer\">IVA devengado<\/a><\/u><\/p>\n<p>Casilla n\u00ba 7: el saldo de la cuenta 7000000, en nuestro caso, 3.305,78 \u20ac<\/p>\n<p>Casilla n\u00ba 8: indicamos el % de IVA, en nuestro caso, el 21%<\/p>\n<p>Casilla n\u00ba 9: ir\u00eda el saldo de la cuenta 47700000, en nuestro caso, 694,22<\/p>\n<p>En la parte del <u>IVA deducible<\/u>:<\/p>\n<p>Casilla n\u00ba 28: indicando el saldo de la cuenta 600000 + 6280000 +6210000, siendo 578,72<\/p>\n<p>Casilla n\u00ba 29: el saldo de la cuenta 4720000, que es 121,48<\/p>\n<p>Quedando, por tanto, 694,22 de IVA que tenemos que ingresar, menos el IVA que ya hemos gastado 121,48, la liquidaci\u00f3n dar\u00eda un resultado de 694,22 \u2013 121,48 = <strong>572,74<\/strong><\/p>\n<p><img loading=\"lazy\" decoding=\"async\" class=\"aligncenter wp-image-6796 size-full\" src=\"https:\/\/www.billin.net\/blog\/wp-content\/uploads\/2018\/04\/liquidacion.png\" alt=\"imagen del iva devengado \" width=\"886\" height=\"701\" srcset=\"https:\/\/www.billin.net\/blog\/wp-content\/uploads\/2018\/04\/liquidacion.png 886w, https:\/\/www.billin.net\/blog\/wp-content\/uploads\/2018\/04\/liquidacion-300x237.png 300w, https:\/\/www.billin.net\/blog\/wp-content\/uploads\/2018\/04\/liquidacion-768x608.png 768w, https:\/\/www.billin.net\/blog\/wp-content\/uploads\/2018\/04\/liquidacion-810x641.png 810w\" sizes=\"(max-width: 886px) 100vw, 886px\" \/><\/p>\n<p>Como podr\u00e1s ver, <strong>tanto si eres contable o contable aut\u00f3nomo<\/strong>, la forma de llevar la contabilidad para aut\u00f3nomos es muy sencilla. Puedes apoyarte en el <a href=\"https:\/\/www.billin.net\/programa-facturacion-autonomos\/\">programa de facturaci\u00f3n para aut\u00f3nomos<\/a> de TeamSystem Facturas Billin.<\/p>\n<p>&nbsp;<\/p>\n","protected":false},"excerpt":{"rendered":"<p>Hemos elaborado una gu\u00eda para que t\u00fa mismo seas capaz de poder llevar tu propia contabilidad b\u00e1sica o bien si eres un contable aut\u00f3nomo. Adem\u00e1s de ense\u00f1arte como elaborar los libros contables y los impuestos.<\/p>\n","protected":false},"author":20,"featured_media":6799,"comment_status":"open","ping_status":"open","sticky":false,"template":"","format":"standard","meta":{"_acf_changed":false,"_et_pb_use_builder":"","_et_pb_old_content":"","_et_gb_content_width":"","om_disable_all_campaigns":false,"inline_featured_image":false,"footnotes":""},"categories":[1020],"tags":[1380],"class_list":{"0":"post-10554","1":"post","2":"type-post","3":"status-publish","4":"format-standard","5":"has-post-thumbnail","7":"category-contabilidad","8":"tag-autonomos"},"acf":{"selector_de_usuario":null,"fecha_de_revision":"20210512"},"yoast_head":"<!-- This site is optimized with the Yoast SEO plugin v27.1 - https:\/\/yoast.com\/product\/yoast-seo-wordpress\/ -->\n<title>Contabilidad para Aut\u00f3nomos \u00bfC\u00f3mo llevarla? - TeamSystem Facturas Billin<\/title>\n<meta name=\"description\" content=\"Contabilidad para aut\u00f3nomos con ejemplos sobre los libros de facturas y modelos a tener en cuenta en el d\u00eda a d\u00eda del aut\u00f3nomo.\" \/>\n<meta name=\"robots\" content=\"index, follow, max-snippet:-1, max-image-preview:large, max-video-preview:-1\" \/>\n<link rel=\"canonical\" href=\"https:\/\/www.billin.net\/blog\/guia-contabilidad-autonomo\/\" \/>\n<meta property=\"og:locale\" content=\"es_ES\" \/>\n<meta property=\"og:type\" content=\"article\" \/>\n<meta property=\"og:title\" content=\"Contabilidad para Aut\u00f3nomos \u00bfC\u00f3mo llevarla? - TeamSystem Facturas Billin\" \/>\n<meta property=\"og:description\" content=\"Contabilidad para aut\u00f3nomos con ejemplos sobre los libros de facturas y modelos a tener en cuenta en el d\u00eda a d\u00eda del aut\u00f3nomo.\" \/>\n<meta property=\"og:url\" content=\"https:\/\/www.billin.net\/blog\/guia-contabilidad-autonomo\/\" \/>\n<meta property=\"og:site_name\" content=\"Blog de TeamSystem Facturas Billin\" \/>\n<meta property=\"article:publisher\" content=\"https:\/\/www.facebook.com\/EsBillin\" \/>\n<meta property=\"article:published_time\" content=\"2018-04-22T22:00:00+00:00\" \/>\n<meta property=\"article:modified_time\" content=\"2025-09-25T18:58:16+00:00\" \/>\n<meta property=\"og:image\" content=\"https:\/\/www.billin.net\/blog\/wp-content\/uploads\/2018\/04\/guia-contabilidad-autonomo-min.jpg\" \/>\n\t<meta property=\"og:image:width\" content=\"1000\" \/>\n\t<meta property=\"og:image:height\" content=\"701\" \/>\n\t<meta property=\"og:image:type\" content=\"image\/jpeg\" \/>\n<meta name=\"author\" content=\"Marcos De La Cueva - CEO TeamSystem Facturas Billin\" \/>\n<meta name=\"twitter:card\" content=\"summary_large_image\" \/>\n<meta name=\"twitter:creator\" content=\"@Billin_ES\" \/>\n<meta name=\"twitter:site\" content=\"@Billin_ES\" \/>\n<meta name=\"twitter:label1\" content=\"Escrito por\" \/>\n\t<meta name=\"twitter:data1\" content=\"Marcos De La Cueva - CEO TeamSystem Facturas Billin\" \/>\n\t<meta name=\"twitter:label2\" content=\"Tiempo de lectura\" \/>\n\t<meta name=\"twitter:data2\" content=\"4 minutos\" \/>\n<script type=\"application\/ld+json\" class=\"yoast-schema-graph\">{\"@context\":\"https:\/\/schema.org\",\"@graph\":[{\"@type\":\"Article\",\"@id\":\"https:\/\/www.billin.net\/blog\/guia-contabilidad-autonomo\/#article\",\"isPartOf\":{\"@id\":\"https:\/\/www.billin.net\/blog\/guia-contabilidad-autonomo\/\"},\"author\":{\"name\":\"Marcos De La Cueva - CEO TeamSystem Facturas Billin\",\"@id\":\"https:\/\/www.billin.net\/blog\/#\/schema\/person\/d0339ee6e869234614541b1e80a793e7\"},\"headline\":\"C\u00f3mo llevar la contabilidad de un aut\u00f3nomo\",\"datePublished\":\"2018-04-22T22:00:00+00:00\",\"dateModified\":\"2025-09-25T18:58:16+00:00\",\"mainEntityOfPage\":{\"@id\":\"https:\/\/www.billin.net\/blog\/guia-contabilidad-autonomo\/\"},\"wordCount\":814,\"commentCount\":0,\"publisher\":{\"@id\":\"https:\/\/www.billin.net\/blog\/#organization\"},\"image\":{\"@id\":\"https:\/\/www.billin.net\/blog\/guia-contabilidad-autonomo\/#primaryimage\"},\"thumbnailUrl\":\"https:\/\/www.billin.net\/blog\/wp-content\/uploads\/2018\/04\/guia-contabilidad-autonomo-min.jpg\",\"keywords\":[\"Aut\u00f3nomos\"],\"articleSection\":[\"Contabilidad\"],\"inLanguage\":\"es\",\"potentialAction\":[{\"@type\":\"CommentAction\",\"name\":\"Comment\",\"target\":[\"https:\/\/www.billin.net\/blog\/guia-contabilidad-autonomo\/#respond\"]}]},{\"@type\":\"WebPage\",\"@id\":\"https:\/\/www.billin.net\/blog\/guia-contabilidad-autonomo\/\",\"url\":\"https:\/\/www.billin.net\/blog\/guia-contabilidad-autonomo\/\",\"name\":\"Contabilidad para Aut\u00f3nomos \u00bfC\u00f3mo llevarla? - TeamSystem Facturas Billin\",\"isPartOf\":{\"@id\":\"https:\/\/www.billin.net\/blog\/#website\"},\"primaryImageOfPage\":{\"@id\":\"https:\/\/www.billin.net\/blog\/guia-contabilidad-autonomo\/#primaryimage\"},\"image\":{\"@id\":\"https:\/\/www.billin.net\/blog\/guia-contabilidad-autonomo\/#primaryimage\"},\"thumbnailUrl\":\"https:\/\/www.billin.net\/blog\/wp-content\/uploads\/2018\/04\/guia-contabilidad-autonomo-min.jpg\",\"datePublished\":\"2018-04-22T22:00:00+00:00\",\"dateModified\":\"2025-09-25T18:58:16+00:00\",\"description\":\"Contabilidad para aut\u00f3nomos con ejemplos sobre los libros de facturas y modelos a tener en cuenta en el d\u00eda a d\u00eda del aut\u00f3nomo.\",\"breadcrumb\":{\"@id\":\"https:\/\/www.billin.net\/blog\/guia-contabilidad-autonomo\/#breadcrumb\"},\"inLanguage\":\"es\",\"potentialAction\":[{\"@type\":\"ReadAction\",\"target\":[\"https:\/\/www.billin.net\/blog\/guia-contabilidad-autonomo\/\"]}]},{\"@type\":\"ImageObject\",\"inLanguage\":\"es\",\"@id\":\"https:\/\/www.billin.net\/blog\/guia-contabilidad-autonomo\/#primaryimage\",\"url\":\"https:\/\/www.billin.net\/blog\/wp-content\/uploads\/2018\/04\/guia-contabilidad-autonomo-min.jpg\",\"contentUrl\":\"https:\/\/www.billin.net\/blog\/wp-content\/uploads\/2018\/04\/guia-contabilidad-autonomo-min.jpg\",\"width\":1000,\"height\":701,\"caption\":\"contabilidad autonomos\"},{\"@type\":\"BreadcrumbList\",\"@id\":\"https:\/\/www.billin.net\/blog\/guia-contabilidad-autonomo\/#breadcrumb\",\"itemListElement\":[{\"@type\":\"ListItem\",\"position\":1,\"name\":\"Blog\",\"item\":\"https:\/\/www.billin.net\/blog\/\"},{\"@type\":\"ListItem\",\"position\":2,\"name\":\"Contabilidad\",\"item\":\"https:\/\/www.billin.net\/blog\/contabilidad\/\"},{\"@type\":\"ListItem\",\"position\":3,\"name\":\"C\u00f3mo llevar la contabilidad de un aut\u00f3nomo\"}]},{\"@type\":\"WebSite\",\"@id\":\"https:\/\/www.billin.net\/blog\/#website\",\"url\":\"https:\/\/www.billin.net\/blog\/\",\"name\":\"Blog de Billin\",\"description\":\"Mantente informado con el blog de TeamSystem Facturas Billin:  facturaci\u00f3n, legislaci\u00f3n, contabilidad, management y toda la informaci\u00f3n \u00fatil para pymes y aut\u00f3nomos.\",\"publisher\":{\"@id\":\"https:\/\/www.billin.net\/blog\/#organization\"},\"potentialAction\":[{\"@type\":\"SearchAction\",\"target\":{\"@type\":\"EntryPoint\",\"urlTemplate\":\"https:\/\/www.billin.net\/blog\/?s={search_term_string}\"},\"query-input\":{\"@type\":\"PropertyValueSpecification\",\"valueRequired\":true,\"valueName\":\"search_term_string\"}}],\"inLanguage\":\"es\"},{\"@type\":\"Organization\",\"@id\":\"https:\/\/www.billin.net\/blog\/#organization\",\"name\":\"Billin\",\"alternateName\":\"Blog de Billin\",\"url\":\"https:\/\/www.billin.net\/blog\/\",\"logo\":{\"@type\":\"ImageObject\",\"inLanguage\":\"es\",\"@id\":\"https:\/\/www.billin.net\/blog\/#\/schema\/logo\/image\/\",\"url\":\"https:\/\/www.billin.net\/blog\/wp-content\/uploads\/2019\/06\/logotipo-billin-blog-1.png\",\"contentUrl\":\"https:\/\/www.billin.net\/blog\/wp-content\/uploads\/2019\/06\/logotipo-billin-blog-1.png\",\"width\":126,\"height\":50,\"caption\":\"Billin\"},\"image\":{\"@id\":\"https:\/\/www.billin.net\/blog\/#\/schema\/logo\/image\/\"},\"sameAs\":[\"https:\/\/www.facebook.com\/EsBillin\",\"https:\/\/x.com\/Billin_ES\",\"https:\/\/www.instagram.com\/billin_es\/\",\"https:\/\/www.linkedin.com\/company\/billin-spain\",\"https:\/\/www.youtube.com\/c\/BillinEsintercambiodefacturas\/\"],\"legalName\":\"MY EXPENSES SL\",\"contactPoint\":{\"@type\":\"ContactPoint\",\"telephone\":\"+34918318883\",\"contactType\":\"customer service\",\"email\":\"info@billin.eu\",\"availableLanguage\":\"es\"},\"foundingDate\":\"2015\",\"numberOfEmployees\":{\"@type\":\"QuantitativeValue\",\"minValue\":10,\"maxValue\":50},\"parentOrganization\":{\"@type\":\"Organization\",\"name\":\"TeamSystem\",\"url\":\"https:\/\/www.teamsystem.com\/\"},\"description\":\"Billin es el programa de facturaci\u00f3n online de TeamSystem para aut\u00f3nomos y pymes en Espa\u00f1a. Permite crear facturas, controlar gastos y cumplir con Verifactu.\",\"address\":{\"@type\":\"PostalAddress\",\"streetAddress\":\"Calle Arturo Soria, 336\",\"addressLocality\":\"Madrid\",\"addressRegion\":\"Madrid\",\"postalCode\":\"28033\",\"addressCountry\":\"ES\"}},{\"@type\":\"Person\",\"@id\":\"https:\/\/www.billin.net\/blog\/#\/schema\/person\/d0339ee6e869234614541b1e80a793e7\",\"name\":\"Marcos De La Cueva - CEO TeamSystem Facturas Billin\",\"image\":{\"@type\":\"ImageObject\",\"inLanguage\":\"es\",\"@id\":\"https:\/\/www.billin.net\/blog\/#\/schema\/person\/image\/\",\"url\":\"https:\/\/www.billin.net\/blog\/wp-content\/uploads\/2023\/10\/marcos-color-150x150.png\",\"contentUrl\":\"https:\/\/www.billin.net\/blog\/wp-content\/uploads\/2023\/10\/marcos-color-150x150.png\",\"caption\":\"Marcos De La Cueva - CEO TeamSystem Facturas Billin\"},\"description\":\"Licenciado en ADE por la Universidad Aut\u00f3noma de Madrid, Marcos De la Cueva es CEO y cofundador de TeamSystem Facturas Billin, un programa online que lleva m\u00e1s de 9 a\u00f1os ayudando a aut\u00f3nomos, peque\u00f1os negocios y gestor\u00edas a digitalizar sus presupuestos, facturas, tickets y gastos. \u00a0 Sobre Marcos De La Cueva \u00a0 Apasionado por el mundo empresarial y la tecnolog\u00eda, curs\u00f3 su M\u00e1ster de Finanzas en la Universidad Pontificia de Comillas y estuvo en el Programa de Cooperaci\u00f3n Educativa de la Universidad Aut\u00f3noma de Madrid. \u00a0 Marcos siempre ha tenido su objetivo claro: ayudar a la creaci\u00f3n de negocios financieramente sostenibles a trav\u00e9s de una herramienta de facturaci\u00f3n que les permita ahorrar tiempo y tener la contabilidad bajo control. \u00a0 Marcos De La Cueva en los medios \u2014 Noticia sobre Kit Digital y Ley Antifraude (VeriFactu) en El Economista. \u2014 Noticia sobre Kit Digital y factura electr\u00f3nica obligatoria en Diario Jur\u00eddico. \u2014 Noticia sobre el a\u00f1o de transici\u00f3n para la factura electr\u00f3nica en Muy Pymes. \u2014 Entrevista sobre factura electr\u00f3nica obligatoria en Canal Sur. \u2014 Noticia sobre el informe factura electr\u00f3nica de TeamSystem en Channel Partner. \u2014 Charla sobre productividad y Ley Crea y Crece en El Economista. \u2014 Charla sobre factura electr\u00f3nica obligatoria en Muy Pymes. \u2014 Charla sobre digitalizaci\u00f3n aut\u00f3nomos y productividad en esdiario. \u2014 Charla sobre productividad y factura electr\u00f3nica en La Raz\u00f3n. \u2014 Charla sobre factura electr\u00f3nica obligatoria en Aut\u00f3nomos y Emprendedores. \u2014 Entrevista sobre Ley Antifraude y Ley Crea y Crece en Expansi\u00f3n. \u2014 Entrevista sobre Ley Antifraude y Ley Crea y Crece en La Raz\u00f3n. \u2014 Entrevista sobre factura electr\u00f3nica obligatoria en El Economista. \u2014 Comunicado Billin y TeamSystem en Business Insider. \u2014 Entrevista en Econom\u00eda Digital. \u2014 Entrevista en Ideas para tu empresa de Vodafone. \u2014 Entrevista en M\u00e1sQradio. \u2014 Entrevista en Armas para emprender de El M\u00e9todo Gallardo. \u2014 Entrevista en KFund. \u2014 Entrevista en AXA Seguros Espa\u00f1a. \u2014 Entrevista en GestionaRadio. \u00a0 Marcos De La Cueva en eventos \u00a0 \u2014 Participaci\u00f3n como ponente en Accountex Espa\u00f1a 2023. \u00a0 Tem\u00e1ticas de especializaci\u00f3n \u00a0 negocios | startups | contabilidad| fiscalidad | empresas| asesor\u00edas| autonomos | emprendedores | peque\u00f1os negocios | econom\u00eda | ADE | pymes | desarrollo de negocio\u00a0\",\"sameAs\":[\"https:\/\/www.billin.net\/\",\"https:\/\/www.linkedin.com\/in\/marcos-de-la-cueva-19750ba3\/\"],\"url\":\"https:\/\/www.billin.net\/blog\/author\/marcosdelacueva\/\",\"jobTitle\":\"CEO y cofundador de TS Facturas Billin\"}]}<\/script>\n<!-- \/ Yoast SEO plugin. -->","yoast_head_json":{"title":"Contabilidad para Aut\u00f3nomos \u00bfC\u00f3mo llevarla? - TeamSystem Facturas Billin","description":"Contabilidad para aut\u00f3nomos con ejemplos sobre los libros de facturas y modelos a tener en cuenta en el d\u00eda a d\u00eda del aut\u00f3nomo.","robots":{"index":"index","follow":"follow","max-snippet":"max-snippet:-1","max-image-preview":"max-image-preview:large","max-video-preview":"max-video-preview:-1"},"canonical":"https:\/\/www.billin.net\/blog\/guia-contabilidad-autonomo\/","og_locale":"es_ES","og_type":"article","og_title":"Contabilidad para Aut\u00f3nomos \u00bfC\u00f3mo llevarla? - TeamSystem Facturas Billin","og_description":"Contabilidad para aut\u00f3nomos con ejemplos sobre los libros de facturas y modelos a tener en cuenta en el d\u00eda a d\u00eda del aut\u00f3nomo.","og_url":"https:\/\/www.billin.net\/blog\/guia-contabilidad-autonomo\/","og_site_name":"Blog de TeamSystem Facturas Billin","article_publisher":"https:\/\/www.facebook.com\/EsBillin","article_published_time":"2018-04-22T22:00:00+00:00","article_modified_time":"2025-09-25T18:58:16+00:00","og_image":[{"width":1000,"height":701,"url":"https:\/\/www.billin.net\/blog\/wp-content\/uploads\/2018\/04\/guia-contabilidad-autonomo-min.jpg","type":"image\/jpeg"}],"author":"Marcos De La Cueva - CEO TeamSystem Facturas Billin","twitter_card":"summary_large_image","twitter_creator":"@Billin_ES","twitter_site":"@Billin_ES","twitter_misc":{"Escrito por":"Marcos De La Cueva - CEO TeamSystem Facturas Billin","Tiempo de lectura":"4 minutos"},"schema":{"@context":"https:\/\/schema.org","@graph":[{"@type":"Article","@id":"https:\/\/www.billin.net\/blog\/guia-contabilidad-autonomo\/#article","isPartOf":{"@id":"https:\/\/www.billin.net\/blog\/guia-contabilidad-autonomo\/"},"author":{"name":"Marcos De La Cueva - CEO TeamSystem Facturas Billin","@id":"https:\/\/www.billin.net\/blog\/#\/schema\/person\/d0339ee6e869234614541b1e80a793e7"},"headline":"C\u00f3mo llevar la contabilidad de un aut\u00f3nomo","datePublished":"2018-04-22T22:00:00+00:00","dateModified":"2025-09-25T18:58:16+00:00","mainEntityOfPage":{"@id":"https:\/\/www.billin.net\/blog\/guia-contabilidad-autonomo\/"},"wordCount":814,"commentCount":0,"publisher":{"@id":"https:\/\/www.billin.net\/blog\/#organization"},"image":{"@id":"https:\/\/www.billin.net\/blog\/guia-contabilidad-autonomo\/#primaryimage"},"thumbnailUrl":"https:\/\/www.billin.net\/blog\/wp-content\/uploads\/2018\/04\/guia-contabilidad-autonomo-min.jpg","keywords":["Aut\u00f3nomos"],"articleSection":["Contabilidad"],"inLanguage":"es","potentialAction":[{"@type":"CommentAction","name":"Comment","target":["https:\/\/www.billin.net\/blog\/guia-contabilidad-autonomo\/#respond"]}]},{"@type":"WebPage","@id":"https:\/\/www.billin.net\/blog\/guia-contabilidad-autonomo\/","url":"https:\/\/www.billin.net\/blog\/guia-contabilidad-autonomo\/","name":"Contabilidad para Aut\u00f3nomos \u00bfC\u00f3mo llevarla? - TeamSystem Facturas Billin","isPartOf":{"@id":"https:\/\/www.billin.net\/blog\/#website"},"primaryImageOfPage":{"@id":"https:\/\/www.billin.net\/blog\/guia-contabilidad-autonomo\/#primaryimage"},"image":{"@id":"https:\/\/www.billin.net\/blog\/guia-contabilidad-autonomo\/#primaryimage"},"thumbnailUrl":"https:\/\/www.billin.net\/blog\/wp-content\/uploads\/2018\/04\/guia-contabilidad-autonomo-min.jpg","datePublished":"2018-04-22T22:00:00+00:00","dateModified":"2025-09-25T18:58:16+00:00","description":"Contabilidad para aut\u00f3nomos con ejemplos sobre los libros de facturas y modelos a tener en cuenta en el d\u00eda a d\u00eda del aut\u00f3nomo.","breadcrumb":{"@id":"https:\/\/www.billin.net\/blog\/guia-contabilidad-autonomo\/#breadcrumb"},"inLanguage":"es","potentialAction":[{"@type":"ReadAction","target":["https:\/\/www.billin.net\/blog\/guia-contabilidad-autonomo\/"]}]},{"@type":"ImageObject","inLanguage":"es","@id":"https:\/\/www.billin.net\/blog\/guia-contabilidad-autonomo\/#primaryimage","url":"https:\/\/www.billin.net\/blog\/wp-content\/uploads\/2018\/04\/guia-contabilidad-autonomo-min.jpg","contentUrl":"https:\/\/www.billin.net\/blog\/wp-content\/uploads\/2018\/04\/guia-contabilidad-autonomo-min.jpg","width":1000,"height":701,"caption":"contabilidad autonomos"},{"@type":"BreadcrumbList","@id":"https:\/\/www.billin.net\/blog\/guia-contabilidad-autonomo\/#breadcrumb","itemListElement":[{"@type":"ListItem","position":1,"name":"Blog","item":"https:\/\/www.billin.net\/blog\/"},{"@type":"ListItem","position":2,"name":"Contabilidad","item":"https:\/\/www.billin.net\/blog\/contabilidad\/"},{"@type":"ListItem","position":3,"name":"C\u00f3mo llevar la contabilidad de un aut\u00f3nomo"}]},{"@type":"WebSite","@id":"https:\/\/www.billin.net\/blog\/#website","url":"https:\/\/www.billin.net\/blog\/","name":"Blog de Billin","description":"Mantente informado con el blog de TeamSystem Facturas Billin:  facturaci\u00f3n, legislaci\u00f3n, contabilidad, management y toda la informaci\u00f3n \u00fatil para pymes y aut\u00f3nomos.","publisher":{"@id":"https:\/\/www.billin.net\/blog\/#organization"},"potentialAction":[{"@type":"SearchAction","target":{"@type":"EntryPoint","urlTemplate":"https:\/\/www.billin.net\/blog\/?s={search_term_string}"},"query-input":{"@type":"PropertyValueSpecification","valueRequired":true,"valueName":"search_term_string"}}],"inLanguage":"es"},{"@type":"Organization","@id":"https:\/\/www.billin.net\/blog\/#organization","name":"Billin","alternateName":"Blog de Billin","url":"https:\/\/www.billin.net\/blog\/","logo":{"@type":"ImageObject","inLanguage":"es","@id":"https:\/\/www.billin.net\/blog\/#\/schema\/logo\/image\/","url":"https:\/\/www.billin.net\/blog\/wp-content\/uploads\/2019\/06\/logotipo-billin-blog-1.png","contentUrl":"https:\/\/www.billin.net\/blog\/wp-content\/uploads\/2019\/06\/logotipo-billin-blog-1.png","width":126,"height":50,"caption":"Billin"},"image":{"@id":"https:\/\/www.billin.net\/blog\/#\/schema\/logo\/image\/"},"sameAs":["https:\/\/www.facebook.com\/EsBillin","https:\/\/x.com\/Billin_ES","https:\/\/www.instagram.com\/billin_es\/","https:\/\/www.linkedin.com\/company\/billin-spain","https:\/\/www.youtube.com\/c\/BillinEsintercambiodefacturas\/"],"legalName":"MY EXPENSES SL","contactPoint":{"@type":"ContactPoint","telephone":"+34918318883","contactType":"customer service","email":"info@billin.eu","availableLanguage":"es"},"foundingDate":"2015","numberOfEmployees":{"@type":"QuantitativeValue","minValue":10,"maxValue":50},"parentOrganization":{"@type":"Organization","name":"TeamSystem","url":"https:\/\/www.teamsystem.com\/"},"description":"Billin es el programa de facturaci\u00f3n online de TeamSystem para aut\u00f3nomos y pymes en Espa\u00f1a. Permite crear facturas, controlar gastos y cumplir con Verifactu.","address":{"@type":"PostalAddress","streetAddress":"Calle Arturo Soria, 336","addressLocality":"Madrid","addressRegion":"Madrid","postalCode":"28033","addressCountry":"ES"}},{"@type":"Person","@id":"https:\/\/www.billin.net\/blog\/#\/schema\/person\/d0339ee6e869234614541b1e80a793e7","name":"Marcos De La Cueva - CEO TeamSystem Facturas Billin","image":{"@type":"ImageObject","inLanguage":"es","@id":"https:\/\/www.billin.net\/blog\/#\/schema\/person\/image\/","url":"https:\/\/www.billin.net\/blog\/wp-content\/uploads\/2023\/10\/marcos-color-150x150.png","contentUrl":"https:\/\/www.billin.net\/blog\/wp-content\/uploads\/2023\/10\/marcos-color-150x150.png","caption":"Marcos De La Cueva - CEO TeamSystem Facturas Billin"},"description":"Licenciado en ADE por la Universidad Aut\u00f3noma de Madrid, Marcos De la Cueva es CEO y cofundador de TeamSystem Facturas Billin, un programa online que lleva m\u00e1s de 9 a\u00f1os ayudando a aut\u00f3nomos, peque\u00f1os negocios y gestor\u00edas a digitalizar sus presupuestos, facturas, tickets y gastos. \u00a0 Sobre Marcos De La Cueva \u00a0 Apasionado por el mundo empresarial y la tecnolog\u00eda, curs\u00f3 su M\u00e1ster de Finanzas en la Universidad Pontificia de Comillas y estuvo en el Programa de Cooperaci\u00f3n Educativa de la Universidad Aut\u00f3noma de Madrid. \u00a0 Marcos siempre ha tenido su objetivo claro: ayudar a la creaci\u00f3n de negocios financieramente sostenibles a trav\u00e9s de una herramienta de facturaci\u00f3n que les permita ahorrar tiempo y tener la contabilidad bajo control. \u00a0 Marcos De La Cueva en los medios \u2014 Noticia sobre Kit Digital y Ley Antifraude (VeriFactu) en El Economista. \u2014 Noticia sobre Kit Digital y factura electr\u00f3nica obligatoria en Diario Jur\u00eddico. \u2014 Noticia sobre el a\u00f1o de transici\u00f3n para la factura electr\u00f3nica en Muy Pymes. \u2014 Entrevista sobre factura electr\u00f3nica obligatoria en Canal Sur. \u2014 Noticia sobre el informe factura electr\u00f3nica de TeamSystem en Channel Partner. \u2014 Charla sobre productividad y Ley Crea y Crece en El Economista. \u2014 Charla sobre factura electr\u00f3nica obligatoria en Muy Pymes. \u2014 Charla sobre digitalizaci\u00f3n aut\u00f3nomos y productividad en esdiario. \u2014 Charla sobre productividad y factura electr\u00f3nica en La Raz\u00f3n. \u2014 Charla sobre factura electr\u00f3nica obligatoria en Aut\u00f3nomos y Emprendedores. \u2014 Entrevista sobre Ley Antifraude y Ley Crea y Crece en Expansi\u00f3n. \u2014 Entrevista sobre Ley Antifraude y Ley Crea y Crece en La Raz\u00f3n. \u2014 Entrevista sobre factura electr\u00f3nica obligatoria en El Economista. \u2014 Comunicado Billin y TeamSystem en Business Insider. \u2014 Entrevista en Econom\u00eda Digital. \u2014 Entrevista en Ideas para tu empresa de Vodafone. \u2014 Entrevista en M\u00e1sQradio. \u2014 Entrevista en Armas para emprender de El M\u00e9todo Gallardo. \u2014 Entrevista en KFund. \u2014 Entrevista en AXA Seguros Espa\u00f1a. \u2014 Entrevista en GestionaRadio. \u00a0 Marcos De La Cueva en eventos \u00a0 \u2014 Participaci\u00f3n como ponente en Accountex Espa\u00f1a 2023. \u00a0 Tem\u00e1ticas de especializaci\u00f3n \u00a0 negocios | startups | contabilidad| fiscalidad | empresas| asesor\u00edas| autonomos | emprendedores | peque\u00f1os negocios | econom\u00eda | ADE | pymes | desarrollo de negocio\u00a0","sameAs":["https:\/\/www.billin.net\/","https:\/\/www.linkedin.com\/in\/marcos-de-la-cueva-19750ba3\/"],"url":"https:\/\/www.billin.net\/blog\/author\/marcosdelacueva\/","jobTitle":"CEO y cofundador de TS Facturas Billin"}]}},"_links":{"self":[{"href":"https:\/\/www.billin.net\/blog\/wp-json\/wp\/v2\/posts\/10554","targetHints":{"allow":["GET"]}}],"collection":[{"href":"https:\/\/www.billin.net\/blog\/wp-json\/wp\/v2\/posts"}],"about":[{"href":"https:\/\/www.billin.net\/blog\/wp-json\/wp\/v2\/types\/post"}],"author":[{"embeddable":true,"href":"https:\/\/www.billin.net\/blog\/wp-json\/wp\/v2\/users\/20"}],"replies":[{"embeddable":true,"href":"https:\/\/www.billin.net\/blog\/wp-json\/wp\/v2\/comments?post=10554"}],"version-history":[{"count":14,"href":"https:\/\/www.billin.net\/blog\/wp-json\/wp\/v2\/posts\/10554\/revisions"}],"predecessor-version":[{"id":27855,"href":"https:\/\/www.billin.net\/blog\/wp-json\/wp\/v2\/posts\/10554\/revisions\/27855"}],"wp:featuredmedia":[{"embeddable":true,"href":"https:\/\/www.billin.net\/blog\/wp-json\/wp\/v2\/media\/6799"}],"wp:attachment":[{"href":"https:\/\/www.billin.net\/blog\/wp-json\/wp\/v2\/media?parent=10554"}],"wp:term":[{"taxonomy":"category","embeddable":true,"href":"https:\/\/www.billin.net\/blog\/wp-json\/wp\/v2\/categories?post=10554"},{"taxonomy":"post_tag","embeddable":true,"href":"https:\/\/www.billin.net\/blog\/wp-json\/wp\/v2\/tags?post=10554"}],"curies":[{"name":"wp","href":"https:\/\/api.w.org\/{rel}","templated":true}]}}