{"id":10533,"date":"2018-03-21T00:00:00","date_gmt":"2018-03-20T22:00:00","guid":{"rendered":"https:\/\/www.billin.net\/blog\/aplazamientos-deudas-hacienda-seguridad-social\/"},"modified":"2025-09-25T20:58:53","modified_gmt":"2025-09-25T18:58:53","slug":"aplazamientos-deudas-hacienda-seguridad-social","status":"publish","type":"post","link":"https:\/\/www.billin.net\/blog\/aplazamientos-deudas-hacienda-seguridad-social\/","title":{"rendered":"Aplazamientos de deudas: Hacienda y Seguridad Social"},"content":{"rendered":"<p>Llega el momento de pagar los impuestos o los seguros sociales y \u00a1te falta liquidez!, te contamos <strong>de qu\u00e9 impuestos podr\u00e1s solicitar aplazamiento en la Seguridad Social y Hacienda<\/strong> y de cu\u00e1les no.<!--more--><\/p>\n<h2>Aplazamientos de deudas con Hacienda<\/h2>\n<p>Con el Real Decreto ley 3\/2016 modific\u00f3 la norma tributaria, en concepto de aplazamientos y fraccionamientos, hasta el 2017, la empresa pod\u00eda solicitar aplazamiento hasta 30.000 euros por falta de liquidez, sin garant\u00edas, de cualquier impuesto.<\/p>\n<p>A partir de 2017 se modifica de tal forma, que no podr\u00e1s aplazar o fraccionar los siguientes conceptos:<\/p>\n<ul>\n<li>Retenciones practicadas tanto en Rentas del trabajo, actividades profesionales, intereses y dividendos. Los modelos usados son: <a href=\"https:\/\/www.billin.net\/blog\/modelo-irpf-115\/\" target=\"_blank\" rel=\"noopener noreferrer\"><strong>Modelo 115<\/strong><\/a> (retenciones de local con actividad econ\u00f3mica), <strong><a href=\"https:\/\/www.billin.net\/blog\/modelo-111\/\" target=\"_blank\" rel=\"noopener noreferrer\">Modelo 111<\/a><\/strong> (retenciones sobre las n\u00f3minas y actividades profesionales) y el Modelo <strong>123<\/strong> (retenciones sobre capital mobiliario u otras rentas).<\/li>\n<li>Aquellas deudas cuyo ingreso hubiese sido suspendido porque se interpone un recurso, siempre y cuando, el procedimiento haya obligado al pago al contribuyente, sin embargo, las sanciones si ser\u00edan aplazables.<\/li>\n<li>Los pagos a cuenta por el Impuesto de Sociedades, mediante el <a href=\"https:\/\/www.billin.net\/blog\/modelo-202\/\" target=\"_blank\" rel=\"noopener noreferrer\"><strong>Modelo 202<\/strong><\/a><\/li>\n<\/ul>\n<p><strong>Por el lado de los aut\u00f3nomos<\/strong>, no se ver\u00e1n afectados por el pago de Impuesto de Sociedades, y los aplazamientos a partir del 2017 quedar\u00e1n de la siguiente manera:<\/p>\n<p><em>\u201clos aut\u00f3nomos podr\u00e1n seguir solicitando aplazamientos y fraccionamientos de IVA si demuestran que no han cobrado las cuotas repercutidas, por tanto, la principal modificaci\u00f3n para el aut\u00f3nomo es que tendr\u00e1 que acreditar que no ha cobrado ese IVA repercutido, siempre que excedan de los 30.000 euros\u201d<\/em><\/p>\n<p>Si las deudas no exceden de los 30.000 euros se conceder\u00e1n los aplazamientos con un m\u00e1ximo de doce meses, a no ser que el contribuyente lo hubiese solicitado por un periodo m\u00e1s corto.<\/p>\n<p>Para los aplazamientos superiores a 30.000 euros no habr\u00e1 un proceso automatizado, sino que tendr\u00e1n que aportar la siguiente documentaci\u00f3n:<\/p>\n<ul>\n<li>Relaci\u00f3n de facturas emitidas y no cobradas<\/li>\n<li>Justificaci\u00f3n de que no han sido cobradas<\/li>\n<li>Relaci\u00f3n de facturas recibidas adjuntando su justificante de su pago<\/li>\n<li>Copia de las reclamaciones de las <a href=\"https:\/\/www.billin.net\/blog\/como-recuperar-el-iva-de-las-facturas-impagadas\/\" target=\"_blank\" rel=\"noopener noreferrer\">facturas impagadas<\/a>.<\/li>\n<\/ul>\n<p><img loading=\"lazy\" decoding=\"async\" class=\"aligncenter wp-image-6634 size-full\" src=\"https:\/\/www.billin.net\/blog\/wp-content\/uploads\/2018\/03\/hacienda-seguridad-socail-deudas-min.jpg\" alt=\"aplazamiento deudas hacienda\" width=\"1000\" height=\"667\" srcset=\"https:\/\/www.billin.net\/blog\/wp-content\/uploads\/2018\/03\/hacienda-seguridad-socail-deudas-min.jpg 1000w, https:\/\/www.billin.net\/blog\/wp-content\/uploads\/2018\/03\/hacienda-seguridad-socail-deudas-min-300x200.jpg 300w, https:\/\/www.billin.net\/blog\/wp-content\/uploads\/2018\/03\/hacienda-seguridad-socail-deudas-min-768x512.jpg 768w, https:\/\/www.billin.net\/blog\/wp-content\/uploads\/2018\/03\/hacienda-seguridad-socail-deudas-min-600x400.jpg 600w, https:\/\/www.billin.net\/blog\/wp-content\/uploads\/2018\/03\/hacienda-seguridad-socail-deudas-min-200x133.jpg 200w, https:\/\/www.billin.net\/blog\/wp-content\/uploads\/2018\/03\/hacienda-seguridad-socail-deudas-min-810x540.jpg 810w\" sizes=\"(max-width: 1000px) 100vw, 1000px\" \/><\/p>\n<h3>&#8211; Ejemplo de aplazamiento IVA<\/h3>\n<ol>\n<li><strong>Supongamos un contribuyente que tiene los siguientes resultados de IVA<\/strong>:<\/li>\n<\/ol>\n<p><a href=\"https:\/\/www.billin.net\/blog\/iva-repercutido\/\" target=\"_blank\" rel=\"noopener noreferrer\">IVA repercutido<\/a>: 100.000 euros<\/p>\n<p><a href=\"https:\/\/www.billin.net\/blog\/iva-soportado\/\" target=\"_blank\" rel=\"noopener noreferrer\">IVA soportado<\/a>: 30.000 euros<\/p>\n<p>Cobrado: 71.000 euros<\/p>\n<p>Solicita el aplazamiento de 70.000 euros (100.000-30.000), \u00bfse le conceder\u00eda el aplazamiento?<\/p>\n<p>No se le admitir\u00eda, ya que la cuota de IVA cobrado, supera la deuda que se quiere aplazar.<\/p>\n<ol start=\"2\">\n<li><strong>Supongamos otro contribuyente con los siguientes datos<\/strong>:<\/li>\n<\/ol>\n<p>IVA repercutido: 100.000 euros<\/p>\n<p>IVA soportado: 30.000 euros<\/p>\n<p>Cobrado: 40.000 euros<\/p>\n<p>Solicita el aplazamiento de 70.000 euros (100.000-30.000), \u00bfse le conceder\u00eda el aplazamiento?<\/p>\n<p>En este caso s\u00ed porque la cuota a aplazar es mayor que el IVA cobrado, pero solo se le conceder\u00eda el aplazamiento a la diferencia entre los 70.000 euros y el importe cobrado de 40.000 euros.<\/p>\n<p><img loading=\"lazy\" decoding=\"async\" class=\"aligncenter wp-image-6633 size-full\" src=\"https:\/\/www.billin.net\/blog\/wp-content\/uploads\/2018\/03\/aplazamiento-deuda-hacienda-seguridad-social-min.jpg\" alt=\"aplazamiento seguridad social\" width=\"1000\" height=\"667\" srcset=\"https:\/\/www.billin.net\/blog\/wp-content\/uploads\/2018\/03\/aplazamiento-deuda-hacienda-seguridad-social-min.jpg 1000w, https:\/\/www.billin.net\/blog\/wp-content\/uploads\/2018\/03\/aplazamiento-deuda-hacienda-seguridad-social-min-300x200.jpg 300w, https:\/\/www.billin.net\/blog\/wp-content\/uploads\/2018\/03\/aplazamiento-deuda-hacienda-seguridad-social-min-768x512.jpg 768w, https:\/\/www.billin.net\/blog\/wp-content\/uploads\/2018\/03\/aplazamiento-deuda-hacienda-seguridad-social-min-600x400.jpg 600w, https:\/\/www.billin.net\/blog\/wp-content\/uploads\/2018\/03\/aplazamiento-deuda-hacienda-seguridad-social-min-200x133.jpg 200w, https:\/\/www.billin.net\/blog\/wp-content\/uploads\/2018\/03\/aplazamiento-deuda-hacienda-seguridad-social-min-810x540.jpg 810w\" sizes=\"(max-width: 1000px) 100vw, 1000px\" \/><\/p>\n<h2>Aplazamientos de deudas con Seguridad Social<\/h2>\n<p>Hay que tener claro que los<strong> seguros sociales<\/strong>, junto a las n\u00f3minas de los trabajadores son lo primero que debe de pagarse en una empresa, pero si nos encontramos en una situaci\u00f3n complicada, la Administraci\u00f3n, nos facilita poder solicitar un aplazamiento por las deudas contra\u00eddas, pero con unas peculiaridades:<\/p>\n<ul>\n<li>En Seguridad Social, no todas las deudas son aplazables. Para conocer cu\u00e1les son las aplazables, vamos a definir las no aplazables: son las cuotas de accidente de trabajo y enfermedades profesionales sean del r\u00e9gimen que sean, adem\u00e1s de las cuotas de los trabajadores ya que la empresa act\u00faa como retenedora.<\/li>\n<li>Al igual que las anteriores, la Tesorer\u00eda General de la Seguridad Social, suele rechazar las deudas inferiores a 1250 euros, es decir, el doble del salario m\u00ednimo interprofesional, aunque si nos encontramos en el caso de una menor deuda y acreditamos que no podemos pagarla, se nos podr\u00eda conceder dicho aplazamiento.<\/li>\n<li>Otro requisito, es que a la hora de solicitar el aplazamiento deberemos hacerlo por la cuant\u00eda total de la deuda y no s\u00f3lo una parte, es decir, si tenemos deudas de aut\u00f3nomos y de seguros sociales de los trabajadores, habr\u00e1 que pedirlo de la totalidad.<\/li>\n<li>Y por \u00faltimo es tener los pagos al d\u00eda, y no retrasarse en ninguno, ya que, si no, podr\u00eda llevar a la revocaci\u00f3n del aplazamiento.<\/li>\n<\/ul>\n<p>El aplazamiento se puede solicitar desde<strong> el periodo voluntario<\/strong>, al igual que en ejecutivo, justo hasta el momento de notificar el embargo.<\/p>\n<p>Es aconsejable hacerlo en el momento en que la empresa es consciente de que no podr\u00e1 afrontar dichos pagos, ya que de este modo la Seguridad Social no podr\u00e1 embargar tus bienes hasta que no resuelva dicha solicitud.<\/p>\n<p>El aplazamiento ser\u00e1 concedido con un m\u00e1ximo de 5 a\u00f1os, y en el acto de resoluci\u00f3n se le entregar\u00e1 al contribuyente los <a href=\"https:\/\/www.billin.net\/glosario\/definicion-cuadro-de-amortizacion\/\" target=\"_blank\" rel=\"noopener noreferrer\">cuadros de amortizaci\u00f3n<\/a> del aplazamiento.<\/p>\n<p>Hay que tener en cuenta que, en un futuro, <strong>para pedir cualquier tipo de prestaci\u00f3n ser\u00e1 necesario estar al corriente de pago con la Seguridad Social<\/strong>, en las m\u00e1s usuales como la de incapacidad, <a href=\"https:\/\/www.billin.net\/blog\/prestacion-maternidad-autonomas\/\" target=\"_blank\" rel=\"noopener noreferrer\">maternidad<\/a>, <a href=\"https:\/\/www.billin.net\/blog\/baja-paternidad-autonomos-lo-debes-saber\/\" target=\"_blank\" rel=\"noopener noreferrer\">paternidad<\/a>, la Seguridad Social dar\u00e1 un mes al aut\u00f3nomo para que se ponga al d\u00eda.<\/p>\n","protected":false},"excerpt":{"rendered":"<p>Llega el momento de pagar los impuestos o los seguros sociales y \u00a1te falta liquidez!, te contamos de qu\u00e9 impuestos podr\u00e1s solicitar aplazamiento en la Seguridad Social y Hacienda y de cu\u00e1les no.<\/p>\n","protected":false},"author":20,"featured_media":6632,"comment_status":"open","ping_status":"open","sticky":false,"template":"","format":"standard","meta":{"_acf_changed":false,"_et_pb_use_builder":"","_et_pb_old_content":"","_et_gb_content_width":"","om_disable_all_campaigns":false,"inline_featured_image":false,"footnotes":""},"categories":[1014],"tags":[],"class_list":{"0":"post-10533","1":"post","2":"type-post","3":"status-publish","4":"format-standard","5":"has-post-thumbnail","7":"category-fiscalidad"},"acf":{"selector_de_usuario":null,"fecha_de_revision":"20200611"},"yoast_head":"<!-- This site is optimized with the Yoast SEO plugin v27.1 - https:\/\/yoast.com\/product\/yoast-seo-wordpress\/ -->\n<title>Aplazamiento de Deudas con Hacienda y Seguridad Social - TeamSystem Facturas Billin<\/title>\n<meta name=\"description\" content=\"Te contamos de qu\u00e9 impuestos podr\u00e1s solicitar aplazamiento, adem\u00e1s de conocer las deudas no aplazables en Seguridad Social.\" \/>\n<meta name=\"robots\" content=\"index, follow, max-snippet:-1, max-image-preview:large, max-video-preview:-1\" \/>\n<link rel=\"canonical\" href=\"https:\/\/www.billin.net\/blog\/aplazamientos-deudas-hacienda-seguridad-social\/\" \/>\n<meta property=\"og:locale\" content=\"es_ES\" \/>\n<meta property=\"og:type\" content=\"article\" \/>\n<meta property=\"og:title\" content=\"Aplazamiento de Deudas con Hacienda y Seguridad Social - TeamSystem Facturas Billin\" \/>\n<meta property=\"og:description\" content=\"Te contamos de qu\u00e9 impuestos podr\u00e1s solicitar aplazamiento, adem\u00e1s de conocer las deudas no aplazables en Seguridad Social.\" \/>\n<meta property=\"og:url\" content=\"https:\/\/www.billin.net\/blog\/aplazamientos-deudas-hacienda-seguridad-social\/\" \/>\n<meta property=\"og:site_name\" content=\"Blog de TeamSystem Facturas Billin\" \/>\n<meta property=\"article:publisher\" content=\"https:\/\/www.facebook.com\/EsBillin\" \/>\n<meta property=\"article:published_time\" content=\"2018-03-20T22:00:00+00:00\" \/>\n<meta property=\"article:modified_time\" content=\"2025-09-25T18:58:53+00:00\" \/>\n<meta property=\"og:image\" content=\"https:\/\/www.billin.net\/blog\/wp-content\/uploads\/2018\/03\/hacienda-seguridad-social-aplazamientos-min.jpg\" \/>\n\t<meta property=\"og:image:width\" content=\"1000\" \/>\n\t<meta property=\"og:image:height\" content=\"667\" \/>\n\t<meta property=\"og:image:type\" content=\"image\/jpeg\" \/>\n<meta name=\"author\" content=\"Marcos De La Cueva - CEO TeamSystem Facturas Billin\" \/>\n<meta name=\"twitter:card\" content=\"summary_large_image\" \/>\n<meta name=\"twitter:creator\" content=\"@Billin_ES\" \/>\n<meta name=\"twitter:site\" content=\"@Billin_ES\" \/>\n<meta name=\"twitter:label1\" content=\"Escrito por\" \/>\n\t<meta name=\"twitter:data1\" content=\"Marcos De La Cueva - CEO TeamSystem Facturas Billin\" \/>\n\t<meta name=\"twitter:label2\" content=\"Tiempo de lectura\" \/>\n\t<meta name=\"twitter:data2\" content=\"4 minutos\" \/>\n<script type=\"application\/ld+json\" class=\"yoast-schema-graph\">{\"@context\":\"https:\/\/schema.org\",\"@graph\":[{\"@type\":\"Article\",\"@id\":\"https:\/\/www.billin.net\/blog\/aplazamientos-deudas-hacienda-seguridad-social\/#article\",\"isPartOf\":{\"@id\":\"https:\/\/www.billin.net\/blog\/aplazamientos-deudas-hacienda-seguridad-social\/\"},\"author\":{\"name\":\"Marcos De La Cueva - CEO TeamSystem Facturas Billin\",\"@id\":\"https:\/\/www.billin.net\/blog\/#\/schema\/person\/d0339ee6e869234614541b1e80a793e7\"},\"headline\":\"Aplazamientos de deudas: Hacienda y Seguridad Social\",\"datePublished\":\"2018-03-20T22:00:00+00:00\",\"dateModified\":\"2025-09-25T18:58:53+00:00\",\"mainEntityOfPage\":{\"@id\":\"https:\/\/www.billin.net\/blog\/aplazamientos-deudas-hacienda-seguridad-social\/\"},\"wordCount\":859,\"commentCount\":8,\"publisher\":{\"@id\":\"https:\/\/www.billin.net\/blog\/#organization\"},\"image\":{\"@id\":\"https:\/\/www.billin.net\/blog\/aplazamientos-deudas-hacienda-seguridad-social\/#primaryimage\"},\"thumbnailUrl\":\"https:\/\/www.billin.net\/blog\/wp-content\/uploads\/2018\/03\/hacienda-seguridad-social-aplazamientos-min.jpg\",\"articleSection\":[\"Fiscalidad\"],\"inLanguage\":\"es\",\"potentialAction\":[{\"@type\":\"CommentAction\",\"name\":\"Comment\",\"target\":[\"https:\/\/www.billin.net\/blog\/aplazamientos-deudas-hacienda-seguridad-social\/#respond\"]}]},{\"@type\":\"WebPage\",\"@id\":\"https:\/\/www.billin.net\/blog\/aplazamientos-deudas-hacienda-seguridad-social\/\",\"url\":\"https:\/\/www.billin.net\/blog\/aplazamientos-deudas-hacienda-seguridad-social\/\",\"name\":\"Aplazamiento de Deudas con Hacienda y Seguridad Social - TeamSystem Facturas Billin\",\"isPartOf\":{\"@id\":\"https:\/\/www.billin.net\/blog\/#website\"},\"primaryImageOfPage\":{\"@id\":\"https:\/\/www.billin.net\/blog\/aplazamientos-deudas-hacienda-seguridad-social\/#primaryimage\"},\"image\":{\"@id\":\"https:\/\/www.billin.net\/blog\/aplazamientos-deudas-hacienda-seguridad-social\/#primaryimage\"},\"thumbnailUrl\":\"https:\/\/www.billin.net\/blog\/wp-content\/uploads\/2018\/03\/hacienda-seguridad-social-aplazamientos-min.jpg\",\"datePublished\":\"2018-03-20T22:00:00+00:00\",\"dateModified\":\"2025-09-25T18:58:53+00:00\",\"description\":\"Te contamos de qu\u00e9 impuestos podr\u00e1s solicitar aplazamiento, adem\u00e1s de conocer las deudas no aplazables en Seguridad Social.\",\"breadcrumb\":{\"@id\":\"https:\/\/www.billin.net\/blog\/aplazamientos-deudas-hacienda-seguridad-social\/#breadcrumb\"},\"inLanguage\":\"es\",\"potentialAction\":[{\"@type\":\"ReadAction\",\"target\":[\"https:\/\/www.billin.net\/blog\/aplazamientos-deudas-hacienda-seguridad-social\/\"]}]},{\"@type\":\"ImageObject\",\"inLanguage\":\"es\",\"@id\":\"https:\/\/www.billin.net\/blog\/aplazamientos-deudas-hacienda-seguridad-social\/#primaryimage\",\"url\":\"https:\/\/www.billin.net\/blog\/wp-content\/uploads\/2018\/03\/hacienda-seguridad-social-aplazamientos-min.jpg\",\"contentUrl\":\"https:\/\/www.billin.net\/blog\/wp-content\/uploads\/2018\/03\/hacienda-seguridad-social-aplazamientos-min.jpg\",\"width\":1000,\"height\":667,\"caption\":\"aplazamiento de deudas\"},{\"@type\":\"BreadcrumbList\",\"@id\":\"https:\/\/www.billin.net\/blog\/aplazamientos-deudas-hacienda-seguridad-social\/#breadcrumb\",\"itemListElement\":[{\"@type\":\"ListItem\",\"position\":1,\"name\":\"Blog\",\"item\":\"https:\/\/www.billin.net\/blog\/\"},{\"@type\":\"ListItem\",\"position\":2,\"name\":\"Fiscalidad\",\"item\":\"https:\/\/www.billin.net\/blog\/fiscalidad\/\"},{\"@type\":\"ListItem\",\"position\":3,\"name\":\"Aplazamientos de deudas: Hacienda y Seguridad Social\"}]},{\"@type\":\"WebSite\",\"@id\":\"https:\/\/www.billin.net\/blog\/#website\",\"url\":\"https:\/\/www.billin.net\/blog\/\",\"name\":\"Blog de Billin\",\"description\":\"Mantente informado con el blog de TeamSystem Facturas Billin:  facturaci\u00f3n, legislaci\u00f3n, contabilidad, management y toda la informaci\u00f3n \u00fatil para pymes y aut\u00f3nomos.\",\"publisher\":{\"@id\":\"https:\/\/www.billin.net\/blog\/#organization\"},\"potentialAction\":[{\"@type\":\"SearchAction\",\"target\":{\"@type\":\"EntryPoint\",\"urlTemplate\":\"https:\/\/www.billin.net\/blog\/?s={search_term_string}\"},\"query-input\":{\"@type\":\"PropertyValueSpecification\",\"valueRequired\":true,\"valueName\":\"search_term_string\"}}],\"inLanguage\":\"es\"},{\"@type\":\"Organization\",\"@id\":\"https:\/\/www.billin.net\/blog\/#organization\",\"name\":\"Billin\",\"alternateName\":\"Blog de Billin\",\"url\":\"https:\/\/www.billin.net\/blog\/\",\"logo\":{\"@type\":\"ImageObject\",\"inLanguage\":\"es\",\"@id\":\"https:\/\/www.billin.net\/blog\/#\/schema\/logo\/image\/\",\"url\":\"https:\/\/www.billin.net\/blog\/wp-content\/uploads\/2019\/06\/logotipo-billin-blog-1.png\",\"contentUrl\":\"https:\/\/www.billin.net\/blog\/wp-content\/uploads\/2019\/06\/logotipo-billin-blog-1.png\",\"width\":126,\"height\":50,\"caption\":\"Billin\"},\"image\":{\"@id\":\"https:\/\/www.billin.net\/blog\/#\/schema\/logo\/image\/\"},\"sameAs\":[\"https:\/\/www.facebook.com\/EsBillin\",\"https:\/\/x.com\/Billin_ES\",\"https:\/\/www.instagram.com\/billin_es\/\",\"https:\/\/www.linkedin.com\/company\/billin-spain\",\"https:\/\/www.youtube.com\/c\/BillinEsintercambiodefacturas\/\"],\"legalName\":\"MY EXPENSES SL\",\"contactPoint\":{\"@type\":\"ContactPoint\",\"telephone\":\"+34918318883\",\"contactType\":\"customer service\",\"email\":\"info@billin.eu\",\"availableLanguage\":\"es\"},\"foundingDate\":\"2015\",\"numberOfEmployees\":{\"@type\":\"QuantitativeValue\",\"minValue\":10,\"maxValue\":50},\"parentOrganization\":{\"@type\":\"Organization\",\"name\":\"TeamSystem\",\"url\":\"https:\/\/www.teamsystem.com\/\"},\"description\":\"Billin es el programa de facturaci\u00f3n online de TeamSystem para aut\u00f3nomos y pymes en Espa\u00f1a. Permite crear facturas, controlar gastos y cumplir con Verifactu.\",\"address\":{\"@type\":\"PostalAddress\",\"streetAddress\":\"Calle Arturo Soria, 336\",\"addressLocality\":\"Madrid\",\"addressRegion\":\"Madrid\",\"postalCode\":\"28033\",\"addressCountry\":\"ES\"}},{\"@type\":\"Person\",\"@id\":\"https:\/\/www.billin.net\/blog\/#\/schema\/person\/d0339ee6e869234614541b1e80a793e7\",\"name\":\"Marcos De La Cueva - CEO TeamSystem Facturas Billin\",\"image\":{\"@type\":\"ImageObject\",\"inLanguage\":\"es\",\"@id\":\"https:\/\/www.billin.net\/blog\/#\/schema\/person\/image\/\",\"url\":\"https:\/\/www.billin.net\/blog\/wp-content\/uploads\/2023\/10\/marcos-color-150x150.png\",\"contentUrl\":\"https:\/\/www.billin.net\/blog\/wp-content\/uploads\/2023\/10\/marcos-color-150x150.png\",\"caption\":\"Marcos De La Cueva - CEO TeamSystem Facturas Billin\"},\"description\":\"Licenciado en ADE por la Universidad Aut\u00f3noma de Madrid, Marcos De la Cueva es CEO y cofundador de TeamSystem Facturas Billin, un programa online que lleva m\u00e1s de 9 a\u00f1os ayudando a aut\u00f3nomos, peque\u00f1os negocios y gestor\u00edas a digitalizar sus presupuestos, facturas, tickets y gastos. \u00a0 Sobre Marcos De La Cueva \u00a0 Apasionado por el mundo empresarial y la tecnolog\u00eda, curs\u00f3 su M\u00e1ster de Finanzas en la Universidad Pontificia de Comillas y estuvo en el Programa de Cooperaci\u00f3n Educativa de la Universidad Aut\u00f3noma de Madrid. \u00a0 Marcos siempre ha tenido su objetivo claro: ayudar a la creaci\u00f3n de negocios financieramente sostenibles a trav\u00e9s de una herramienta de facturaci\u00f3n que les permita ahorrar tiempo y tener la contabilidad bajo control. \u00a0 Marcos De La Cueva en los medios \u2014 Noticia sobre Kit Digital y Ley Antifraude (VeriFactu) en El Economista. \u2014 Noticia sobre Kit Digital y factura electr\u00f3nica obligatoria en Diario Jur\u00eddico. \u2014 Noticia sobre el a\u00f1o de transici\u00f3n para la factura electr\u00f3nica en Muy Pymes. \u2014 Entrevista sobre factura electr\u00f3nica obligatoria en Canal Sur. \u2014 Noticia sobre el informe factura electr\u00f3nica de TeamSystem en Channel Partner. \u2014 Charla sobre productividad y Ley Crea y Crece en El Economista. \u2014 Charla sobre factura electr\u00f3nica obligatoria en Muy Pymes. \u2014 Charla sobre digitalizaci\u00f3n aut\u00f3nomos y productividad en esdiario. \u2014 Charla sobre productividad y factura electr\u00f3nica en La Raz\u00f3n. \u2014 Charla sobre factura electr\u00f3nica obligatoria en Aut\u00f3nomos y Emprendedores. \u2014 Entrevista sobre Ley Antifraude y Ley Crea y Crece en Expansi\u00f3n. \u2014 Entrevista sobre Ley Antifraude y Ley Crea y Crece en La Raz\u00f3n. \u2014 Entrevista sobre factura electr\u00f3nica obligatoria en El Economista. \u2014 Comunicado Billin y TeamSystem en Business Insider. \u2014 Entrevista en Econom\u00eda Digital. \u2014 Entrevista en Ideas para tu empresa de Vodafone. \u2014 Entrevista en M\u00e1sQradio. \u2014 Entrevista en Armas para emprender de El M\u00e9todo Gallardo. \u2014 Entrevista en KFund. \u2014 Entrevista en AXA Seguros Espa\u00f1a. \u2014 Entrevista en GestionaRadio. \u00a0 Marcos De La Cueva en eventos \u00a0 \u2014 Participaci\u00f3n como ponente en Accountex Espa\u00f1a 2023. \u00a0 Tem\u00e1ticas de especializaci\u00f3n \u00a0 negocios | startups | contabilidad| fiscalidad | empresas| asesor\u00edas| autonomos | emprendedores | peque\u00f1os negocios | econom\u00eda | ADE | pymes | desarrollo de negocio\u00a0\",\"sameAs\":[\"https:\/\/www.billin.net\/\",\"https:\/\/www.linkedin.com\/in\/marcos-de-la-cueva-19750ba3\/\"],\"url\":\"https:\/\/www.billin.net\/blog\/author\/marcosdelacueva\/\",\"jobTitle\":\"CEO y cofundador de TS Facturas Billin\"}]}<\/script>\n<!-- \/ Yoast SEO plugin. -->","yoast_head_json":{"title":"Aplazamiento de Deudas con Hacienda y Seguridad Social - TeamSystem Facturas Billin","description":"Te contamos de qu\u00e9 impuestos podr\u00e1s solicitar aplazamiento, adem\u00e1s de conocer las deudas no aplazables en Seguridad Social.","robots":{"index":"index","follow":"follow","max-snippet":"max-snippet:-1","max-image-preview":"max-image-preview:large","max-video-preview":"max-video-preview:-1"},"canonical":"https:\/\/www.billin.net\/blog\/aplazamientos-deudas-hacienda-seguridad-social\/","og_locale":"es_ES","og_type":"article","og_title":"Aplazamiento de Deudas con Hacienda y Seguridad Social - TeamSystem Facturas Billin","og_description":"Te contamos de qu\u00e9 impuestos podr\u00e1s solicitar aplazamiento, adem\u00e1s de conocer las deudas no aplazables en Seguridad Social.","og_url":"https:\/\/www.billin.net\/blog\/aplazamientos-deudas-hacienda-seguridad-social\/","og_site_name":"Blog de TeamSystem Facturas Billin","article_publisher":"https:\/\/www.facebook.com\/EsBillin","article_published_time":"2018-03-20T22:00:00+00:00","article_modified_time":"2025-09-25T18:58:53+00:00","og_image":[{"width":1000,"height":667,"url":"https:\/\/www.billin.net\/blog\/wp-content\/uploads\/2018\/03\/hacienda-seguridad-social-aplazamientos-min.jpg","type":"image\/jpeg"}],"author":"Marcos De La Cueva - CEO TeamSystem Facturas Billin","twitter_card":"summary_large_image","twitter_creator":"@Billin_ES","twitter_site":"@Billin_ES","twitter_misc":{"Escrito por":"Marcos De La Cueva - CEO TeamSystem Facturas Billin","Tiempo de lectura":"4 minutos"},"schema":{"@context":"https:\/\/schema.org","@graph":[{"@type":"Article","@id":"https:\/\/www.billin.net\/blog\/aplazamientos-deudas-hacienda-seguridad-social\/#article","isPartOf":{"@id":"https:\/\/www.billin.net\/blog\/aplazamientos-deudas-hacienda-seguridad-social\/"},"author":{"name":"Marcos De La Cueva - CEO TeamSystem Facturas Billin","@id":"https:\/\/www.billin.net\/blog\/#\/schema\/person\/d0339ee6e869234614541b1e80a793e7"},"headline":"Aplazamientos de deudas: Hacienda y Seguridad Social","datePublished":"2018-03-20T22:00:00+00:00","dateModified":"2025-09-25T18:58:53+00:00","mainEntityOfPage":{"@id":"https:\/\/www.billin.net\/blog\/aplazamientos-deudas-hacienda-seguridad-social\/"},"wordCount":859,"commentCount":8,"publisher":{"@id":"https:\/\/www.billin.net\/blog\/#organization"},"image":{"@id":"https:\/\/www.billin.net\/blog\/aplazamientos-deudas-hacienda-seguridad-social\/#primaryimage"},"thumbnailUrl":"https:\/\/www.billin.net\/blog\/wp-content\/uploads\/2018\/03\/hacienda-seguridad-social-aplazamientos-min.jpg","articleSection":["Fiscalidad"],"inLanguage":"es","potentialAction":[{"@type":"CommentAction","name":"Comment","target":["https:\/\/www.billin.net\/blog\/aplazamientos-deudas-hacienda-seguridad-social\/#respond"]}]},{"@type":"WebPage","@id":"https:\/\/www.billin.net\/blog\/aplazamientos-deudas-hacienda-seguridad-social\/","url":"https:\/\/www.billin.net\/blog\/aplazamientos-deudas-hacienda-seguridad-social\/","name":"Aplazamiento de Deudas con Hacienda y Seguridad Social - TeamSystem Facturas Billin","isPartOf":{"@id":"https:\/\/www.billin.net\/blog\/#website"},"primaryImageOfPage":{"@id":"https:\/\/www.billin.net\/blog\/aplazamientos-deudas-hacienda-seguridad-social\/#primaryimage"},"image":{"@id":"https:\/\/www.billin.net\/blog\/aplazamientos-deudas-hacienda-seguridad-social\/#primaryimage"},"thumbnailUrl":"https:\/\/www.billin.net\/blog\/wp-content\/uploads\/2018\/03\/hacienda-seguridad-social-aplazamientos-min.jpg","datePublished":"2018-03-20T22:00:00+00:00","dateModified":"2025-09-25T18:58:53+00:00","description":"Te contamos de qu\u00e9 impuestos podr\u00e1s solicitar aplazamiento, adem\u00e1s de conocer las deudas no aplazables en Seguridad Social.","breadcrumb":{"@id":"https:\/\/www.billin.net\/blog\/aplazamientos-deudas-hacienda-seguridad-social\/#breadcrumb"},"inLanguage":"es","potentialAction":[{"@type":"ReadAction","target":["https:\/\/www.billin.net\/blog\/aplazamientos-deudas-hacienda-seguridad-social\/"]}]},{"@type":"ImageObject","inLanguage":"es","@id":"https:\/\/www.billin.net\/blog\/aplazamientos-deudas-hacienda-seguridad-social\/#primaryimage","url":"https:\/\/www.billin.net\/blog\/wp-content\/uploads\/2018\/03\/hacienda-seguridad-social-aplazamientos-min.jpg","contentUrl":"https:\/\/www.billin.net\/blog\/wp-content\/uploads\/2018\/03\/hacienda-seguridad-social-aplazamientos-min.jpg","width":1000,"height":667,"caption":"aplazamiento de deudas"},{"@type":"BreadcrumbList","@id":"https:\/\/www.billin.net\/blog\/aplazamientos-deudas-hacienda-seguridad-social\/#breadcrumb","itemListElement":[{"@type":"ListItem","position":1,"name":"Blog","item":"https:\/\/www.billin.net\/blog\/"},{"@type":"ListItem","position":2,"name":"Fiscalidad","item":"https:\/\/www.billin.net\/blog\/fiscalidad\/"},{"@type":"ListItem","position":3,"name":"Aplazamientos de deudas: Hacienda y Seguridad Social"}]},{"@type":"WebSite","@id":"https:\/\/www.billin.net\/blog\/#website","url":"https:\/\/www.billin.net\/blog\/","name":"Blog de Billin","description":"Mantente informado con el blog de TeamSystem Facturas Billin:  facturaci\u00f3n, legislaci\u00f3n, contabilidad, management y toda la informaci\u00f3n \u00fatil para pymes y aut\u00f3nomos.","publisher":{"@id":"https:\/\/www.billin.net\/blog\/#organization"},"potentialAction":[{"@type":"SearchAction","target":{"@type":"EntryPoint","urlTemplate":"https:\/\/www.billin.net\/blog\/?s={search_term_string}"},"query-input":{"@type":"PropertyValueSpecification","valueRequired":true,"valueName":"search_term_string"}}],"inLanguage":"es"},{"@type":"Organization","@id":"https:\/\/www.billin.net\/blog\/#organization","name":"Billin","alternateName":"Blog de Billin","url":"https:\/\/www.billin.net\/blog\/","logo":{"@type":"ImageObject","inLanguage":"es","@id":"https:\/\/www.billin.net\/blog\/#\/schema\/logo\/image\/","url":"https:\/\/www.billin.net\/blog\/wp-content\/uploads\/2019\/06\/logotipo-billin-blog-1.png","contentUrl":"https:\/\/www.billin.net\/blog\/wp-content\/uploads\/2019\/06\/logotipo-billin-blog-1.png","width":126,"height":50,"caption":"Billin"},"image":{"@id":"https:\/\/www.billin.net\/blog\/#\/schema\/logo\/image\/"},"sameAs":["https:\/\/www.facebook.com\/EsBillin","https:\/\/x.com\/Billin_ES","https:\/\/www.instagram.com\/billin_es\/","https:\/\/www.linkedin.com\/company\/billin-spain","https:\/\/www.youtube.com\/c\/BillinEsintercambiodefacturas\/"],"legalName":"MY EXPENSES SL","contactPoint":{"@type":"ContactPoint","telephone":"+34918318883","contactType":"customer service","email":"info@billin.eu","availableLanguage":"es"},"foundingDate":"2015","numberOfEmployees":{"@type":"QuantitativeValue","minValue":10,"maxValue":50},"parentOrganization":{"@type":"Organization","name":"TeamSystem","url":"https:\/\/www.teamsystem.com\/"},"description":"Billin es el programa de facturaci\u00f3n online de TeamSystem para aut\u00f3nomos y pymes en Espa\u00f1a. Permite crear facturas, controlar gastos y cumplir con Verifactu.","address":{"@type":"PostalAddress","streetAddress":"Calle Arturo Soria, 336","addressLocality":"Madrid","addressRegion":"Madrid","postalCode":"28033","addressCountry":"ES"}},{"@type":"Person","@id":"https:\/\/www.billin.net\/blog\/#\/schema\/person\/d0339ee6e869234614541b1e80a793e7","name":"Marcos De La Cueva - CEO TeamSystem Facturas Billin","image":{"@type":"ImageObject","inLanguage":"es","@id":"https:\/\/www.billin.net\/blog\/#\/schema\/person\/image\/","url":"https:\/\/www.billin.net\/blog\/wp-content\/uploads\/2023\/10\/marcos-color-150x150.png","contentUrl":"https:\/\/www.billin.net\/blog\/wp-content\/uploads\/2023\/10\/marcos-color-150x150.png","caption":"Marcos De La Cueva - CEO TeamSystem Facturas Billin"},"description":"Licenciado en ADE por la Universidad Aut\u00f3noma de Madrid, Marcos De la Cueva es CEO y cofundador de TeamSystem Facturas Billin, un programa online que lleva m\u00e1s de 9 a\u00f1os ayudando a aut\u00f3nomos, peque\u00f1os negocios y gestor\u00edas a digitalizar sus presupuestos, facturas, tickets y gastos. \u00a0 Sobre Marcos De La Cueva \u00a0 Apasionado por el mundo empresarial y la tecnolog\u00eda, curs\u00f3 su M\u00e1ster de Finanzas en la Universidad Pontificia de Comillas y estuvo en el Programa de Cooperaci\u00f3n Educativa de la Universidad Aut\u00f3noma de Madrid. \u00a0 Marcos siempre ha tenido su objetivo claro: ayudar a la creaci\u00f3n de negocios financieramente sostenibles a trav\u00e9s de una herramienta de facturaci\u00f3n que les permita ahorrar tiempo y tener la contabilidad bajo control. \u00a0 Marcos De La Cueva en los medios \u2014 Noticia sobre Kit Digital y Ley Antifraude (VeriFactu) en El Economista. \u2014 Noticia sobre Kit Digital y factura electr\u00f3nica obligatoria en Diario Jur\u00eddico. \u2014 Noticia sobre el a\u00f1o de transici\u00f3n para la factura electr\u00f3nica en Muy Pymes. \u2014 Entrevista sobre factura electr\u00f3nica obligatoria en Canal Sur. \u2014 Noticia sobre el informe factura electr\u00f3nica de TeamSystem en Channel Partner. \u2014 Charla sobre productividad y Ley Crea y Crece en El Economista. \u2014 Charla sobre factura electr\u00f3nica obligatoria en Muy Pymes. \u2014 Charla sobre digitalizaci\u00f3n aut\u00f3nomos y productividad en esdiario. \u2014 Charla sobre productividad y factura electr\u00f3nica en La Raz\u00f3n. \u2014 Charla sobre factura electr\u00f3nica obligatoria en Aut\u00f3nomos y Emprendedores. \u2014 Entrevista sobre Ley Antifraude y Ley Crea y Crece en Expansi\u00f3n. \u2014 Entrevista sobre Ley Antifraude y Ley Crea y Crece en La Raz\u00f3n. \u2014 Entrevista sobre factura electr\u00f3nica obligatoria en El Economista. \u2014 Comunicado Billin y TeamSystem en Business Insider. \u2014 Entrevista en Econom\u00eda Digital. \u2014 Entrevista en Ideas para tu empresa de Vodafone. \u2014 Entrevista en M\u00e1sQradio. \u2014 Entrevista en Armas para emprender de El M\u00e9todo Gallardo. \u2014 Entrevista en KFund. \u2014 Entrevista en AXA Seguros Espa\u00f1a. \u2014 Entrevista en GestionaRadio. \u00a0 Marcos De La Cueva en eventos \u00a0 \u2014 Participaci\u00f3n como ponente en Accountex Espa\u00f1a 2023. \u00a0 Tem\u00e1ticas de especializaci\u00f3n \u00a0 negocios | startups | contabilidad| fiscalidad | empresas| asesor\u00edas| autonomos | emprendedores | peque\u00f1os negocios | econom\u00eda | ADE | pymes | desarrollo de negocio\u00a0","sameAs":["https:\/\/www.billin.net\/","https:\/\/www.linkedin.com\/in\/marcos-de-la-cueva-19750ba3\/"],"url":"https:\/\/www.billin.net\/blog\/author\/marcosdelacueva\/","jobTitle":"CEO y cofundador de TS Facturas Billin"}]}},"_links":{"self":[{"href":"https:\/\/www.billin.net\/blog\/wp-json\/wp\/v2\/posts\/10533","targetHints":{"allow":["GET"]}}],"collection":[{"href":"https:\/\/www.billin.net\/blog\/wp-json\/wp\/v2\/posts"}],"about":[{"href":"https:\/\/www.billin.net\/blog\/wp-json\/wp\/v2\/types\/post"}],"author":[{"embeddable":true,"href":"https:\/\/www.billin.net\/blog\/wp-json\/wp\/v2\/users\/20"}],"replies":[{"embeddable":true,"href":"https:\/\/www.billin.net\/blog\/wp-json\/wp\/v2\/comments?post=10533"}],"version-history":[{"count":5,"href":"https:\/\/www.billin.net\/blog\/wp-json\/wp\/v2\/posts\/10533\/revisions"}],"predecessor-version":[{"id":27419,"href":"https:\/\/www.billin.net\/blog\/wp-json\/wp\/v2\/posts\/10533\/revisions\/27419"}],"wp:featuredmedia":[{"embeddable":true,"href":"https:\/\/www.billin.net\/blog\/wp-json\/wp\/v2\/media\/6632"}],"wp:attachment":[{"href":"https:\/\/www.billin.net\/blog\/wp-json\/wp\/v2\/media?parent=10533"}],"wp:term":[{"taxonomy":"category","embeddable":true,"href":"https:\/\/www.billin.net\/blog\/wp-json\/wp\/v2\/categories?post=10533"},{"taxonomy":"post_tag","embeddable":true,"href":"https:\/\/www.billin.net\/blog\/wp-json\/wp\/v2\/tags?post=10533"}],"curies":[{"name":"wp","href":"https:\/\/api.w.org\/{rel}","templated":true}]}}