{"id":10513,"date":"2018-02-26T00:00:00","date_gmt":"2018-02-25T22:00:00","guid":{"rendered":"https:\/\/www.billin.net\/blog\/prestaciones-del-autonomo-europa\/"},"modified":"2025-09-25T20:59:32","modified_gmt":"2025-09-25T18:59:32","slug":"prestaciones-del-autonomo-europa","status":"publish","type":"post","link":"https:\/\/www.billin.net\/blog\/prestaciones-del-autonomo-europa\/","title":{"rendered":"Prestaciones del aut\u00f3nomo en Europa"},"content":{"rendered":"<p>Con la entrada en vigor de la tarifa plana de 50 euros para el aut\u00f3nomo emprendedor en Espa\u00f1a, vamos a realizar una comparativa con algunos pa\u00edses europeos, para conocer lo que pagan ellos por ser aut\u00f3nomos y que prestaciones tienen con respecto a la sanidad, jubilaci\u00f3n, paro, etc.<!--more--><\/p>\n<h2>Francia<\/h2>\n<p>En este pa\u00eds trabajar por cuenta propia lleva un procedimiento muy simplificado y a la vez muy favorable para el propio aut\u00f3nomo.<\/p>\n<p>En Francia, cuando te das de alta en la actividad, el primer a\u00f1o no pagas nada, para as\u00ed poder consolidar tu idea de negocio y no encontrarte con elevadas deudas de cotizaci\u00f3n a la Seguridad Social.<\/p>\n<p>Una vez pasado el primer a\u00f1o, <a href=\"https:\/\/www.billin.net\/glosario\/definicion-porcentaje\/\">el pago del aut\u00f3nomo se calcular\u00e1 por un porcentaje<\/a>, en funci\u00f3n de las ventas obtenidas y seg\u00fan la actividad, por ejemplo, para actividades comerciales ser\u00eda el 12%, el 21,30% para los servicios y 18,3% para los servicios profesionales.<\/p>\n<p>Ser aut\u00f3nomo en Francia te conlleva a tener los siguientes derechos: asistencia sanitaria, Jubilaci\u00f3n, pensi\u00f3n de viudedad, de invalidez y de incapacidad temporal; adem\u00e1s de poder pagar la cuota del aut\u00f3nomo de forma mensual o trimestral, cosa que en Espa\u00f1a s\u00f3lo puede ser mensual.<\/p>\n<p>Existe tambi\u00e9n una figura dentro del aut\u00f3nomo franc\u00e9s llamado <strong>\u201cauto-entrepreneur\u201d<\/strong> se crea, para<a href=\"https:\/\/www.billin.net\/glosario\/definicion-regimen-general\/\"> ese trabajador en r\u00e9gimen general<\/a>, que quiere emprender una actividad complementaria a su trabajo habitual, evidentemente, tiene unos l\u00edmites de ventas seg\u00fan la actividad.<\/p>\n<p><img loading=\"lazy\" decoding=\"async\" class=\"aligncenter size-full wp-image-6492\" src=\"https:\/\/www.billin.net\/blog\/wp-content\/uploads\/2018\/02\/autonomos-europa-pagos-min.jpg\" alt=\"Prestaciones del aut\u00f3nomo en Europa\" width=\"1000\" height=\"620\" srcset=\"https:\/\/www.billin.net\/blog\/wp-content\/uploads\/2018\/02\/autonomos-europa-pagos-min.jpg 1000w, https:\/\/www.billin.net\/blog\/wp-content\/uploads\/2018\/02\/autonomos-europa-pagos-min-300x186.jpg 300w, https:\/\/www.billin.net\/blog\/wp-content\/uploads\/2018\/02\/autonomos-europa-pagos-min-768x476.jpg 768w, https:\/\/www.billin.net\/blog\/wp-content\/uploads\/2018\/02\/autonomos-europa-pagos-min-600x372.jpg 600w, https:\/\/www.billin.net\/blog\/wp-content\/uploads\/2018\/02\/autonomos-europa-pagos-min-200x124.jpg 200w, https:\/\/www.billin.net\/blog\/wp-content\/uploads\/2018\/02\/autonomos-europa-pagos-min-810x502.jpg 810w\" sizes=\"(max-width: 1000px) 100vw, 1000px\" \/><\/p>\n<h2>Reino Unido<\/h2>\n<p>Ser aut\u00f3nomo en Reino Unido se denomina <strong>\u201cself employed\u201d<\/strong>, en este pa\u00eds, a diferencia de Espa\u00f1a, <a href=\"https:\/\/www.billin.net\/glosario\/definicion-cuota\/\">no se paga una cuota fija<\/a> en funci\u00f3n de la cotizaci\u00f3n, sino que se pagar\u00e1 seg\u00fan el volumen de ventas.<\/p>\n<p>Los que ganan menos de 5.965 libras, no tendr\u00e1n obligaci\u00f3n de tener que cotizar, pero si ganas m\u00e1s de esa cantidad, entonces habr\u00e1 dos tipos de aut\u00f3nomos:<\/p>\n<p>1.Los que ganen un beneficio entre 5.965 y 8.060 libras, los cuales, pagar\u00e1n 2,80 libras a la semana, estos aut\u00f3nomos se denominan de <strong>clase 2,<\/strong> y tendr\u00e1n recogidos los siguientes derechos:<\/p>\n<ul>\n<li>Pensi\u00f3n b\u00e1sica<\/li>\n<li>Subsidio por maternidad<\/li>\n<li>Prestaci\u00f3n por incapacidad<\/li>\n<li>Prestaci\u00f3n por muerte o invalidez<\/li>\n<\/ul>\n<p>2.Por otro lado estar\u00edan los que obtienen un beneficio desde 8.060 a 42.385, llamados de <strong>clase 4<\/strong>, que tendr\u00e1n que pagar el 9% y un 2% adicional de los ingresos superiores a 42.385, aqu\u00ed se recogen los mismos derechos que el anterior, adem\u00e1s de cotizar para el desempleo y la pensi\u00f3n adicional del estado<\/p>\n<h2>Alemania<\/h2>\n<p>Los pasos que seguir para ser aut\u00f3nomo en Alemania comienzan con registrarte en la oficina de hacienda <strong>(Finanzamt)<\/strong> y posteriormente en la C\u00e1mara de Industria y Comercio o en la de Oficios.<\/p>\n<p>Posteriormente, Hacienda mandar\u00e1 un cuestionario al aut\u00f3nomo para obtener su identificaci\u00f3n fiscal, a estos trabajadores se le obligar\u00e1 a tener un seguro de enfermedad, sea privado o estatal, ya que ellos mismos tienen que correr con los gastos sanitarios.<\/p>\n<p>Si ganas menos de 17.500 euros al a\u00f1o y eres menor de 30, estar\u00e1s exento de pagar IVA, bonificaci\u00f3n que en Espa\u00f1a no existe, y la declaraci\u00f3n de IVA se realizar\u00e1 una vez al mes, y no de forma trimestral como ocurre en Espa\u00f1a.<\/p>\n<p>La cuant\u00eda de aut\u00f3nomo en Alemania rondar\u00e1 los 300 euros.<\/p>\n<p><img loading=\"lazy\" decoding=\"async\" class=\"aligncenter size-full wp-image-6493\" src=\"https:\/\/www.billin.net\/blog\/wp-content\/uploads\/2018\/02\/prestaciones-autonomo-europa-min.jpg\" alt=\"Prestaciones del aut\u00f3nomo en Europa\" width=\"1000\" height=\"667\" srcset=\"https:\/\/www.billin.net\/blog\/wp-content\/uploads\/2018\/02\/prestaciones-autonomo-europa-min.jpg 1000w, https:\/\/www.billin.net\/blog\/wp-content\/uploads\/2018\/02\/prestaciones-autonomo-europa-min-300x200.jpg 300w, https:\/\/www.billin.net\/blog\/wp-content\/uploads\/2018\/02\/prestaciones-autonomo-europa-min-768x512.jpg 768w, https:\/\/www.billin.net\/blog\/wp-content\/uploads\/2018\/02\/prestaciones-autonomo-europa-min-600x400.jpg 600w, https:\/\/www.billin.net\/blog\/wp-content\/uploads\/2018\/02\/prestaciones-autonomo-europa-min-200x133.jpg 200w, https:\/\/www.billin.net\/blog\/wp-content\/uploads\/2018\/02\/prestaciones-autonomo-europa-min-810x540.jpg 810w\" sizes=\"(max-width: 1000px) 100vw, 1000px\" \/><\/p>\n<h2>Portugal<\/h2>\n<p>Aquellos individuos que deciden comenzar una actividad aut\u00f3noma en el pa\u00eds vecino tienen que saber que los doce primeros meses de actividad no tendr\u00e1n que pagar nada de cuota de aut\u00f3nomo.<\/p>\n<p>Hay dos posibilidades a la hora de inscribirse como aut\u00f3nomo, dependiendo del grado de protecci\u00f3n que se escoja:<\/p>\n<ul>\n<li>El de protecci\u00f3n obligatorio que corresponder\u00eda a una cotizaci\u00f3n del 25,4%<\/li>\n<li>Mientras que el ampliado llegas a alcanzar un 32%<\/li>\n<\/ul>\n<h2>Holanda<\/h2>\n<p>En Holanda ser aut\u00f3nomo comienza por la inscripci\u00f3n en la C\u00e1mara de Comercio de tu ciudad, la cuota de aut\u00f3nomos se ir\u00e1 fijando en funci\u00f3n de los ingresos obtenidos.<\/p>\n<p>La cobertura sanitaria no est\u00e1 incluida, sino que tiene que ser de forma privada, por tanto, si deseamos acceder a los servicios sanitarios tendremos que pagar 100 euros por cada persona adem\u00e1s de contratar el seguro de pensiones y el de fallecimiento o invalidez.<\/p>\n<p><a href=\"https:\/\/www.billin.net\/blog\/irpf-facturas-intracomunitarias\/\">El Impuesto de la Renta de las Personas F\u00edsicas se presentar\u00e1 tras llevar 5 a\u00f1os ejerciendo dicha actividad<\/a>, a diferencia de Espa\u00f1a que se les obliga desde el momento que se dan de alta.<\/p>\n<h2>Tabla Comparativa<\/h2>\n<p><img loading=\"lazy\" decoding=\"async\" class=\"aligncenter wp-image-6487 size-full\" src=\"https:\/\/www.billin.net\/blog\/wp-content\/uploads\/2018\/02\/comparativa-europa-autonomo.jpg\" alt=\"imagen de tabla comparativa de cuotas de autonomos en europa\" width=\"611\" height=\"417\" srcset=\"https:\/\/www.billin.net\/blog\/wp-content\/uploads\/2018\/02\/comparativa-europa-autonomo.jpg 611w, https:\/\/www.billin.net\/blog\/wp-content\/uploads\/2018\/02\/comparativa-europa-autonomo-300x205.jpg 300w, https:\/\/www.billin.net\/blog\/wp-content\/uploads\/2018\/02\/comparativa-europa-autonomo-145x100.jpg 145w, https:\/\/www.billin.net\/blog\/wp-content\/uploads\/2018\/02\/comparativa-europa-autonomo-380x260.jpg 380w\" sizes=\"(max-width: 611px) 100vw, 611px\" \/><\/p>\n","protected":false},"excerpt":{"rendered":"<p>Con la entrada en vigor de la tarifa plana de 50 euros para el aut\u00f3nomo emprendedor en Espa\u00f1a, vamos a realizar una comparativa con algunos pa\u00edses europeos, para conocer lo que pagan ellos por ser aut\u00f3nomos y que prestaciones tienen con respecto a la sanidad, jubilaci\u00f3n, paro, etc.<\/p>\n","protected":false},"author":20,"featured_media":6491,"comment_status":"open","ping_status":"open","sticky":false,"template":"","format":"standard","meta":{"_acf_changed":false,"_et_pb_use_builder":"","_et_pb_old_content":"","_et_gb_content_width":"","om_disable_all_campaigns":false,"inline_featured_image":false,"footnotes":""},"categories":[1014],"tags":[1380],"class_list":{"0":"post-10513","1":"post","2":"type-post","3":"status-publish","4":"format-standard","5":"has-post-thumbnail","7":"category-fiscalidad","8":"tag-autonomos"},"acf":{"selector_de_usuario":"","fecha_de_revision":"20230912"},"yoast_head":"<!-- This site is optimized with the Yoast SEO plugin v27.1 - https:\/\/yoast.com\/product\/yoast-seo-wordpress\/ -->\n<title>Prestaciones del aut\u00f3nomo en Europa | TeamSystem Facturas Billin<\/title>\n<meta name=\"description\" content=\"Vamos a realizar una comparativa con algunos pa\u00edses europeos para conocer lo que pagan por ser aut\u00f3nomos y qu\u00e9 prestaciones tienen.\" \/>\n<meta name=\"robots\" content=\"index, follow, max-snippet:-1, max-image-preview:large, max-video-preview:-1\" \/>\n<link rel=\"canonical\" href=\"https:\/\/www.billin.net\/blog\/prestaciones-del-autonomo-europa\/\" \/>\n<meta property=\"og:locale\" content=\"es_ES\" \/>\n<meta property=\"og:type\" content=\"article\" \/>\n<meta property=\"og:title\" content=\"Prestaciones del aut\u00f3nomo en Europa | TeamSystem Facturas Billin\" \/>\n<meta property=\"og:description\" content=\"Vamos a realizar una comparativa con algunos pa\u00edses europeos para conocer lo que pagan por ser aut\u00f3nomos y qu\u00e9 prestaciones tienen.\" \/>\n<meta property=\"og:url\" content=\"https:\/\/www.billin.net\/blog\/prestaciones-del-autonomo-europa\/\" \/>\n<meta property=\"og:site_name\" content=\"Blog de TeamSystem Facturas Billin\" \/>\n<meta property=\"article:publisher\" content=\"https:\/\/www.facebook.com\/EsBillin\" \/>\n<meta property=\"article:published_time\" content=\"2018-02-25T22:00:00+00:00\" \/>\n<meta property=\"article:modified_time\" content=\"2025-09-25T18:59:32+00:00\" \/>\n<meta property=\"og:image\" content=\"https:\/\/www.billin.net\/blog\/wp-content\/uploads\/2018\/02\/autonomos-europa-prestaciones-min.jpg\" \/>\n\t<meta property=\"og:image:width\" content=\"1000\" \/>\n\t<meta property=\"og:image:height\" content=\"667\" \/>\n\t<meta property=\"og:image:type\" content=\"image\/jpeg\" \/>\n<meta name=\"author\" content=\"Marcos De La Cueva - CEO TeamSystem Facturas Billin\" \/>\n<meta name=\"twitter:card\" content=\"summary_large_image\" \/>\n<meta name=\"twitter:creator\" content=\"@Billin_ES\" \/>\n<meta name=\"twitter:site\" content=\"@Billin_ES\" \/>\n<meta name=\"twitter:label1\" content=\"Escrito por\" \/>\n\t<meta name=\"twitter:data1\" content=\"Marcos De La Cueva - CEO TeamSystem Facturas Billin\" \/>\n\t<meta name=\"twitter:label2\" content=\"Tiempo de lectura\" \/>\n\t<meta name=\"twitter:data2\" content=\"4 minutos\" \/>\n<script type=\"application\/ld+json\" class=\"yoast-schema-graph\">{\"@context\":\"https:\/\/schema.org\",\"@graph\":[{\"@type\":\"Article\",\"@id\":\"https:\/\/www.billin.net\/blog\/prestaciones-del-autonomo-europa\/#article\",\"isPartOf\":{\"@id\":\"https:\/\/www.billin.net\/blog\/prestaciones-del-autonomo-europa\/\"},\"author\":{\"name\":\"Marcos De La Cueva - CEO TeamSystem Facturas Billin\",\"@id\":\"https:\/\/www.billin.net\/blog\/#\/schema\/person\/d0339ee6e869234614541b1e80a793e7\"},\"headline\":\"Prestaciones del aut\u00f3nomo en Europa\",\"datePublished\":\"2018-02-25T22:00:00+00:00\",\"dateModified\":\"2025-09-25T18:59:32+00:00\",\"mainEntityOfPage\":{\"@id\":\"https:\/\/www.billin.net\/blog\/prestaciones-del-autonomo-europa\/\"},\"wordCount\":763,\"commentCount\":0,\"publisher\":{\"@id\":\"https:\/\/www.billin.net\/blog\/#organization\"},\"image\":{\"@id\":\"https:\/\/www.billin.net\/blog\/prestaciones-del-autonomo-europa\/#primaryimage\"},\"thumbnailUrl\":\"https:\/\/www.billin.net\/blog\/wp-content\/uploads\/2018\/02\/autonomos-europa-prestaciones-min.jpg\",\"keywords\":[\"Aut\u00f3nomos\"],\"articleSection\":[\"Fiscalidad\"],\"inLanguage\":\"es\",\"potentialAction\":[{\"@type\":\"CommentAction\",\"name\":\"Comment\",\"target\":[\"https:\/\/www.billin.net\/blog\/prestaciones-del-autonomo-europa\/#respond\"]}]},{\"@type\":\"WebPage\",\"@id\":\"https:\/\/www.billin.net\/blog\/prestaciones-del-autonomo-europa\/\",\"url\":\"https:\/\/www.billin.net\/blog\/prestaciones-del-autonomo-europa\/\",\"name\":\"Prestaciones del aut\u00f3nomo en Europa | TeamSystem Facturas Billin\",\"isPartOf\":{\"@id\":\"https:\/\/www.billin.net\/blog\/#website\"},\"primaryImageOfPage\":{\"@id\":\"https:\/\/www.billin.net\/blog\/prestaciones-del-autonomo-europa\/#primaryimage\"},\"image\":{\"@id\":\"https:\/\/www.billin.net\/blog\/prestaciones-del-autonomo-europa\/#primaryimage\"},\"thumbnailUrl\":\"https:\/\/www.billin.net\/blog\/wp-content\/uploads\/2018\/02\/autonomos-europa-prestaciones-min.jpg\",\"datePublished\":\"2018-02-25T22:00:00+00:00\",\"dateModified\":\"2025-09-25T18:59:32+00:00\",\"description\":\"Vamos a realizar una comparativa con algunos pa\u00edses europeos para conocer lo que pagan por ser aut\u00f3nomos y qu\u00e9 prestaciones tienen.\",\"breadcrumb\":{\"@id\":\"https:\/\/www.billin.net\/blog\/prestaciones-del-autonomo-europa\/#breadcrumb\"},\"inLanguage\":\"es\",\"potentialAction\":[{\"@type\":\"ReadAction\",\"target\":[\"https:\/\/www.billin.net\/blog\/prestaciones-del-autonomo-europa\/\"]}]},{\"@type\":\"ImageObject\",\"inLanguage\":\"es\",\"@id\":\"https:\/\/www.billin.net\/blog\/prestaciones-del-autonomo-europa\/#primaryimage\",\"url\":\"https:\/\/www.billin.net\/blog\/wp-content\/uploads\/2018\/02\/autonomos-europa-prestaciones-min.jpg\",\"contentUrl\":\"https:\/\/www.billin.net\/blog\/wp-content\/uploads\/2018\/02\/autonomos-europa-prestaciones-min.jpg\",\"width\":1000,\"height\":667},{\"@type\":\"BreadcrumbList\",\"@id\":\"https:\/\/www.billin.net\/blog\/prestaciones-del-autonomo-europa\/#breadcrumb\",\"itemListElement\":[{\"@type\":\"ListItem\",\"position\":1,\"name\":\"Blog\",\"item\":\"https:\/\/www.billin.net\/blog\/\"},{\"@type\":\"ListItem\",\"position\":2,\"name\":\"Fiscalidad\",\"item\":\"https:\/\/www.billin.net\/blog\/fiscalidad\/\"},{\"@type\":\"ListItem\",\"position\":3,\"name\":\"Prestaciones del aut\u00f3nomo en Europa\"}]},{\"@type\":\"WebSite\",\"@id\":\"https:\/\/www.billin.net\/blog\/#website\",\"url\":\"https:\/\/www.billin.net\/blog\/\",\"name\":\"Blog de Billin\",\"description\":\"Mantente informado con el blog de TeamSystem Facturas Billin:  facturaci\u00f3n, legislaci\u00f3n, contabilidad, management y toda la informaci\u00f3n \u00fatil para pymes y aut\u00f3nomos.\",\"publisher\":{\"@id\":\"https:\/\/www.billin.net\/blog\/#organization\"},\"potentialAction\":[{\"@type\":\"SearchAction\",\"target\":{\"@type\":\"EntryPoint\",\"urlTemplate\":\"https:\/\/www.billin.net\/blog\/?s={search_term_string}\"},\"query-input\":{\"@type\":\"PropertyValueSpecification\",\"valueRequired\":true,\"valueName\":\"search_term_string\"}}],\"inLanguage\":\"es\"},{\"@type\":\"Organization\",\"@id\":\"https:\/\/www.billin.net\/blog\/#organization\",\"name\":\"Billin\",\"alternateName\":\"Blog de Billin\",\"url\":\"https:\/\/www.billin.net\/blog\/\",\"logo\":{\"@type\":\"ImageObject\",\"inLanguage\":\"es\",\"@id\":\"https:\/\/www.billin.net\/blog\/#\/schema\/logo\/image\/\",\"url\":\"https:\/\/www.billin.net\/blog\/wp-content\/uploads\/2019\/06\/logotipo-billin-blog-1.png\",\"contentUrl\":\"https:\/\/www.billin.net\/blog\/wp-content\/uploads\/2019\/06\/logotipo-billin-blog-1.png\",\"width\":126,\"height\":50,\"caption\":\"Billin\"},\"image\":{\"@id\":\"https:\/\/www.billin.net\/blog\/#\/schema\/logo\/image\/\"},\"sameAs\":[\"https:\/\/www.facebook.com\/EsBillin\",\"https:\/\/x.com\/Billin_ES\",\"https:\/\/www.instagram.com\/billin_es\/\",\"https:\/\/www.linkedin.com\/company\/billin-spain\",\"https:\/\/www.youtube.com\/c\/BillinEsintercambiodefacturas\/\"],\"legalName\":\"MY EXPENSES SL\",\"contactPoint\":{\"@type\":\"ContactPoint\",\"telephone\":\"+34918318883\",\"contactType\":\"customer service\",\"email\":\"info@billin.eu\",\"availableLanguage\":\"es\"},\"foundingDate\":\"2015\",\"numberOfEmployees\":{\"@type\":\"QuantitativeValue\",\"minValue\":10,\"maxValue\":50},\"parentOrganization\":{\"@type\":\"Organization\",\"name\":\"TeamSystem\",\"url\":\"https:\/\/www.teamsystem.com\/\"},\"description\":\"Billin es el programa de facturaci\u00f3n online de TeamSystem para aut\u00f3nomos y pymes en Espa\u00f1a. Permite crear facturas, controlar gastos y cumplir con Verifactu.\",\"address\":{\"@type\":\"PostalAddress\",\"streetAddress\":\"Calle Arturo Soria, 336\",\"addressLocality\":\"Madrid\",\"addressRegion\":\"Madrid\",\"postalCode\":\"28033\",\"addressCountry\":\"ES\"}},{\"@type\":\"Person\",\"@id\":\"https:\/\/www.billin.net\/blog\/#\/schema\/person\/d0339ee6e869234614541b1e80a793e7\",\"name\":\"Marcos De La Cueva - CEO TeamSystem Facturas Billin\",\"image\":{\"@type\":\"ImageObject\",\"inLanguage\":\"es\",\"@id\":\"https:\/\/www.billin.net\/blog\/#\/schema\/person\/image\/\",\"url\":\"https:\/\/www.billin.net\/blog\/wp-content\/uploads\/2023\/10\/marcos-color-150x150.png\",\"contentUrl\":\"https:\/\/www.billin.net\/blog\/wp-content\/uploads\/2023\/10\/marcos-color-150x150.png\",\"caption\":\"Marcos De La Cueva - CEO TeamSystem Facturas Billin\"},\"description\":\"Licenciado en ADE por la Universidad Aut\u00f3noma de Madrid, Marcos De la Cueva es CEO y cofundador de TeamSystem Facturas Billin, un programa online que lleva m\u00e1s de 9 a\u00f1os ayudando a aut\u00f3nomos, peque\u00f1os negocios y gestor\u00edas a digitalizar sus presupuestos, facturas, tickets y gastos. \u00a0 Sobre Marcos De La Cueva \u00a0 Apasionado por el mundo empresarial y la tecnolog\u00eda, curs\u00f3 su M\u00e1ster de Finanzas en la Universidad Pontificia de Comillas y estuvo en el Programa de Cooperaci\u00f3n Educativa de la Universidad Aut\u00f3noma de Madrid. \u00a0 Marcos siempre ha tenido su objetivo claro: ayudar a la creaci\u00f3n de negocios financieramente sostenibles a trav\u00e9s de una herramienta de facturaci\u00f3n que les permita ahorrar tiempo y tener la contabilidad bajo control. \u00a0 Marcos De La Cueva en los medios \u2014 Noticia sobre Kit Digital y Ley Antifraude (VeriFactu) en El Economista. \u2014 Noticia sobre Kit Digital y factura electr\u00f3nica obligatoria en Diario Jur\u00eddico. \u2014 Noticia sobre el a\u00f1o de transici\u00f3n para la factura electr\u00f3nica en Muy Pymes. \u2014 Entrevista sobre factura electr\u00f3nica obligatoria en Canal Sur. \u2014 Noticia sobre el informe factura electr\u00f3nica de TeamSystem en Channel Partner. \u2014 Charla sobre productividad y Ley Crea y Crece en El Economista. \u2014 Charla sobre factura electr\u00f3nica obligatoria en Muy Pymes. \u2014 Charla sobre digitalizaci\u00f3n aut\u00f3nomos y productividad en esdiario. \u2014 Charla sobre productividad y factura electr\u00f3nica en La Raz\u00f3n. \u2014 Charla sobre factura electr\u00f3nica obligatoria en Aut\u00f3nomos y Emprendedores. \u2014 Entrevista sobre Ley Antifraude y Ley Crea y Crece en Expansi\u00f3n. \u2014 Entrevista sobre Ley Antifraude y Ley Crea y Crece en La Raz\u00f3n. \u2014 Entrevista sobre factura electr\u00f3nica obligatoria en El Economista. \u2014 Comunicado Billin y TeamSystem en Business Insider. \u2014 Entrevista en Econom\u00eda Digital. \u2014 Entrevista en Ideas para tu empresa de Vodafone. \u2014 Entrevista en M\u00e1sQradio. \u2014 Entrevista en Armas para emprender de El M\u00e9todo Gallardo. \u2014 Entrevista en KFund. \u2014 Entrevista en AXA Seguros Espa\u00f1a. \u2014 Entrevista en GestionaRadio. \u00a0 Marcos De La Cueva en eventos \u00a0 \u2014 Participaci\u00f3n como ponente en Accountex Espa\u00f1a 2023. \u00a0 Tem\u00e1ticas de especializaci\u00f3n \u00a0 negocios | startups | contabilidad| fiscalidad | empresas| asesor\u00edas| autonomos | emprendedores | peque\u00f1os negocios | econom\u00eda | ADE | pymes | desarrollo de negocio\u00a0\",\"sameAs\":[\"https:\/\/www.billin.net\/\",\"https:\/\/www.linkedin.com\/in\/marcos-de-la-cueva-19750ba3\/\"],\"url\":\"https:\/\/www.billin.net\/blog\/author\/marcosdelacueva\/\",\"jobTitle\":\"CEO y cofundador de TS Facturas Billin\"}]}<\/script>\n<!-- \/ Yoast SEO plugin. -->","yoast_head_json":{"title":"Prestaciones del aut\u00f3nomo en Europa | TeamSystem Facturas Billin","description":"Vamos a realizar una comparativa con algunos pa\u00edses europeos para conocer lo que pagan por ser aut\u00f3nomos y qu\u00e9 prestaciones tienen.","robots":{"index":"index","follow":"follow","max-snippet":"max-snippet:-1","max-image-preview":"max-image-preview:large","max-video-preview":"max-video-preview:-1"},"canonical":"https:\/\/www.billin.net\/blog\/prestaciones-del-autonomo-europa\/","og_locale":"es_ES","og_type":"article","og_title":"Prestaciones del aut\u00f3nomo en Europa | TeamSystem Facturas Billin","og_description":"Vamos a realizar una comparativa con algunos pa\u00edses europeos para conocer lo que pagan por ser aut\u00f3nomos y qu\u00e9 prestaciones tienen.","og_url":"https:\/\/www.billin.net\/blog\/prestaciones-del-autonomo-europa\/","og_site_name":"Blog de TeamSystem Facturas Billin","article_publisher":"https:\/\/www.facebook.com\/EsBillin","article_published_time":"2018-02-25T22:00:00+00:00","article_modified_time":"2025-09-25T18:59:32+00:00","og_image":[{"width":1000,"height":667,"url":"https:\/\/www.billin.net\/blog\/wp-content\/uploads\/2018\/02\/autonomos-europa-prestaciones-min.jpg","type":"image\/jpeg"}],"author":"Marcos De La Cueva - CEO TeamSystem Facturas Billin","twitter_card":"summary_large_image","twitter_creator":"@Billin_ES","twitter_site":"@Billin_ES","twitter_misc":{"Escrito por":"Marcos De La Cueva - CEO TeamSystem Facturas Billin","Tiempo de lectura":"4 minutos"},"schema":{"@context":"https:\/\/schema.org","@graph":[{"@type":"Article","@id":"https:\/\/www.billin.net\/blog\/prestaciones-del-autonomo-europa\/#article","isPartOf":{"@id":"https:\/\/www.billin.net\/blog\/prestaciones-del-autonomo-europa\/"},"author":{"name":"Marcos De La Cueva - CEO TeamSystem Facturas Billin","@id":"https:\/\/www.billin.net\/blog\/#\/schema\/person\/d0339ee6e869234614541b1e80a793e7"},"headline":"Prestaciones del aut\u00f3nomo en Europa","datePublished":"2018-02-25T22:00:00+00:00","dateModified":"2025-09-25T18:59:32+00:00","mainEntityOfPage":{"@id":"https:\/\/www.billin.net\/blog\/prestaciones-del-autonomo-europa\/"},"wordCount":763,"commentCount":0,"publisher":{"@id":"https:\/\/www.billin.net\/blog\/#organization"},"image":{"@id":"https:\/\/www.billin.net\/blog\/prestaciones-del-autonomo-europa\/#primaryimage"},"thumbnailUrl":"https:\/\/www.billin.net\/blog\/wp-content\/uploads\/2018\/02\/autonomos-europa-prestaciones-min.jpg","keywords":["Aut\u00f3nomos"],"articleSection":["Fiscalidad"],"inLanguage":"es","potentialAction":[{"@type":"CommentAction","name":"Comment","target":["https:\/\/www.billin.net\/blog\/prestaciones-del-autonomo-europa\/#respond"]}]},{"@type":"WebPage","@id":"https:\/\/www.billin.net\/blog\/prestaciones-del-autonomo-europa\/","url":"https:\/\/www.billin.net\/blog\/prestaciones-del-autonomo-europa\/","name":"Prestaciones del aut\u00f3nomo en Europa | TeamSystem Facturas Billin","isPartOf":{"@id":"https:\/\/www.billin.net\/blog\/#website"},"primaryImageOfPage":{"@id":"https:\/\/www.billin.net\/blog\/prestaciones-del-autonomo-europa\/#primaryimage"},"image":{"@id":"https:\/\/www.billin.net\/blog\/prestaciones-del-autonomo-europa\/#primaryimage"},"thumbnailUrl":"https:\/\/www.billin.net\/blog\/wp-content\/uploads\/2018\/02\/autonomos-europa-prestaciones-min.jpg","datePublished":"2018-02-25T22:00:00+00:00","dateModified":"2025-09-25T18:59:32+00:00","description":"Vamos a realizar una comparativa con algunos pa\u00edses europeos para conocer lo que pagan por ser aut\u00f3nomos y qu\u00e9 prestaciones tienen.","breadcrumb":{"@id":"https:\/\/www.billin.net\/blog\/prestaciones-del-autonomo-europa\/#breadcrumb"},"inLanguage":"es","potentialAction":[{"@type":"ReadAction","target":["https:\/\/www.billin.net\/blog\/prestaciones-del-autonomo-europa\/"]}]},{"@type":"ImageObject","inLanguage":"es","@id":"https:\/\/www.billin.net\/blog\/prestaciones-del-autonomo-europa\/#primaryimage","url":"https:\/\/www.billin.net\/blog\/wp-content\/uploads\/2018\/02\/autonomos-europa-prestaciones-min.jpg","contentUrl":"https:\/\/www.billin.net\/blog\/wp-content\/uploads\/2018\/02\/autonomos-europa-prestaciones-min.jpg","width":1000,"height":667},{"@type":"BreadcrumbList","@id":"https:\/\/www.billin.net\/blog\/prestaciones-del-autonomo-europa\/#breadcrumb","itemListElement":[{"@type":"ListItem","position":1,"name":"Blog","item":"https:\/\/www.billin.net\/blog\/"},{"@type":"ListItem","position":2,"name":"Fiscalidad","item":"https:\/\/www.billin.net\/blog\/fiscalidad\/"},{"@type":"ListItem","position":3,"name":"Prestaciones del aut\u00f3nomo en Europa"}]},{"@type":"WebSite","@id":"https:\/\/www.billin.net\/blog\/#website","url":"https:\/\/www.billin.net\/blog\/","name":"Blog de Billin","description":"Mantente informado con el blog de TeamSystem Facturas Billin:  facturaci\u00f3n, legislaci\u00f3n, contabilidad, management y toda la informaci\u00f3n \u00fatil para pymes y aut\u00f3nomos.","publisher":{"@id":"https:\/\/www.billin.net\/blog\/#organization"},"potentialAction":[{"@type":"SearchAction","target":{"@type":"EntryPoint","urlTemplate":"https:\/\/www.billin.net\/blog\/?s={search_term_string}"},"query-input":{"@type":"PropertyValueSpecification","valueRequired":true,"valueName":"search_term_string"}}],"inLanguage":"es"},{"@type":"Organization","@id":"https:\/\/www.billin.net\/blog\/#organization","name":"Billin","alternateName":"Blog de Billin","url":"https:\/\/www.billin.net\/blog\/","logo":{"@type":"ImageObject","inLanguage":"es","@id":"https:\/\/www.billin.net\/blog\/#\/schema\/logo\/image\/","url":"https:\/\/www.billin.net\/blog\/wp-content\/uploads\/2019\/06\/logotipo-billin-blog-1.png","contentUrl":"https:\/\/www.billin.net\/blog\/wp-content\/uploads\/2019\/06\/logotipo-billin-blog-1.png","width":126,"height":50,"caption":"Billin"},"image":{"@id":"https:\/\/www.billin.net\/blog\/#\/schema\/logo\/image\/"},"sameAs":["https:\/\/www.facebook.com\/EsBillin","https:\/\/x.com\/Billin_ES","https:\/\/www.instagram.com\/billin_es\/","https:\/\/www.linkedin.com\/company\/billin-spain","https:\/\/www.youtube.com\/c\/BillinEsintercambiodefacturas\/"],"legalName":"MY EXPENSES SL","contactPoint":{"@type":"ContactPoint","telephone":"+34918318883","contactType":"customer service","email":"info@billin.eu","availableLanguage":"es"},"foundingDate":"2015","numberOfEmployees":{"@type":"QuantitativeValue","minValue":10,"maxValue":50},"parentOrganization":{"@type":"Organization","name":"TeamSystem","url":"https:\/\/www.teamsystem.com\/"},"description":"Billin es el programa de facturaci\u00f3n online de TeamSystem para aut\u00f3nomos y pymes en Espa\u00f1a. Permite crear facturas, controlar gastos y cumplir con Verifactu.","address":{"@type":"PostalAddress","streetAddress":"Calle Arturo Soria, 336","addressLocality":"Madrid","addressRegion":"Madrid","postalCode":"28033","addressCountry":"ES"}},{"@type":"Person","@id":"https:\/\/www.billin.net\/blog\/#\/schema\/person\/d0339ee6e869234614541b1e80a793e7","name":"Marcos De La Cueva - CEO TeamSystem Facturas Billin","image":{"@type":"ImageObject","inLanguage":"es","@id":"https:\/\/www.billin.net\/blog\/#\/schema\/person\/image\/","url":"https:\/\/www.billin.net\/blog\/wp-content\/uploads\/2023\/10\/marcos-color-150x150.png","contentUrl":"https:\/\/www.billin.net\/blog\/wp-content\/uploads\/2023\/10\/marcos-color-150x150.png","caption":"Marcos De La Cueva - CEO TeamSystem Facturas Billin"},"description":"Licenciado en ADE por la Universidad Aut\u00f3noma de Madrid, Marcos De la Cueva es CEO y cofundador de TeamSystem Facturas Billin, un programa online que lleva m\u00e1s de 9 a\u00f1os ayudando a aut\u00f3nomos, peque\u00f1os negocios y gestor\u00edas a digitalizar sus presupuestos, facturas, tickets y gastos. \u00a0 Sobre Marcos De La Cueva \u00a0 Apasionado por el mundo empresarial y la tecnolog\u00eda, curs\u00f3 su M\u00e1ster de Finanzas en la Universidad Pontificia de Comillas y estuvo en el Programa de Cooperaci\u00f3n Educativa de la Universidad Aut\u00f3noma de Madrid. \u00a0 Marcos siempre ha tenido su objetivo claro: ayudar a la creaci\u00f3n de negocios financieramente sostenibles a trav\u00e9s de una herramienta de facturaci\u00f3n que les permita ahorrar tiempo y tener la contabilidad bajo control. \u00a0 Marcos De La Cueva en los medios \u2014 Noticia sobre Kit Digital y Ley Antifraude (VeriFactu) en El Economista. \u2014 Noticia sobre Kit Digital y factura electr\u00f3nica obligatoria en Diario Jur\u00eddico. \u2014 Noticia sobre el a\u00f1o de transici\u00f3n para la factura electr\u00f3nica en Muy Pymes. \u2014 Entrevista sobre factura electr\u00f3nica obligatoria en Canal Sur. \u2014 Noticia sobre el informe factura electr\u00f3nica de TeamSystem en Channel Partner. \u2014 Charla sobre productividad y Ley Crea y Crece en El Economista. \u2014 Charla sobre factura electr\u00f3nica obligatoria en Muy Pymes. \u2014 Charla sobre digitalizaci\u00f3n aut\u00f3nomos y productividad en esdiario. \u2014 Charla sobre productividad y factura electr\u00f3nica en La Raz\u00f3n. \u2014 Charla sobre factura electr\u00f3nica obligatoria en Aut\u00f3nomos y Emprendedores. \u2014 Entrevista sobre Ley Antifraude y Ley Crea y Crece en Expansi\u00f3n. \u2014 Entrevista sobre Ley Antifraude y Ley Crea y Crece en La Raz\u00f3n. \u2014 Entrevista sobre factura electr\u00f3nica obligatoria en El Economista. \u2014 Comunicado Billin y TeamSystem en Business Insider. \u2014 Entrevista en Econom\u00eda Digital. \u2014 Entrevista en Ideas para tu empresa de Vodafone. \u2014 Entrevista en M\u00e1sQradio. \u2014 Entrevista en Armas para emprender de El M\u00e9todo Gallardo. \u2014 Entrevista en KFund. \u2014 Entrevista en AXA Seguros Espa\u00f1a. \u2014 Entrevista en GestionaRadio. \u00a0 Marcos De La Cueva en eventos \u00a0 \u2014 Participaci\u00f3n como ponente en Accountex Espa\u00f1a 2023. \u00a0 Tem\u00e1ticas de especializaci\u00f3n \u00a0 negocios | startups | contabilidad| fiscalidad | empresas| asesor\u00edas| autonomos | emprendedores | peque\u00f1os negocios | econom\u00eda | ADE | pymes | desarrollo de negocio\u00a0","sameAs":["https:\/\/www.billin.net\/","https:\/\/www.linkedin.com\/in\/marcos-de-la-cueva-19750ba3\/"],"url":"https:\/\/www.billin.net\/blog\/author\/marcosdelacueva\/","jobTitle":"CEO y cofundador de TS Facturas Billin"}]}},"_links":{"self":[{"href":"https:\/\/www.billin.net\/blog\/wp-json\/wp\/v2\/posts\/10513","targetHints":{"allow":["GET"]}}],"collection":[{"href":"https:\/\/www.billin.net\/blog\/wp-json\/wp\/v2\/posts"}],"about":[{"href":"https:\/\/www.billin.net\/blog\/wp-json\/wp\/v2\/types\/post"}],"author":[{"embeddable":true,"href":"https:\/\/www.billin.net\/blog\/wp-json\/wp\/v2\/users\/20"}],"replies":[{"embeddable":true,"href":"https:\/\/www.billin.net\/blog\/wp-json\/wp\/v2\/comments?post=10513"}],"version-history":[{"count":7,"href":"https:\/\/www.billin.net\/blog\/wp-json\/wp\/v2\/posts\/10513\/revisions"}],"predecessor-version":[{"id":27436,"href":"https:\/\/www.billin.net\/blog\/wp-json\/wp\/v2\/posts\/10513\/revisions\/27436"}],"wp:featuredmedia":[{"embeddable":true,"href":"https:\/\/www.billin.net\/blog\/wp-json\/wp\/v2\/media\/6491"}],"wp:attachment":[{"href":"https:\/\/www.billin.net\/blog\/wp-json\/wp\/v2\/media?parent=10513"}],"wp:term":[{"taxonomy":"category","embeddable":true,"href":"https:\/\/www.billin.net\/blog\/wp-json\/wp\/v2\/categories?post=10513"},{"taxonomy":"post_tag","embeddable":true,"href":"https:\/\/www.billin.net\/blog\/wp-json\/wp\/v2\/tags?post=10513"}],"curies":[{"name":"wp","href":"https:\/\/api.w.org\/{rel}","templated":true}]}}