{"id":10501,"date":"2018-01-30T00:00:00","date_gmt":"2018-01-29T22:00:00","guid":{"rendered":"https:\/\/www.billin.net\/blog\/derecho-paro-autonomo\/"},"modified":"2025-09-25T21:00:01","modified_gmt":"2025-09-25T19:00:01","slug":"derecho-paro-autonomo","status":"publish","type":"post","link":"https:\/\/www.billin.net\/blog\/derecho-paro-autonomo\/","title":{"rendered":"\u00bfLos aut\u00f3nomos tienen derecho a cobrar el paro?"},"content":{"rendered":"<p>Con la entrada en vigor el <strong>pasado 1 de enero del Real Decreto-Ley 13\/2022<\/strong>, se ampl\u00edan las causas por las que los aut\u00f3nomos tienen derecho al cese de actividad o paro de aut\u00f3nomos.<\/p>\n<p>Por tanto, podemos contestar que S\u00cd a la pregunta de si los aut\u00f3nomos tienen derecho a paro. Ahora bien, esta afirmaci\u00f3n lleva aparejado una serie de requisitos obligatorios para que un aut\u00f3nomo pueda llegar a cobrar el cese de actividad.<\/p>\n<p>Los motivos para beneficiarse de la prestaci\u00f3n se dividen en dos bloques: por motivos econ\u00f3micos y por fuerza mayor.<\/p>\n<p><span style=\"font-weight: 400;\">Tradicionalmente, el derecho al paro se asociaba solo a los trabajadores por cuenta ajena. Sin embargo,<\/span><b> tambi\u00e9n los aut\u00f3nomos tienen derecho a paro<\/b><span style=\"font-weight: 400;\">.<\/span><\/p>\n<p><span style=\"font-weight: 400;\">En efecto, los aut\u00f3nomos pueden acceder a una<\/span><b> prestaci\u00f3n por cese de actividad<\/b><span style=\"font-weight: 400;\">, com\u00fanmente conocida como \u201cparo de los aut\u00f3nomos\u201d. Este derecho permite a los aut\u00f3nomos contar con un respaldo econ\u00f3mico en caso de que su actividad profesional se vea interrumpida por causas justificadas.<\/span><\/p>\n<p><span style=\"font-weight: 400;\">Esta prestaci\u00f3n, aunque se asemeja al paro de los trabajadores por cuenta ajena, tiene sus propias particularidades y requisitos. En este art\u00edculo, vamos a explicar en detalle las condiciones y requisitos que permiten a los aut\u00f3nomos acceder a este derecho y c\u00f3mo pueden beneficiarse de \u00e9l en 2025.<\/span><\/p>\n<p><!--more--><\/p>\n<h2><b>\u00bfEn qu\u00e9 circunstancias puede cobrar paro un aut\u00f3nomo?<\/b><\/h2>\n<p><span style=\"font-weight: 400;\">El derecho a paro para los aut\u00f3nomos se reconoce \u00fanicamente en <\/span><b>situaciones espec\u00edficas que impiden la continuidad de su actividad profesional o econ\u00f3mica<\/b><span style=\"font-weight: 400;\">. A continuaci\u00f3n, enumeramos los principales casos en los que se puede solicitar esta prestaci\u00f3n:<\/span><\/p>\n<h3><b>Motivos econ\u00f3micos, t\u00e9cnicos, productivos u organizativos<\/b><\/h3>\n<p><span style=\"font-weight: 400;\">Un aut\u00f3nomo tiene derecho a paro si demuestra que su negocio es inviable debido a motivos econ\u00f3micos, t\u00e9cnicos, organizativos o de producci\u00f3n (tambi\u00e9n conocidos como ETOP, por sus siglas). <\/span><\/p>\n<p><strong>Estos se consideran justificados si se cumplen algunas de las siguientes condiciones:<\/strong><\/p>\n<ul>\n<li style=\"font-weight: 400;\" aria-level=\"1\"><b>P\u00e9rdidas econ\u00f3micas superiores al 10% de los ingresos<\/b><span style=\"font-weight: 400;\"> obtenidos en un a\u00f1o completo, sin incluir el primer a\u00f1o de actividad.<\/span><\/li>\n<li style=\"font-weight: 400;\" aria-level=\"1\"><b>Ejecuciones judiciales o administrativas<\/b><span style=\"font-weight: 400;\"> que impliquen el cobro de deudas superiores al 30% de los ingresos del ejercicio anterior.<\/span><\/li>\n<li style=\"font-weight: 400;\" aria-level=\"1\"><b>Declaraci\u00f3n judicial de <\/b><a href=\"https:\/\/www.billin.net\/glosario\/definicion-concurso-de-acreedores\/\"><b>concurso<\/b><\/a><span style=\"font-weight: 400;\"> que impida continuar con la actividad.<\/span><\/li>\n<\/ul>\n<h3><b>Cese por fuerza mayor<\/b><\/h3>\n<p><span style=\"font-weight: 400;\">Cuando la actividad del aut\u00f3nomo se ve interrumpida por <\/span><b>un evento imprevisible, extraordinario y fuera de su control<\/b><span style=\"font-weight: 400;\">, como un desastre natural. El ejemplo m\u00e1s claro lo tenemos con los cierres durante la pandemia de COVID.<\/span><\/p>\n<h3><b>P\u00e9rdida de licencia administrativa<\/b><\/h3>\n<p><span style=\"font-weight: 400;\">Si el aut\u00f3nomo pierde una licencia que es <\/span><b>esencial para ejercer su actividad profesional <\/b><span style=\"font-weight: 400;\">por causas no imputables a su persona, como cambios normativos, podr\u00e1 acceder a la prestaci\u00f3n por cese de actividad.<\/span><\/p>\n<p><span style=\"font-weight: 400;\">Si la p\u00e9rdida de la licencia viene motivada por la comisi\u00f3n de una infracci\u00f3n penal, no tendr\u00e1 derecho a cobrar el paro de aut\u00f3nomo.<\/span><\/p>\n<h3><b>Situaciones personales excepcionales<\/b><\/h3>\n<p><strong>Existen dos supuestos clave en este apartado:<\/strong><\/p>\n<ul>\n<li style=\"font-weight: 400;\" aria-level=\"1\"><b>Ser v\u00edctima de violencia de g\u00e9nero:<\/b><span style=\"font-weight: 400;\"> en casos en los que la trabajadora aut\u00f3noma sea v\u00edctima de violencia de g\u00e9nero y esto determine el cese de su actividad, ya sea temporal o definitivo.<\/span><\/li>\n<li style=\"font-weight: 400;\" aria-level=\"1\"><b>Divorcio o separaci\u00f3n:<\/b><span style=\"font-weight: 400;\"> si estando de alta como <\/span><a href=\"https:\/\/www.billin.net\/blog\/autonomo-colaborador\/\"><span style=\"font-weight: 400;\">aut\u00f3nomo colaborador<\/span><\/a><span style=\"font-weight: 400;\"> en el negocio de su c\u00f3nyuge, debe cesar la actividad debido a una separaci\u00f3n matrimonial o divorcio, acreditado mediante resoluci\u00f3n judicial.<\/span><\/li>\n<\/ul>\n<h3><b>Deudas y reducci\u00f3n dr\u00e1stica de ingresos\u00a0<\/b><\/h3>\n<p><span style=\"font-weight: 400;\">La reforma del sistema de cotizaci\u00f3n en 2023, tambi\u00e9n incorpora como causas v\u00e1lidas, dos nuevas situaciones:<\/span><\/p>\n<ul>\n<li style=\"font-weight: 400;\" aria-level=\"1\"><b>Aut\u00f3nomos sin empleados:<\/b><span style=\"font-weight: 400;\"> cuando las <\/span><b>deudas superen el 150% de los ingresos <\/b><span style=\"font-weight: 400;\">obtenidos en los dos \u00faltimos trimestres fiscales.<\/span><\/li>\n<li style=\"font-weight: 400;\" aria-level=\"1\"><b>Aut\u00f3nomos con empleados:<\/b><span style=\"font-weight: 400;\"> podr\u00e1n pedir el paro para aut\u00f3nomos si reducen el 60% de la jornada de toda su plantilla o suspenden el 60% de los contratos mediante un ERTE.<\/span><\/li>\n<\/ul>\n<p><b>En ambos casos, es necesario cumplir con dos requisitos adicionales:<\/b><\/p>\n<ul>\n<li style=\"font-weight: 400;\" aria-level=\"1\"><span style=\"font-weight: 400;\">Una <\/span><b>ca\u00edda de ingresos del 75% en los dos trimestres fiscales previos a la solicitud<\/b><span style=\"font-weight: 400;\">, en comparaci\u00f3n con el mismo periodo del a\u00f1o anterior.<\/span><\/li>\n<li style=\"font-weight: 400;\" aria-level=\"1\"><b>Ingresos netos mensuales por debajo del salario m\u00ednimo interprofesional <\/b><span style=\"font-weight: 400;\">(<\/span><a href=\"https:\/\/www.billin.net\/blog\/salario-minimo-interprofesional-embargo\/\"><span style=\"font-weight: 400;\">SMI<\/span><\/a><span style=\"font-weight: 400;\">). En estos momentos, es de <\/span><b>1.134 \u20ac mensuales.<\/b><\/li>\n<\/ul>\n<p><span style=\"font-weight: 400;\">Adem\u00e1s, tambi\u00e9n en 2023, se ha incluido el <\/span><b>cese de actividad parcial<\/b><span style=\"font-weight: 400;\">, para los casos de cierre por fuerza mayor, que permite que el cierre no sea permanente si se declara una situaci\u00f3n de emergencia. En este caso, deben cumplirse dos requisitos:\u00a0<\/span><\/p>\n<ul>\n<li style=\"font-weight: 400;\" aria-level=\"1\"><span style=\"font-weight: 400;\">Una <\/span><b>reducci\u00f3n de los ingresos en un 75%<\/b><span style=\"font-weight: 400;\"> (en relaci\u00f3n al mismo periodo del a\u00f1o anterior)<\/span><\/li>\n<li style=\"font-weight: 400;\" aria-level=\"1\"><span style=\"font-weight: 400;\">Una <\/span><b>ca\u00edda de los ingresos del aut\u00f3nomo por debajo del SMI <\/b><span style=\"font-weight: 400;\">(o del importe de la base por la que estaba cotizando).<\/span><\/li>\n<\/ul>\n<p><span style=\"font-weight: 400;\">Estas circunstancias buscan proteger a los aut\u00f3nomos ante situaciones de crisis econ\u00f3mica o emergencias inesperadas, garantizando un respaldo econ\u00f3mico temporal.<\/span><\/p>\n<p>&nbsp;<\/p>\n<p><img loading=\"lazy\" decoding=\"async\" class=\"aligncenter wp-image-6342 size-full\" src=\"https:\/\/www.billin.net\/blog\/wp-content\/uploads\/2018\/01\/paro-autonomos-billin-min.jpg\" alt=\"autonomos con derecho a paro\" width=\"1000\" height=\"666\" srcset=\"https:\/\/www.billin.net\/blog\/wp-content\/uploads\/2018\/01\/paro-autonomos-billin-min.jpg 1000w, https:\/\/www.billin.net\/blog\/wp-content\/uploads\/2018\/01\/paro-autonomos-billin-min-300x200.jpg 300w, https:\/\/www.billin.net\/blog\/wp-content\/uploads\/2018\/01\/paro-autonomos-billin-min-768x511.jpg 768w, https:\/\/www.billin.net\/blog\/wp-content\/uploads\/2018\/01\/paro-autonomos-billin-min-600x400.jpg 600w, https:\/\/www.billin.net\/blog\/wp-content\/uploads\/2018\/01\/paro-autonomos-billin-min-200x133.jpg 200w, https:\/\/www.billin.net\/blog\/wp-content\/uploads\/2018\/01\/paro-autonomos-billin-min-810x539.jpg 810w\" sizes=\"(max-width: 1000px) 100vw, 1000px\" \/><\/p>\n<h2><b>Requisitos para cobrar el paro siendo aut\u00f3nomo en 2025<\/b><\/h2>\n<p><b>Los requisitos generales para acceder al paro de aut\u00f3nomos son:<\/b><\/p>\n<ul>\n<li style=\"font-weight: 400;\" aria-level=\"1\"><span style=\"font-weight: 400;\">Estar <\/span><b>afiliado y en <\/b><a href=\"https:\/\/www.billin.net\/blog\/darse-de-alta-como-autonomo\/\"><b>situaci\u00f3n de alta<\/b><\/a> <span style=\"font-weight: 400;\">en el R\u00e9gimen especial de trabajadores por cuenta propia o Aut\u00f3nomos (RETA)<\/span><\/li>\n<li style=\"font-weight: 400;\" aria-level=\"1\"><span style=\"font-weight: 400;\">Contar con un <\/span><b>periodo m\u00ednimo de cotizaci\u00f3n por cese de actividad<\/b><span style=\"font-weight: 400;\"> de 12 meses comprendidos en los 24 meses inmediatamente anteriores a la situaci\u00f3n de cese de actividad.<\/span><\/li>\n<li style=\"font-weight: 400;\" aria-level=\"1\"><span style=\"font-weight: 400;\">Estar en <\/span><b>situaci\u00f3n legal de cese de actividad<\/b><span style=\"font-weight: 400;\"> debidamente justificada.<\/span><\/li>\n<li style=\"font-weight: 400;\" aria-level=\"1\"><span style=\"font-weight: 400;\">Suscribir el <\/span><b>compromiso de actividad<\/b><span style=\"font-weight: 400;\"> y acreditar activa disponibilidad para la reincorporaci\u00f3n al mercado de trabajo.<\/span><\/li>\n<li style=\"font-weight: 400;\" aria-level=\"1\"><span style=\"font-weight: 400;\">En el supuesto de cese definitivo, <\/span><b>no haber alcanzado la edad ordinaria de <\/b><a href=\"https:\/\/www.billin.net\/blog\/cobrara-autonomo-cuando-se-jubile\/\"><b>jubilaci\u00f3n<\/b><\/a><span style=\"font-weight: 400;\">.<\/span><\/li>\n<li style=\"font-weight: 400;\" aria-level=\"1\"><span style=\"font-weight: 400;\">Hallarse<\/span><b> al corriente en el pago de las cuotas<\/b><span style=\"font-weight: 400;\"> de la Seguridad Social.<\/span><\/li>\n<li style=\"font-weight: 400;\" aria-level=\"1\"><span style=\"font-weight: 400;\">No concurrir en ninguna de las incompatibilidades previstas en el texto refundido de la Ley General de la Seguridad Social.<\/span><\/li>\n<\/ul>\n<h2><b>\u00bfCu\u00e1ntos meses le corresponde de paro a un aut\u00f3nomo?<\/b><\/h2>\n<p><span style=\"font-weight: 400;\">El tiempo que un aut\u00f3nomo puede cobrar paro <\/span><b>depende de los meses cotizados previamente por cese de actividad:<\/b><\/p>\n<table>\n<tbody>\n<tr>\n<td><b>Meses cotizados por cese de actividad\u00a0 \u00a0<\/b><\/td>\n<td><b>Meses de paro que corresponden\u00a0 \u00a0<\/b><\/td>\n<\/tr>\n<tr>\n<td><span style=\"font-weight: 400;\">Entre 12 y 17<\/span><\/td>\n<td><span style=\"font-weight: 400;\">4 meses<\/span><\/td>\n<\/tr>\n<tr>\n<td><span style=\"font-weight: 400;\">Entre 18 y 23<\/span><\/td>\n<td><span style=\"font-weight: 400;\">6<\/span><\/td>\n<\/tr>\n<tr>\n<td><span style=\"font-weight: 400;\">Entre 24 y 29<\/span><\/td>\n<td><span style=\"font-weight: 400;\">8\u00a0<\/span><\/td>\n<\/tr>\n<tr>\n<td><span style=\"font-weight: 400;\">Entre 30 y 35\u00a0<\/span><\/td>\n<td><span style=\"font-weight: 400;\">10<\/span><\/td>\n<\/tr>\n<tr>\n<td><span style=\"font-weight: 400;\">Entre 36 y 42<\/span><\/td>\n<td><span style=\"font-weight: 400;\">12<\/span><\/td>\n<\/tr>\n<tr>\n<td><span style=\"font-weight: 400;\">Entre 43 y 47\u00a0<\/span><\/td>\n<td><span style=\"font-weight: 400;\">16<\/span><\/td>\n<\/tr>\n<tr>\n<td><span style=\"font-weight: 400;\">48 o m\u00e1s\u00a0<\/span><\/td>\n<td><span style=\"font-weight: 400;\">24<\/span><\/td>\n<\/tr>\n<\/tbody>\n<\/table>\n<h3><b>En ese caso, \u00bfcu\u00e1nto cobra de paro un aut\u00f3nomo?<\/b><\/h3>\n<p><span style=\"font-weight: 400;\">La cantidad que cobra un aut\u00f3nomo en concepto de paro se calcula en funci\u00f3n de un porcentaje de la base reguladora. Este porcentaje es, generalmente, el <\/span><b>70% del promedio de la base por la que se haya cotizado durante los \u00faltimos 12 meses<\/b><span style=\"font-weight: 400;\">.<\/span><\/p>\n<p><span style=\"font-weight: 400;\">Por ejemplo, si la base reguladora media es de 1.200 \u20ac, la prestaci\u00f3n ser\u00e1 de 840 \u20ac al mes.<\/span><\/p>\n<p><span style=\"font-weight: 400;\">En el caso de un <\/span><b>cese parcial de actividad<\/b><span style=\"font-weight: 400;\">, el porcentaje de la prestaci\u00f3n se reduce al<\/span><b> 50% de la base reguladora<\/b><span style=\"font-weight: 400;\">. Es decir, tomando el ejemplo anterior, el paro ser\u00eda de 600 \u20ac.<\/span><\/p>\n<p><span style=\"font-weight: 400;\">La cuant\u00eda del paro est\u00e1 sujeta a ciertos l\u00edmites, que dependen del indicador p\u00fablico de renta de efectos m\u00faltiples (<\/span><a href=\"https:\/\/www.billin.net\/blog\/iprem\/#:~:text=Seg%C3%BAn%20la%20Ley%20de%20Presupuestos,pagas\"><span style=\"font-weight: 400;\">IPREM<\/span><\/a><span style=\"font-weight: 400;\">):<\/span><\/p>\n<ul>\n<li style=\"font-weight: 400;\" aria-level=\"1\"><b>L\u00edmite m\u00e1ximo:<\/b><span style=\"font-weight: 400;\"> 175% del IPREM. Este puede aumentar al 200% o 225% si el aut\u00f3nomo tiene uno o m\u00e1s hijos a su cargo.<\/span><\/li>\n<li style=\"font-weight: 400;\" aria-level=\"1\"><b>L\u00edmite m\u00ednimo:<\/b><span style=\"font-weight: 400;\"> oscila entre el 107% y el 80% del IPREM, seg\u00fan si el aut\u00f3nomo tiene hijos o no.<\/span><\/li>\n<\/ul>\n<h2><b>\u00bfPuedo dejar de ser aut\u00f3nomo y cobrar el paro?<\/b><\/h2>\n<p><span style=\"font-weight: 400;\">S\u00ed, pero solo si el cese de la actividad cumple con las condiciones ya comentadas. Si un aut\u00f3nomo decide voluntariamente cerrar su negocio sin una justificaci\u00f3n, no podr\u00e1 acceder a esta prestaci\u00f3n.<\/span><\/p>\n<p><span style=\"font-weight: 400;\">Por lo tanto, es crucial disponer de <\/span><b>evidencias claras y documentadas del motivo de cierre, como:<\/b><\/p>\n<ul>\n<li style=\"font-weight: 400;\" aria-level=\"1\"><span style=\"font-weight: 400;\">Declaraciones de p\u00e9rdidas continuadas.<\/span><\/li>\n<li style=\"font-weight: 400;\" aria-level=\"1\"><span style=\"font-weight: 400;\">Resoluciones administrativas o judiciales.<\/span><\/li>\n<\/ul>\n<h2><b>\u00bfC\u00f3mo solicitar el paro de los aut\u00f3nomos?<\/b><\/h2>\n<p><span style=\"font-weight: 400;\">El proceso para solicitar la prestaci\u00f3n por cese de actividad debe iniciarse antes del \u00faltimo d\u00eda del mes siguiente al cese efectivo de la actividad.\u00a0<\/span><\/p>\n<p><span style=\"font-weight: 400;\">Si se presenta dentro de este plazo, el derecho a la prestaci\u00f3n comenzar\u00e1 a contar desde el d\u00eda siguiente al cierre de la actividad.<\/span><\/p>\n<h3><b>Pasos para realizar la solicitud<\/b><\/h3>\n<ul>\n<li style=\"font-weight: 400;\" aria-level=\"1\"><b>Formulario de solicitud:<\/b><span style=\"font-weight: 400;\"> dir\u00edgete a la mutua colaboradora con la Seguridad Social a la que est\u00e9s adherido. <\/span><b>En el formulario debes incluir:<\/b>\n<ul>\n<li style=\"font-weight: 400;\" aria-level=\"2\"><span style=\"font-weight: 400;\">Tipo de prestaci\u00f3n que solicitas.<\/span><\/li>\n<li style=\"font-weight: 400;\" aria-level=\"2\"><span style=\"font-weight: 400;\">Motivo de la solicitud.<\/span><\/li>\n<li style=\"font-weight: 400;\" aria-level=\"2\"><span style=\"font-weight: 400;\">Datos personales como NIF y fecha de baja.<\/span><\/li>\n<\/ul>\n<\/li>\n<li style=\"font-weight: 400;\" aria-level=\"1\"><b>Documentaci\u00f3n adicional:<\/b><span style=\"font-weight: 400;\"> es posible que te soliciten los documentos justificativos seg\u00fan la causa del cese. Por ejemplo, en caso de p\u00e9rdidas econ\u00f3micas, un balance que justifique la ca\u00edda de ingresos.<\/span><\/li>\n<\/ul>\n<h2><b>C\u00f3mo calcular el paro de los aut\u00f3nomos<\/b><\/h2>\n<p><b>Para calcular el paro que corresponde a un aut\u00f3nomo:<\/b><\/p>\n<ul>\n<li style=\"font-weight: 400;\" aria-level=\"1\"><b>Identificar la base reguladora:<\/b><span style=\"font-weight: 400;\"> calculando el promedio de las bases de cotizaci\u00f3n de los \u00faltimos 12 meses.<\/span><\/li>\n<li style=\"font-weight: 400;\" aria-level=\"1\"><b>Aplicar el porcentaje del 70%:<\/b><span style=\"font-weight: 400;\"> este es el porcentaje aplicado para determinar el importe mensual.<\/span><\/li>\n<\/ul>\n<h4><b>Ejemplos:<\/b><\/h4>\n<ul>\n<li style=\"font-weight: 400;\" aria-level=\"1\"><b>Caso de Sara:<\/b><span style=\"font-weight: 400;\"> Sara es propietaria de una peque\u00f1a tienda de ropa y ha cotizado durante los \u00faltimos dos a\u00f1os por la base m\u00ednima de 960,6 euros.\u00a0<\/span><\/li>\n<\/ul>\n<p><span style=\"font-weight: 400;\">Debido a la disminuci\u00f3n dr\u00e1stica en las ventas por la crisis econ\u00f3mica y al acumular deudas que superan el 150% de sus ingresos en los \u00faltimos dos trimestres, decide cerrar.\u00a0<\/span><\/p>\n<ul>\n<li style=\"font-weight: 400;\" aria-level=\"2\"><span style=\"font-weight: 400;\">Sara tiene derecho a 8 meses de prestaci\u00f3n.\u00a0<\/span><\/li>\n<li style=\"font-weight: 400;\" aria-level=\"2\"><span style=\"font-weight: 400;\">Recibir\u00e1 el 70% de su base reguladora, es decir, 672 \u20ac al mes.<\/span><\/li>\n<li style=\"font-weight: 400;\" aria-level=\"2\"><span style=\"font-weight: 400;\">Estar\u00e1 exenta de pagar la cuota de aut\u00f3nomos durante este periodo.<\/span><\/li>\n<\/ul>\n<ul>\n<li style=\"font-weight: 400;\" aria-level=\"1\"><b>Caso de Carlos:<\/b><span style=\"font-weight: 400;\"> Carlos ha sido fot\u00f3grafo freelance durante 15 meses, cotizando por una base reguladora media de 1.100 \u20ac. Debido a una orden judicial que lo obliga a cesar su actividad, solicita la prestaci\u00f3n por cese de actividad.\u00a0<\/span><\/li>\n<\/ul>\n<p><b>Al cumplir con el requisito de cotizaci\u00f3n m\u00ednima:<\/b><\/p>\n<ul>\n<li style=\"font-weight: 400;\" aria-level=\"2\"><span style=\"font-weight: 400;\">Carlos tiene derecho a 6 meses de paro, cobrando 770 \u20ac al mes (70% de su base reguladora).\u00a0<\/span><\/li>\n<li style=\"font-weight: 400;\" aria-level=\"2\"><span style=\"font-weight: 400;\">Tambi\u00e9n estar\u00e1 exonerado de su cotizaci\u00f3n mensual mientras dure la prestaci\u00f3n.<\/span><\/li>\n<\/ul>\n<p><span style=\"font-weight: 400;\">En <\/span><a href=\"https:\/\/www.billin.net\/\"><span style=\"font-weight: 400;\">TeamSystem Facturas Billin<\/span><\/a><span style=\"font-weight: 400;\"> respaldamos todas las iniciativas que busquen mejorar las condiciones de los aut\u00f3nomos, un colectivo que, en muchas ocasiones, se enfrenta a situaciones de vulnerabilidad.<\/span><\/p>\n<p><span style=\"font-weight: 400;\">Estamos comprometidos con ofrecer las herramientas necesarias para apoyar su crecimiento y bienestar profesional.<\/span><\/p>\n<p><span style=\"font-weight: 400;\">Conf\u00eda en <\/span><b>TeamSystem Facturas Billin<\/b><span style=\"font-weight: 400;\"> para gestionar tu facturaci\u00f3n de manera sencilla y eficiente. Juntos, podemos ayudarte a optimizar tu negocio y a enfrentarte con \u00e9xito a los retos del d\u00eda a d\u00eda como aut\u00f3nomo.<\/span><\/p>\n<p><a href=\"https:\/\/www.billin.net\/signup-mkt-app-nueva\/\"><span style=\"font-weight: 400;\">\u00a1Reg\u00edstrate gratis!<\/span><\/a><\/p>\n","protected":false},"excerpt":{"rendered":"<p>Con la entrada en vigor el pasado 1 de enero del Real Decreto-Ley 13\/2022, se ampl\u00edan las causas por las que los aut\u00f3nomos tienen derecho al cese de actividad o paro de aut\u00f3nomos. Por tanto, podemos contestar que S\u00cd a la pregunta de si los aut\u00f3nomos tienen derecho a paro. Ahora bien, esta afirmaci\u00f3n lleva [&hellip;]<\/p>\n","protected":false},"author":20,"featured_media":6339,"comment_status":"open","ping_status":"open","sticky":false,"template":"","format":"standard","meta":{"_acf_changed":false,"_et_pb_use_builder":"","_et_pb_old_content":"","_et_gb_content_width":"","om_disable_all_campaigns":false,"inline_featured_image":false,"footnotes":""},"categories":[1014],"tags":[1380],"class_list":{"0":"post-10501","1":"post","2":"type-post","3":"status-publish","4":"format-standard","5":"has-post-thumbnail","7":"category-fiscalidad","8":"tag-autonomos"},"acf":{"selector_de_usuario":"","fecha_de_revision":"20231024"},"yoast_head":"<!-- This site is optimized with the Yoast SEO plugin v27.1 - https:\/\/yoast.com\/product\/yoast-seo-wordpress\/ -->\n<title>\u25b7 \u00bfLos aut\u00f3nomos tienen derecho a paro?: gu\u00eda completa 2025<\/title>\n<meta name=\"description\" content=\"Descubre si los aut\u00f3nomos tienen derecho a cobrar el paro, los requisitos necesarios y c\u00f3mo calcularlo en 2025 \u2192 Sigue leyendo\" \/>\n<meta name=\"robots\" content=\"index, follow, max-snippet:-1, max-image-preview:large, max-video-preview:-1\" \/>\n<link rel=\"canonical\" href=\"https:\/\/www.billin.net\/blog\/derecho-paro-autonomo\/\" \/>\n<meta property=\"og:locale\" content=\"es_ES\" \/>\n<meta property=\"og:type\" content=\"article\" \/>\n<meta property=\"og:title\" content=\"\u25b7 \u00bfLos aut\u00f3nomos tienen derecho a paro?: gu\u00eda completa 2025\" \/>\n<meta property=\"og:description\" content=\"Descubre si los aut\u00f3nomos tienen derecho a cobrar el paro, los requisitos necesarios y c\u00f3mo calcularlo en 2025 \u2192 Sigue leyendo\" \/>\n<meta property=\"og:url\" content=\"https:\/\/www.billin.net\/blog\/derecho-paro-autonomo\/\" \/>\n<meta property=\"og:site_name\" content=\"Blog de TeamSystem Facturas Billin\" \/>\n<meta property=\"article:publisher\" content=\"https:\/\/www.facebook.com\/EsBillin\" \/>\n<meta property=\"article:published_time\" content=\"2018-01-29T22:00:00+00:00\" \/>\n<meta property=\"article:modified_time\" content=\"2025-09-25T19:00:01+00:00\" \/>\n<meta property=\"og:image\" content=\"https:\/\/www.billin.net\/blog\/wp-content\/uploads\/2018\/01\/opciones-paro-autonomos-min.jpg\" \/>\n\t<meta property=\"og:image:width\" content=\"1000\" \/>\n\t<meta property=\"og:image:height\" content=\"638\" \/>\n\t<meta property=\"og:image:type\" content=\"image\/jpeg\" \/>\n<meta name=\"author\" content=\"Marcos De La Cueva - CEO TeamSystem Facturas Billin\" \/>\n<meta name=\"twitter:card\" content=\"summary_large_image\" \/>\n<meta name=\"twitter:creator\" content=\"@Billin_ES\" \/>\n<meta name=\"twitter:site\" content=\"@Billin_ES\" \/>\n<meta name=\"twitter:label1\" content=\"Escrito por\" \/>\n\t<meta name=\"twitter:data1\" content=\"Marcos De La Cueva - CEO TeamSystem Facturas Billin\" \/>\n\t<meta name=\"twitter:label2\" content=\"Tiempo de lectura\" \/>\n\t<meta name=\"twitter:data2\" content=\"8 minutos\" \/>\n<script type=\"application\/ld+json\" class=\"yoast-schema-graph\">{\"@context\":\"https:\/\/schema.org\",\"@graph\":[{\"@type\":\"Article\",\"@id\":\"https:\/\/www.billin.net\/blog\/derecho-paro-autonomo\/#article\",\"isPartOf\":{\"@id\":\"https:\/\/www.billin.net\/blog\/derecho-paro-autonomo\/\"},\"author\":{\"name\":\"Marcos De La Cueva - CEO TeamSystem Facturas Billin\",\"@id\":\"https:\/\/www.billin.net\/blog\/#\/schema\/person\/d0339ee6e869234614541b1e80a793e7\"},\"headline\":\"\u00bfLos aut\u00f3nomos tienen derecho a cobrar el paro?\",\"datePublished\":\"2018-01-29T22:00:00+00:00\",\"dateModified\":\"2025-09-25T19:00:01+00:00\",\"mainEntityOfPage\":{\"@id\":\"https:\/\/www.billin.net\/blog\/derecho-paro-autonomo\/\"},\"wordCount\":1717,\"commentCount\":217,\"publisher\":{\"@id\":\"https:\/\/www.billin.net\/blog\/#organization\"},\"image\":{\"@id\":\"https:\/\/www.billin.net\/blog\/derecho-paro-autonomo\/#primaryimage\"},\"thumbnailUrl\":\"https:\/\/www.billin.net\/blog\/wp-content\/uploads\/2018\/01\/opciones-paro-autonomos-min.jpg\",\"keywords\":[\"Aut\u00f3nomos\"],\"articleSection\":[\"Fiscalidad\"],\"inLanguage\":\"es\",\"potentialAction\":[{\"@type\":\"CommentAction\",\"name\":\"Comment\",\"target\":[\"https:\/\/www.billin.net\/blog\/derecho-paro-autonomo\/#respond\"]}]},{\"@type\":\"WebPage\",\"@id\":\"https:\/\/www.billin.net\/blog\/derecho-paro-autonomo\/\",\"url\":\"https:\/\/www.billin.net\/blog\/derecho-paro-autonomo\/\",\"name\":\"\u25b7 \u00bfLos aut\u00f3nomos tienen derecho a paro?: gu\u00eda completa 2025\",\"isPartOf\":{\"@id\":\"https:\/\/www.billin.net\/blog\/#website\"},\"primaryImageOfPage\":{\"@id\":\"https:\/\/www.billin.net\/blog\/derecho-paro-autonomo\/#primaryimage\"},\"image\":{\"@id\":\"https:\/\/www.billin.net\/blog\/derecho-paro-autonomo\/#primaryimage\"},\"thumbnailUrl\":\"https:\/\/www.billin.net\/blog\/wp-content\/uploads\/2018\/01\/opciones-paro-autonomos-min.jpg\",\"datePublished\":\"2018-01-29T22:00:00+00:00\",\"dateModified\":\"2025-09-25T19:00:01+00:00\",\"description\":\"Descubre si los aut\u00f3nomos tienen derecho a cobrar el paro, los requisitos necesarios y c\u00f3mo calcularlo en 2025 \u2192 Sigue leyendo\",\"breadcrumb\":{\"@id\":\"https:\/\/www.billin.net\/blog\/derecho-paro-autonomo\/#breadcrumb\"},\"inLanguage\":\"es\",\"potentialAction\":[{\"@type\":\"ReadAction\",\"target\":[\"https:\/\/www.billin.net\/blog\/derecho-paro-autonomo\/\"]}]},{\"@type\":\"ImageObject\",\"inLanguage\":\"es\",\"@id\":\"https:\/\/www.billin.net\/blog\/derecho-paro-autonomo\/#primaryimage\",\"url\":\"https:\/\/www.billin.net\/blog\/wp-content\/uploads\/2018\/01\/opciones-paro-autonomos-min.jpg\",\"contentUrl\":\"https:\/\/www.billin.net\/blog\/wp-content\/uploads\/2018\/01\/opciones-paro-autonomos-min.jpg\",\"width\":1000,\"height\":638,\"caption\":\"los autonomos tienen derecho a paro\"},{\"@type\":\"BreadcrumbList\",\"@id\":\"https:\/\/www.billin.net\/blog\/derecho-paro-autonomo\/#breadcrumb\",\"itemListElement\":[{\"@type\":\"ListItem\",\"position\":1,\"name\":\"Blog\",\"item\":\"https:\/\/www.billin.net\/blog\/\"},{\"@type\":\"ListItem\",\"position\":2,\"name\":\"Fiscalidad\",\"item\":\"https:\/\/www.billin.net\/blog\/fiscalidad\/\"},{\"@type\":\"ListItem\",\"position\":3,\"name\":\"\u00bfLos aut\u00f3nomos tienen derecho a cobrar el paro?\"}]},{\"@type\":\"WebSite\",\"@id\":\"https:\/\/www.billin.net\/blog\/#website\",\"url\":\"https:\/\/www.billin.net\/blog\/\",\"name\":\"Blog de Billin\",\"description\":\"Mantente informado con el blog de TeamSystem Facturas Billin:  facturaci\u00f3n, legislaci\u00f3n, contabilidad, management y toda la informaci\u00f3n \u00fatil para pymes y aut\u00f3nomos.\",\"publisher\":{\"@id\":\"https:\/\/www.billin.net\/blog\/#organization\"},\"potentialAction\":[{\"@type\":\"SearchAction\",\"target\":{\"@type\":\"EntryPoint\",\"urlTemplate\":\"https:\/\/www.billin.net\/blog\/?s={search_term_string}\"},\"query-input\":{\"@type\":\"PropertyValueSpecification\",\"valueRequired\":true,\"valueName\":\"search_term_string\"}}],\"inLanguage\":\"es\"},{\"@type\":\"Organization\",\"@id\":\"https:\/\/www.billin.net\/blog\/#organization\",\"name\":\"Billin\",\"alternateName\":\"Blog de Billin\",\"url\":\"https:\/\/www.billin.net\/blog\/\",\"logo\":{\"@type\":\"ImageObject\",\"inLanguage\":\"es\",\"@id\":\"https:\/\/www.billin.net\/blog\/#\/schema\/logo\/image\/\",\"url\":\"https:\/\/www.billin.net\/blog\/wp-content\/uploads\/2019\/06\/logotipo-billin-blog-1.png\",\"contentUrl\":\"https:\/\/www.billin.net\/blog\/wp-content\/uploads\/2019\/06\/logotipo-billin-blog-1.png\",\"width\":126,\"height\":50,\"caption\":\"Billin\"},\"image\":{\"@id\":\"https:\/\/www.billin.net\/blog\/#\/schema\/logo\/image\/\"},\"sameAs\":[\"https:\/\/www.facebook.com\/EsBillin\",\"https:\/\/x.com\/Billin_ES\",\"https:\/\/www.instagram.com\/billin_es\/\",\"https:\/\/www.linkedin.com\/company\/billin-spain\",\"https:\/\/www.youtube.com\/c\/BillinEsintercambiodefacturas\/\"],\"legalName\":\"MY EXPENSES SL\",\"contactPoint\":{\"@type\":\"ContactPoint\",\"telephone\":\"+34918318883\",\"contactType\":\"customer service\",\"email\":\"info@billin.eu\",\"availableLanguage\":\"es\"},\"foundingDate\":\"2015\",\"numberOfEmployees\":{\"@type\":\"QuantitativeValue\",\"minValue\":10,\"maxValue\":50},\"parentOrganization\":{\"@type\":\"Organization\",\"name\":\"TeamSystem\",\"url\":\"https:\/\/www.teamsystem.com\/\"},\"description\":\"Billin es el programa de facturaci\u00f3n online de TeamSystem para aut\u00f3nomos y pymes en Espa\u00f1a. Permite crear facturas, controlar gastos y cumplir con Verifactu.\",\"address\":{\"@type\":\"PostalAddress\",\"streetAddress\":\"Calle Arturo Soria, 336\",\"addressLocality\":\"Madrid\",\"addressRegion\":\"Madrid\",\"postalCode\":\"28033\",\"addressCountry\":\"ES\"}},{\"@type\":\"Person\",\"@id\":\"https:\/\/www.billin.net\/blog\/#\/schema\/person\/d0339ee6e869234614541b1e80a793e7\",\"name\":\"Marcos De La Cueva - CEO TeamSystem Facturas Billin\",\"image\":{\"@type\":\"ImageObject\",\"inLanguage\":\"es\",\"@id\":\"https:\/\/www.billin.net\/blog\/#\/schema\/person\/image\/\",\"url\":\"https:\/\/www.billin.net\/blog\/wp-content\/uploads\/2023\/10\/marcos-color-150x150.png\",\"contentUrl\":\"https:\/\/www.billin.net\/blog\/wp-content\/uploads\/2023\/10\/marcos-color-150x150.png\",\"caption\":\"Marcos De La Cueva - CEO TeamSystem Facturas Billin\"},\"description\":\"Licenciado en ADE por la Universidad Aut\u00f3noma de Madrid, Marcos De la Cueva es CEO y cofundador de TeamSystem Facturas Billin, un programa online que lleva m\u00e1s de 9 a\u00f1os ayudando a aut\u00f3nomos, peque\u00f1os negocios y gestor\u00edas a digitalizar sus presupuestos, facturas, tickets y gastos. \u00a0 Sobre Marcos De La Cueva \u00a0 Apasionado por el mundo empresarial y la tecnolog\u00eda, curs\u00f3 su M\u00e1ster de Finanzas en la Universidad Pontificia de Comillas y estuvo en el Programa de Cooperaci\u00f3n Educativa de la Universidad Aut\u00f3noma de Madrid. \u00a0 Marcos siempre ha tenido su objetivo claro: ayudar a la creaci\u00f3n de negocios financieramente sostenibles a trav\u00e9s de una herramienta de facturaci\u00f3n que les permita ahorrar tiempo y tener la contabilidad bajo control. \u00a0 Marcos De La Cueva en los medios \u2014 Noticia sobre Kit Digital y Ley Antifraude (VeriFactu) en El Economista. \u2014 Noticia sobre Kit Digital y factura electr\u00f3nica obligatoria en Diario Jur\u00eddico. \u2014 Noticia sobre el a\u00f1o de transici\u00f3n para la factura electr\u00f3nica en Muy Pymes. \u2014 Entrevista sobre factura electr\u00f3nica obligatoria en Canal Sur. \u2014 Noticia sobre el informe factura electr\u00f3nica de TeamSystem en Channel Partner. \u2014 Charla sobre productividad y Ley Crea y Crece en El Economista. \u2014 Charla sobre factura electr\u00f3nica obligatoria en Muy Pymes. \u2014 Charla sobre digitalizaci\u00f3n aut\u00f3nomos y productividad en esdiario. \u2014 Charla sobre productividad y factura electr\u00f3nica en La Raz\u00f3n. \u2014 Charla sobre factura electr\u00f3nica obligatoria en Aut\u00f3nomos y Emprendedores. \u2014 Entrevista sobre Ley Antifraude y Ley Crea y Crece en Expansi\u00f3n. \u2014 Entrevista sobre Ley Antifraude y Ley Crea y Crece en La Raz\u00f3n. \u2014 Entrevista sobre factura electr\u00f3nica obligatoria en El Economista. \u2014 Comunicado Billin y TeamSystem en Business Insider. \u2014 Entrevista en Econom\u00eda Digital. \u2014 Entrevista en Ideas para tu empresa de Vodafone. \u2014 Entrevista en M\u00e1sQradio. \u2014 Entrevista en Armas para emprender de El M\u00e9todo Gallardo. \u2014 Entrevista en KFund. \u2014 Entrevista en AXA Seguros Espa\u00f1a. \u2014 Entrevista en GestionaRadio. \u00a0 Marcos De La Cueva en eventos \u00a0 \u2014 Participaci\u00f3n como ponente en Accountex Espa\u00f1a 2023. \u00a0 Tem\u00e1ticas de especializaci\u00f3n \u00a0 negocios | startups | contabilidad| fiscalidad | empresas| asesor\u00edas| autonomos | emprendedores | peque\u00f1os negocios | econom\u00eda | ADE | pymes | desarrollo de negocio\u00a0\",\"sameAs\":[\"https:\/\/www.billin.net\/\",\"https:\/\/www.linkedin.com\/in\/marcos-de-la-cueva-19750ba3\/\"],\"url\":\"https:\/\/www.billin.net\/blog\/author\/marcosdelacueva\/\",\"jobTitle\":\"CEO y cofundador de TS Facturas Billin\"}]}<\/script>\n<!-- \/ Yoast SEO plugin. -->","yoast_head_json":{"title":"\u25b7 \u00bfLos aut\u00f3nomos tienen derecho a paro?: gu\u00eda completa 2025","description":"Descubre si los aut\u00f3nomos tienen derecho a cobrar el paro, los requisitos necesarios y c\u00f3mo calcularlo en 2025 \u2192 Sigue leyendo","robots":{"index":"index","follow":"follow","max-snippet":"max-snippet:-1","max-image-preview":"max-image-preview:large","max-video-preview":"max-video-preview:-1"},"canonical":"https:\/\/www.billin.net\/blog\/derecho-paro-autonomo\/","og_locale":"es_ES","og_type":"article","og_title":"\u25b7 \u00bfLos aut\u00f3nomos tienen derecho a paro?: gu\u00eda completa 2025","og_description":"Descubre si los aut\u00f3nomos tienen derecho a cobrar el paro, los requisitos necesarios y c\u00f3mo calcularlo en 2025 \u2192 Sigue leyendo","og_url":"https:\/\/www.billin.net\/blog\/derecho-paro-autonomo\/","og_site_name":"Blog de TeamSystem Facturas Billin","article_publisher":"https:\/\/www.facebook.com\/EsBillin","article_published_time":"2018-01-29T22:00:00+00:00","article_modified_time":"2025-09-25T19:00:01+00:00","og_image":[{"width":1000,"height":638,"url":"https:\/\/www.billin.net\/blog\/wp-content\/uploads\/2018\/01\/opciones-paro-autonomos-min.jpg","type":"image\/jpeg"}],"author":"Marcos De La Cueva - CEO TeamSystem Facturas Billin","twitter_card":"summary_large_image","twitter_creator":"@Billin_ES","twitter_site":"@Billin_ES","twitter_misc":{"Escrito por":"Marcos De La Cueva - CEO TeamSystem Facturas Billin","Tiempo de lectura":"8 minutos"},"schema":{"@context":"https:\/\/schema.org","@graph":[{"@type":"Article","@id":"https:\/\/www.billin.net\/blog\/derecho-paro-autonomo\/#article","isPartOf":{"@id":"https:\/\/www.billin.net\/blog\/derecho-paro-autonomo\/"},"author":{"name":"Marcos De La Cueva - CEO TeamSystem Facturas Billin","@id":"https:\/\/www.billin.net\/blog\/#\/schema\/person\/d0339ee6e869234614541b1e80a793e7"},"headline":"\u00bfLos aut\u00f3nomos tienen derecho a cobrar el paro?","datePublished":"2018-01-29T22:00:00+00:00","dateModified":"2025-09-25T19:00:01+00:00","mainEntityOfPage":{"@id":"https:\/\/www.billin.net\/blog\/derecho-paro-autonomo\/"},"wordCount":1717,"commentCount":217,"publisher":{"@id":"https:\/\/www.billin.net\/blog\/#organization"},"image":{"@id":"https:\/\/www.billin.net\/blog\/derecho-paro-autonomo\/#primaryimage"},"thumbnailUrl":"https:\/\/www.billin.net\/blog\/wp-content\/uploads\/2018\/01\/opciones-paro-autonomos-min.jpg","keywords":["Aut\u00f3nomos"],"articleSection":["Fiscalidad"],"inLanguage":"es","potentialAction":[{"@type":"CommentAction","name":"Comment","target":["https:\/\/www.billin.net\/blog\/derecho-paro-autonomo\/#respond"]}]},{"@type":"WebPage","@id":"https:\/\/www.billin.net\/blog\/derecho-paro-autonomo\/","url":"https:\/\/www.billin.net\/blog\/derecho-paro-autonomo\/","name":"\u25b7 \u00bfLos aut\u00f3nomos tienen derecho a paro?: gu\u00eda completa 2025","isPartOf":{"@id":"https:\/\/www.billin.net\/blog\/#website"},"primaryImageOfPage":{"@id":"https:\/\/www.billin.net\/blog\/derecho-paro-autonomo\/#primaryimage"},"image":{"@id":"https:\/\/www.billin.net\/blog\/derecho-paro-autonomo\/#primaryimage"},"thumbnailUrl":"https:\/\/www.billin.net\/blog\/wp-content\/uploads\/2018\/01\/opciones-paro-autonomos-min.jpg","datePublished":"2018-01-29T22:00:00+00:00","dateModified":"2025-09-25T19:00:01+00:00","description":"Descubre si los aut\u00f3nomos tienen derecho a cobrar el paro, los requisitos necesarios y c\u00f3mo calcularlo en 2025 \u2192 Sigue leyendo","breadcrumb":{"@id":"https:\/\/www.billin.net\/blog\/derecho-paro-autonomo\/#breadcrumb"},"inLanguage":"es","potentialAction":[{"@type":"ReadAction","target":["https:\/\/www.billin.net\/blog\/derecho-paro-autonomo\/"]}]},{"@type":"ImageObject","inLanguage":"es","@id":"https:\/\/www.billin.net\/blog\/derecho-paro-autonomo\/#primaryimage","url":"https:\/\/www.billin.net\/blog\/wp-content\/uploads\/2018\/01\/opciones-paro-autonomos-min.jpg","contentUrl":"https:\/\/www.billin.net\/blog\/wp-content\/uploads\/2018\/01\/opciones-paro-autonomos-min.jpg","width":1000,"height":638,"caption":"los autonomos tienen derecho a paro"},{"@type":"BreadcrumbList","@id":"https:\/\/www.billin.net\/blog\/derecho-paro-autonomo\/#breadcrumb","itemListElement":[{"@type":"ListItem","position":1,"name":"Blog","item":"https:\/\/www.billin.net\/blog\/"},{"@type":"ListItem","position":2,"name":"Fiscalidad","item":"https:\/\/www.billin.net\/blog\/fiscalidad\/"},{"@type":"ListItem","position":3,"name":"\u00bfLos aut\u00f3nomos tienen derecho a cobrar el paro?"}]},{"@type":"WebSite","@id":"https:\/\/www.billin.net\/blog\/#website","url":"https:\/\/www.billin.net\/blog\/","name":"Blog de Billin","description":"Mantente informado con el blog de TeamSystem Facturas Billin:  facturaci\u00f3n, legislaci\u00f3n, contabilidad, management y toda la informaci\u00f3n \u00fatil para pymes y aut\u00f3nomos.","publisher":{"@id":"https:\/\/www.billin.net\/blog\/#organization"},"potentialAction":[{"@type":"SearchAction","target":{"@type":"EntryPoint","urlTemplate":"https:\/\/www.billin.net\/blog\/?s={search_term_string}"},"query-input":{"@type":"PropertyValueSpecification","valueRequired":true,"valueName":"search_term_string"}}],"inLanguage":"es"},{"@type":"Organization","@id":"https:\/\/www.billin.net\/blog\/#organization","name":"Billin","alternateName":"Blog de Billin","url":"https:\/\/www.billin.net\/blog\/","logo":{"@type":"ImageObject","inLanguage":"es","@id":"https:\/\/www.billin.net\/blog\/#\/schema\/logo\/image\/","url":"https:\/\/www.billin.net\/blog\/wp-content\/uploads\/2019\/06\/logotipo-billin-blog-1.png","contentUrl":"https:\/\/www.billin.net\/blog\/wp-content\/uploads\/2019\/06\/logotipo-billin-blog-1.png","width":126,"height":50,"caption":"Billin"},"image":{"@id":"https:\/\/www.billin.net\/blog\/#\/schema\/logo\/image\/"},"sameAs":["https:\/\/www.facebook.com\/EsBillin","https:\/\/x.com\/Billin_ES","https:\/\/www.instagram.com\/billin_es\/","https:\/\/www.linkedin.com\/company\/billin-spain","https:\/\/www.youtube.com\/c\/BillinEsintercambiodefacturas\/"],"legalName":"MY EXPENSES SL","contactPoint":{"@type":"ContactPoint","telephone":"+34918318883","contactType":"customer service","email":"info@billin.eu","availableLanguage":"es"},"foundingDate":"2015","numberOfEmployees":{"@type":"QuantitativeValue","minValue":10,"maxValue":50},"parentOrganization":{"@type":"Organization","name":"TeamSystem","url":"https:\/\/www.teamsystem.com\/"},"description":"Billin es el programa de facturaci\u00f3n online de TeamSystem para aut\u00f3nomos y pymes en Espa\u00f1a. Permite crear facturas, controlar gastos y cumplir con Verifactu.","address":{"@type":"PostalAddress","streetAddress":"Calle Arturo Soria, 336","addressLocality":"Madrid","addressRegion":"Madrid","postalCode":"28033","addressCountry":"ES"}},{"@type":"Person","@id":"https:\/\/www.billin.net\/blog\/#\/schema\/person\/d0339ee6e869234614541b1e80a793e7","name":"Marcos De La Cueva - CEO TeamSystem Facturas Billin","image":{"@type":"ImageObject","inLanguage":"es","@id":"https:\/\/www.billin.net\/blog\/#\/schema\/person\/image\/","url":"https:\/\/www.billin.net\/blog\/wp-content\/uploads\/2023\/10\/marcos-color-150x150.png","contentUrl":"https:\/\/www.billin.net\/blog\/wp-content\/uploads\/2023\/10\/marcos-color-150x150.png","caption":"Marcos De La Cueva - CEO TeamSystem Facturas Billin"},"description":"Licenciado en ADE por la Universidad Aut\u00f3noma de Madrid, Marcos De la Cueva es CEO y cofundador de TeamSystem Facturas Billin, un programa online que lleva m\u00e1s de 9 a\u00f1os ayudando a aut\u00f3nomos, peque\u00f1os negocios y gestor\u00edas a digitalizar sus presupuestos, facturas, tickets y gastos. \u00a0 Sobre Marcos De La Cueva \u00a0 Apasionado por el mundo empresarial y la tecnolog\u00eda, curs\u00f3 su M\u00e1ster de Finanzas en la Universidad Pontificia de Comillas y estuvo en el Programa de Cooperaci\u00f3n Educativa de la Universidad Aut\u00f3noma de Madrid. \u00a0 Marcos siempre ha tenido su objetivo claro: ayudar a la creaci\u00f3n de negocios financieramente sostenibles a trav\u00e9s de una herramienta de facturaci\u00f3n que les permita ahorrar tiempo y tener la contabilidad bajo control. \u00a0 Marcos De La Cueva en los medios \u2014 Noticia sobre Kit Digital y Ley Antifraude (VeriFactu) en El Economista. \u2014 Noticia sobre Kit Digital y factura electr\u00f3nica obligatoria en Diario Jur\u00eddico. \u2014 Noticia sobre el a\u00f1o de transici\u00f3n para la factura electr\u00f3nica en Muy Pymes. \u2014 Entrevista sobre factura electr\u00f3nica obligatoria en Canal Sur. \u2014 Noticia sobre el informe factura electr\u00f3nica de TeamSystem en Channel Partner. \u2014 Charla sobre productividad y Ley Crea y Crece en El Economista. \u2014 Charla sobre factura electr\u00f3nica obligatoria en Muy Pymes. \u2014 Charla sobre digitalizaci\u00f3n aut\u00f3nomos y productividad en esdiario. \u2014 Charla sobre productividad y factura electr\u00f3nica en La Raz\u00f3n. \u2014 Charla sobre factura electr\u00f3nica obligatoria en Aut\u00f3nomos y Emprendedores. \u2014 Entrevista sobre Ley Antifraude y Ley Crea y Crece en Expansi\u00f3n. \u2014 Entrevista sobre Ley Antifraude y Ley Crea y Crece en La Raz\u00f3n. \u2014 Entrevista sobre factura electr\u00f3nica obligatoria en El Economista. \u2014 Comunicado Billin y TeamSystem en Business Insider. \u2014 Entrevista en Econom\u00eda Digital. \u2014 Entrevista en Ideas para tu empresa de Vodafone. \u2014 Entrevista en M\u00e1sQradio. \u2014 Entrevista en Armas para emprender de El M\u00e9todo Gallardo. \u2014 Entrevista en KFund. \u2014 Entrevista en AXA Seguros Espa\u00f1a. \u2014 Entrevista en GestionaRadio. \u00a0 Marcos De La Cueva en eventos \u00a0 \u2014 Participaci\u00f3n como ponente en Accountex Espa\u00f1a 2023. \u00a0 Tem\u00e1ticas de especializaci\u00f3n \u00a0 negocios | startups | contabilidad| fiscalidad | empresas| asesor\u00edas| autonomos | emprendedores | peque\u00f1os negocios | econom\u00eda | ADE | pymes | desarrollo de negocio\u00a0","sameAs":["https:\/\/www.billin.net\/","https:\/\/www.linkedin.com\/in\/marcos-de-la-cueva-19750ba3\/"],"url":"https:\/\/www.billin.net\/blog\/author\/marcosdelacueva\/","jobTitle":"CEO y cofundador de TS Facturas Billin"}]}},"_links":{"self":[{"href":"https:\/\/www.billin.net\/blog\/wp-json\/wp\/v2\/posts\/10501","targetHints":{"allow":["GET"]}}],"collection":[{"href":"https:\/\/www.billin.net\/blog\/wp-json\/wp\/v2\/posts"}],"about":[{"href":"https:\/\/www.billin.net\/blog\/wp-json\/wp\/v2\/types\/post"}],"author":[{"embeddable":true,"href":"https:\/\/www.billin.net\/blog\/wp-json\/wp\/v2\/users\/20"}],"replies":[{"embeddable":true,"href":"https:\/\/www.billin.net\/blog\/wp-json\/wp\/v2\/comments?post=10501"}],"version-history":[{"count":27,"href":"https:\/\/www.billin.net\/blog\/wp-json\/wp\/v2\/posts\/10501\/revisions"}],"predecessor-version":[{"id":27866,"href":"https:\/\/www.billin.net\/blog\/wp-json\/wp\/v2\/posts\/10501\/revisions\/27866"}],"wp:featuredmedia":[{"embeddable":true,"href":"https:\/\/www.billin.net\/blog\/wp-json\/wp\/v2\/media\/6339"}],"wp:attachment":[{"href":"https:\/\/www.billin.net\/blog\/wp-json\/wp\/v2\/media?parent=10501"}],"wp:term":[{"taxonomy":"category","embeddable":true,"href":"https:\/\/www.billin.net\/blog\/wp-json\/wp\/v2\/categories?post=10501"},{"taxonomy":"post_tag","embeddable":true,"href":"https:\/\/www.billin.net\/blog\/wp-json\/wp\/v2\/tags?post=10501"}],"curies":[{"name":"wp","href":"https:\/\/api.w.org\/{rel}","templated":true}]}}