{"id":10482,"date":"2017-11-21T00:00:00","date_gmt":"2017-11-20T22:00:00","guid":{"rendered":"https:\/\/www.billin.net\/blog\/la-responsabilidad-penal-empresa\/"},"modified":"2025-09-25T21:00:42","modified_gmt":"2025-09-25T19:00:42","slug":"la-responsabilidad-penal-empresa","status":"publish","type":"post","link":"https:\/\/www.billin.net\/blog\/la-responsabilidad-penal-empresa\/","title":{"rendered":"La responsabilidad penal de una empresa"},"content":{"rendered":"<p>Muchas personas todav\u00eda creen que solo las personas f\u00edsicas pueden ser condenadas penalmente. Sin embargo, desde la reforma de 2010 del C\u00f3digo Penal tambi\u00e9n tienen <strong>responsabilidad penal<\/strong> las personas jur\u00eddicas, como las empresas privadas, partidos pol\u00edticos, asociaciones o sindicatos.<!--more--> Espa\u00f1a rompi\u00f3 as\u00ed con el principio jur\u00eddico de que <em>\u201csocietas delinquere non potest<\/em>\u201d (las sociedades no pueden delinquir), siguiendo la tendencia normativa de los principales pa\u00edses europeos.<\/p>\n<h2><strong>\u00bfQu\u00e9 delitos pueden cometer las empresas?<\/strong><\/h2>\n<p>La responsabilidad penal de la persona jur\u00eddica no se aplica a todos los delitos, sino solo a aquellos tipos en los expresamente se especifica. As\u00ed, <strong>el C\u00f3digo Penal intenta recoger<\/strong> aquellos casos donde la empresa se hubiera beneficiado directa o indirectamente, aunque materialmente lo hayan realizado personas f\u00edsicas. Encontramos, entre otros:<\/p>\n<ul>\n<li>Delitos contra el medioambiente.<\/li>\n<li>Delitos contra la salud p\u00fablica, de contrabando o de financiaci\u00f3n del terrorismo.<\/li>\n<li>Delitos de defraudaci\u00f3n (estafa, apropiaci\u00f3n indebida, administraci\u00f3n desleal).<\/li>\n<li>Da\u00f1os inform\u00e1ticos.<\/li>\n<li>Delitos contra la propiedad intelectual e industrial, el mercado y los consumidores.<\/li>\n<li>Delitos de corrupci\u00f3n privada y p\u00fablica.<\/li>\n<li>Blanqueo de capitales y receptaci\u00f3n.<\/li>\n<li>Delitos contra los derechos de los ciudadanos extranjeros y de los trabajadores.<\/li>\n<\/ul>\n<p>Otro principio importante es que se mantiene la <strong>autonom\u00eda de la responsabilidad penal respecto de la de las personas f\u00edsicas<\/strong>, incluso aunque no se haya podido inculpar a \u00e9sta (pensemos que el delito ha podido prescribir, o el encausado fallecer o sustraerse de la Justicia). Eso s\u00ed, en caso de multas, deben realizarse con proporcionalidad.<\/p>\n<p><img loading=\"lazy\" decoding=\"async\" class=\"aligncenter size-full wp-image-5989\" src=\"https:\/\/www.billin.net\/blog\/wp-content\/uploads\/2017\/11\/responsabilidad-penal-empresas.jpg\" alt=\"imagen de una oficina\" width=\"1000\" height=\"667\" srcset=\"https:\/\/www.billin.net\/blog\/wp-content\/uploads\/2017\/11\/responsabilidad-penal-empresas.jpg 1000w, https:\/\/www.billin.net\/blog\/wp-content\/uploads\/2017\/11\/responsabilidad-penal-empresas-300x200.jpg 300w, https:\/\/www.billin.net\/blog\/wp-content\/uploads\/2017\/11\/responsabilidad-penal-empresas-768x512.jpg 768w, https:\/\/www.billin.net\/blog\/wp-content\/uploads\/2017\/11\/responsabilidad-penal-empresas-810x540.jpg 810w\" sizes=\"(max-width: 1000px) 100vw, 1000px\" \/><\/p>\n<h2><strong>\u00bfEn qu\u00e9 penas puede incurrir la empresa?<\/strong><strong>&nbsp;<\/strong><\/h2>\n<p>Es evidente que no se les puede aplicar a <strong>las personas jur\u00eddicas<\/strong> las penas que ven\u00edan siendo cl\u00e1sicas para las f\u00edsicas (prisi\u00f3n, trabajos en beneficio de la comunidad\u2026). En cambio, el C\u00f3digo Penal innov\u00f3 una serie de penas que s\u00ed ten\u00edan cabida:<\/p>\n<ul>\n<li>Multa por cuotas o proporcional.<\/li>\n<li>Disoluci\u00f3n, suspensi\u00f3n de las actividades o prohibici\u00f3n de realizarlas en el futuro.<\/li>\n<li>Clausura de locales y establecimientos.<\/li>\n<li>Inhabilitaci\u00f3n para obtener subvenciones, ayudas p\u00fablicas e incentivos.<\/li>\n<li>Intervenci\u00f3n judicial, para salvaguardar los derechos de los trabajadores o de los acreedores.<\/li>\n<\/ul>\n<h2><strong>\u00bfEn qu\u00e9 casos cabe su responsabilidad?<\/strong><\/h2>\n<p>En primer lugar, por los delitos cometidos en nombre o por cuenta de la empresa, y en su beneficio directo o indirecto, por sus <strong>representantes legales<\/strong> o integrantes de un \u00f3rgano de la persona jur\u00eddica que est\u00e1n autorizados para tomar decisiones en su nombre, u ostenten facultades de organizaci\u00f3n y control.<\/p>\n<p>En segundo lugar, si el delito es cometido por los <strong>subordinados <\/strong>de \u00e9stos, si act\u00faan en el ejercicio de su trabajo y en beneficio de la empresa, y como consecuencia de la insuficiencia grave de supervisi\u00f3n, vigilancia y control.<\/p>\n<h2><strong>\u00bfC\u00f3mo pueden las empresas evitar la responsabilidad penal?<\/strong><\/h2>\n<p>A pesar de lo hasta ahora dicho, se prev\u00e9 un <strong>supuesto de exenci\u00f3n,<\/strong> que supone la inversi\u00f3n de la carga de la prueba en favor de la persona jur\u00eddica, cuando:<\/p>\n<ul>\n<li>El \u00f3rgano de administraci\u00f3n ha <em>adoptado<\/em> y <em>ejecutado<\/em> con eficacia, antes de la comisi\u00f3n del delito, un <strong>MODELO DE PREVENCI\u00d3N DE DELITOS <\/strong>o, como se viene conociendo en el plano internacional, un \u201c<strong>criminal compliance<\/strong>\u201d.<\/li>\n<li>La supervisi\u00f3n de su funcionamiento ha sido confiada a un \u00f3rgano de la persona jur\u00eddica con poderes aut\u00f3nomos de iniciativa y de control o que tenga encomendada legalmente la funci\u00f3n de supervisar la eficacia de los controles internos. Para las empresas de peque\u00f1as dimensiones, las funciones de supervisi\u00f3n pueden ser asumidas directamente por el \u00f3rgano de administraci\u00f3n.<\/li>\n<li>Los autores individuales han cometido el delito eludiendo fraudulentamente las indicaciones del modelo.<\/li>\n<li>No se ha producido una omisi\u00f3n o un ejercicio insuficiente de sus funciones de supervisi\u00f3n, vigilancia y control por parte del \u00f3rgano al que se refiere la condici\u00f3n.<\/li>\n<\/ul>\n<p>Deben cumplirse los anteriores cuatro requisitos, pero si solamente puedan ser objeto de acreditaci\u00f3n parcial, esta circunstancia ser\u00e1 valorada a los efectos de atenuaci\u00f3n de la pena.<\/p>\n<p><img loading=\"lazy\" decoding=\"async\" class=\"aligncenter size-full wp-image-5990\" src=\"https:\/\/www.billin.net\/blog\/wp-content\/uploads\/2017\/11\/responsabilidad-penal-empresarial.jpg\" alt=\"imagen trabajadores en la oficina\" width=\"1000\" height=\"667\" srcset=\"https:\/\/www.billin.net\/blog\/wp-content\/uploads\/2017\/11\/responsabilidad-penal-empresarial.jpg 1000w, https:\/\/www.billin.net\/blog\/wp-content\/uploads\/2017\/11\/responsabilidad-penal-empresarial-300x200.jpg 300w, https:\/\/www.billin.net\/blog\/wp-content\/uploads\/2017\/11\/responsabilidad-penal-empresarial-768x512.jpg 768w, https:\/\/www.billin.net\/blog\/wp-content\/uploads\/2017\/11\/responsabilidad-penal-empresarial-810x540.jpg 810w\" sizes=\"(max-width: 1000px) 100vw, 1000px\" \/><\/p>\n<h2><strong>Requisitos con los que debe contar el Plan de Prevenci\u00f3n de Delitos<\/strong><strong>&nbsp;<\/strong><\/h2>\n<p>Todo modelo que tenga por objeto evitar la responsabilidad penal debe cumplir estrictamente los siguientes requisitos:<\/p>\n<ul>\n<li><strong>Identificar las actividades<\/strong> en cuyo \u00e1mbito puedan ser cometidos los delitos que deben ser prevenidos.<\/li>\n<li>Establecen los <strong>protocolos<\/strong> o procedimientos que concreten el proceso de formaci\u00f3n de la voluntad de la persona jur\u00eddica, de adopci\u00f3n de decisiones y de ejecuci\u00f3n de las mismas con relaci\u00f3n a aqu\u00e9llos.<\/li>\n<li>Disponer de <strong>modelos de<\/strong> <strong>gesti\u00f3n de los recursos<\/strong> <strong>financieros<\/strong> adecuados para impedir la comisi\u00f3n de los delitos que deben ser prevenidos.<\/li>\n<li>Imponer la <strong>obligaci\u00f3n de informar<\/strong> de posibles riesgos e incumplimientos.<\/li>\n<li>Establecer un <strong>sistema disciplinario<\/strong> que sancione adecuadamente el incumplimiento de las medidas.<\/li>\n<li>Realizar\u00e1n una <strong>verificaci\u00f3n<\/strong> <strong>peri\u00f3dica<\/strong> del modelo y de su eventual modificaci\u00f3n cuando se pongan de manifiesto infracciones relevantes de sus disposiciones, o cuando se produzcan cambios en la organizaci\u00f3n.<\/li>\n<\/ul>\n<h2><strong>\u00bfY si el delito ya se ha cometido sin PPD?<\/strong><strong>&nbsp;<\/strong><\/h2>\n<p>El PPD es pues la \u00fanica v\u00eda para eximir la responsabilidad penal, pero el C\u00f3digo Penal tambi\u00e9n prev\u00e9 supuestos de <strong>circunstancias atenuantes<\/strong> por hechos posteriores, tal y como hace con las personas f\u00edsicas:<\/p>\n<ul>\n<li>Confesar la infracci\u00f3n a las autoridades antes de conocer que el procedimiento judicial.<\/li>\n<li>Colaborar en la investigaci\u00f3n del hecho aportando pruebas.<\/li>\n<li>Reparar o disminuir el da\u00f1o causado por el delito.<\/li>\n<li>Establecer medidas eficaces para prevenir y descubrir los delitos que en el futuro establecido antes del comienzo del juicio oral.<\/li>\n<\/ul>\n","protected":false},"excerpt":{"rendered":"<p>Muchas personas todav\u00eda creen que solo las personas f\u00edsicas pueden ser condenadas penalmente. Sin embargo, desde la reforma de 2010 del C\u00f3digo Penal tambi\u00e9n tienen responsabilidad penal las personas jur\u00eddicas, como las empresas privadas, partidos pol\u00edticos, asociaciones o sindicatos.<\/p>\n","protected":false},"author":20,"featured_media":5988,"comment_status":"open","ping_status":"open","sticky":false,"template":"","format":"standard","meta":{"_acf_changed":false,"_et_pb_use_builder":"","_et_pb_old_content":"","_et_gb_content_width":"","om_disable_all_campaigns":false,"inline_featured_image":false,"footnotes":""},"categories":[1014],"tags":[1381],"class_list":{"0":"post-10482","1":"post","2":"type-post","3":"status-publish","4":"format-standard","5":"has-post-thumbnail","7":"category-fiscalidad","8":"tag-pymes"},"acf":{"selector_de_usuario":null,"fecha_de_revision":"20191120"},"yoast_head":"<!-- This site is optimized with the Yoast SEO plugin v27.1 - https:\/\/yoast.com\/product\/yoast-seo-wordpress\/ -->\n<title>La responsabilidad penal de una empresa - Blog de TeamSystem Facturas Billin<\/title>\n<meta name=\"description\" content=\"Las empresas pueden ser condenadas de forma penal. En este art\u00edculo te contamos lo que es la responsabilidad penal de una empresa y c\u00f3mo evitarla.\" \/>\n<meta name=\"robots\" content=\"index, follow, max-snippet:-1, max-image-preview:large, max-video-preview:-1\" \/>\n<link rel=\"canonical\" href=\"https:\/\/www.billin.net\/blog\/la-responsabilidad-penal-empresa\/\" \/>\n<meta property=\"og:locale\" content=\"es_ES\" \/>\n<meta property=\"og:type\" content=\"article\" \/>\n<meta property=\"og:title\" content=\"La responsabilidad penal de una empresa - Blog de TeamSystem Facturas Billin\" \/>\n<meta property=\"og:description\" content=\"Las empresas pueden ser condenadas de forma penal. En este art\u00edculo te contamos lo que es la responsabilidad penal de una empresa y c\u00f3mo evitarla.\" \/>\n<meta property=\"og:url\" content=\"https:\/\/www.billin.net\/blog\/la-responsabilidad-penal-empresa\/\" \/>\n<meta property=\"og:site_name\" content=\"Blog de TeamSystem Facturas Billin\" \/>\n<meta property=\"article:publisher\" content=\"https:\/\/www.facebook.com\/EsBillin\" \/>\n<meta property=\"article:published_time\" content=\"2017-11-20T22:00:00+00:00\" \/>\n<meta property=\"article:modified_time\" content=\"2025-09-25T19:00:42+00:00\" \/>\n<meta property=\"og:image\" content=\"https:\/\/www.billin.net\/blog\/wp-content\/uploads\/2017\/11\/Responsabilidad-penal-empresa.jpg\" \/>\n\t<meta property=\"og:image:width\" content=\"1000\" \/>\n\t<meta property=\"og:image:height\" content=\"667\" \/>\n\t<meta property=\"og:image:type\" content=\"image\/jpeg\" \/>\n<meta name=\"author\" content=\"Marcos De La Cueva - CEO TeamSystem Facturas Billin\" \/>\n<meta name=\"twitter:card\" content=\"summary_large_image\" \/>\n<meta name=\"twitter:creator\" content=\"@Billin_ES\" \/>\n<meta name=\"twitter:site\" content=\"@Billin_ES\" \/>\n<meta name=\"twitter:label1\" content=\"Escrito por\" \/>\n\t<meta name=\"twitter:data1\" content=\"Marcos De La Cueva - CEO TeamSystem Facturas Billin\" \/>\n\t<meta name=\"twitter:label2\" content=\"Tiempo de lectura\" \/>\n\t<meta name=\"twitter:data2\" content=\"5 minutos\" \/>\n<script type=\"application\/ld+json\" class=\"yoast-schema-graph\">{\"@context\":\"https:\/\/schema.org\",\"@graph\":[{\"@type\":\"Article\",\"@id\":\"https:\/\/www.billin.net\/blog\/la-responsabilidad-penal-empresa\/#article\",\"isPartOf\":{\"@id\":\"https:\/\/www.billin.net\/blog\/la-responsabilidad-penal-empresa\/\"},\"author\":{\"name\":\"Marcos De La Cueva - CEO TeamSystem Facturas Billin\",\"@id\":\"https:\/\/www.billin.net\/blog\/#\/schema\/person\/d0339ee6e869234614541b1e80a793e7\"},\"headline\":\"La responsabilidad penal de una empresa\",\"datePublished\":\"2017-11-20T22:00:00+00:00\",\"dateModified\":\"2025-09-25T19:00:42+00:00\",\"mainEntityOfPage\":{\"@id\":\"https:\/\/www.billin.net\/blog\/la-responsabilidad-penal-empresa\/\"},\"wordCount\":955,\"commentCount\":0,\"publisher\":{\"@id\":\"https:\/\/www.billin.net\/blog\/#organization\"},\"image\":{\"@id\":\"https:\/\/www.billin.net\/blog\/la-responsabilidad-penal-empresa\/#primaryimage\"},\"thumbnailUrl\":\"https:\/\/www.billin.net\/blog\/wp-content\/uploads\/2017\/11\/Responsabilidad-penal-empresa.jpg\",\"keywords\":[\"Pymes\"],\"articleSection\":[\"Fiscalidad\"],\"inLanguage\":\"es\",\"potentialAction\":[{\"@type\":\"CommentAction\",\"name\":\"Comment\",\"target\":[\"https:\/\/www.billin.net\/blog\/la-responsabilidad-penal-empresa\/#respond\"]}]},{\"@type\":\"WebPage\",\"@id\":\"https:\/\/www.billin.net\/blog\/la-responsabilidad-penal-empresa\/\",\"url\":\"https:\/\/www.billin.net\/blog\/la-responsabilidad-penal-empresa\/\",\"name\":\"La responsabilidad penal de una empresa - Blog de TeamSystem Facturas Billin\",\"isPartOf\":{\"@id\":\"https:\/\/www.billin.net\/blog\/#website\"},\"primaryImageOfPage\":{\"@id\":\"https:\/\/www.billin.net\/blog\/la-responsabilidad-penal-empresa\/#primaryimage\"},\"image\":{\"@id\":\"https:\/\/www.billin.net\/blog\/la-responsabilidad-penal-empresa\/#primaryimage\"},\"thumbnailUrl\":\"https:\/\/www.billin.net\/blog\/wp-content\/uploads\/2017\/11\/Responsabilidad-penal-empresa.jpg\",\"datePublished\":\"2017-11-20T22:00:00+00:00\",\"dateModified\":\"2025-09-25T19:00:42+00:00\",\"description\":\"Las empresas pueden ser condenadas de forma penal. En este art\u00edculo te contamos lo que es la responsabilidad penal de una empresa y c\u00f3mo evitarla.\",\"breadcrumb\":{\"@id\":\"https:\/\/www.billin.net\/blog\/la-responsabilidad-penal-empresa\/#breadcrumb\"},\"inLanguage\":\"es\",\"potentialAction\":[{\"@type\":\"ReadAction\",\"target\":[\"https:\/\/www.billin.net\/blog\/la-responsabilidad-penal-empresa\/\"]}]},{\"@type\":\"ImageObject\",\"inLanguage\":\"es\",\"@id\":\"https:\/\/www.billin.net\/blog\/la-responsabilidad-penal-empresa\/#primaryimage\",\"url\":\"https:\/\/www.billin.net\/blog\/wp-content\/uploads\/2017\/11\/Responsabilidad-penal-empresa.jpg\",\"contentUrl\":\"https:\/\/www.billin.net\/blog\/wp-content\/uploads\/2017\/11\/Responsabilidad-penal-empresa.jpg\",\"width\":1000,\"height\":667,\"caption\":\"oficinas empresa\"},{\"@type\":\"BreadcrumbList\",\"@id\":\"https:\/\/www.billin.net\/blog\/la-responsabilidad-penal-empresa\/#breadcrumb\",\"itemListElement\":[{\"@type\":\"ListItem\",\"position\":1,\"name\":\"Blog\",\"item\":\"https:\/\/www.billin.net\/blog\/\"},{\"@type\":\"ListItem\",\"position\":2,\"name\":\"Fiscalidad\",\"item\":\"https:\/\/www.billin.net\/blog\/fiscalidad\/\"},{\"@type\":\"ListItem\",\"position\":3,\"name\":\"La responsabilidad penal de una empresa\"}]},{\"@type\":\"WebSite\",\"@id\":\"https:\/\/www.billin.net\/blog\/#website\",\"url\":\"https:\/\/www.billin.net\/blog\/\",\"name\":\"Blog de Billin\",\"description\":\"Mantente informado con el blog de TeamSystem Facturas Billin:  facturaci\u00f3n, legislaci\u00f3n, contabilidad, management y toda la informaci\u00f3n \u00fatil para pymes y aut\u00f3nomos.\",\"publisher\":{\"@id\":\"https:\/\/www.billin.net\/blog\/#organization\"},\"potentialAction\":[{\"@type\":\"SearchAction\",\"target\":{\"@type\":\"EntryPoint\",\"urlTemplate\":\"https:\/\/www.billin.net\/blog\/?s={search_term_string}\"},\"query-input\":{\"@type\":\"PropertyValueSpecification\",\"valueRequired\":true,\"valueName\":\"search_term_string\"}}],\"inLanguage\":\"es\"},{\"@type\":\"Organization\",\"@id\":\"https:\/\/www.billin.net\/blog\/#organization\",\"name\":\"Billin\",\"alternateName\":\"Blog de Billin\",\"url\":\"https:\/\/www.billin.net\/blog\/\",\"logo\":{\"@type\":\"ImageObject\",\"inLanguage\":\"es\",\"@id\":\"https:\/\/www.billin.net\/blog\/#\/schema\/logo\/image\/\",\"url\":\"https:\/\/www.billin.net\/blog\/wp-content\/uploads\/2019\/06\/logotipo-billin-blog-1.png\",\"contentUrl\":\"https:\/\/www.billin.net\/blog\/wp-content\/uploads\/2019\/06\/logotipo-billin-blog-1.png\",\"width\":126,\"height\":50,\"caption\":\"Billin\"},\"image\":{\"@id\":\"https:\/\/www.billin.net\/blog\/#\/schema\/logo\/image\/\"},\"sameAs\":[\"https:\/\/www.facebook.com\/EsBillin\",\"https:\/\/x.com\/Billin_ES\",\"https:\/\/www.instagram.com\/billin_es\/\",\"https:\/\/www.linkedin.com\/company\/billin-spain\",\"https:\/\/www.youtube.com\/c\/BillinEsintercambiodefacturas\/\"],\"legalName\":\"MY EXPENSES SL\",\"contactPoint\":{\"@type\":\"ContactPoint\",\"telephone\":\"+34918318883\",\"contactType\":\"customer service\",\"email\":\"info@billin.eu\",\"availableLanguage\":\"es\"},\"foundingDate\":\"2015\",\"numberOfEmployees\":{\"@type\":\"QuantitativeValue\",\"minValue\":10,\"maxValue\":50},\"parentOrganization\":{\"@type\":\"Organization\",\"name\":\"TeamSystem\",\"url\":\"https:\/\/www.teamsystem.com\/\"},\"description\":\"Billin es el programa de facturaci\u00f3n online de TeamSystem para aut\u00f3nomos y pymes en Espa\u00f1a. Permite crear facturas, controlar gastos y cumplir con Verifactu.\",\"address\":{\"@type\":\"PostalAddress\",\"streetAddress\":\"Calle Arturo Soria, 336\",\"addressLocality\":\"Madrid\",\"addressRegion\":\"Madrid\",\"postalCode\":\"28033\",\"addressCountry\":\"ES\"}},{\"@type\":\"Person\",\"@id\":\"https:\/\/www.billin.net\/blog\/#\/schema\/person\/d0339ee6e869234614541b1e80a793e7\",\"name\":\"Marcos De La Cueva - CEO TeamSystem Facturas Billin\",\"image\":{\"@type\":\"ImageObject\",\"inLanguage\":\"es\",\"@id\":\"https:\/\/www.billin.net\/blog\/#\/schema\/person\/image\/\",\"url\":\"https:\/\/www.billin.net\/blog\/wp-content\/uploads\/2023\/10\/marcos-color-150x150.png\",\"contentUrl\":\"https:\/\/www.billin.net\/blog\/wp-content\/uploads\/2023\/10\/marcos-color-150x150.png\",\"caption\":\"Marcos De La Cueva - CEO TeamSystem Facturas Billin\"},\"description\":\"Licenciado en ADE por la Universidad Aut\u00f3noma de Madrid, Marcos De la Cueva es CEO y cofundador de TeamSystem Facturas Billin, un programa online que lleva m\u00e1s de 9 a\u00f1os ayudando a aut\u00f3nomos, peque\u00f1os negocios y gestor\u00edas a digitalizar sus presupuestos, facturas, tickets y gastos. \u00a0 Sobre Marcos De La Cueva \u00a0 Apasionado por el mundo empresarial y la tecnolog\u00eda, curs\u00f3 su M\u00e1ster de Finanzas en la Universidad Pontificia de Comillas y estuvo en el Programa de Cooperaci\u00f3n Educativa de la Universidad Aut\u00f3noma de Madrid. \u00a0 Marcos siempre ha tenido su objetivo claro: ayudar a la creaci\u00f3n de negocios financieramente sostenibles a trav\u00e9s de una herramienta de facturaci\u00f3n que les permita ahorrar tiempo y tener la contabilidad bajo control. \u00a0 Marcos De La Cueva en los medios \u2014 Noticia sobre Kit Digital y Ley Antifraude (VeriFactu) en El Economista. \u2014 Noticia sobre Kit Digital y factura electr\u00f3nica obligatoria en Diario Jur\u00eddico. \u2014 Noticia sobre el a\u00f1o de transici\u00f3n para la factura electr\u00f3nica en Muy Pymes. \u2014 Entrevista sobre factura electr\u00f3nica obligatoria en Canal Sur. \u2014 Noticia sobre el informe factura electr\u00f3nica de TeamSystem en Channel Partner. \u2014 Charla sobre productividad y Ley Crea y Crece en El Economista. \u2014 Charla sobre factura electr\u00f3nica obligatoria en Muy Pymes. \u2014 Charla sobre digitalizaci\u00f3n aut\u00f3nomos y productividad en esdiario. \u2014 Charla sobre productividad y factura electr\u00f3nica en La Raz\u00f3n. \u2014 Charla sobre factura electr\u00f3nica obligatoria en Aut\u00f3nomos y Emprendedores. \u2014 Entrevista sobre Ley Antifraude y Ley Crea y Crece en Expansi\u00f3n. \u2014 Entrevista sobre Ley Antifraude y Ley Crea y Crece en La Raz\u00f3n. \u2014 Entrevista sobre factura electr\u00f3nica obligatoria en El Economista. \u2014 Comunicado Billin y TeamSystem en Business Insider. \u2014 Entrevista en Econom\u00eda Digital. \u2014 Entrevista en Ideas para tu empresa de Vodafone. \u2014 Entrevista en M\u00e1sQradio. \u2014 Entrevista en Armas para emprender de El M\u00e9todo Gallardo. \u2014 Entrevista en KFund. \u2014 Entrevista en AXA Seguros Espa\u00f1a. \u2014 Entrevista en GestionaRadio. \u00a0 Marcos De La Cueva en eventos \u00a0 \u2014 Participaci\u00f3n como ponente en Accountex Espa\u00f1a 2023. \u00a0 Tem\u00e1ticas de especializaci\u00f3n \u00a0 negocios | startups | contabilidad| fiscalidad | empresas| asesor\u00edas| autonomos | emprendedores | peque\u00f1os negocios | econom\u00eda | ADE | pymes | desarrollo de negocio\u00a0\",\"sameAs\":[\"https:\/\/www.billin.net\/\",\"https:\/\/www.linkedin.com\/in\/marcos-de-la-cueva-19750ba3\/\"],\"url\":\"https:\/\/www.billin.net\/blog\/author\/marcosdelacueva\/\",\"jobTitle\":\"CEO y cofundador de TS Facturas Billin\"}]}<\/script>\n<!-- \/ Yoast SEO plugin. -->","yoast_head_json":{"title":"La responsabilidad penal de una empresa - Blog de TeamSystem Facturas Billin","description":"Las empresas pueden ser condenadas de forma penal. En este art\u00edculo te contamos lo que es la responsabilidad penal de una empresa y c\u00f3mo evitarla.","robots":{"index":"index","follow":"follow","max-snippet":"max-snippet:-1","max-image-preview":"max-image-preview:large","max-video-preview":"max-video-preview:-1"},"canonical":"https:\/\/www.billin.net\/blog\/la-responsabilidad-penal-empresa\/","og_locale":"es_ES","og_type":"article","og_title":"La responsabilidad penal de una empresa - Blog de TeamSystem Facturas Billin","og_description":"Las empresas pueden ser condenadas de forma penal. En este art\u00edculo te contamos lo que es la responsabilidad penal de una empresa y c\u00f3mo evitarla.","og_url":"https:\/\/www.billin.net\/blog\/la-responsabilidad-penal-empresa\/","og_site_name":"Blog de TeamSystem Facturas Billin","article_publisher":"https:\/\/www.facebook.com\/EsBillin","article_published_time":"2017-11-20T22:00:00+00:00","article_modified_time":"2025-09-25T19:00:42+00:00","og_image":[{"width":1000,"height":667,"url":"https:\/\/www.billin.net\/blog\/wp-content\/uploads\/2017\/11\/Responsabilidad-penal-empresa.jpg","type":"image\/jpeg"}],"author":"Marcos De La Cueva - CEO TeamSystem Facturas Billin","twitter_card":"summary_large_image","twitter_creator":"@Billin_ES","twitter_site":"@Billin_ES","twitter_misc":{"Escrito por":"Marcos De La Cueva - CEO TeamSystem Facturas Billin","Tiempo de lectura":"5 minutos"},"schema":{"@context":"https:\/\/schema.org","@graph":[{"@type":"Article","@id":"https:\/\/www.billin.net\/blog\/la-responsabilidad-penal-empresa\/#article","isPartOf":{"@id":"https:\/\/www.billin.net\/blog\/la-responsabilidad-penal-empresa\/"},"author":{"name":"Marcos De La Cueva - CEO TeamSystem Facturas Billin","@id":"https:\/\/www.billin.net\/blog\/#\/schema\/person\/d0339ee6e869234614541b1e80a793e7"},"headline":"La responsabilidad penal de una empresa","datePublished":"2017-11-20T22:00:00+00:00","dateModified":"2025-09-25T19:00:42+00:00","mainEntityOfPage":{"@id":"https:\/\/www.billin.net\/blog\/la-responsabilidad-penal-empresa\/"},"wordCount":955,"commentCount":0,"publisher":{"@id":"https:\/\/www.billin.net\/blog\/#organization"},"image":{"@id":"https:\/\/www.billin.net\/blog\/la-responsabilidad-penal-empresa\/#primaryimage"},"thumbnailUrl":"https:\/\/www.billin.net\/blog\/wp-content\/uploads\/2017\/11\/Responsabilidad-penal-empresa.jpg","keywords":["Pymes"],"articleSection":["Fiscalidad"],"inLanguage":"es","potentialAction":[{"@type":"CommentAction","name":"Comment","target":["https:\/\/www.billin.net\/blog\/la-responsabilidad-penal-empresa\/#respond"]}]},{"@type":"WebPage","@id":"https:\/\/www.billin.net\/blog\/la-responsabilidad-penal-empresa\/","url":"https:\/\/www.billin.net\/blog\/la-responsabilidad-penal-empresa\/","name":"La responsabilidad penal de una empresa - Blog de TeamSystem Facturas Billin","isPartOf":{"@id":"https:\/\/www.billin.net\/blog\/#website"},"primaryImageOfPage":{"@id":"https:\/\/www.billin.net\/blog\/la-responsabilidad-penal-empresa\/#primaryimage"},"image":{"@id":"https:\/\/www.billin.net\/blog\/la-responsabilidad-penal-empresa\/#primaryimage"},"thumbnailUrl":"https:\/\/www.billin.net\/blog\/wp-content\/uploads\/2017\/11\/Responsabilidad-penal-empresa.jpg","datePublished":"2017-11-20T22:00:00+00:00","dateModified":"2025-09-25T19:00:42+00:00","description":"Las empresas pueden ser condenadas de forma penal. En este art\u00edculo te contamos lo que es la responsabilidad penal de una empresa y c\u00f3mo evitarla.","breadcrumb":{"@id":"https:\/\/www.billin.net\/blog\/la-responsabilidad-penal-empresa\/#breadcrumb"},"inLanguage":"es","potentialAction":[{"@type":"ReadAction","target":["https:\/\/www.billin.net\/blog\/la-responsabilidad-penal-empresa\/"]}]},{"@type":"ImageObject","inLanguage":"es","@id":"https:\/\/www.billin.net\/blog\/la-responsabilidad-penal-empresa\/#primaryimage","url":"https:\/\/www.billin.net\/blog\/wp-content\/uploads\/2017\/11\/Responsabilidad-penal-empresa.jpg","contentUrl":"https:\/\/www.billin.net\/blog\/wp-content\/uploads\/2017\/11\/Responsabilidad-penal-empresa.jpg","width":1000,"height":667,"caption":"oficinas empresa"},{"@type":"BreadcrumbList","@id":"https:\/\/www.billin.net\/blog\/la-responsabilidad-penal-empresa\/#breadcrumb","itemListElement":[{"@type":"ListItem","position":1,"name":"Blog","item":"https:\/\/www.billin.net\/blog\/"},{"@type":"ListItem","position":2,"name":"Fiscalidad","item":"https:\/\/www.billin.net\/blog\/fiscalidad\/"},{"@type":"ListItem","position":3,"name":"La responsabilidad penal de una empresa"}]},{"@type":"WebSite","@id":"https:\/\/www.billin.net\/blog\/#website","url":"https:\/\/www.billin.net\/blog\/","name":"Blog de Billin","description":"Mantente informado con el blog de TeamSystem Facturas Billin:  facturaci\u00f3n, legislaci\u00f3n, contabilidad, management y toda la informaci\u00f3n \u00fatil para pymes y aut\u00f3nomos.","publisher":{"@id":"https:\/\/www.billin.net\/blog\/#organization"},"potentialAction":[{"@type":"SearchAction","target":{"@type":"EntryPoint","urlTemplate":"https:\/\/www.billin.net\/blog\/?s={search_term_string}"},"query-input":{"@type":"PropertyValueSpecification","valueRequired":true,"valueName":"search_term_string"}}],"inLanguage":"es"},{"@type":"Organization","@id":"https:\/\/www.billin.net\/blog\/#organization","name":"Billin","alternateName":"Blog de Billin","url":"https:\/\/www.billin.net\/blog\/","logo":{"@type":"ImageObject","inLanguage":"es","@id":"https:\/\/www.billin.net\/blog\/#\/schema\/logo\/image\/","url":"https:\/\/www.billin.net\/blog\/wp-content\/uploads\/2019\/06\/logotipo-billin-blog-1.png","contentUrl":"https:\/\/www.billin.net\/blog\/wp-content\/uploads\/2019\/06\/logotipo-billin-blog-1.png","width":126,"height":50,"caption":"Billin"},"image":{"@id":"https:\/\/www.billin.net\/blog\/#\/schema\/logo\/image\/"},"sameAs":["https:\/\/www.facebook.com\/EsBillin","https:\/\/x.com\/Billin_ES","https:\/\/www.instagram.com\/billin_es\/","https:\/\/www.linkedin.com\/company\/billin-spain","https:\/\/www.youtube.com\/c\/BillinEsintercambiodefacturas\/"],"legalName":"MY EXPENSES SL","contactPoint":{"@type":"ContactPoint","telephone":"+34918318883","contactType":"customer service","email":"info@billin.eu","availableLanguage":"es"},"foundingDate":"2015","numberOfEmployees":{"@type":"QuantitativeValue","minValue":10,"maxValue":50},"parentOrganization":{"@type":"Organization","name":"TeamSystem","url":"https:\/\/www.teamsystem.com\/"},"description":"Billin es el programa de facturaci\u00f3n online de TeamSystem para aut\u00f3nomos y pymes en Espa\u00f1a. Permite crear facturas, controlar gastos y cumplir con Verifactu.","address":{"@type":"PostalAddress","streetAddress":"Calle Arturo Soria, 336","addressLocality":"Madrid","addressRegion":"Madrid","postalCode":"28033","addressCountry":"ES"}},{"@type":"Person","@id":"https:\/\/www.billin.net\/blog\/#\/schema\/person\/d0339ee6e869234614541b1e80a793e7","name":"Marcos De La Cueva - CEO TeamSystem Facturas Billin","image":{"@type":"ImageObject","inLanguage":"es","@id":"https:\/\/www.billin.net\/blog\/#\/schema\/person\/image\/","url":"https:\/\/www.billin.net\/blog\/wp-content\/uploads\/2023\/10\/marcos-color-150x150.png","contentUrl":"https:\/\/www.billin.net\/blog\/wp-content\/uploads\/2023\/10\/marcos-color-150x150.png","caption":"Marcos De La Cueva - CEO TeamSystem Facturas Billin"},"description":"Licenciado en ADE por la Universidad Aut\u00f3noma de Madrid, Marcos De la Cueva es CEO y cofundador de TeamSystem Facturas Billin, un programa online que lleva m\u00e1s de 9 a\u00f1os ayudando a aut\u00f3nomos, peque\u00f1os negocios y gestor\u00edas a digitalizar sus presupuestos, facturas, tickets y gastos. \u00a0 Sobre Marcos De La Cueva \u00a0 Apasionado por el mundo empresarial y la tecnolog\u00eda, curs\u00f3 su M\u00e1ster de Finanzas en la Universidad Pontificia de Comillas y estuvo en el Programa de Cooperaci\u00f3n Educativa de la Universidad Aut\u00f3noma de Madrid. \u00a0 Marcos siempre ha tenido su objetivo claro: ayudar a la creaci\u00f3n de negocios financieramente sostenibles a trav\u00e9s de una herramienta de facturaci\u00f3n que les permita ahorrar tiempo y tener la contabilidad bajo control. \u00a0 Marcos De La Cueva en los medios \u2014 Noticia sobre Kit Digital y Ley Antifraude (VeriFactu) en El Economista. \u2014 Noticia sobre Kit Digital y factura electr\u00f3nica obligatoria en Diario Jur\u00eddico. \u2014 Noticia sobre el a\u00f1o de transici\u00f3n para la factura electr\u00f3nica en Muy Pymes. \u2014 Entrevista sobre factura electr\u00f3nica obligatoria en Canal Sur. \u2014 Noticia sobre el informe factura electr\u00f3nica de TeamSystem en Channel Partner. \u2014 Charla sobre productividad y Ley Crea y Crece en El Economista. \u2014 Charla sobre factura electr\u00f3nica obligatoria en Muy Pymes. \u2014 Charla sobre digitalizaci\u00f3n aut\u00f3nomos y productividad en esdiario. \u2014 Charla sobre productividad y factura electr\u00f3nica en La Raz\u00f3n. \u2014 Charla sobre factura electr\u00f3nica obligatoria en Aut\u00f3nomos y Emprendedores. \u2014 Entrevista sobre Ley Antifraude y Ley Crea y Crece en Expansi\u00f3n. \u2014 Entrevista sobre Ley Antifraude y Ley Crea y Crece en La Raz\u00f3n. \u2014 Entrevista sobre factura electr\u00f3nica obligatoria en El Economista. \u2014 Comunicado Billin y TeamSystem en Business Insider. \u2014 Entrevista en Econom\u00eda Digital. \u2014 Entrevista en Ideas para tu empresa de Vodafone. \u2014 Entrevista en M\u00e1sQradio. \u2014 Entrevista en Armas para emprender de El M\u00e9todo Gallardo. \u2014 Entrevista en KFund. \u2014 Entrevista en AXA Seguros Espa\u00f1a. \u2014 Entrevista en GestionaRadio. \u00a0 Marcos De La Cueva en eventos \u00a0 \u2014 Participaci\u00f3n como ponente en Accountex Espa\u00f1a 2023. \u00a0 Tem\u00e1ticas de especializaci\u00f3n \u00a0 negocios | startups | contabilidad| fiscalidad | empresas| asesor\u00edas| autonomos | emprendedores | peque\u00f1os negocios | econom\u00eda | ADE | pymes | desarrollo de negocio\u00a0","sameAs":["https:\/\/www.billin.net\/","https:\/\/www.linkedin.com\/in\/marcos-de-la-cueva-19750ba3\/"],"url":"https:\/\/www.billin.net\/blog\/author\/marcosdelacueva\/","jobTitle":"CEO y cofundador de TS Facturas Billin"}]}},"_links":{"self":[{"href":"https:\/\/www.billin.net\/blog\/wp-json\/wp\/v2\/posts\/10482","targetHints":{"allow":["GET"]}}],"collection":[{"href":"https:\/\/www.billin.net\/blog\/wp-json\/wp\/v2\/posts"}],"about":[{"href":"https:\/\/www.billin.net\/blog\/wp-json\/wp\/v2\/types\/post"}],"author":[{"embeddable":true,"href":"https:\/\/www.billin.net\/blog\/wp-json\/wp\/v2\/users\/20"}],"replies":[{"embeddable":true,"href":"https:\/\/www.billin.net\/blog\/wp-json\/wp\/v2\/comments?post=10482"}],"version-history":[{"count":5,"href":"https:\/\/www.billin.net\/blog\/wp-json\/wp\/v2\/posts\/10482\/revisions"}],"predecessor-version":[{"id":27464,"href":"https:\/\/www.billin.net\/blog\/wp-json\/wp\/v2\/posts\/10482\/revisions\/27464"}],"wp:featuredmedia":[{"embeddable":true,"href":"https:\/\/www.billin.net\/blog\/wp-json\/wp\/v2\/media\/5988"}],"wp:attachment":[{"href":"https:\/\/www.billin.net\/blog\/wp-json\/wp\/v2\/media?parent=10482"}],"wp:term":[{"taxonomy":"category","embeddable":true,"href":"https:\/\/www.billin.net\/blog\/wp-json\/wp\/v2\/categories?post=10482"},{"taxonomy":"post_tag","embeddable":true,"href":"https:\/\/www.billin.net\/blog\/wp-json\/wp\/v2\/tags?post=10482"}],"curies":[{"name":"wp","href":"https:\/\/api.w.org\/{rel}","templated":true}]}}