{"id":10460,"date":"2017-10-25T00:00:00","date_gmt":"2017-10-24T22:00:00","guid":{"rendered":"https:\/\/www.billin.net\/blog\/epigrafes-autonomos\/"},"modified":"2025-09-25T21:01:03","modified_gmt":"2025-09-25T19:01:03","slug":"epigrafes-autonomos","status":"publish","type":"post","link":"https:\/\/www.billin.net\/blog\/epigrafes-autonomos\/","title":{"rendered":"Ep\u00edgrafes de los aut\u00f3nomos"},"content":{"rendered":"<p>Existen una multitud de <strong>ep\u00edgrafes de aut\u00f3nomos<\/strong> donde se intentan incluir pr\u00e1cticamente cualquier actividad econ\u00f3mica que queramos desarrollar. Te damos unos <strong>consejos para que puedas encuadrar tu actividad en el ep\u00edgrafe de aut\u00f3nomo correcto<\/strong> y no tengas problemas con la Administraci\u00f3n, ya que cada uno de los ep\u00edgrafes de fiscales <a href=\"https:\/\/www.billin.net\/glosario\/definicion-tributo\/\">tributar\u00e1n<\/a> de forma diferente.<!--more--><\/p>\n<h2><strong>\u00bfCu\u00e1l es el ep\u00edgrafe de aut\u00f3nomo que tengo que escoger para mi negocio?<\/strong><\/h2>\n<p>Antes de responder esta pregunta debemos conocer los siguientes conceptos:<\/p>\n<h3><strong>\u00bfQu\u00e9 es un ep\u00edgrafe?<\/strong><\/h3>\n<p>Los ep\u00edgrafes gravan la actividad que ejerce un aut\u00f3nomo o una empresa seg\u00fan el c\u00f3digo de <a href=\"https:\/\/www.billin.net\/blog\/capitulo-guia-alta-impuesto-actividad-economica-iae\/\" target=\"_blank\" rel=\"noopener noreferrer\">Impuesto de Actividad Econ\u00f3mica<\/a> (IAE), el cual, dar\u00e1 lugar a unas obligaciones fiscales dependiendo del que escoja.<\/p>\n<p>Los ep\u00edgrafes fiscales de IAE est\u00e1n formados por una serie de <strong>c\u00f3digos de <a href=\"https:\/\/www.billin.net\/glosario\/definicion-actividad-economica\/\" target=\"_blank\" rel=\"noopener noreferrer\">actividad econ\u00f3mica<\/a><\/strong> donde podr\u00e1s encontrar el que m\u00e1s se ajusta a tu idea de negocio.<\/p>\n<p><img loading=\"lazy\" decoding=\"async\" class=\"aligncenter wp-image-5783 size-full\" src=\"https:\/\/www.billin.net\/blog\/wp-content\/uploads\/2017\/10\/shutterstock_562283584.jpg\" alt=\"epigrafe actividad economica\" width=\"1000\" height=\"667\" srcset=\"https:\/\/www.billin.net\/blog\/wp-content\/uploads\/2017\/10\/shutterstock_562283584.jpg 1000w, https:\/\/www.billin.net\/blog\/wp-content\/uploads\/2017\/10\/shutterstock_562283584-300x200.jpg 300w, https:\/\/www.billin.net\/blog\/wp-content\/uploads\/2017\/10\/shutterstock_562283584-768x512.jpg 768w, https:\/\/www.billin.net\/blog\/wp-content\/uploads\/2017\/10\/shutterstock_562283584-810x540.jpg 810w\" sizes=\"(max-width: 1000px) 100vw, 1000px\" \/><\/p>\n<h3><strong>Clasificaci\u00f3n de los ep\u00edgrafes fiscales<\/strong><\/h3>\n<p>Estos ep\u00edgrafes son clasificados por <strong>actividades<\/strong>:<\/p>\n<ul>\n<li>Empresariales<\/li>\n<li>Profesionales<\/li>\n<li>Art\u00edsticas<\/li>\n<\/ul>\n<p>La actividad empresarial es conocida como la <strong>\u201cSecci\u00f3n 1\u201d<\/strong>, en ella se recogen actividades como el comercio mayorista o minorista, todo lo relacionado con la hosteler\u00eda, relaci\u00f3n con la industria, miner\u00eda, etc.<\/p>\n<p>La actividad profesional es conocida como la <strong>\u201cSecci\u00f3n 2\u201d<\/strong>, en ella se recogen todas las actividades que para ejercerlas se necesita una titulaci\u00f3n acad\u00e9mica, como por ejemplo los odont\u00f3logos, economistas, etc., pero hay una salvedad, aqu\u00ed se incluyen los agentes comerciales que no necesitan titulaci\u00f3n, pero s\u00ed estar colegiados y los agentes de seguros que los obligan a una formaci\u00f3n b\u00e1sica.<\/p>\n<p>Esta divisi\u00f3n no es exacta, ya que hay muchas similitudes en casos concretos de algunas actividades que pueden sujetarse a empresarial o profesional, lo cual, genera<strong> discrepancias\u00a0con Hacienda<\/strong>, de ah\u00ed que se establezcan unas pautas seg\u00fan la Agencia Tributaria.<\/p>\n<p><strong>Por ejemplo<\/strong> supongamos un profesor que es aut\u00f3nomo y monta una academia con sus trabajadores y ejerce claramente la actividad de la \u201cense\u00f1anza\u201d, aqu\u00ed se englobar\u00eda como actividad empresarial, pero ahora imaginemos que el profesor no tiene ninguna academia y se desplaza al domicilio del cliente para prestar su servicio en la misma actividad de \u201cense\u00f1anza\u201d, en este caso ser\u00eda profesional.<\/p>\n<p>Las actividades art\u00edsticas son conocidas como <strong>\u201cSecci\u00f3n 3\u201d<\/strong>, aqu\u00ed se incluyen todas las actividades relacionadas con el cine, teatro, etc.<\/p>\n<h2><strong>\u00bfQu\u00e9 obligaciones fiscales me genera el ep\u00edgrafe de aut\u00f3nomos?<\/strong><\/h2>\n<p>La primera recomendaci\u00f3n antes de hablar de sus obligaciones, es que <strong>a la hora de escoger el ep\u00edgrafe<\/strong> es bueno considerar el apoyo de un <a href=\"https:\/\/www.billin.net\/asesoria-fiscal-online\/\" target=\"_blank\" rel=\"noopener\">asesor fiscal<\/a>, ya que los errores pueden conllevar a equivocarnos en la elaboraci\u00f3n de los impuestos y con ello liquidaciones y sanciones por parte de la Administraci\u00f3n.<\/p>\n<p>Dicho esto vamos a intentar enumerar <strong>las obligaciones que pueden generarse al comenzar una actividad econ\u00f3mica<\/strong> seg\u00fan el ep\u00edgrafe escogido por el aut\u00f3nomo.<\/p>\n<h3><strong>&#8211; <a href=\"https:\/\/www.billin.net\/glosario\/definicion-impuesto-sobre-el-valor-anadido-iva\/\">IVA (Impuesto Valor A\u00f1adido)<\/a><\/strong><\/h3>\n<p>Aqu\u00ed habr\u00e1 que tener en cuenta la categor\u00eda a aplicar, es decir, 4%, 10%, 21% o exento. Aparte tambi\u00e9n los minoristas est\u00e1n obligados al recargo de equivalencia del IVA, con la siguiente equivalencia:<\/p>\n<p>21% &#8211; 5,20%; 10% &#8211; 1,40%; 4% &#8211; 0,5%<\/p>\n<p>Este impuesto en sus variantes se aplica tanto en actividades empresariales como profesionales.<\/p>\n<h3><strong>&#8211; IRPF (Impuesto de la Renta de las Personas F\u00edsicas)<\/strong><\/h3>\n<p>M\u00e1s conocida como <a href=\"https:\/\/www.billin.net\/glosario\/definicion-retencion\/\" target=\"_blank\" rel=\"noopener noreferrer\"><strong>retenci\u00f3n<\/strong><\/a> es la que los aut\u00f3nomos que est\u00e9n en las actividades profesionales y el agente comercial, practicar\u00e1n en sus <strong>facturas por un porcentaje del 15%, y el 7% en sus tres primeros a\u00f1os<\/strong>, siempre que las facturas vayan emitidas a empresas o aut\u00f3nomos y no particulares.<\/p>\n<p><img loading=\"lazy\" decoding=\"async\" class=\"aligncenter wp-image-5784 size-full\" src=\"https:\/\/www.billin.net\/blog\/wp-content\/uploads\/2017\/10\/shutterstock_567906004.jpg\" alt=\"epigrafe autonomo\" width=\"1000\" height=\"667\" srcset=\"https:\/\/www.billin.net\/blog\/wp-content\/uploads\/2017\/10\/shutterstock_567906004.jpg 1000w, https:\/\/www.billin.net\/blog\/wp-content\/uploads\/2017\/10\/shutterstock_567906004-300x200.jpg 300w, https:\/\/www.billin.net\/blog\/wp-content\/uploads\/2017\/10\/shutterstock_567906004-768x512.jpg 768w, https:\/\/www.billin.net\/blog\/wp-content\/uploads\/2017\/10\/shutterstock_567906004-810x540.jpg 810w\" sizes=\"(max-width: 1000px) 100vw, 1000px\" \/><\/p>\n<h2><strong>\u00bfC\u00f3mo darse de alta en un ep\u00edgrafe de aut\u00f3nomo?<\/strong><\/h2>\n<p>Es un proceso bastante sencillo, siempre que se tenga claro el ep\u00edgrafe, que m\u00e1s se ajusta a tu negocio, bastar\u00eda con <a href=\"https:\/\/www.billin.net\/blog\/modelo-037-alta-hacienda-autonomos\/\" target=\"_blank\" rel=\"noopener\"><strong>rellenar el Modelo 037<\/strong><\/a> (para aut\u00f3nomos) <strong>o <a href=\"https:\/\/www.billin.net\/blog\/capitulo-guia-solicitud-nif-modelo-036\/\">Modelo 036<\/a><\/strong> (para personas jur\u00eddicas), en este modelo formado por varias p\u00e1ginas, se ir\u00e1n solicitando desde datos personales, actividad, altas en IVA e IRPF, etc.<\/p>\n<p><strong>\u00a0<\/strong><strong>&#8211; Ejemplos<\/strong><\/p>\n<p>Vamos a poner <strong>varios ejemplos<\/strong> para entenderlo mejor:<\/p>\n<p>Supongamos un \u201ceconomista\u201d que va a iniciar una actividad profesional, en un local determinado, prestando servicios fiscales, pues bien, el ep\u00edgrafe correspondiente es el enumerado <strong>741<\/strong>.<\/p>\n<p>Economistas, como hemos indicado es un ep\u00edgrafe profesional, por tanto, tendr\u00e1 la obligaci\u00f3n del IVA al 21% con retenci\u00f3n del 7% durante los tres primeros a\u00f1os y despu\u00e9s el 15%.<\/p>\n<p>Pensemos en un \u201codont\u00f3logo\u201d que abre una Cl\u00ednica dental, en un local determinado, prestando los servicios propios de odontolog\u00eda, pues bien en su Modelo 037 tendr\u00e1 que indicar el <strong>ep\u00edgrafe 834<\/strong>.<\/p>\n<p>Odont\u00f3logo, sus obligaciones fiscales ser\u00eda IVA exento (como todas las actividades relacionadas con la medicina, al igual que la ense\u00f1anza reglada), pero s\u00ed aplicar\u00eda la retenci\u00f3n con el mismo porcentaje que en el ejemplo anterior y la misma reducci\u00f3n durante los tres primeros a\u00f1os.<\/p>\n<p>Por \u00faltimo vamos a poner el ejemplo de un minorista de ropa, el cual, quiere abrir una tienda de venta de ropa y complementos, el ep\u00edgrafe que escoger\u00e1 ser\u00e1 el <strong>651.2<\/strong> .<\/p>\n<p>Comercio al por menor de prendas de vestir y tocados, pues bien, esta actividad es el claro ejemplo del recargo de equivalencia del IVA, y consiste en que el minorista pagar\u00e1 ese porcentaje llamado <a href=\"https:\/\/www.billin.net\/blog\/que-es-el-recargo-de-equivalencia\/\" target=\"_blank\" rel=\"noopener\">recargo de equivalencia<\/a> y que va paralelo, en este caso, al 21% &#8211; 5,20% de la factura de <a href=\"https:\/\/www.billin.net\/glosario\/definicion-compra\/\" target=\"_blank\" rel=\"noopener noreferrer\">compra<\/a>, para as\u00ed no tener que declarar IVA ante la Administraci\u00f3n, es una actividad empresarial, por tanto, no practicar\u00e1 retenci\u00f3n.<\/p>\n<p>Busca el ep\u00edgrafe de tu actividad econ\u00f3mica en la tabla que ofrece la <a href=\"https:\/\/www2.agenciatributaria.gob.es\/ADUA\/internet\/es\/aeat\/dit\/adu\/adws\/certificados\/Tabla_de_epigrafes_IAE.pdf\" target=\"_blank\" rel=\"noopener noreferrer\">Agencia Tributaria<\/a>.<\/p>\n<p>Los ep\u00edgrafes de los aut\u00f3nomos son importantes a la hora de <a href=\"https:\/\/www.billin.net\/blog\/darse-de-alta-como-autonomo\/\" target=\"_blank\" rel=\"noopener\">darse de alta como aut\u00f3nomo<\/a> con lo que si tienes dudas consultes con un profesional o nos dejes en comentarios las que tengas y te responderemos<\/p>\n","protected":false},"excerpt":{"rendered":"<p>Existen una multitud de ep\u00edgrafes de aut\u00f3nomos donde se intentan incluir pr\u00e1cticamente cualquier actividad econ\u00f3mica que queramos desarrollar. Te damos unos consejos para que puedas encuadrar tu actividad en el ep\u00edgrafe de aut\u00f3nomo correcto y no tengas problemas con la Administraci\u00f3n, ya que cada uno de los ep\u00edgrafes de fiscales tributar\u00e1n de forma diferente.<\/p>\n","protected":false},"author":20,"featured_media":5781,"comment_status":"open","ping_status":"open","sticky":false,"template":"","format":"standard","meta":{"_acf_changed":false,"_et_pb_use_builder":"","_et_pb_old_content":"","_et_gb_content_width":"","om_disable_all_campaigns":false,"inline_featured_image":false,"footnotes":""},"categories":[1014],"tags":[1380],"class_list":{"0":"post-10460","1":"post","2":"type-post","3":"status-publish","4":"format-standard","5":"has-post-thumbnail","7":"category-fiscalidad","8":"tag-autonomos"},"acf":{"selector_de_usuario":null,"fecha_de_revision":"20210903"},"yoast_head":"<!-- This site is optimized with the Yoast SEO plugin v27.1 - https:\/\/yoast.com\/product\/yoast-seo-wordpress\/ -->\n<title>Qu\u00e9 son los Ep\u00edgrafes de Aut\u00f3nomos y los tipos - TeamSystem Facturas Billin<\/title>\n<meta name=\"description\" content=\"Te damos unos consejos para que puedas encuadrar tu actividad en el ep\u00edgrafe de aut\u00f3nomos correcto y no tengas problemas.\" \/>\n<meta name=\"robots\" content=\"index, follow, max-snippet:-1, max-image-preview:large, max-video-preview:-1\" \/>\n<link rel=\"canonical\" href=\"https:\/\/www.billin.net\/blog\/epigrafes-autonomos\/\" \/>\n<meta property=\"og:locale\" content=\"es_ES\" \/>\n<meta property=\"og:type\" content=\"article\" \/>\n<meta property=\"og:title\" content=\"Qu\u00e9 son los Ep\u00edgrafes de Aut\u00f3nomos y los tipos - TeamSystem Facturas Billin\" \/>\n<meta property=\"og:description\" content=\"Te damos unos consejos para que puedas encuadrar tu actividad en el ep\u00edgrafe de aut\u00f3nomos correcto y no tengas problemas.\" \/>\n<meta property=\"og:url\" content=\"https:\/\/www.billin.net\/blog\/epigrafes-autonomos\/\" \/>\n<meta property=\"og:site_name\" content=\"Blog de TeamSystem Facturas Billin\" \/>\n<meta property=\"article:publisher\" content=\"https:\/\/www.facebook.com\/EsBillin\" \/>\n<meta property=\"article:published_time\" content=\"2017-10-24T22:00:00+00:00\" \/>\n<meta property=\"article:modified_time\" content=\"2025-09-25T19:01:03+00:00\" \/>\n<meta property=\"og:image\" content=\"https:\/\/www.billin.net\/blog\/wp-content\/uploads\/2017\/10\/shutterstock_562289290.jpg\" \/>\n\t<meta property=\"og:image:width\" content=\"1000\" \/>\n\t<meta property=\"og:image:height\" content=\"667\" \/>\n\t<meta property=\"og:image:type\" content=\"image\/jpeg\" \/>\n<meta name=\"author\" content=\"Marcos De La Cueva - CEO TeamSystem Facturas Billin\" \/>\n<meta name=\"twitter:card\" content=\"summary_large_image\" \/>\n<meta name=\"twitter:creator\" content=\"@Billin_ES\" \/>\n<meta name=\"twitter:site\" content=\"@Billin_ES\" \/>\n<meta name=\"twitter:label1\" content=\"Escrito por\" \/>\n\t<meta name=\"twitter:data1\" content=\"Marcos De La Cueva - CEO TeamSystem Facturas Billin\" \/>\n\t<meta name=\"twitter:label2\" content=\"Tiempo de lectura\" \/>\n\t<meta name=\"twitter:data2\" content=\"5 minutos\" \/>\n<script type=\"application\/ld+json\" class=\"yoast-schema-graph\">{\"@context\":\"https:\/\/schema.org\",\"@graph\":[{\"@type\":\"Article\",\"@id\":\"https:\/\/www.billin.net\/blog\/epigrafes-autonomos\/#article\",\"isPartOf\":{\"@id\":\"https:\/\/www.billin.net\/blog\/epigrafes-autonomos\/\"},\"author\":{\"name\":\"Marcos De La Cueva - CEO TeamSystem Facturas Billin\",\"@id\":\"https:\/\/www.billin.net\/blog\/#\/schema\/person\/d0339ee6e869234614541b1e80a793e7\"},\"headline\":\"Ep\u00edgrafes de los aut\u00f3nomos\",\"datePublished\":\"2017-10-24T22:00:00+00:00\",\"dateModified\":\"2025-09-25T19:01:03+00:00\",\"mainEntityOfPage\":{\"@id\":\"https:\/\/www.billin.net\/blog\/epigrafes-autonomos\/\"},\"wordCount\":1017,\"commentCount\":29,\"publisher\":{\"@id\":\"https:\/\/www.billin.net\/blog\/#organization\"},\"image\":{\"@id\":\"https:\/\/www.billin.net\/blog\/epigrafes-autonomos\/#primaryimage\"},\"thumbnailUrl\":\"https:\/\/www.billin.net\/blog\/wp-content\/uploads\/2017\/10\/shutterstock_562289290.jpg\",\"keywords\":[\"Aut\u00f3nomos\"],\"articleSection\":[\"Fiscalidad\"],\"inLanguage\":\"es\",\"potentialAction\":[{\"@type\":\"CommentAction\",\"name\":\"Comment\",\"target\":[\"https:\/\/www.billin.net\/blog\/epigrafes-autonomos\/#respond\"]}]},{\"@type\":\"WebPage\",\"@id\":\"https:\/\/www.billin.net\/blog\/epigrafes-autonomos\/\",\"url\":\"https:\/\/www.billin.net\/blog\/epigrafes-autonomos\/\",\"name\":\"Qu\u00e9 son los Ep\u00edgrafes de Aut\u00f3nomos y los tipos - TeamSystem Facturas Billin\",\"isPartOf\":{\"@id\":\"https:\/\/www.billin.net\/blog\/#website\"},\"primaryImageOfPage\":{\"@id\":\"https:\/\/www.billin.net\/blog\/epigrafes-autonomos\/#primaryimage\"},\"image\":{\"@id\":\"https:\/\/www.billin.net\/blog\/epigrafes-autonomos\/#primaryimage\"},\"thumbnailUrl\":\"https:\/\/www.billin.net\/blog\/wp-content\/uploads\/2017\/10\/shutterstock_562289290.jpg\",\"datePublished\":\"2017-10-24T22:00:00+00:00\",\"dateModified\":\"2025-09-25T19:01:03+00:00\",\"description\":\"Te damos unos consejos para que puedas encuadrar tu actividad en el ep\u00edgrafe de aut\u00f3nomos correcto y no tengas problemas.\",\"breadcrumb\":{\"@id\":\"https:\/\/www.billin.net\/blog\/epigrafes-autonomos\/#breadcrumb\"},\"inLanguage\":\"es\",\"potentialAction\":[{\"@type\":\"ReadAction\",\"target\":[\"https:\/\/www.billin.net\/blog\/epigrafes-autonomos\/\"]}]},{\"@type\":\"ImageObject\",\"inLanguage\":\"es\",\"@id\":\"https:\/\/www.billin.net\/blog\/epigrafes-autonomos\/#primaryimage\",\"url\":\"https:\/\/www.billin.net\/blog\/wp-content\/uploads\/2017\/10\/shutterstock_562289290.jpg\",\"contentUrl\":\"https:\/\/www.billin.net\/blog\/wp-content\/uploads\/2017\/10\/shutterstock_562289290.jpg\",\"width\":1000,\"height\":667,\"caption\":\"epigrafes autonomos\"},{\"@type\":\"BreadcrumbList\",\"@id\":\"https:\/\/www.billin.net\/blog\/epigrafes-autonomos\/#breadcrumb\",\"itemListElement\":[{\"@type\":\"ListItem\",\"position\":1,\"name\":\"Blog\",\"item\":\"https:\/\/www.billin.net\/blog\/\"},{\"@type\":\"ListItem\",\"position\":2,\"name\":\"Fiscalidad\",\"item\":\"https:\/\/www.billin.net\/blog\/fiscalidad\/\"},{\"@type\":\"ListItem\",\"position\":3,\"name\":\"Ep\u00edgrafes de los aut\u00f3nomos\"}]},{\"@type\":\"WebSite\",\"@id\":\"https:\/\/www.billin.net\/blog\/#website\",\"url\":\"https:\/\/www.billin.net\/blog\/\",\"name\":\"Blog de Billin\",\"description\":\"Mantente informado con el blog de TeamSystem Facturas Billin:  facturaci\u00f3n, legislaci\u00f3n, contabilidad, management y toda la informaci\u00f3n \u00fatil para pymes y aut\u00f3nomos.\",\"publisher\":{\"@id\":\"https:\/\/www.billin.net\/blog\/#organization\"},\"potentialAction\":[{\"@type\":\"SearchAction\",\"target\":{\"@type\":\"EntryPoint\",\"urlTemplate\":\"https:\/\/www.billin.net\/blog\/?s={search_term_string}\"},\"query-input\":{\"@type\":\"PropertyValueSpecification\",\"valueRequired\":true,\"valueName\":\"search_term_string\"}}],\"inLanguage\":\"es\"},{\"@type\":\"Organization\",\"@id\":\"https:\/\/www.billin.net\/blog\/#organization\",\"name\":\"Billin\",\"alternateName\":\"Blog de Billin\",\"url\":\"https:\/\/www.billin.net\/blog\/\",\"logo\":{\"@type\":\"ImageObject\",\"inLanguage\":\"es\",\"@id\":\"https:\/\/www.billin.net\/blog\/#\/schema\/logo\/image\/\",\"url\":\"https:\/\/www.billin.net\/blog\/wp-content\/uploads\/2019\/06\/logotipo-billin-blog-1.png\",\"contentUrl\":\"https:\/\/www.billin.net\/blog\/wp-content\/uploads\/2019\/06\/logotipo-billin-blog-1.png\",\"width\":126,\"height\":50,\"caption\":\"Billin\"},\"image\":{\"@id\":\"https:\/\/www.billin.net\/blog\/#\/schema\/logo\/image\/\"},\"sameAs\":[\"https:\/\/www.facebook.com\/EsBillin\",\"https:\/\/x.com\/Billin_ES\",\"https:\/\/www.instagram.com\/billin_es\/\",\"https:\/\/www.linkedin.com\/company\/billin-spain\",\"https:\/\/www.youtube.com\/c\/BillinEsintercambiodefacturas\/\"],\"legalName\":\"MY EXPENSES SL\",\"contactPoint\":{\"@type\":\"ContactPoint\",\"telephone\":\"+34918318883\",\"contactType\":\"customer service\",\"email\":\"info@billin.eu\",\"availableLanguage\":\"es\"},\"foundingDate\":\"2015\",\"numberOfEmployees\":{\"@type\":\"QuantitativeValue\",\"minValue\":10,\"maxValue\":50},\"parentOrganization\":{\"@type\":\"Organization\",\"name\":\"TeamSystem\",\"url\":\"https:\/\/www.teamsystem.com\/\"},\"description\":\"Billin es el programa de facturaci\u00f3n online de TeamSystem para aut\u00f3nomos y pymes en Espa\u00f1a. Permite crear facturas, controlar gastos y cumplir con Verifactu.\",\"address\":{\"@type\":\"PostalAddress\",\"streetAddress\":\"Calle Arturo Soria, 336\",\"addressLocality\":\"Madrid\",\"addressRegion\":\"Madrid\",\"postalCode\":\"28033\",\"addressCountry\":\"ES\"}},{\"@type\":\"Person\",\"@id\":\"https:\/\/www.billin.net\/blog\/#\/schema\/person\/d0339ee6e869234614541b1e80a793e7\",\"name\":\"Marcos De La Cueva - CEO TeamSystem Facturas Billin\",\"image\":{\"@type\":\"ImageObject\",\"inLanguage\":\"es\",\"@id\":\"https:\/\/www.billin.net\/blog\/#\/schema\/person\/image\/\",\"url\":\"https:\/\/www.billin.net\/blog\/wp-content\/uploads\/2023\/10\/marcos-color-150x150.png\",\"contentUrl\":\"https:\/\/www.billin.net\/blog\/wp-content\/uploads\/2023\/10\/marcos-color-150x150.png\",\"caption\":\"Marcos De La Cueva - CEO TeamSystem Facturas Billin\"},\"description\":\"Licenciado en ADE por la Universidad Aut\u00f3noma de Madrid, Marcos De la Cueva es CEO y cofundador de TeamSystem Facturas Billin, un programa online que lleva m\u00e1s de 9 a\u00f1os ayudando a aut\u00f3nomos, peque\u00f1os negocios y gestor\u00edas a digitalizar sus presupuestos, facturas, tickets y gastos. \u00a0 Sobre Marcos De La Cueva \u00a0 Apasionado por el mundo empresarial y la tecnolog\u00eda, curs\u00f3 su M\u00e1ster de Finanzas en la Universidad Pontificia de Comillas y estuvo en el Programa de Cooperaci\u00f3n Educativa de la Universidad Aut\u00f3noma de Madrid. \u00a0 Marcos siempre ha tenido su objetivo claro: ayudar a la creaci\u00f3n de negocios financieramente sostenibles a trav\u00e9s de una herramienta de facturaci\u00f3n que les permita ahorrar tiempo y tener la contabilidad bajo control. \u00a0 Marcos De La Cueva en los medios \u2014 Noticia sobre Kit Digital y Ley Antifraude (VeriFactu) en El Economista. \u2014 Noticia sobre Kit Digital y factura electr\u00f3nica obligatoria en Diario Jur\u00eddico. \u2014 Noticia sobre el a\u00f1o de transici\u00f3n para la factura electr\u00f3nica en Muy Pymes. \u2014 Entrevista sobre factura electr\u00f3nica obligatoria en Canal Sur. \u2014 Noticia sobre el informe factura electr\u00f3nica de TeamSystem en Channel Partner. \u2014 Charla sobre productividad y Ley Crea y Crece en El Economista. \u2014 Charla sobre factura electr\u00f3nica obligatoria en Muy Pymes. \u2014 Charla sobre digitalizaci\u00f3n aut\u00f3nomos y productividad en esdiario. \u2014 Charla sobre productividad y factura electr\u00f3nica en La Raz\u00f3n. \u2014 Charla sobre factura electr\u00f3nica obligatoria en Aut\u00f3nomos y Emprendedores. \u2014 Entrevista sobre Ley Antifraude y Ley Crea y Crece en Expansi\u00f3n. \u2014 Entrevista sobre Ley Antifraude y Ley Crea y Crece en La Raz\u00f3n. \u2014 Entrevista sobre factura electr\u00f3nica obligatoria en El Economista. \u2014 Comunicado Billin y TeamSystem en Business Insider. \u2014 Entrevista en Econom\u00eda Digital. \u2014 Entrevista en Ideas para tu empresa de Vodafone. \u2014 Entrevista en M\u00e1sQradio. \u2014 Entrevista en Armas para emprender de El M\u00e9todo Gallardo. \u2014 Entrevista en KFund. \u2014 Entrevista en AXA Seguros Espa\u00f1a. \u2014 Entrevista en GestionaRadio. \u00a0 Marcos De La Cueva en eventos \u00a0 \u2014 Participaci\u00f3n como ponente en Accountex Espa\u00f1a 2023. \u00a0 Tem\u00e1ticas de especializaci\u00f3n \u00a0 negocios | startups | contabilidad| fiscalidad | empresas| asesor\u00edas| autonomos | emprendedores | peque\u00f1os negocios | econom\u00eda | ADE | pymes | desarrollo de negocio\u00a0\",\"sameAs\":[\"https:\/\/www.billin.net\/\",\"https:\/\/www.linkedin.com\/in\/marcos-de-la-cueva-19750ba3\/\"],\"url\":\"https:\/\/www.billin.net\/blog\/author\/marcosdelacueva\/\",\"jobTitle\":\"CEO y cofundador de TS Facturas Billin\"}]}<\/script>\n<!-- \/ Yoast SEO plugin. -->","yoast_head_json":{"title":"Qu\u00e9 son los Ep\u00edgrafes de Aut\u00f3nomos y los tipos - TeamSystem Facturas Billin","description":"Te damos unos consejos para que puedas encuadrar tu actividad en el ep\u00edgrafe de aut\u00f3nomos correcto y no tengas problemas.","robots":{"index":"index","follow":"follow","max-snippet":"max-snippet:-1","max-image-preview":"max-image-preview:large","max-video-preview":"max-video-preview:-1"},"canonical":"https:\/\/www.billin.net\/blog\/epigrafes-autonomos\/","og_locale":"es_ES","og_type":"article","og_title":"Qu\u00e9 son los Ep\u00edgrafes de Aut\u00f3nomos y los tipos - TeamSystem Facturas Billin","og_description":"Te damos unos consejos para que puedas encuadrar tu actividad en el ep\u00edgrafe de aut\u00f3nomos correcto y no tengas problemas.","og_url":"https:\/\/www.billin.net\/blog\/epigrafes-autonomos\/","og_site_name":"Blog de TeamSystem Facturas Billin","article_publisher":"https:\/\/www.facebook.com\/EsBillin","article_published_time":"2017-10-24T22:00:00+00:00","article_modified_time":"2025-09-25T19:01:03+00:00","og_image":[{"width":1000,"height":667,"url":"https:\/\/www.billin.net\/blog\/wp-content\/uploads\/2017\/10\/shutterstock_562289290.jpg","type":"image\/jpeg"}],"author":"Marcos De La Cueva - CEO TeamSystem Facturas Billin","twitter_card":"summary_large_image","twitter_creator":"@Billin_ES","twitter_site":"@Billin_ES","twitter_misc":{"Escrito por":"Marcos De La Cueva - CEO TeamSystem Facturas Billin","Tiempo de lectura":"5 minutos"},"schema":{"@context":"https:\/\/schema.org","@graph":[{"@type":"Article","@id":"https:\/\/www.billin.net\/blog\/epigrafes-autonomos\/#article","isPartOf":{"@id":"https:\/\/www.billin.net\/blog\/epigrafes-autonomos\/"},"author":{"name":"Marcos De La Cueva - CEO TeamSystem Facturas Billin","@id":"https:\/\/www.billin.net\/blog\/#\/schema\/person\/d0339ee6e869234614541b1e80a793e7"},"headline":"Ep\u00edgrafes de los aut\u00f3nomos","datePublished":"2017-10-24T22:00:00+00:00","dateModified":"2025-09-25T19:01:03+00:00","mainEntityOfPage":{"@id":"https:\/\/www.billin.net\/blog\/epigrafes-autonomos\/"},"wordCount":1017,"commentCount":29,"publisher":{"@id":"https:\/\/www.billin.net\/blog\/#organization"},"image":{"@id":"https:\/\/www.billin.net\/blog\/epigrafes-autonomos\/#primaryimage"},"thumbnailUrl":"https:\/\/www.billin.net\/blog\/wp-content\/uploads\/2017\/10\/shutterstock_562289290.jpg","keywords":["Aut\u00f3nomos"],"articleSection":["Fiscalidad"],"inLanguage":"es","potentialAction":[{"@type":"CommentAction","name":"Comment","target":["https:\/\/www.billin.net\/blog\/epigrafes-autonomos\/#respond"]}]},{"@type":"WebPage","@id":"https:\/\/www.billin.net\/blog\/epigrafes-autonomos\/","url":"https:\/\/www.billin.net\/blog\/epigrafes-autonomos\/","name":"Qu\u00e9 son los Ep\u00edgrafes de Aut\u00f3nomos y los tipos - TeamSystem Facturas Billin","isPartOf":{"@id":"https:\/\/www.billin.net\/blog\/#website"},"primaryImageOfPage":{"@id":"https:\/\/www.billin.net\/blog\/epigrafes-autonomos\/#primaryimage"},"image":{"@id":"https:\/\/www.billin.net\/blog\/epigrafes-autonomos\/#primaryimage"},"thumbnailUrl":"https:\/\/www.billin.net\/blog\/wp-content\/uploads\/2017\/10\/shutterstock_562289290.jpg","datePublished":"2017-10-24T22:00:00+00:00","dateModified":"2025-09-25T19:01:03+00:00","description":"Te damos unos consejos para que puedas encuadrar tu actividad en el ep\u00edgrafe de aut\u00f3nomos correcto y no tengas problemas.","breadcrumb":{"@id":"https:\/\/www.billin.net\/blog\/epigrafes-autonomos\/#breadcrumb"},"inLanguage":"es","potentialAction":[{"@type":"ReadAction","target":["https:\/\/www.billin.net\/blog\/epigrafes-autonomos\/"]}]},{"@type":"ImageObject","inLanguage":"es","@id":"https:\/\/www.billin.net\/blog\/epigrafes-autonomos\/#primaryimage","url":"https:\/\/www.billin.net\/blog\/wp-content\/uploads\/2017\/10\/shutterstock_562289290.jpg","contentUrl":"https:\/\/www.billin.net\/blog\/wp-content\/uploads\/2017\/10\/shutterstock_562289290.jpg","width":1000,"height":667,"caption":"epigrafes autonomos"},{"@type":"BreadcrumbList","@id":"https:\/\/www.billin.net\/blog\/epigrafes-autonomos\/#breadcrumb","itemListElement":[{"@type":"ListItem","position":1,"name":"Blog","item":"https:\/\/www.billin.net\/blog\/"},{"@type":"ListItem","position":2,"name":"Fiscalidad","item":"https:\/\/www.billin.net\/blog\/fiscalidad\/"},{"@type":"ListItem","position":3,"name":"Ep\u00edgrafes de los aut\u00f3nomos"}]},{"@type":"WebSite","@id":"https:\/\/www.billin.net\/blog\/#website","url":"https:\/\/www.billin.net\/blog\/","name":"Blog de Billin","description":"Mantente informado con el blog de TeamSystem Facturas Billin:  facturaci\u00f3n, legislaci\u00f3n, contabilidad, management y toda la informaci\u00f3n \u00fatil para pymes y aut\u00f3nomos.","publisher":{"@id":"https:\/\/www.billin.net\/blog\/#organization"},"potentialAction":[{"@type":"SearchAction","target":{"@type":"EntryPoint","urlTemplate":"https:\/\/www.billin.net\/blog\/?s={search_term_string}"},"query-input":{"@type":"PropertyValueSpecification","valueRequired":true,"valueName":"search_term_string"}}],"inLanguage":"es"},{"@type":"Organization","@id":"https:\/\/www.billin.net\/blog\/#organization","name":"Billin","alternateName":"Blog de Billin","url":"https:\/\/www.billin.net\/blog\/","logo":{"@type":"ImageObject","inLanguage":"es","@id":"https:\/\/www.billin.net\/blog\/#\/schema\/logo\/image\/","url":"https:\/\/www.billin.net\/blog\/wp-content\/uploads\/2019\/06\/logotipo-billin-blog-1.png","contentUrl":"https:\/\/www.billin.net\/blog\/wp-content\/uploads\/2019\/06\/logotipo-billin-blog-1.png","width":126,"height":50,"caption":"Billin"},"image":{"@id":"https:\/\/www.billin.net\/blog\/#\/schema\/logo\/image\/"},"sameAs":["https:\/\/www.facebook.com\/EsBillin","https:\/\/x.com\/Billin_ES","https:\/\/www.instagram.com\/billin_es\/","https:\/\/www.linkedin.com\/company\/billin-spain","https:\/\/www.youtube.com\/c\/BillinEsintercambiodefacturas\/"],"legalName":"MY EXPENSES SL","contactPoint":{"@type":"ContactPoint","telephone":"+34918318883","contactType":"customer service","email":"info@billin.eu","availableLanguage":"es"},"foundingDate":"2015","numberOfEmployees":{"@type":"QuantitativeValue","minValue":10,"maxValue":50},"parentOrganization":{"@type":"Organization","name":"TeamSystem","url":"https:\/\/www.teamsystem.com\/"},"description":"Billin es el programa de facturaci\u00f3n online de TeamSystem para aut\u00f3nomos y pymes en Espa\u00f1a. Permite crear facturas, controlar gastos y cumplir con Verifactu.","address":{"@type":"PostalAddress","streetAddress":"Calle Arturo Soria, 336","addressLocality":"Madrid","addressRegion":"Madrid","postalCode":"28033","addressCountry":"ES"}},{"@type":"Person","@id":"https:\/\/www.billin.net\/blog\/#\/schema\/person\/d0339ee6e869234614541b1e80a793e7","name":"Marcos De La Cueva - CEO TeamSystem Facturas Billin","image":{"@type":"ImageObject","inLanguage":"es","@id":"https:\/\/www.billin.net\/blog\/#\/schema\/person\/image\/","url":"https:\/\/www.billin.net\/blog\/wp-content\/uploads\/2023\/10\/marcos-color-150x150.png","contentUrl":"https:\/\/www.billin.net\/blog\/wp-content\/uploads\/2023\/10\/marcos-color-150x150.png","caption":"Marcos De La Cueva - CEO TeamSystem Facturas Billin"},"description":"Licenciado en ADE por la Universidad Aut\u00f3noma de Madrid, Marcos De la Cueva es CEO y cofundador de TeamSystem Facturas Billin, un programa online que lleva m\u00e1s de 9 a\u00f1os ayudando a aut\u00f3nomos, peque\u00f1os negocios y gestor\u00edas a digitalizar sus presupuestos, facturas, tickets y gastos. \u00a0 Sobre Marcos De La Cueva \u00a0 Apasionado por el mundo empresarial y la tecnolog\u00eda, curs\u00f3 su M\u00e1ster de Finanzas en la Universidad Pontificia de Comillas y estuvo en el Programa de Cooperaci\u00f3n Educativa de la Universidad Aut\u00f3noma de Madrid. \u00a0 Marcos siempre ha tenido su objetivo claro: ayudar a la creaci\u00f3n de negocios financieramente sostenibles a trav\u00e9s de una herramienta de facturaci\u00f3n que les permita ahorrar tiempo y tener la contabilidad bajo control. \u00a0 Marcos De La Cueva en los medios \u2014 Noticia sobre Kit Digital y Ley Antifraude (VeriFactu) en El Economista. \u2014 Noticia sobre Kit Digital y factura electr\u00f3nica obligatoria en Diario Jur\u00eddico. \u2014 Noticia sobre el a\u00f1o de transici\u00f3n para la factura electr\u00f3nica en Muy Pymes. \u2014 Entrevista sobre factura electr\u00f3nica obligatoria en Canal Sur. \u2014 Noticia sobre el informe factura electr\u00f3nica de TeamSystem en Channel Partner. \u2014 Charla sobre productividad y Ley Crea y Crece en El Economista. \u2014 Charla sobre factura electr\u00f3nica obligatoria en Muy Pymes. \u2014 Charla sobre digitalizaci\u00f3n aut\u00f3nomos y productividad en esdiario. \u2014 Charla sobre productividad y factura electr\u00f3nica en La Raz\u00f3n. \u2014 Charla sobre factura electr\u00f3nica obligatoria en Aut\u00f3nomos y Emprendedores. \u2014 Entrevista sobre Ley Antifraude y Ley Crea y Crece en Expansi\u00f3n. \u2014 Entrevista sobre Ley Antifraude y Ley Crea y Crece en La Raz\u00f3n. \u2014 Entrevista sobre factura electr\u00f3nica obligatoria en El Economista. \u2014 Comunicado Billin y TeamSystem en Business Insider. \u2014 Entrevista en Econom\u00eda Digital. \u2014 Entrevista en Ideas para tu empresa de Vodafone. \u2014 Entrevista en M\u00e1sQradio. \u2014 Entrevista en Armas para emprender de El M\u00e9todo Gallardo. \u2014 Entrevista en KFund. \u2014 Entrevista en AXA Seguros Espa\u00f1a. \u2014 Entrevista en GestionaRadio. \u00a0 Marcos De La Cueva en eventos \u00a0 \u2014 Participaci\u00f3n como ponente en Accountex Espa\u00f1a 2023. \u00a0 Tem\u00e1ticas de especializaci\u00f3n \u00a0 negocios | startups | contabilidad| fiscalidad | empresas| asesor\u00edas| autonomos | emprendedores | peque\u00f1os negocios | econom\u00eda | ADE | pymes | desarrollo de negocio\u00a0","sameAs":["https:\/\/www.billin.net\/","https:\/\/www.linkedin.com\/in\/marcos-de-la-cueva-19750ba3\/"],"url":"https:\/\/www.billin.net\/blog\/author\/marcosdelacueva\/","jobTitle":"CEO y cofundador de TS Facturas Billin"}]}},"_links":{"self":[{"href":"https:\/\/www.billin.net\/blog\/wp-json\/wp\/v2\/posts\/10460","targetHints":{"allow":["GET"]}}],"collection":[{"href":"https:\/\/www.billin.net\/blog\/wp-json\/wp\/v2\/posts"}],"about":[{"href":"https:\/\/www.billin.net\/blog\/wp-json\/wp\/v2\/types\/post"}],"author":[{"embeddable":true,"href":"https:\/\/www.billin.net\/blog\/wp-json\/wp\/v2\/users\/20"}],"replies":[{"embeddable":true,"href":"https:\/\/www.billin.net\/blog\/wp-json\/wp\/v2\/comments?post=10460"}],"version-history":[{"count":12,"href":"https:\/\/www.billin.net\/blog\/wp-json\/wp\/v2\/posts\/10460\/revisions"}],"predecessor-version":[{"id":27473,"href":"https:\/\/www.billin.net\/blog\/wp-json\/wp\/v2\/posts\/10460\/revisions\/27473"}],"wp:featuredmedia":[{"embeddable":true,"href":"https:\/\/www.billin.net\/blog\/wp-json\/wp\/v2\/media\/5781"}],"wp:attachment":[{"href":"https:\/\/www.billin.net\/blog\/wp-json\/wp\/v2\/media?parent=10460"}],"wp:term":[{"taxonomy":"category","embeddable":true,"href":"https:\/\/www.billin.net\/blog\/wp-json\/wp\/v2\/categories?post=10460"},{"taxonomy":"post_tag","embeddable":true,"href":"https:\/\/www.billin.net\/blog\/wp-json\/wp\/v2\/tags?post=10460"}],"curies":[{"name":"wp","href":"https:\/\/api.w.org\/{rel}","templated":true}]}}