{"id":10447,"date":"2017-09-30T00:00:00","date_gmt":"2017-09-29T22:00:00","guid":{"rendered":"https:\/\/www.billin.net\/blog\/tramos-escalas-rangos-impositivos-irpf\/"},"modified":"2025-09-25T21:01:43","modified_gmt":"2025-09-25T19:01:43","slug":"tramos-escalas-rangos-impositivos-irpf","status":"publish","type":"post","link":"https:\/\/www.billin.net\/blog\/tramos-escalas-rangos-impositivos-irpf\/","title":{"rendered":"Tramos escalas y rangos Impositivos IRPF"},"content":{"rendered":"<h2><strong>\u00bfQu\u00e9 son los tramos escalas IRPF y los rangos impositivos? \u00bfPara qu\u00e9 sirven?<\/strong><\/h2>\n<p>Te lo contamos de una manera sencilla, <strong>el tramo de escala IRPF nos dar\u00e1 a conocer el tipo impositivo que te corresponder\u00e1 gravar<\/strong>, \u00a0seg\u00fan tus rentas obtenidas durante el ejercicio que corresponda, en este caso 2017.<\/p>\n<p><strong>Estos tramos impositivos IRPF, son, calculados con los ingresos brutos que obtengas, menos, todas las <a href=\"https:\/\/www.billin.net\/glosario\/definicion-deducciones-fiscales\/\">deducciones fiscales<\/a> y reducciones que te correspondan<\/strong>, tales como por ejemplo el coste de seguridad social,.etc., de ah\u00ed que <strong>el Impuesto sobre la Renta de las Personas F\u00edsicas (IRPF)<\/strong>, sea un impuesto directo, personal, subjetivo, progresivo y peri\u00f3dico, sin olvidar, que est\u00e1 cedido de forma parcial a las Comunidades Aut\u00f3nomas.<\/p>\n<h2><strong>\u00bfRealmente conoces todas las rentas que recibes?<\/strong><\/h2>\n<p>Te los enumeramos \u00a0de una forma esquematizada: los rendimientos del trabajo (ej. : el salario), rendimientos de capital mobiliario (ej.: intereses bancarios), los rendimientos de capital inmobiliario (ej.: alquiler), ganancias patrimoniales (ej. : venta de inmueble) e imputaci\u00f3n de rentas (ej.: vivienda de vacaciones); Todos ellos, formar\u00e1n el bloque de ingresos a <a href=\"https:\/\/www.billin.net\/glosario\/definicion-tributo\/\">tributar<\/a> en IRPF, sin olvidar, que cada uno de ellos, tendr\u00e1n sus deducciones y reducciones que correspondan, seg\u00fan cada caso.<\/p>\n<h3><strong>Ejemplo de clases de rentas<\/strong><\/h3>\n<p>Por ejemplo supongamos un contribuyente que recibe 50.000 \u20ac de salario con un gasto en Seguridad Social de 6.000 \u20ac, y a su vez recibe un alquiler durante todo el a\u00f1o de 800 \u20ac\/mes, \u00bfqu\u00e9 cantidad formar\u00eda el bloque de ingresos?<\/p>\n<p>Pues bien, por un lado recibir\u00e1 unos rendimientos de trabajo de 50.000 \u20ac, correspondi\u00e9ndola una deducci\u00f3n de 6.000 \u20ac de gasto en Seguridad social, y por otro lado, recibir\u00e1 9.600 \u20ac de rendimientos de capital inmobiliario (de los que podr\u00e1 deducir como menor importe el gasto en Comunidad, Impuestos de Bienes Inmuebles,\u2026.etc., seg\u00fan cada caso) por tanto, recibir\u00e1 de ingresos totales 50.000 \u20ac -6.000 \u20ac+9.600 \u20ac =<strong>53.600\u00a0 euros.<\/strong><\/p>\n<p><img loading=\"lazy\" decoding=\"async\" class=\"alignnone size-full wp-image-5607\" src=\"https:\/\/www.billin.net\/blog\/wp-content\/uploads\/2017\/09\/deducciones-irpf.jpg\" alt=\"Qu\u00e9 son las deducciones IRPF\" width=\"850\" height=\"583\" srcset=\"https:\/\/www.billin.net\/blog\/wp-content\/uploads\/2017\/09\/deducciones-irpf.jpg 850w, https:\/\/www.billin.net\/blog\/wp-content\/uploads\/2017\/09\/deducciones-irpf-300x206.jpg 300w, https:\/\/www.billin.net\/blog\/wp-content\/uploads\/2017\/09\/deducciones-irpf-768x527.jpg 768w, https:\/\/www.billin.net\/blog\/wp-content\/uploads\/2017\/09\/deducciones-irpf-810x556.jpg 810w, https:\/\/www.billin.net\/blog\/wp-content\/uploads\/2017\/09\/deducciones-irpf-145x100.jpg 145w, https:\/\/www.billin.net\/blog\/wp-content\/uploads\/2017\/09\/deducciones-irpf-380x260.jpg 380w\" sizes=\"(max-width: 850px) 100vw, 850px\" \/><\/p>\n<h2><strong>Deducciones y reducciones en el IRPF: \u00bfQu\u00e9 son?<\/strong><\/h2>\n<p><strong>En el c\u00e1lculo del IRPF de un contribuyente,<\/strong> aparte, de incluir los <a href=\"https:\/\/www.billin.net\/glosario\/definicion-ingresos\/\">ingresos<\/a> que se obtienen, en sus variadas modalidades, como ya hemos comentado en el p\u00e1rrafo anterior, tambi\u00e9n se incluyen las reducciones y las deducciones.<\/p>\n<p>Las primeras son las que restan de la <a href=\"https:\/\/www.billin.net\/glosario\/definicion-base-imponible\/\">Base Imponible<\/a>, como por ejemplo, las pensiones compensatorias a favor del c\u00f3nyuge, o tambi\u00e9n, las anualidades de alimentos por hijo a cargo, mientras que, \u00a0las deducciones disminuir\u00e1n la cuota tributaria, como por ejemplo, la adquisici\u00f3n de vivienda habitual, pudiendo deducir hasta el 15% de las cuotas pagadas del pr\u00e9stamo hipotecario vinculado a la compra de la vivienda.<\/p>\n<p>Pues bien, una vez aplicada toda la normativa necesaria, para el c\u00e1lculo del tramo de escala, si observamos la siguiente tabla comprobaremos la situaci\u00f3n que le corresponde seg\u00fan la base liquidable \u00a0calculada y de la misma manera el porcentaje aplicable.<\/p>\n<h2><strong>Tablas de bases liquidables general y de ahorro<\/strong><\/h2>\n<p><strong>General:<\/strong><\/p>\n<table style=\"height: 282px;\" width=\"841\" class=\"mtr-table mtr-tr-td\">\n<tbody>\n<tr>\n<td width=\"126\" data-mtr-content=\"Base liquidable\" class=\"mtr-td-tag\"><div class=\"mtr-cell-content\">Base liquidable<\/div><\/td>\n<td width=\"126\" data-mtr-content=\"Cuota \u00edntegra\" class=\"mtr-td-tag\"><div class=\"mtr-cell-content\">Cuota \u00edntegra<\/div><\/td>\n<td width=\"126\" data-mtr-content=\"Resto base liquidable\" class=\"mtr-td-tag\"><div class=\"mtr-cell-content\">Resto base liquidable<\/div><\/td>\n<td width=\"126\" data-mtr-content=\"Tipo aplicable\" class=\"mtr-td-tag\"><div class=\"mtr-cell-content\">Tipo aplicable<\/div><\/td>\n<\/tr>\n<tr>\n<td width=\"126\" data-mtr-content=\"Base liquidable\" class=\"mtr-td-tag\"><div class=\"mtr-cell-content\">Hasta euros<\/div><\/td>\n<td width=\"126\" data-mtr-content=\"Cuota \u00edntegra\" class=\"mtr-td-tag\"><div class=\"mtr-cell-content\">Euros<\/div><\/td>\n<td width=\"126\" data-mtr-content=\"Resto base liquidable\" class=\"mtr-td-tag\"><div class=\"mtr-cell-content\">Hasta euros<\/div><\/td>\n<td width=\"126\" data-mtr-content=\"Tipo aplicable\" class=\"mtr-td-tag\"><div class=\"mtr-cell-content\">Porcentaje<\/div><\/td>\n<\/tr>\n<tr>\n<td width=\"126\" data-mtr-content=\"Base liquidable\" class=\"mtr-td-tag\"><div class=\"mtr-cell-content\">0,00<\/div><\/td>\n<td width=\"126\" data-mtr-content=\"Cuota \u00edntegra\" class=\"mtr-td-tag\"><div class=\"mtr-cell-content\">0,00<\/div><\/td>\n<td width=\"126\" data-mtr-content=\"Resto base liquidable\" class=\"mtr-td-tag\"><div class=\"mtr-cell-content\">12.450,00<\/div><\/td>\n<td width=\"126\" data-mtr-content=\"Tipo aplicable\" class=\"mtr-td-tag\"><div class=\"mtr-cell-content\">9,50<\/div><\/td>\n<\/tr>\n<tr>\n<td width=\"126\" data-mtr-content=\"Base liquidable\" class=\"mtr-td-tag\"><div class=\"mtr-cell-content\">12.450,00<\/div><\/td>\n<td width=\"126\" data-mtr-content=\"Cuota \u00edntegra\" class=\"mtr-td-tag\"><div class=\"mtr-cell-content\">1.182,75<\/div><\/td>\n<td width=\"126\" data-mtr-content=\"Resto base liquidable\" class=\"mtr-td-tag\"><div class=\"mtr-cell-content\">7.750,00<\/div><\/td>\n<td width=\"126\" data-mtr-content=\"Tipo aplicable\" class=\"mtr-td-tag\"><div class=\"mtr-cell-content\">12,00<\/div><\/td>\n<\/tr>\n<tr>\n<td width=\"126\" data-mtr-content=\"Base liquidable\" class=\"mtr-td-tag\"><div class=\"mtr-cell-content\">20.200,00<\/div><\/td>\n<td width=\"126\" data-mtr-content=\"Cuota \u00edntegra\" class=\"mtr-td-tag\"><div class=\"mtr-cell-content\">2.112,75<\/div><\/td>\n<td width=\"126\" data-mtr-content=\"Resto base liquidable\" class=\"mtr-td-tag\"><div class=\"mtr-cell-content\">15.000,00<\/div><\/td>\n<td width=\"126\" data-mtr-content=\"Tipo aplicable\" class=\"mtr-td-tag\"><div class=\"mtr-cell-content\">15,00<\/div><\/td>\n<\/tr>\n<tr>\n<td width=\"126\" data-mtr-content=\"Base liquidable\" class=\"mtr-td-tag\"><div class=\"mtr-cell-content\">35.200,00<\/div><\/td>\n<td width=\"126\" data-mtr-content=\"Cuota \u00edntegra\" class=\"mtr-td-tag\"><div class=\"mtr-cell-content\">4.362,75<\/div><\/td>\n<td width=\"126\" data-mtr-content=\"Resto base liquidable\" class=\"mtr-td-tag\"><div class=\"mtr-cell-content\">24.800,00<\/div><\/td>\n<td width=\"126\" data-mtr-content=\"Tipo aplicable\" class=\"mtr-td-tag\"><div class=\"mtr-cell-content\">18,50<\/div><\/td>\n<\/tr>\n<tr>\n<td width=\"126\" data-mtr-content=\"Base liquidable\" class=\"mtr-td-tag\"><div class=\"mtr-cell-content\">60.000,00<\/div><\/td>\n<td width=\"126\" data-mtr-content=\"Cuota \u00edntegra\" class=\"mtr-td-tag\"><div class=\"mtr-cell-content\">8.950,75<\/div><\/td>\n<td width=\"126\" data-mtr-content=\"Resto base liquidable\" class=\"mtr-td-tag\"><div class=\"mtr-cell-content\">En adelante<\/div><\/td>\n<td width=\"126\" data-mtr-content=\"Tipo aplicable\" class=\"mtr-td-tag\"><div class=\"mtr-cell-content\">22,50<\/div><\/td>\n<\/tr>\n<\/tbody>\n<\/table>\n<p><strong>Ahorro:<\/strong><\/p>\n<table style=\"height: 189px;\" width=\"835\" class=\"mtr-table mtr-tr-td\">\n<tbody>\n<tr>\n<td width=\"126\" data-mtr-content=\"Base liquidable ahorro\" class=\"mtr-td-tag\"><div class=\"mtr-cell-content\">Base liquidable ahorro<\/div><\/td>\n<td width=\"126\" data-mtr-content=\"Cuota \u00edntegra\" class=\"mtr-td-tag\"><div class=\"mtr-cell-content\">Cuota \u00edntegra<\/div><\/td>\n<td width=\"126\" data-mtr-content=\"Resto base liquidable\" class=\"mtr-td-tag\"><div class=\"mtr-cell-content\">Resto base liquidable<\/div><\/td>\n<td width=\"126\" data-mtr-content=\"Tipo aplicable\" class=\"mtr-td-tag\"><div class=\"mtr-cell-content\">Tipo aplicable<\/div><\/td>\n<\/tr>\n<tr>\n<td width=\"126\" data-mtr-content=\"Base liquidable ahorro\" class=\"mtr-td-tag\"><div class=\"mtr-cell-content\">0,00<\/div><\/td>\n<td width=\"126\" data-mtr-content=\"Cuota \u00edntegra\" class=\"mtr-td-tag\"><div class=\"mtr-cell-content\">0<\/div><\/td>\n<td width=\"126\" data-mtr-content=\"Resto base liquidable\" class=\"mtr-td-tag\"><div class=\"mtr-cell-content\">6.000<\/div><\/td>\n<td width=\"126\" data-mtr-content=\"Tipo aplicable\" class=\"mtr-td-tag\"><div class=\"mtr-cell-content\">19<\/div><\/td>\n<\/tr>\n<tr>\n<td width=\"126\" data-mtr-content=\"Base liquidable ahorro\" class=\"mtr-td-tag\"><div class=\"mtr-cell-content\">6.000,00<\/div><\/td>\n<td width=\"126\" data-mtr-content=\"Cuota \u00edntegra\" class=\"mtr-td-tag\"><div class=\"mtr-cell-content\">570<\/div><\/td>\n<td width=\"126\" data-mtr-content=\"Resto base liquidable\" class=\"mtr-td-tag\"><div class=\"mtr-cell-content\">44.000<\/div><\/td>\n<td width=\"126\" data-mtr-content=\"Tipo aplicable\" class=\"mtr-td-tag\"><div class=\"mtr-cell-content\">21<\/div><\/td>\n<\/tr>\n<tr>\n<td width=\"126\" data-mtr-content=\"Base liquidable ahorro\" class=\"mtr-td-tag\"><div class=\"mtr-cell-content\">50.000,00<\/div><\/td>\n<td width=\"126\" data-mtr-content=\"Cuota \u00edntegra\" class=\"mtr-td-tag\"><div class=\"mtr-cell-content\">5.190<\/div><\/td>\n<td width=\"126\" data-mtr-content=\"Resto base liquidable\" class=\"mtr-td-tag\"><div class=\"mtr-cell-content\">En adelante<\/div><\/td>\n<td width=\"126\" data-mtr-content=\"Tipo aplicable\" class=\"mtr-td-tag\"><div class=\"mtr-cell-content\">23<\/div><\/td>\n<\/tr>\n<\/tbody>\n<\/table>\n<p>As\u00ed se obtiene la <strong>cuota \u00edntegra <\/strong>(definida como el importe resultante de <strong>aplicar el tipo impositivo IRPF<\/strong> de gravamen a la base liquidable y aplicar los m\u00ednimos correspondientes), a la cantidad obtenida le aplicaremos las deducciones correspondientes, si las hubiese (por ejemplos donativos, que se aplicar\u00e1 hasta el 50% de las cantidades invertidas), obteniendo as\u00ed la <strong>cuota l\u00edquida.<\/strong><\/p>\n<p>Posteriormente se aplicar\u00e1 el gravamen auton\u00f3mico (seg\u00fan a la CCAA que resida) llegando as\u00ed a la <strong>cuota diferencial,<\/strong> que ser\u00e1 el resultado de minorar la cuota l\u00edquida total del impuesto los siguientes importes, como la deducci\u00f3n por maternidad y familia numerosa, las retenciones\u2026 etc. Por tanto, finalmente, esta <strong>cuota diferencial<\/strong> es el resultado a <strong>ingresar o a devolver del Impuesto sobre la Renta de las Personas F\u00edsicas.<\/strong><\/p>\n<p><img loading=\"lazy\" decoding=\"async\" class=\"alignnone size-full wp-image-5606\" src=\"https:\/\/www.billin.net\/blog\/wp-content\/uploads\/2017\/09\/como-calcular-irpf.jpg\" alt=\"C\u00f3mo calcular el IPRF\" width=\"850\" height=\"527\" srcset=\"https:\/\/www.billin.net\/blog\/wp-content\/uploads\/2017\/09\/como-calcular-irpf.jpg 850w, https:\/\/www.billin.net\/blog\/wp-content\/uploads\/2017\/09\/como-calcular-irpf-300x186.jpg 300w, https:\/\/www.billin.net\/blog\/wp-content\/uploads\/2017\/09\/como-calcular-irpf-768x476.jpg 768w, https:\/\/www.billin.net\/blog\/wp-content\/uploads\/2017\/09\/como-calcular-irpf-810x502.jpg 810w\" sizes=\"(max-width: 850px) 100vw, 850px\" \/><\/p>\n<h3><strong>Ejemplo del c\u00e1lculo del rango impositivo seg\u00fan tramo escala IRPF<\/strong><\/h3>\n<p>Supongamos un contribuyente con las siguientes bases liquidables, \u00bfC\u00f3mo calculamos la cuota \u00edntegra estatal?<\/p>\n<p>Base liquidable general: 56.000 euros<\/p>\n<p>Base liquidable especial: 50.000 euros<\/p>\n<p><u>Soluci\u00f3n del ejemplo<\/u>:<\/p>\n<ul>\n<li>Para la base liquidable estatal: Los primeros 35.200 euros tendr\u00e1n una cuota \u00edntegra de 4.362,75 euros, y para el resto hasta 56.000 euros, ser\u00eda 20.800 euros por el tipo del 18,5 % seg\u00fan tabla dando un resultado de 3.848. En definitiva, la cuota \u00edntegra general = 4.632,75 + 3.848 = 8.210,75<\/li>\n<li>Para la base liquidable especial: Hasta los 6.000 euros primeros tributa al 19% dando una cuota de 1.140, el resto hasta 50.000 euros ser\u00eda 44.000 por el 21%, dando un total de cuota \u00edntegra especial de 1140 + 9.240 = 10.380<\/li>\n<\/ul>\n<p>Con este sencillo ejemplo, hemos aclarado <strong>como calcular los <a href=\"https:\/\/www.billin.net\/blog\/nuevas-tablas-irpf\/\" target=\"_blank\" rel=\"noopener noreferrer\">tramos IRPF<\/a> y a la vez el gravamen\u00a0 correspondiente a la situaci\u00f3n econ\u00f3mica, personal y familiar de cada contribuyente.<\/strong><\/p>\n<p><a href=\"https:\/\/www.billin.net\/calculadora-irpf\/\">Calcula tu IRPF<\/a>.<\/p>\n","protected":false},"excerpt":{"rendered":"<p>\u00bfQu\u00e9 son los tramos escalas IRPF y los rangos impositivos? \u00bfPara qu\u00e9 sirven? Te lo contamos de una manera sencilla, el tramo de escala IRPF nos dar\u00e1 a conocer el tipo impositivo que te corresponder\u00e1 gravar, \u00a0seg\u00fan tus rentas obtenidas durante el ejercicio que corresponda, en este caso 2017. Estos tramos impositivos IRPF, son, calculados [&hellip;]<\/p>\n","protected":false},"author":20,"featured_media":5605,"comment_status":"open","ping_status":"open","sticky":false,"template":"","format":"standard","meta":{"_acf_changed":false,"_et_pb_use_builder":"","_et_pb_old_content":"","_et_gb_content_width":"","om_disable_all_campaigns":false,"inline_featured_image":false,"footnotes":""},"categories":[1014],"tags":[],"class_list":{"0":"post-10447","1":"post","2":"type-post","3":"status-publish","4":"format-standard","5":"has-post-thumbnail","7":"category-fiscalidad"},"acf":{"selector_de_usuario":null,"fecha_de_revision":"20221116"},"yoast_head":"<!-- This site is optimized with the Yoast SEO plugin v27.1 - https:\/\/yoast.com\/product\/yoast-seo-wordpress\/ -->\n<title>Tramos escalas y rangos Impositivos IRPF | TeamSystem Facturas Billin<\/title>\n<meta name=\"description\" content=\"\u00bfQu\u00e9 son los tramos escalas IRPF y los rangos impositivos?\u00bfPara qu\u00e9 sirven? Te lo contamos de una manera f\u00e1cil, el tramo de escala IRPF y tipo impositivo.\" \/>\n<meta name=\"robots\" content=\"index, follow, max-snippet:-1, max-image-preview:large, max-video-preview:-1\" \/>\n<link rel=\"canonical\" href=\"https:\/\/www.billin.net\/blog\/tramos-escalas-rangos-impositivos-irpf\/\" \/>\n<meta property=\"og:locale\" content=\"es_ES\" \/>\n<meta property=\"og:type\" content=\"article\" \/>\n<meta property=\"og:title\" content=\"Tramos escalas y rangos Impositivos IRPF | TeamSystem Facturas Billin\" \/>\n<meta property=\"og:description\" content=\"\u00bfQu\u00e9 son los tramos escalas IRPF y los rangos impositivos?\u00bfPara qu\u00e9 sirven? Te lo contamos de una manera f\u00e1cil, el tramo de escala IRPF y tipo impositivo.\" \/>\n<meta property=\"og:url\" content=\"https:\/\/www.billin.net\/blog\/tramos-escalas-rangos-impositivos-irpf\/\" \/>\n<meta property=\"og:site_name\" content=\"Blog de TeamSystem Facturas Billin\" \/>\n<meta property=\"article:publisher\" content=\"https:\/\/www.facebook.com\/EsBillin\" \/>\n<meta property=\"article:published_time\" content=\"2017-09-29T22:00:00+00:00\" \/>\n<meta property=\"article:modified_time\" content=\"2025-09-25T19:01:43+00:00\" \/>\n<meta property=\"og:image\" content=\"https:\/\/www.billin.net\/blog\/wp-content\/uploads\/2017\/09\/tramos-irpf-escalas.jpg\" \/>\n\t<meta property=\"og:image:width\" content=\"850\" \/>\n\t<meta property=\"og:image:height\" content=\"567\" \/>\n\t<meta property=\"og:image:type\" content=\"image\/jpeg\" \/>\n<meta name=\"author\" content=\"Marcos De La Cueva - CEO TeamSystem Facturas Billin\" \/>\n<meta name=\"twitter:card\" content=\"summary_large_image\" \/>\n<meta name=\"twitter:creator\" content=\"@Billin_ES\" \/>\n<meta name=\"twitter:site\" content=\"@Billin_ES\" \/>\n<meta name=\"twitter:label1\" content=\"Escrito por\" \/>\n\t<meta name=\"twitter:data1\" content=\"Marcos De La Cueva - CEO TeamSystem Facturas Billin\" \/>\n\t<meta name=\"twitter:label2\" content=\"Tiempo de lectura\" \/>\n\t<meta name=\"twitter:data2\" content=\"5 minutos\" \/>\n<script type=\"application\/ld+json\" class=\"yoast-schema-graph\">{\"@context\":\"https:\/\/schema.org\",\"@graph\":[{\"@type\":\"Article\",\"@id\":\"https:\/\/www.billin.net\/blog\/tramos-escalas-rangos-impositivos-irpf\/#article\",\"isPartOf\":{\"@id\":\"https:\/\/www.billin.net\/blog\/tramos-escalas-rangos-impositivos-irpf\/\"},\"author\":{\"name\":\"Marcos De La Cueva - CEO TeamSystem Facturas Billin\",\"@id\":\"https:\/\/www.billin.net\/blog\/#\/schema\/person\/d0339ee6e869234614541b1e80a793e7\"},\"headline\":\"Tramos escalas y rangos Impositivos IRPF\",\"datePublished\":\"2017-09-29T22:00:00+00:00\",\"dateModified\":\"2025-09-25T19:01:43+00:00\",\"mainEntityOfPage\":{\"@id\":\"https:\/\/www.billin.net\/blog\/tramos-escalas-rangos-impositivos-irpf\/\"},\"wordCount\":782,\"commentCount\":0,\"publisher\":{\"@id\":\"https:\/\/www.billin.net\/blog\/#organization\"},\"image\":{\"@id\":\"https:\/\/www.billin.net\/blog\/tramos-escalas-rangos-impositivos-irpf\/#primaryimage\"},\"thumbnailUrl\":\"https:\/\/www.billin.net\/blog\/wp-content\/uploads\/2017\/09\/tramos-irpf-escalas.jpg\",\"articleSection\":[\"Fiscalidad\"],\"inLanguage\":\"es\",\"potentialAction\":[{\"@type\":\"CommentAction\",\"name\":\"Comment\",\"target\":[\"https:\/\/www.billin.net\/blog\/tramos-escalas-rangos-impositivos-irpf\/#respond\"]}]},{\"@type\":\"WebPage\",\"@id\":\"https:\/\/www.billin.net\/blog\/tramos-escalas-rangos-impositivos-irpf\/\",\"url\":\"https:\/\/www.billin.net\/blog\/tramos-escalas-rangos-impositivos-irpf\/\",\"name\":\"Tramos escalas y rangos Impositivos IRPF | TeamSystem Facturas Billin\",\"isPartOf\":{\"@id\":\"https:\/\/www.billin.net\/blog\/#website\"},\"primaryImageOfPage\":{\"@id\":\"https:\/\/www.billin.net\/blog\/tramos-escalas-rangos-impositivos-irpf\/#primaryimage\"},\"image\":{\"@id\":\"https:\/\/www.billin.net\/blog\/tramos-escalas-rangos-impositivos-irpf\/#primaryimage\"},\"thumbnailUrl\":\"https:\/\/www.billin.net\/blog\/wp-content\/uploads\/2017\/09\/tramos-irpf-escalas.jpg\",\"datePublished\":\"2017-09-29T22:00:00+00:00\",\"dateModified\":\"2025-09-25T19:01:43+00:00\",\"description\":\"\u00bfQu\u00e9 son los tramos escalas IRPF y los rangos impositivos?\u00bfPara qu\u00e9 sirven? Te lo contamos de una manera f\u00e1cil, el tramo de escala IRPF y tipo impositivo.\",\"breadcrumb\":{\"@id\":\"https:\/\/www.billin.net\/blog\/tramos-escalas-rangos-impositivos-irpf\/#breadcrumb\"},\"inLanguage\":\"es\",\"potentialAction\":[{\"@type\":\"ReadAction\",\"target\":[\"https:\/\/www.billin.net\/blog\/tramos-escalas-rangos-impositivos-irpf\/\"]}]},{\"@type\":\"ImageObject\",\"inLanguage\":\"es\",\"@id\":\"https:\/\/www.billin.net\/blog\/tramos-escalas-rangos-impositivos-irpf\/#primaryimage\",\"url\":\"https:\/\/www.billin.net\/blog\/wp-content\/uploads\/2017\/09\/tramos-irpf-escalas.jpg\",\"contentUrl\":\"https:\/\/www.billin.net\/blog\/wp-content\/uploads\/2017\/09\/tramos-irpf-escalas.jpg\",\"width\":850,\"height\":567,\"caption\":\"Tramos de IRPF y escalas\"},{\"@type\":\"BreadcrumbList\",\"@id\":\"https:\/\/www.billin.net\/blog\/tramos-escalas-rangos-impositivos-irpf\/#breadcrumb\",\"itemListElement\":[{\"@type\":\"ListItem\",\"position\":1,\"name\":\"Blog\",\"item\":\"https:\/\/www.billin.net\/blog\/\"},{\"@type\":\"ListItem\",\"position\":2,\"name\":\"Fiscalidad\",\"item\":\"https:\/\/www.billin.net\/blog\/fiscalidad\/\"},{\"@type\":\"ListItem\",\"position\":3,\"name\":\"Tramos escalas y rangos Impositivos IRPF\"}]},{\"@type\":\"WebSite\",\"@id\":\"https:\/\/www.billin.net\/blog\/#website\",\"url\":\"https:\/\/www.billin.net\/blog\/\",\"name\":\"Blog de Billin\",\"description\":\"Mantente informado con el blog de TeamSystem Facturas Billin:  facturaci\u00f3n, legislaci\u00f3n, contabilidad, management y toda la informaci\u00f3n \u00fatil para pymes y aut\u00f3nomos.\",\"publisher\":{\"@id\":\"https:\/\/www.billin.net\/blog\/#organization\"},\"potentialAction\":[{\"@type\":\"SearchAction\",\"target\":{\"@type\":\"EntryPoint\",\"urlTemplate\":\"https:\/\/www.billin.net\/blog\/?s={search_term_string}\"},\"query-input\":{\"@type\":\"PropertyValueSpecification\",\"valueRequired\":true,\"valueName\":\"search_term_string\"}}],\"inLanguage\":\"es\"},{\"@type\":\"Organization\",\"@id\":\"https:\/\/www.billin.net\/blog\/#organization\",\"name\":\"Billin\",\"alternateName\":\"Blog de Billin\",\"url\":\"https:\/\/www.billin.net\/blog\/\",\"logo\":{\"@type\":\"ImageObject\",\"inLanguage\":\"es\",\"@id\":\"https:\/\/www.billin.net\/blog\/#\/schema\/logo\/image\/\",\"url\":\"https:\/\/www.billin.net\/blog\/wp-content\/uploads\/2019\/06\/logotipo-billin-blog-1.png\",\"contentUrl\":\"https:\/\/www.billin.net\/blog\/wp-content\/uploads\/2019\/06\/logotipo-billin-blog-1.png\",\"width\":126,\"height\":50,\"caption\":\"Billin\"},\"image\":{\"@id\":\"https:\/\/www.billin.net\/blog\/#\/schema\/logo\/image\/\"},\"sameAs\":[\"https:\/\/www.facebook.com\/EsBillin\",\"https:\/\/x.com\/Billin_ES\",\"https:\/\/www.instagram.com\/billin_es\/\",\"https:\/\/www.linkedin.com\/company\/billin-spain\",\"https:\/\/www.youtube.com\/c\/BillinEsintercambiodefacturas\/\"],\"legalName\":\"MY EXPENSES SL\",\"contactPoint\":{\"@type\":\"ContactPoint\",\"telephone\":\"+34918318883\",\"contactType\":\"customer service\",\"email\":\"info@billin.eu\",\"availableLanguage\":\"es\"},\"foundingDate\":\"2015\",\"numberOfEmployees\":{\"@type\":\"QuantitativeValue\",\"minValue\":10,\"maxValue\":50},\"parentOrganization\":{\"@type\":\"Organization\",\"name\":\"TeamSystem\",\"url\":\"https:\/\/www.teamsystem.com\/\"},\"description\":\"Billin es el programa de facturaci\u00f3n online de TeamSystem para aut\u00f3nomos y pymes en Espa\u00f1a. Permite crear facturas, controlar gastos y cumplir con Verifactu.\",\"address\":{\"@type\":\"PostalAddress\",\"streetAddress\":\"Calle Arturo Soria, 336\",\"addressLocality\":\"Madrid\",\"addressRegion\":\"Madrid\",\"postalCode\":\"28033\",\"addressCountry\":\"ES\"}},{\"@type\":\"Person\",\"@id\":\"https:\/\/www.billin.net\/blog\/#\/schema\/person\/d0339ee6e869234614541b1e80a793e7\",\"name\":\"Marcos De La Cueva - CEO TeamSystem Facturas Billin\",\"image\":{\"@type\":\"ImageObject\",\"inLanguage\":\"es\",\"@id\":\"https:\/\/www.billin.net\/blog\/#\/schema\/person\/image\/\",\"url\":\"https:\/\/www.billin.net\/blog\/wp-content\/uploads\/2023\/10\/marcos-color-150x150.png\",\"contentUrl\":\"https:\/\/www.billin.net\/blog\/wp-content\/uploads\/2023\/10\/marcos-color-150x150.png\",\"caption\":\"Marcos De La Cueva - CEO TeamSystem Facturas Billin\"},\"description\":\"Licenciado en ADE por la Universidad Aut\u00f3noma de Madrid, Marcos De la Cueva es CEO y cofundador de TeamSystem Facturas Billin, un programa online que lleva m\u00e1s de 9 a\u00f1os ayudando a aut\u00f3nomos, peque\u00f1os negocios y gestor\u00edas a digitalizar sus presupuestos, facturas, tickets y gastos. \u00a0 Sobre Marcos De La Cueva \u00a0 Apasionado por el mundo empresarial y la tecnolog\u00eda, curs\u00f3 su M\u00e1ster de Finanzas en la Universidad Pontificia de Comillas y estuvo en el Programa de Cooperaci\u00f3n Educativa de la Universidad Aut\u00f3noma de Madrid. \u00a0 Marcos siempre ha tenido su objetivo claro: ayudar a la creaci\u00f3n de negocios financieramente sostenibles a trav\u00e9s de una herramienta de facturaci\u00f3n que les permita ahorrar tiempo y tener la contabilidad bajo control. \u00a0 Marcos De La Cueva en los medios \u2014 Noticia sobre Kit Digital y Ley Antifraude (VeriFactu) en El Economista. \u2014 Noticia sobre Kit Digital y factura electr\u00f3nica obligatoria en Diario Jur\u00eddico. \u2014 Noticia sobre el a\u00f1o de transici\u00f3n para la factura electr\u00f3nica en Muy Pymes. \u2014 Entrevista sobre factura electr\u00f3nica obligatoria en Canal Sur. \u2014 Noticia sobre el informe factura electr\u00f3nica de TeamSystem en Channel Partner. \u2014 Charla sobre productividad y Ley Crea y Crece en El Economista. \u2014 Charla sobre factura electr\u00f3nica obligatoria en Muy Pymes. \u2014 Charla sobre digitalizaci\u00f3n aut\u00f3nomos y productividad en esdiario. \u2014 Charla sobre productividad y factura electr\u00f3nica en La Raz\u00f3n. \u2014 Charla sobre factura electr\u00f3nica obligatoria en Aut\u00f3nomos y Emprendedores. \u2014 Entrevista sobre Ley Antifraude y Ley Crea y Crece en Expansi\u00f3n. \u2014 Entrevista sobre Ley Antifraude y Ley Crea y Crece en La Raz\u00f3n. \u2014 Entrevista sobre factura electr\u00f3nica obligatoria en El Economista. \u2014 Comunicado Billin y TeamSystem en Business Insider. \u2014 Entrevista en Econom\u00eda Digital. \u2014 Entrevista en Ideas para tu empresa de Vodafone. \u2014 Entrevista en M\u00e1sQradio. \u2014 Entrevista en Armas para emprender de El M\u00e9todo Gallardo. \u2014 Entrevista en KFund. \u2014 Entrevista en AXA Seguros Espa\u00f1a. \u2014 Entrevista en GestionaRadio. \u00a0 Marcos De La Cueva en eventos \u00a0 \u2014 Participaci\u00f3n como ponente en Accountex Espa\u00f1a 2023. \u00a0 Tem\u00e1ticas de especializaci\u00f3n \u00a0 negocios | startups | contabilidad| fiscalidad | empresas| asesor\u00edas| autonomos | emprendedores | peque\u00f1os negocios | econom\u00eda | ADE | pymes | desarrollo de negocio\u00a0\",\"sameAs\":[\"https:\/\/www.billin.net\/\",\"https:\/\/www.linkedin.com\/in\/marcos-de-la-cueva-19750ba3\/\"],\"url\":\"https:\/\/www.billin.net\/blog\/author\/marcosdelacueva\/\",\"jobTitle\":\"CEO y cofundador de TS Facturas Billin\"}]}<\/script>\n<!-- \/ Yoast SEO plugin. -->","yoast_head_json":{"title":"Tramos escalas y rangos Impositivos IRPF | TeamSystem Facturas Billin","description":"\u00bfQu\u00e9 son los tramos escalas IRPF y los rangos impositivos?\u00bfPara qu\u00e9 sirven? Te lo contamos de una manera f\u00e1cil, el tramo de escala IRPF y tipo impositivo.","robots":{"index":"index","follow":"follow","max-snippet":"max-snippet:-1","max-image-preview":"max-image-preview:large","max-video-preview":"max-video-preview:-1"},"canonical":"https:\/\/www.billin.net\/blog\/tramos-escalas-rangos-impositivos-irpf\/","og_locale":"es_ES","og_type":"article","og_title":"Tramos escalas y rangos Impositivos IRPF | TeamSystem Facturas Billin","og_description":"\u00bfQu\u00e9 son los tramos escalas IRPF y los rangos impositivos?\u00bfPara qu\u00e9 sirven? Te lo contamos de una manera f\u00e1cil, el tramo de escala IRPF y tipo impositivo.","og_url":"https:\/\/www.billin.net\/blog\/tramos-escalas-rangos-impositivos-irpf\/","og_site_name":"Blog de TeamSystem Facturas Billin","article_publisher":"https:\/\/www.facebook.com\/EsBillin","article_published_time":"2017-09-29T22:00:00+00:00","article_modified_time":"2025-09-25T19:01:43+00:00","og_image":[{"width":850,"height":567,"url":"https:\/\/www.billin.net\/blog\/wp-content\/uploads\/2017\/09\/tramos-irpf-escalas.jpg","type":"image\/jpeg"}],"author":"Marcos De La Cueva - CEO TeamSystem Facturas Billin","twitter_card":"summary_large_image","twitter_creator":"@Billin_ES","twitter_site":"@Billin_ES","twitter_misc":{"Escrito por":"Marcos De La Cueva - CEO TeamSystem Facturas Billin","Tiempo de lectura":"5 minutos"},"schema":{"@context":"https:\/\/schema.org","@graph":[{"@type":"Article","@id":"https:\/\/www.billin.net\/blog\/tramos-escalas-rangos-impositivos-irpf\/#article","isPartOf":{"@id":"https:\/\/www.billin.net\/blog\/tramos-escalas-rangos-impositivos-irpf\/"},"author":{"name":"Marcos De La Cueva - CEO TeamSystem Facturas Billin","@id":"https:\/\/www.billin.net\/blog\/#\/schema\/person\/d0339ee6e869234614541b1e80a793e7"},"headline":"Tramos escalas y rangos Impositivos IRPF","datePublished":"2017-09-29T22:00:00+00:00","dateModified":"2025-09-25T19:01:43+00:00","mainEntityOfPage":{"@id":"https:\/\/www.billin.net\/blog\/tramos-escalas-rangos-impositivos-irpf\/"},"wordCount":782,"commentCount":0,"publisher":{"@id":"https:\/\/www.billin.net\/blog\/#organization"},"image":{"@id":"https:\/\/www.billin.net\/blog\/tramos-escalas-rangos-impositivos-irpf\/#primaryimage"},"thumbnailUrl":"https:\/\/www.billin.net\/blog\/wp-content\/uploads\/2017\/09\/tramos-irpf-escalas.jpg","articleSection":["Fiscalidad"],"inLanguage":"es","potentialAction":[{"@type":"CommentAction","name":"Comment","target":["https:\/\/www.billin.net\/blog\/tramos-escalas-rangos-impositivos-irpf\/#respond"]}]},{"@type":"WebPage","@id":"https:\/\/www.billin.net\/blog\/tramos-escalas-rangos-impositivos-irpf\/","url":"https:\/\/www.billin.net\/blog\/tramos-escalas-rangos-impositivos-irpf\/","name":"Tramos escalas y rangos Impositivos IRPF | TeamSystem Facturas Billin","isPartOf":{"@id":"https:\/\/www.billin.net\/blog\/#website"},"primaryImageOfPage":{"@id":"https:\/\/www.billin.net\/blog\/tramos-escalas-rangos-impositivos-irpf\/#primaryimage"},"image":{"@id":"https:\/\/www.billin.net\/blog\/tramos-escalas-rangos-impositivos-irpf\/#primaryimage"},"thumbnailUrl":"https:\/\/www.billin.net\/blog\/wp-content\/uploads\/2017\/09\/tramos-irpf-escalas.jpg","datePublished":"2017-09-29T22:00:00+00:00","dateModified":"2025-09-25T19:01:43+00:00","description":"\u00bfQu\u00e9 son los tramos escalas IRPF y los rangos impositivos?\u00bfPara qu\u00e9 sirven? Te lo contamos de una manera f\u00e1cil, el tramo de escala IRPF y tipo impositivo.","breadcrumb":{"@id":"https:\/\/www.billin.net\/blog\/tramos-escalas-rangos-impositivos-irpf\/#breadcrumb"},"inLanguage":"es","potentialAction":[{"@type":"ReadAction","target":["https:\/\/www.billin.net\/blog\/tramos-escalas-rangos-impositivos-irpf\/"]}]},{"@type":"ImageObject","inLanguage":"es","@id":"https:\/\/www.billin.net\/blog\/tramos-escalas-rangos-impositivos-irpf\/#primaryimage","url":"https:\/\/www.billin.net\/blog\/wp-content\/uploads\/2017\/09\/tramos-irpf-escalas.jpg","contentUrl":"https:\/\/www.billin.net\/blog\/wp-content\/uploads\/2017\/09\/tramos-irpf-escalas.jpg","width":850,"height":567,"caption":"Tramos de IRPF y escalas"},{"@type":"BreadcrumbList","@id":"https:\/\/www.billin.net\/blog\/tramos-escalas-rangos-impositivos-irpf\/#breadcrumb","itemListElement":[{"@type":"ListItem","position":1,"name":"Blog","item":"https:\/\/www.billin.net\/blog\/"},{"@type":"ListItem","position":2,"name":"Fiscalidad","item":"https:\/\/www.billin.net\/blog\/fiscalidad\/"},{"@type":"ListItem","position":3,"name":"Tramos escalas y rangos Impositivos IRPF"}]},{"@type":"WebSite","@id":"https:\/\/www.billin.net\/blog\/#website","url":"https:\/\/www.billin.net\/blog\/","name":"Blog de Billin","description":"Mantente informado con el blog de TeamSystem Facturas Billin:  facturaci\u00f3n, legislaci\u00f3n, contabilidad, management y toda la informaci\u00f3n \u00fatil para pymes y aut\u00f3nomos.","publisher":{"@id":"https:\/\/www.billin.net\/blog\/#organization"},"potentialAction":[{"@type":"SearchAction","target":{"@type":"EntryPoint","urlTemplate":"https:\/\/www.billin.net\/blog\/?s={search_term_string}"},"query-input":{"@type":"PropertyValueSpecification","valueRequired":true,"valueName":"search_term_string"}}],"inLanguage":"es"},{"@type":"Organization","@id":"https:\/\/www.billin.net\/blog\/#organization","name":"Billin","alternateName":"Blog de Billin","url":"https:\/\/www.billin.net\/blog\/","logo":{"@type":"ImageObject","inLanguage":"es","@id":"https:\/\/www.billin.net\/blog\/#\/schema\/logo\/image\/","url":"https:\/\/www.billin.net\/blog\/wp-content\/uploads\/2019\/06\/logotipo-billin-blog-1.png","contentUrl":"https:\/\/www.billin.net\/blog\/wp-content\/uploads\/2019\/06\/logotipo-billin-blog-1.png","width":126,"height":50,"caption":"Billin"},"image":{"@id":"https:\/\/www.billin.net\/blog\/#\/schema\/logo\/image\/"},"sameAs":["https:\/\/www.facebook.com\/EsBillin","https:\/\/x.com\/Billin_ES","https:\/\/www.instagram.com\/billin_es\/","https:\/\/www.linkedin.com\/company\/billin-spain","https:\/\/www.youtube.com\/c\/BillinEsintercambiodefacturas\/"],"legalName":"MY EXPENSES SL","contactPoint":{"@type":"ContactPoint","telephone":"+34918318883","contactType":"customer service","email":"info@billin.eu","availableLanguage":"es"},"foundingDate":"2015","numberOfEmployees":{"@type":"QuantitativeValue","minValue":10,"maxValue":50},"parentOrganization":{"@type":"Organization","name":"TeamSystem","url":"https:\/\/www.teamsystem.com\/"},"description":"Billin es el programa de facturaci\u00f3n online de TeamSystem para aut\u00f3nomos y pymes en Espa\u00f1a. Permite crear facturas, controlar gastos y cumplir con Verifactu.","address":{"@type":"PostalAddress","streetAddress":"Calle Arturo Soria, 336","addressLocality":"Madrid","addressRegion":"Madrid","postalCode":"28033","addressCountry":"ES"}},{"@type":"Person","@id":"https:\/\/www.billin.net\/blog\/#\/schema\/person\/d0339ee6e869234614541b1e80a793e7","name":"Marcos De La Cueva - CEO TeamSystem Facturas Billin","image":{"@type":"ImageObject","inLanguage":"es","@id":"https:\/\/www.billin.net\/blog\/#\/schema\/person\/image\/","url":"https:\/\/www.billin.net\/blog\/wp-content\/uploads\/2023\/10\/marcos-color-150x150.png","contentUrl":"https:\/\/www.billin.net\/blog\/wp-content\/uploads\/2023\/10\/marcos-color-150x150.png","caption":"Marcos De La Cueva - CEO TeamSystem Facturas Billin"},"description":"Licenciado en ADE por la Universidad Aut\u00f3noma de Madrid, Marcos De la Cueva es CEO y cofundador de TeamSystem Facturas Billin, un programa online que lleva m\u00e1s de 9 a\u00f1os ayudando a aut\u00f3nomos, peque\u00f1os negocios y gestor\u00edas a digitalizar sus presupuestos, facturas, tickets y gastos. \u00a0 Sobre Marcos De La Cueva \u00a0 Apasionado por el mundo empresarial y la tecnolog\u00eda, curs\u00f3 su M\u00e1ster de Finanzas en la Universidad Pontificia de Comillas y estuvo en el Programa de Cooperaci\u00f3n Educativa de la Universidad Aut\u00f3noma de Madrid. \u00a0 Marcos siempre ha tenido su objetivo claro: ayudar a la creaci\u00f3n de negocios financieramente sostenibles a trav\u00e9s de una herramienta de facturaci\u00f3n que les permita ahorrar tiempo y tener la contabilidad bajo control. \u00a0 Marcos De La Cueva en los medios \u2014 Noticia sobre Kit Digital y Ley Antifraude (VeriFactu) en El Economista. \u2014 Noticia sobre Kit Digital y factura electr\u00f3nica obligatoria en Diario Jur\u00eddico. \u2014 Noticia sobre el a\u00f1o de transici\u00f3n para la factura electr\u00f3nica en Muy Pymes. \u2014 Entrevista sobre factura electr\u00f3nica obligatoria en Canal Sur. \u2014 Noticia sobre el informe factura electr\u00f3nica de TeamSystem en Channel Partner. \u2014 Charla sobre productividad y Ley Crea y Crece en El Economista. \u2014 Charla sobre factura electr\u00f3nica obligatoria en Muy Pymes. \u2014 Charla sobre digitalizaci\u00f3n aut\u00f3nomos y productividad en esdiario. \u2014 Charla sobre productividad y factura electr\u00f3nica en La Raz\u00f3n. \u2014 Charla sobre factura electr\u00f3nica obligatoria en Aut\u00f3nomos y Emprendedores. \u2014 Entrevista sobre Ley Antifraude y Ley Crea y Crece en Expansi\u00f3n. \u2014 Entrevista sobre Ley Antifraude y Ley Crea y Crece en La Raz\u00f3n. \u2014 Entrevista sobre factura electr\u00f3nica obligatoria en El Economista. \u2014 Comunicado Billin y TeamSystem en Business Insider. \u2014 Entrevista en Econom\u00eda Digital. \u2014 Entrevista en Ideas para tu empresa de Vodafone. \u2014 Entrevista en M\u00e1sQradio. \u2014 Entrevista en Armas para emprender de El M\u00e9todo Gallardo. \u2014 Entrevista en KFund. \u2014 Entrevista en AXA Seguros Espa\u00f1a. \u2014 Entrevista en GestionaRadio. \u00a0 Marcos De La Cueva en eventos \u00a0 \u2014 Participaci\u00f3n como ponente en Accountex Espa\u00f1a 2023. \u00a0 Tem\u00e1ticas de especializaci\u00f3n \u00a0 negocios | startups | contabilidad| fiscalidad | empresas| asesor\u00edas| autonomos | emprendedores | peque\u00f1os negocios | econom\u00eda | ADE | pymes | desarrollo de negocio\u00a0","sameAs":["https:\/\/www.billin.net\/","https:\/\/www.linkedin.com\/in\/marcos-de-la-cueva-19750ba3\/"],"url":"https:\/\/www.billin.net\/blog\/author\/marcosdelacueva\/","jobTitle":"CEO y cofundador de TS Facturas Billin"}]}},"_links":{"self":[{"href":"https:\/\/www.billin.net\/blog\/wp-json\/wp\/v2\/posts\/10447","targetHints":{"allow":["GET"]}}],"collection":[{"href":"https:\/\/www.billin.net\/blog\/wp-json\/wp\/v2\/posts"}],"about":[{"href":"https:\/\/www.billin.net\/blog\/wp-json\/wp\/v2\/types\/post"}],"author":[{"embeddable":true,"href":"https:\/\/www.billin.net\/blog\/wp-json\/wp\/v2\/users\/20"}],"replies":[{"embeddable":true,"href":"https:\/\/www.billin.net\/blog\/wp-json\/wp\/v2\/comments?post=10447"}],"version-history":[{"count":10,"href":"https:\/\/www.billin.net\/blog\/wp-json\/wp\/v2\/posts\/10447\/revisions"}],"predecessor-version":[{"id":27491,"href":"https:\/\/www.billin.net\/blog\/wp-json\/wp\/v2\/posts\/10447\/revisions\/27491"}],"wp:featuredmedia":[{"embeddable":true,"href":"https:\/\/www.billin.net\/blog\/wp-json\/wp\/v2\/media\/5605"}],"wp:attachment":[{"href":"https:\/\/www.billin.net\/blog\/wp-json\/wp\/v2\/media?parent=10447"}],"wp:term":[{"taxonomy":"category","embeddable":true,"href":"https:\/\/www.billin.net\/blog\/wp-json\/wp\/v2\/categories?post=10447"},{"taxonomy":"post_tag","embeddable":true,"href":"https:\/\/www.billin.net\/blog\/wp-json\/wp\/v2\/tags?post=10447"}],"curies":[{"name":"wp","href":"https:\/\/api.w.org\/{rel}","templated":true}]}}