{"id":10442,"date":"2017-10-17T00:00:00","date_gmt":"2017-10-16T22:00:00","guid":{"rendered":"https:\/\/www.billin.net\/blog\/facturar-autonomo-ilustrador-profesional-lo-necesitas-saber-2\/"},"modified":"2025-09-25T21:01:12","modified_gmt":"2025-09-25T19:01:12","slug":"facturar-autonomo-ilustrador-profesional-lo-necesitas-saber-2","status":"publish","type":"post","link":"https:\/\/www.billin.net\/blog\/facturar-autonomo-ilustrador-profesional-lo-necesitas-saber-2\/","title":{"rendered":"Facturar como aut\u00f3nomo y ser ilustrador profesional"},"content":{"rendered":"<p>Las nuevas tecnolog\u00edas est\u00e1n permitiendo que muchos <strong>ilustradores profesionales o dise\u00f1adores gr\u00e1ficos<\/strong> encuentren salida a su trabajo, m\u00e1s all\u00e1 de exposiciones, venta directa o trabajar para una sola empresa que quiera mejorar su imagen corporativa y comercial.<\/p>\n<p>Es por ello que existe la posibilidad de <strong>facturar como aut\u00f3nomo para cualquier trabajo de ilustrador, dise\u00f1ador gr\u00e1fico<\/strong> o cualquier empleo que tenga que ver con las artes digitales e impresas desde un punto de vista tanto art\u00edstico como comercial.<\/p>\n<p>Si en tu caso eres o quieres ser ilustrador profesional y quieres dedicarte a ello como aut\u00f3nomo, \u00a0te detallamos a continuaci\u00f3n todo lo que necesitas saber para <strong>darte de alta y facturar<\/strong> debidamente por tu trabajo.<!--more--><\/p>\n<h2>Darte de alta como aut\u00f3nomo ilustrador profesional<\/h2>\n<p>Tanto siendo aut\u00f3nomo por tu cuenta como si diriges una empresa especializada en <strong>dise\u00f1o gr\u00e1fico e ilustraci\u00f3n<\/strong>, lo primero de todo l\u00f3gicamente es darse de alta tanto en la Seguridad Social como en Hacienda.<\/p>\n<p>Todos los <strong>profesionales aut\u00f3nomos en Espa\u00f1a<\/strong> que quieren regularizar su situaci\u00f3n deben iniciar el proceso con este primer paso. Lo que debe hacerse es completar los modelos de solicitud de alta para presentarlos en Hacienda, concretamente los <a href=\"https:\/\/www.billin.net\/blog\/capitulo-guia-solicitud-nif-modelo-036\/\">modelos 036<\/a> y 037.<\/p>\n<h2>Darte de alta en la Actividad Profesional (IAE) como ilustrador o dise\u00f1ador gr\u00e1fico<\/h2>\n<p>Tanto los ilustradores profesionales c\u00f3mo los dise\u00f1adores gr\u00e1ficos deben identificar el <a href=\"https:\/\/www.billin.net\/blog\/epigrafes-autonomos\/\"><strong>Ep\u00edgrafe de la Actividad Profesional<\/strong><\/a> que se relaciona con su trabajo, es decir, el IAE.<\/p>\n<p>Como sucede en ocasiones, hay trabajos que no est\u00e1n delimitados de forma exacta, de manera que tiene que escogerse un ep\u00edgrafe que contenga o abarque las diferentes tareas que realizamos profesionalmente como artistas.<\/p>\n<p>Ponemos a continuaci\u00f3n los dos casos de ep\u00edgrafes m\u00e1s comunes para ilustradores profesionales:<\/p>\n<ul>\n<li><strong>Ep\u00edgrafe 861:<\/strong> En la Secci\u00f3n Segunda relativa a Actividades Profesionales, en la Division 8 que designa a los Profesionales relacionados con otros servicios, en la Agrupaci\u00f3n 86 de Profesiones liberales, art\u00edsticas y literarias y en el grupo 861, encontramos \u00abPintores, Escultores, Ceramistas, Artesanos, Grabadores y Artistas similares\u00bb. Aqu\u00ed es donde una gran cantidad de ilustradores considera que se identifica mejor la actividad profesional que desarrollan.<\/li>\n<li><strong>Ep\u00edgrafe 399:<\/strong> En realidad el ep\u00edgrafe anterior nombra \u00abartistas similares\u00bb una terminolog\u00eda algo ambigua para referirse a ilustradores o, sobre todo, dise\u00f1adores gr\u00e1ficos. Es por esta raz\u00f3n que el ep\u00edgrafe 399 referente a \u00abOtros Profesionales e Industrias Manufactureras\u00bb es tambi\u00e9n muy escogido para identificar un IAE al profesional del arte.<\/li>\n<\/ul>\n<h2>Facturar como ilustrador profesional aut\u00f3nomo<\/h2>\n<p>Como en todas las actividades profesionales, los <strong>ilustradores, dise\u00f1adores gr\u00e1ficos<\/strong> y el resto de aut\u00f3nomos dentro de este rango laboral, deben tener ciertas cosas en cuenta a la hora de facturar.<\/p>\n<p>Como siempre, hay que prestar atenci\u00f3n al Impuesto sobre la Renta de las Personas F\u00edsicas, es decir, el IRPF. En el caso de los ilustradores es de forma general el porcentaje a aplicar es del 15%, pero recordad que <strong>pod\u00e9is acogeros al 7%<\/strong> en el caso de que os hay\u00e1is dado de alta como nuevos aut\u00f3nomos.<\/p>\n<p>Tambi\u00e9n \u00a0hay que asignar un porcentaje al IVA de cada factura, que en estas profesiones es especial, porque <strong>en muchos casos se cede el derecho de autor<\/strong>. Seg\u00fan la ley, este tipo de trabajos implica la exenci\u00f3n del impuesto, de manera que las facturas no deben llevar IVA y esto se debe reflejar en las correspondientes declaraciones trimestrales.<\/p>\n<p>No obstante, hay una gran cantidad de excepciones como la elaboraci\u00f3n de un libro que requiere encuadernaci\u00f3n. En casos de este tipo el IVA fluct\u00faa <strong>de entre el m\u00ednimo del 4% hasta el 18%<\/strong>.<\/p>\n<p>Finalmente, hay que presentar modelos tributarios de forma trimestral y anual a la Agencia Tributaria, respecto a los trabajos, ingresos y gastos repercutidos, concretamente <a href=\"https:\/\/www.billin.net\/blog\/modelo-130\/\">Modelos 130<\/a> y el <a href=\"https:\/\/www.billin.net\/blog\/como-rellenar-modelo-303\/\">Modelo 303<\/a>.<\/p>\n","protected":false},"excerpt":{"rendered":"<p>Las nuevas tecnolog\u00edas est\u00e1n permitiendo que muchos ilustradores profesionales o dise\u00f1adores gr\u00e1ficos encuentren salida a su trabajo, m\u00e1s all\u00e1 de exposiciones, venta directa o trabajar para una sola empresa que quiera mejorar su imagen corporativa y comercial. Es por ello que existe la posibilidad de facturar como aut\u00f3nomo para cualquier trabajo de ilustrador, dise\u00f1ador gr\u00e1fico [&hellip;]<\/p>\n","protected":false},"author":20,"featured_media":5551,"comment_status":"open","ping_status":"open","sticky":false,"template":"","format":"standard","meta":{"_acf_changed":false,"_et_pb_use_builder":"","_et_pb_old_content":"","_et_gb_content_width":"","om_disable_all_campaigns":false,"inline_featured_image":false,"footnotes":""},"categories":[1015],"tags":[1380],"class_list":{"0":"post-10442","1":"post","2":"type-post","3":"status-publish","4":"format-standard","5":"has-post-thumbnail","7":"category-facturacion","8":"tag-autonomos"},"acf":{"selector_de_usuario":"","fecha_de_revision":"20230912"},"yoast_head":"<!-- This site is optimized with the Yoast SEO plugin v27.1 - https:\/\/yoast.com\/product\/yoast-seo-wordpress\/ -->\n<title>Facturar como aut\u00f3nomo y ser ilustrador profesional | TeamSystem Facturas Billin<\/title>\n<meta name=\"description\" content=\"Te explicamos todo lo que necesitas saber para trabajar como ilustrador o dise\u00f1ador gr\u00e1fico y facturar como aut\u00f3nomo profesional.\" \/>\n<meta name=\"robots\" content=\"index, follow, max-snippet:-1, max-image-preview:large, max-video-preview:-1\" \/>\n<link rel=\"canonical\" href=\"https:\/\/www.billin.net\/blog\/facturar-autonomo-ilustrador-profesional-lo-necesitas-saber-2\/\" \/>\n<meta property=\"og:locale\" content=\"es_ES\" \/>\n<meta property=\"og:type\" content=\"article\" \/>\n<meta property=\"og:title\" content=\"Facturar como aut\u00f3nomo y ser ilustrador profesional | TeamSystem Facturas Billin\" \/>\n<meta property=\"og:description\" content=\"Te explicamos todo lo que necesitas saber para trabajar como ilustrador o dise\u00f1ador gr\u00e1fico y facturar como aut\u00f3nomo profesional.\" \/>\n<meta property=\"og:url\" content=\"https:\/\/www.billin.net\/blog\/facturar-autonomo-ilustrador-profesional-lo-necesitas-saber-2\/\" \/>\n<meta property=\"og:site_name\" content=\"Blog de TeamSystem Facturas Billin\" \/>\n<meta property=\"article:publisher\" content=\"https:\/\/www.facebook.com\/EsBillin\" \/>\n<meta property=\"article:published_time\" content=\"2017-10-16T22:00:00+00:00\" \/>\n<meta property=\"article:modified_time\" content=\"2025-09-25T19:01:12+00:00\" \/>\n<meta property=\"og:image\" content=\"https:\/\/www.billin.net\/blog\/wp-content\/uploads\/2017\/09\/Facturar-como-aut\u00f3nomo-y-ser-ilustrador-profesional.jpg\" \/>\n\t<meta property=\"og:image:width\" content=\"1000\" \/>\n\t<meta property=\"og:image:height\" content=\"667\" \/>\n\t<meta property=\"og:image:type\" content=\"image\/jpeg\" \/>\n<meta name=\"author\" content=\"Marcos De La Cueva - CEO TeamSystem Facturas Billin\" \/>\n<meta name=\"twitter:card\" content=\"summary_large_image\" \/>\n<meta name=\"twitter:creator\" content=\"@Billin_ES\" \/>\n<meta name=\"twitter:site\" content=\"@Billin_ES\" \/>\n<meta name=\"twitter:label1\" content=\"Escrito por\" \/>\n\t<meta name=\"twitter:data1\" content=\"Marcos De La Cueva - CEO TeamSystem Facturas Billin\" \/>\n\t<meta name=\"twitter:label2\" content=\"Tiempo de lectura\" \/>\n\t<meta name=\"twitter:data2\" content=\"3 minutos\" \/>\n<script type=\"application\/ld+json\" class=\"yoast-schema-graph\">{\"@context\":\"https:\/\/schema.org\",\"@graph\":[{\"@type\":\"Article\",\"@id\":\"https:\/\/www.billin.net\/blog\/facturar-autonomo-ilustrador-profesional-lo-necesitas-saber-2\/#article\",\"isPartOf\":{\"@id\":\"https:\/\/www.billin.net\/blog\/facturar-autonomo-ilustrador-profesional-lo-necesitas-saber-2\/\"},\"author\":{\"name\":\"Marcos De La Cueva - CEO TeamSystem Facturas Billin\",\"@id\":\"https:\/\/www.billin.net\/blog\/#\/schema\/person\/d0339ee6e869234614541b1e80a793e7\"},\"headline\":\"Facturar como aut\u00f3nomo y ser ilustrador profesional\",\"datePublished\":\"2017-10-16T22:00:00+00:00\",\"dateModified\":\"2025-09-25T19:01:12+00:00\",\"mainEntityOfPage\":{\"@id\":\"https:\/\/www.billin.net\/blog\/facturar-autonomo-ilustrador-profesional-lo-necesitas-saber-2\/\"},\"wordCount\":662,\"commentCount\":13,\"publisher\":{\"@id\":\"https:\/\/www.billin.net\/blog\/#organization\"},\"image\":{\"@id\":\"https:\/\/www.billin.net\/blog\/facturar-autonomo-ilustrador-profesional-lo-necesitas-saber-2\/#primaryimage\"},\"thumbnailUrl\":\"https:\/\/www.billin.net\/blog\/wp-content\/uploads\/2017\/09\/Facturar-como-aut\u00f3nomo-y-ser-ilustrador-profesional.jpg\",\"keywords\":[\"Aut\u00f3nomos\"],\"articleSection\":[\"Facturaci\u00f3n\"],\"inLanguage\":\"es\",\"potentialAction\":[{\"@type\":\"CommentAction\",\"name\":\"Comment\",\"target\":[\"https:\/\/www.billin.net\/blog\/facturar-autonomo-ilustrador-profesional-lo-necesitas-saber-2\/#respond\"]}]},{\"@type\":\"WebPage\",\"@id\":\"https:\/\/www.billin.net\/blog\/facturar-autonomo-ilustrador-profesional-lo-necesitas-saber-2\/\",\"url\":\"https:\/\/www.billin.net\/blog\/facturar-autonomo-ilustrador-profesional-lo-necesitas-saber-2\/\",\"name\":\"Facturar como aut\u00f3nomo y ser ilustrador profesional | TeamSystem Facturas Billin\",\"isPartOf\":{\"@id\":\"https:\/\/www.billin.net\/blog\/#website\"},\"primaryImageOfPage\":{\"@id\":\"https:\/\/www.billin.net\/blog\/facturar-autonomo-ilustrador-profesional-lo-necesitas-saber-2\/#primaryimage\"},\"image\":{\"@id\":\"https:\/\/www.billin.net\/blog\/facturar-autonomo-ilustrador-profesional-lo-necesitas-saber-2\/#primaryimage\"},\"thumbnailUrl\":\"https:\/\/www.billin.net\/blog\/wp-content\/uploads\/2017\/09\/Facturar-como-aut\u00f3nomo-y-ser-ilustrador-profesional.jpg\",\"datePublished\":\"2017-10-16T22:00:00+00:00\",\"dateModified\":\"2025-09-25T19:01:12+00:00\",\"description\":\"Te explicamos todo lo que necesitas saber para trabajar como ilustrador o dise\u00f1ador gr\u00e1fico y facturar como aut\u00f3nomo profesional.\",\"breadcrumb\":{\"@id\":\"https:\/\/www.billin.net\/blog\/facturar-autonomo-ilustrador-profesional-lo-necesitas-saber-2\/#breadcrumb\"},\"inLanguage\":\"es\",\"potentialAction\":[{\"@type\":\"ReadAction\",\"target\":[\"https:\/\/www.billin.net\/blog\/facturar-autonomo-ilustrador-profesional-lo-necesitas-saber-2\/\"]}]},{\"@type\":\"ImageObject\",\"inLanguage\":\"es\",\"@id\":\"https:\/\/www.billin.net\/blog\/facturar-autonomo-ilustrador-profesional-lo-necesitas-saber-2\/#primaryimage\",\"url\":\"https:\/\/www.billin.net\/blog\/wp-content\/uploads\/2017\/09\/Facturar-como-aut\u00f3nomo-y-ser-ilustrador-profesional.jpg\",\"contentUrl\":\"https:\/\/www.billin.net\/blog\/wp-content\/uploads\/2017\/09\/Facturar-como-aut\u00f3nomo-y-ser-ilustrador-profesional.jpg\",\"width\":1000,\"height\":667,\"caption\":\"Facturar como aut\u00f3nomo y ser ilustrador profesional\"},{\"@type\":\"BreadcrumbList\",\"@id\":\"https:\/\/www.billin.net\/blog\/facturar-autonomo-ilustrador-profesional-lo-necesitas-saber-2\/#breadcrumb\",\"itemListElement\":[{\"@type\":\"ListItem\",\"position\":1,\"name\":\"Blog\",\"item\":\"https:\/\/www.billin.net\/blog\/\"},{\"@type\":\"ListItem\",\"position\":2,\"name\":\"Facturaci\u00f3n\",\"item\":\"https:\/\/www.billin.net\/blog\/facturacion\/\"},{\"@type\":\"ListItem\",\"position\":3,\"name\":\"Facturar como aut\u00f3nomo y ser ilustrador profesional\"}]},{\"@type\":\"WebSite\",\"@id\":\"https:\/\/www.billin.net\/blog\/#website\",\"url\":\"https:\/\/www.billin.net\/blog\/\",\"name\":\"Blog de Billin\",\"description\":\"Mantente informado con el blog de TeamSystem Facturas Billin:  facturaci\u00f3n, legislaci\u00f3n, contabilidad, management y toda la informaci\u00f3n \u00fatil para pymes y aut\u00f3nomos.\",\"publisher\":{\"@id\":\"https:\/\/www.billin.net\/blog\/#organization\"},\"potentialAction\":[{\"@type\":\"SearchAction\",\"target\":{\"@type\":\"EntryPoint\",\"urlTemplate\":\"https:\/\/www.billin.net\/blog\/?s={search_term_string}\"},\"query-input\":{\"@type\":\"PropertyValueSpecification\",\"valueRequired\":true,\"valueName\":\"search_term_string\"}}],\"inLanguage\":\"es\"},{\"@type\":\"Organization\",\"@id\":\"https:\/\/www.billin.net\/blog\/#organization\",\"name\":\"Billin\",\"alternateName\":\"Blog de Billin\",\"url\":\"https:\/\/www.billin.net\/blog\/\",\"logo\":{\"@type\":\"ImageObject\",\"inLanguage\":\"es\",\"@id\":\"https:\/\/www.billin.net\/blog\/#\/schema\/logo\/image\/\",\"url\":\"https:\/\/www.billin.net\/blog\/wp-content\/uploads\/2019\/06\/logotipo-billin-blog-1.png\",\"contentUrl\":\"https:\/\/www.billin.net\/blog\/wp-content\/uploads\/2019\/06\/logotipo-billin-blog-1.png\",\"width\":126,\"height\":50,\"caption\":\"Billin\"},\"image\":{\"@id\":\"https:\/\/www.billin.net\/blog\/#\/schema\/logo\/image\/\"},\"sameAs\":[\"https:\/\/www.facebook.com\/EsBillin\",\"https:\/\/x.com\/Billin_ES\",\"https:\/\/www.instagram.com\/billin_es\/\",\"https:\/\/www.linkedin.com\/company\/billin-spain\",\"https:\/\/www.youtube.com\/c\/BillinEsintercambiodefacturas\/\"],\"legalName\":\"MY EXPENSES SL\",\"contactPoint\":{\"@type\":\"ContactPoint\",\"telephone\":\"+34918318883\",\"contactType\":\"customer service\",\"email\":\"info@billin.eu\",\"availableLanguage\":\"es\"},\"foundingDate\":\"2015\",\"numberOfEmployees\":{\"@type\":\"QuantitativeValue\",\"minValue\":10,\"maxValue\":50},\"parentOrganization\":{\"@type\":\"Organization\",\"name\":\"TeamSystem\",\"url\":\"https:\/\/www.teamsystem.com\/\"},\"description\":\"Billin es el programa de facturaci\u00f3n online de TeamSystem para aut\u00f3nomos y pymes en Espa\u00f1a. Permite crear facturas, controlar gastos y cumplir con Verifactu.\",\"address\":{\"@type\":\"PostalAddress\",\"streetAddress\":\"Calle Arturo Soria, 336\",\"addressLocality\":\"Madrid\",\"addressRegion\":\"Madrid\",\"postalCode\":\"28033\",\"addressCountry\":\"ES\"}},{\"@type\":\"Person\",\"@id\":\"https:\/\/www.billin.net\/blog\/#\/schema\/person\/d0339ee6e869234614541b1e80a793e7\",\"name\":\"Marcos De La Cueva - CEO TeamSystem Facturas Billin\",\"image\":{\"@type\":\"ImageObject\",\"inLanguage\":\"es\",\"@id\":\"https:\/\/www.billin.net\/blog\/#\/schema\/person\/image\/\",\"url\":\"https:\/\/www.billin.net\/blog\/wp-content\/uploads\/2023\/10\/marcos-color-150x150.png\",\"contentUrl\":\"https:\/\/www.billin.net\/blog\/wp-content\/uploads\/2023\/10\/marcos-color-150x150.png\",\"caption\":\"Marcos De La Cueva - CEO TeamSystem Facturas Billin\"},\"description\":\"Licenciado en ADE por la Universidad Aut\u00f3noma de Madrid, Marcos De la Cueva es CEO y cofundador de TeamSystem Facturas Billin, un programa online que lleva m\u00e1s de 9 a\u00f1os ayudando a aut\u00f3nomos, peque\u00f1os negocios y gestor\u00edas a digitalizar sus presupuestos, facturas, tickets y gastos. \u00a0 Sobre Marcos De La Cueva \u00a0 Apasionado por el mundo empresarial y la tecnolog\u00eda, curs\u00f3 su M\u00e1ster de Finanzas en la Universidad Pontificia de Comillas y estuvo en el Programa de Cooperaci\u00f3n Educativa de la Universidad Aut\u00f3noma de Madrid. \u00a0 Marcos siempre ha tenido su objetivo claro: ayudar a la creaci\u00f3n de negocios financieramente sostenibles a trav\u00e9s de una herramienta de facturaci\u00f3n que les permita ahorrar tiempo y tener la contabilidad bajo control. \u00a0 Marcos De La Cueva en los medios \u2014 Noticia sobre Kit Digital y Ley Antifraude (VeriFactu) en El Economista. \u2014 Noticia sobre Kit Digital y factura electr\u00f3nica obligatoria en Diario Jur\u00eddico. \u2014 Noticia sobre el a\u00f1o de transici\u00f3n para la factura electr\u00f3nica en Muy Pymes. \u2014 Entrevista sobre factura electr\u00f3nica obligatoria en Canal Sur. \u2014 Noticia sobre el informe factura electr\u00f3nica de TeamSystem en Channel Partner. \u2014 Charla sobre productividad y Ley Crea y Crece en El Economista. \u2014 Charla sobre factura electr\u00f3nica obligatoria en Muy Pymes. \u2014 Charla sobre digitalizaci\u00f3n aut\u00f3nomos y productividad en esdiario. \u2014 Charla sobre productividad y factura electr\u00f3nica en La Raz\u00f3n. \u2014 Charla sobre factura electr\u00f3nica obligatoria en Aut\u00f3nomos y Emprendedores. \u2014 Entrevista sobre Ley Antifraude y Ley Crea y Crece en Expansi\u00f3n. \u2014 Entrevista sobre Ley Antifraude y Ley Crea y Crece en La Raz\u00f3n. \u2014 Entrevista sobre factura electr\u00f3nica obligatoria en El Economista. \u2014 Comunicado Billin y TeamSystem en Business Insider. \u2014 Entrevista en Econom\u00eda Digital. \u2014 Entrevista en Ideas para tu empresa de Vodafone. \u2014 Entrevista en M\u00e1sQradio. \u2014 Entrevista en Armas para emprender de El M\u00e9todo Gallardo. \u2014 Entrevista en KFund. \u2014 Entrevista en AXA Seguros Espa\u00f1a. \u2014 Entrevista en GestionaRadio. \u00a0 Marcos De La Cueva en eventos \u00a0 \u2014 Participaci\u00f3n como ponente en Accountex Espa\u00f1a 2023. \u00a0 Tem\u00e1ticas de especializaci\u00f3n \u00a0 negocios | startups | contabilidad| fiscalidad | empresas| asesor\u00edas| autonomos | emprendedores | peque\u00f1os negocios | econom\u00eda | ADE | pymes | desarrollo de negocio\u00a0\",\"sameAs\":[\"https:\/\/www.billin.net\/\",\"https:\/\/www.linkedin.com\/in\/marcos-de-la-cueva-19750ba3\/\"],\"url\":\"https:\/\/www.billin.net\/blog\/author\/marcosdelacueva\/\",\"jobTitle\":\"CEO y cofundador de TS Facturas Billin\"}]}<\/script>\n<!-- \/ Yoast SEO plugin. -->","yoast_head_json":{"title":"Facturar como aut\u00f3nomo y ser ilustrador profesional | TeamSystem Facturas Billin","description":"Te explicamos todo lo que necesitas saber para trabajar como ilustrador o dise\u00f1ador gr\u00e1fico y facturar como aut\u00f3nomo profesional.","robots":{"index":"index","follow":"follow","max-snippet":"max-snippet:-1","max-image-preview":"max-image-preview:large","max-video-preview":"max-video-preview:-1"},"canonical":"https:\/\/www.billin.net\/blog\/facturar-autonomo-ilustrador-profesional-lo-necesitas-saber-2\/","og_locale":"es_ES","og_type":"article","og_title":"Facturar como aut\u00f3nomo y ser ilustrador profesional | TeamSystem Facturas Billin","og_description":"Te explicamos todo lo que necesitas saber para trabajar como ilustrador o dise\u00f1ador gr\u00e1fico y facturar como aut\u00f3nomo profesional.","og_url":"https:\/\/www.billin.net\/blog\/facturar-autonomo-ilustrador-profesional-lo-necesitas-saber-2\/","og_site_name":"Blog de TeamSystem Facturas Billin","article_publisher":"https:\/\/www.facebook.com\/EsBillin","article_published_time":"2017-10-16T22:00:00+00:00","article_modified_time":"2025-09-25T19:01:12+00:00","og_image":[{"width":1000,"height":667,"url":"https:\/\/www.billin.net\/blog\/wp-content\/uploads\/2017\/09\/Facturar-como-aut\u00f3nomo-y-ser-ilustrador-profesional.jpg","type":"image\/jpeg"}],"author":"Marcos De La Cueva - CEO TeamSystem Facturas Billin","twitter_card":"summary_large_image","twitter_creator":"@Billin_ES","twitter_site":"@Billin_ES","twitter_misc":{"Escrito por":"Marcos De La Cueva - CEO TeamSystem Facturas Billin","Tiempo de lectura":"3 minutos"},"schema":{"@context":"https:\/\/schema.org","@graph":[{"@type":"Article","@id":"https:\/\/www.billin.net\/blog\/facturar-autonomo-ilustrador-profesional-lo-necesitas-saber-2\/#article","isPartOf":{"@id":"https:\/\/www.billin.net\/blog\/facturar-autonomo-ilustrador-profesional-lo-necesitas-saber-2\/"},"author":{"name":"Marcos De La Cueva - CEO TeamSystem Facturas Billin","@id":"https:\/\/www.billin.net\/blog\/#\/schema\/person\/d0339ee6e869234614541b1e80a793e7"},"headline":"Facturar como aut\u00f3nomo y ser ilustrador profesional","datePublished":"2017-10-16T22:00:00+00:00","dateModified":"2025-09-25T19:01:12+00:00","mainEntityOfPage":{"@id":"https:\/\/www.billin.net\/blog\/facturar-autonomo-ilustrador-profesional-lo-necesitas-saber-2\/"},"wordCount":662,"commentCount":13,"publisher":{"@id":"https:\/\/www.billin.net\/blog\/#organization"},"image":{"@id":"https:\/\/www.billin.net\/blog\/facturar-autonomo-ilustrador-profesional-lo-necesitas-saber-2\/#primaryimage"},"thumbnailUrl":"https:\/\/www.billin.net\/blog\/wp-content\/uploads\/2017\/09\/Facturar-como-aut\u00f3nomo-y-ser-ilustrador-profesional.jpg","keywords":["Aut\u00f3nomos"],"articleSection":["Facturaci\u00f3n"],"inLanguage":"es","potentialAction":[{"@type":"CommentAction","name":"Comment","target":["https:\/\/www.billin.net\/blog\/facturar-autonomo-ilustrador-profesional-lo-necesitas-saber-2\/#respond"]}]},{"@type":"WebPage","@id":"https:\/\/www.billin.net\/blog\/facturar-autonomo-ilustrador-profesional-lo-necesitas-saber-2\/","url":"https:\/\/www.billin.net\/blog\/facturar-autonomo-ilustrador-profesional-lo-necesitas-saber-2\/","name":"Facturar como aut\u00f3nomo y ser ilustrador profesional | TeamSystem Facturas Billin","isPartOf":{"@id":"https:\/\/www.billin.net\/blog\/#website"},"primaryImageOfPage":{"@id":"https:\/\/www.billin.net\/blog\/facturar-autonomo-ilustrador-profesional-lo-necesitas-saber-2\/#primaryimage"},"image":{"@id":"https:\/\/www.billin.net\/blog\/facturar-autonomo-ilustrador-profesional-lo-necesitas-saber-2\/#primaryimage"},"thumbnailUrl":"https:\/\/www.billin.net\/blog\/wp-content\/uploads\/2017\/09\/Facturar-como-aut\u00f3nomo-y-ser-ilustrador-profesional.jpg","datePublished":"2017-10-16T22:00:00+00:00","dateModified":"2025-09-25T19:01:12+00:00","description":"Te explicamos todo lo que necesitas saber para trabajar como ilustrador o dise\u00f1ador gr\u00e1fico y facturar como aut\u00f3nomo profesional.","breadcrumb":{"@id":"https:\/\/www.billin.net\/blog\/facturar-autonomo-ilustrador-profesional-lo-necesitas-saber-2\/#breadcrumb"},"inLanguage":"es","potentialAction":[{"@type":"ReadAction","target":["https:\/\/www.billin.net\/blog\/facturar-autonomo-ilustrador-profesional-lo-necesitas-saber-2\/"]}]},{"@type":"ImageObject","inLanguage":"es","@id":"https:\/\/www.billin.net\/blog\/facturar-autonomo-ilustrador-profesional-lo-necesitas-saber-2\/#primaryimage","url":"https:\/\/www.billin.net\/blog\/wp-content\/uploads\/2017\/09\/Facturar-como-aut\u00f3nomo-y-ser-ilustrador-profesional.jpg","contentUrl":"https:\/\/www.billin.net\/blog\/wp-content\/uploads\/2017\/09\/Facturar-como-aut\u00f3nomo-y-ser-ilustrador-profesional.jpg","width":1000,"height":667,"caption":"Facturar como aut\u00f3nomo y ser ilustrador profesional"},{"@type":"BreadcrumbList","@id":"https:\/\/www.billin.net\/blog\/facturar-autonomo-ilustrador-profesional-lo-necesitas-saber-2\/#breadcrumb","itemListElement":[{"@type":"ListItem","position":1,"name":"Blog","item":"https:\/\/www.billin.net\/blog\/"},{"@type":"ListItem","position":2,"name":"Facturaci\u00f3n","item":"https:\/\/www.billin.net\/blog\/facturacion\/"},{"@type":"ListItem","position":3,"name":"Facturar como aut\u00f3nomo y ser ilustrador profesional"}]},{"@type":"WebSite","@id":"https:\/\/www.billin.net\/blog\/#website","url":"https:\/\/www.billin.net\/blog\/","name":"Blog de Billin","description":"Mantente informado con el blog de TeamSystem Facturas Billin:  facturaci\u00f3n, legislaci\u00f3n, contabilidad, management y toda la informaci\u00f3n \u00fatil para pymes y aut\u00f3nomos.","publisher":{"@id":"https:\/\/www.billin.net\/blog\/#organization"},"potentialAction":[{"@type":"SearchAction","target":{"@type":"EntryPoint","urlTemplate":"https:\/\/www.billin.net\/blog\/?s={search_term_string}"},"query-input":{"@type":"PropertyValueSpecification","valueRequired":true,"valueName":"search_term_string"}}],"inLanguage":"es"},{"@type":"Organization","@id":"https:\/\/www.billin.net\/blog\/#organization","name":"Billin","alternateName":"Blog de Billin","url":"https:\/\/www.billin.net\/blog\/","logo":{"@type":"ImageObject","inLanguage":"es","@id":"https:\/\/www.billin.net\/blog\/#\/schema\/logo\/image\/","url":"https:\/\/www.billin.net\/blog\/wp-content\/uploads\/2019\/06\/logotipo-billin-blog-1.png","contentUrl":"https:\/\/www.billin.net\/blog\/wp-content\/uploads\/2019\/06\/logotipo-billin-blog-1.png","width":126,"height":50,"caption":"Billin"},"image":{"@id":"https:\/\/www.billin.net\/blog\/#\/schema\/logo\/image\/"},"sameAs":["https:\/\/www.facebook.com\/EsBillin","https:\/\/x.com\/Billin_ES","https:\/\/www.instagram.com\/billin_es\/","https:\/\/www.linkedin.com\/company\/billin-spain","https:\/\/www.youtube.com\/c\/BillinEsintercambiodefacturas\/"],"legalName":"MY EXPENSES SL","contactPoint":{"@type":"ContactPoint","telephone":"+34918318883","contactType":"customer service","email":"info@billin.eu","availableLanguage":"es"},"foundingDate":"2015","numberOfEmployees":{"@type":"QuantitativeValue","minValue":10,"maxValue":50},"parentOrganization":{"@type":"Organization","name":"TeamSystem","url":"https:\/\/www.teamsystem.com\/"},"description":"Billin es el programa de facturaci\u00f3n online de TeamSystem para aut\u00f3nomos y pymes en Espa\u00f1a. Permite crear facturas, controlar gastos y cumplir con Verifactu.","address":{"@type":"PostalAddress","streetAddress":"Calle Arturo Soria, 336","addressLocality":"Madrid","addressRegion":"Madrid","postalCode":"28033","addressCountry":"ES"}},{"@type":"Person","@id":"https:\/\/www.billin.net\/blog\/#\/schema\/person\/d0339ee6e869234614541b1e80a793e7","name":"Marcos De La Cueva - CEO TeamSystem Facturas Billin","image":{"@type":"ImageObject","inLanguage":"es","@id":"https:\/\/www.billin.net\/blog\/#\/schema\/person\/image\/","url":"https:\/\/www.billin.net\/blog\/wp-content\/uploads\/2023\/10\/marcos-color-150x150.png","contentUrl":"https:\/\/www.billin.net\/blog\/wp-content\/uploads\/2023\/10\/marcos-color-150x150.png","caption":"Marcos De La Cueva - CEO TeamSystem Facturas Billin"},"description":"Licenciado en ADE por la Universidad Aut\u00f3noma de Madrid, Marcos De la Cueva es CEO y cofundador de TeamSystem Facturas Billin, un programa online que lleva m\u00e1s de 9 a\u00f1os ayudando a aut\u00f3nomos, peque\u00f1os negocios y gestor\u00edas a digitalizar sus presupuestos, facturas, tickets y gastos. \u00a0 Sobre Marcos De La Cueva \u00a0 Apasionado por el mundo empresarial y la tecnolog\u00eda, curs\u00f3 su M\u00e1ster de Finanzas en la Universidad Pontificia de Comillas y estuvo en el Programa de Cooperaci\u00f3n Educativa de la Universidad Aut\u00f3noma de Madrid. \u00a0 Marcos siempre ha tenido su objetivo claro: ayudar a la creaci\u00f3n de negocios financieramente sostenibles a trav\u00e9s de una herramienta de facturaci\u00f3n que les permita ahorrar tiempo y tener la contabilidad bajo control. \u00a0 Marcos De La Cueva en los medios \u2014 Noticia sobre Kit Digital y Ley Antifraude (VeriFactu) en El Economista. \u2014 Noticia sobre Kit Digital y factura electr\u00f3nica obligatoria en Diario Jur\u00eddico. \u2014 Noticia sobre el a\u00f1o de transici\u00f3n para la factura electr\u00f3nica en Muy Pymes. \u2014 Entrevista sobre factura electr\u00f3nica obligatoria en Canal Sur. \u2014 Noticia sobre el informe factura electr\u00f3nica de TeamSystem en Channel Partner. \u2014 Charla sobre productividad y Ley Crea y Crece en El Economista. \u2014 Charla sobre factura electr\u00f3nica obligatoria en Muy Pymes. \u2014 Charla sobre digitalizaci\u00f3n aut\u00f3nomos y productividad en esdiario. \u2014 Charla sobre productividad y factura electr\u00f3nica en La Raz\u00f3n. \u2014 Charla sobre factura electr\u00f3nica obligatoria en Aut\u00f3nomos y Emprendedores. \u2014 Entrevista sobre Ley Antifraude y Ley Crea y Crece en Expansi\u00f3n. \u2014 Entrevista sobre Ley Antifraude y Ley Crea y Crece en La Raz\u00f3n. \u2014 Entrevista sobre factura electr\u00f3nica obligatoria en El Economista. \u2014 Comunicado Billin y TeamSystem en Business Insider. \u2014 Entrevista en Econom\u00eda Digital. \u2014 Entrevista en Ideas para tu empresa de Vodafone. \u2014 Entrevista en M\u00e1sQradio. \u2014 Entrevista en Armas para emprender de El M\u00e9todo Gallardo. \u2014 Entrevista en KFund. \u2014 Entrevista en AXA Seguros Espa\u00f1a. \u2014 Entrevista en GestionaRadio. \u00a0 Marcos De La Cueva en eventos \u00a0 \u2014 Participaci\u00f3n como ponente en Accountex Espa\u00f1a 2023. \u00a0 Tem\u00e1ticas de especializaci\u00f3n \u00a0 negocios | startups | contabilidad| fiscalidad | empresas| asesor\u00edas| autonomos | emprendedores | peque\u00f1os negocios | econom\u00eda | ADE | pymes | desarrollo de negocio\u00a0","sameAs":["https:\/\/www.billin.net\/","https:\/\/www.linkedin.com\/in\/marcos-de-la-cueva-19750ba3\/"],"url":"https:\/\/www.billin.net\/blog\/author\/marcosdelacueva\/","jobTitle":"CEO y cofundador de TS Facturas Billin"}]}},"_links":{"self":[{"href":"https:\/\/www.billin.net\/blog\/wp-json\/wp\/v2\/posts\/10442","targetHints":{"allow":["GET"]}}],"collection":[{"href":"https:\/\/www.billin.net\/blog\/wp-json\/wp\/v2\/posts"}],"about":[{"href":"https:\/\/www.billin.net\/blog\/wp-json\/wp\/v2\/types\/post"}],"author":[{"embeddable":true,"href":"https:\/\/www.billin.net\/blog\/wp-json\/wp\/v2\/users\/20"}],"replies":[{"embeddable":true,"href":"https:\/\/www.billin.net\/blog\/wp-json\/wp\/v2\/comments?post=10442"}],"version-history":[{"count":7,"href":"https:\/\/www.billin.net\/blog\/wp-json\/wp\/v2\/posts\/10442\/revisions"}],"predecessor-version":[{"id":27477,"href":"https:\/\/www.billin.net\/blog\/wp-json\/wp\/v2\/posts\/10442\/revisions\/27477"}],"wp:featuredmedia":[{"embeddable":true,"href":"https:\/\/www.billin.net\/blog\/wp-json\/wp\/v2\/media\/5551"}],"wp:attachment":[{"href":"https:\/\/www.billin.net\/blog\/wp-json\/wp\/v2\/media?parent=10442"}],"wp:term":[{"taxonomy":"category","embeddable":true,"href":"https:\/\/www.billin.net\/blog\/wp-json\/wp\/v2\/categories?post=10442"},{"taxonomy":"post_tag","embeddable":true,"href":"https:\/\/www.billin.net\/blog\/wp-json\/wp\/v2\/tags?post=10442"}],"curies":[{"name":"wp","href":"https:\/\/api.w.org\/{rel}","templated":true}]}}