{"id":10419,"date":"2017-09-13T00:00:00","date_gmt":"2017-09-12T22:00:00","guid":{"rendered":"https:\/\/www.billin.net\/blog\/mejor-pagar-la-cuota-minima-autonomos\/"},"modified":"2025-09-25T21:02:07","modified_gmt":"2025-09-25T19:02:07","slug":"mejor-pagar-la-cuota-minima-autonomos","status":"publish","type":"post","link":"https:\/\/www.billin.net\/blog\/mejor-pagar-la-cuota-minima-autonomos\/","title":{"rendered":"\u00bfEs mejor pagar la cuota m\u00ednima de aut\u00f3nomos?"},"content":{"rendered":"<p>Uno de los aspectos m\u00e1s importantes para el aut\u00f3nomo profesional durante toda su trayectoria laboral es <strong>la cuota de aut\u00f3nomos que escoge para su cotizaci\u00f3n<\/strong>. La gran mayor\u00eda de profesionales escoge pagar la cuota m\u00ednima, pero \u00bfes lo m\u00e1s recomendable?<\/p>\n<p>Te contamos cu\u00e1ndo es preferible escoger esta <a href=\"https:\/\/www.billin.net\/glosario\/cuota-autonomo\/\" target=\"_blank\" rel=\"noopener noreferrer\">cuota de aut\u00f3nomos<\/a> y cu\u00e1ndo deber\u00edas plantearte otra opci\u00f3n.<!--more--><\/p>\n<h2>La cuota m\u00ednima de aut\u00f3nomos para empezar un negocio<\/h2>\n<p><iframe loading=\"lazy\" width=\"560\" height=\"315\" src=\"https:\/\/www.youtube.com\/embed\/yvM0CiZYGUE\" title=\"YouTube video player\" frameborder=\"0\" allow=\"accelerometer; autoplay; clipboard-write; encrypted-media; gyroscope; picture-in-picture\" allowfullscreen><\/iframe>&nbsp;<\/p>\n<p>Para los <strong>aut\u00f3nomos profesionales que se han embarcado con su primer negocio<\/strong> o empresa, esta aventura presenta grandes dudas a nivel econ\u00f3mico. Por mucha confianza que tengas con tu idea de negocio, empezar en el mundo comercial no es f\u00e1cil.<\/p>\n<p>\u27a8\u00a0Consulta aqu\u00ed los <strong><a href=\"https:\/\/www.billin.net\/blog\/crear-una-empresa\/\" target=\"_blank\" rel=\"noopener noreferrer\">tramites para crear una empresa<\/a>.<\/strong><\/p>\n<p>Hay que establecer contactos profesionales que sirvan de base, buscar clientes importantes, encontrar el mejor equilibrio de productividad y rentabilidad&#8230;<\/p>\n<p>Dependiendo del negocio a desarrollar, <strong>este periodo puede durar varios a\u00f1os<\/strong>. Para hacer m\u00e1s f\u00e1cil los momentos iniciales, es posible disfrutar de la <a href=\"https:\/\/www.billin.net\/blog\/requisitos-cumplir-tarifa-plana\/\" target=\"_blank\" rel=\"noopener noreferrer\">tarifa plana de aut\u00f3nomos<\/a>, que rebaja la cuota a 50 euros al mes durante el primer a\u00f1o, mientras que los siguientes meses se va ampliando hasta llegar a la cuota que escoja finalmente el profesional.<\/p>\n<p>La <strong>cuota m\u00ednima sumada a los incentivos para aut\u00f3nomos<\/strong> es una gran ayuda para comenzar un negocio. Permite reducir al m\u00e1ximo la preocupaci\u00f3n por este coste fijo mensual y centrarse en hacer crecer el negocio.<\/p>\n<h2>Las situaciones familiares que favorecen una cuota mayor<\/h2>\n<p>Es importante que valores las situaciones de tu familia, para saber qu\u00e9 decisiones tomar con relaci\u00f3n a la cuota de aut\u00f3nomos. Por ejemplo, una pareja joven con los dos trabajando y que tienen pensado tener hijos, deben saber que (para ambos si son aut\u00f3nomos), la <strong><a href=\"https:\/\/www.billin.net\/blog\/derechos-maternidad-una-autonoma\/\" target=\"_blank\" rel=\"noopener noreferrer\">baja por maternidad<\/a> o paternidad <\/strong>ofrece un subsidio bas\u00e1ndonos en la cotizaci\u00f3n realizada.<\/p>\n<p>Las perspectivas de futuro son las que permiten identificar si la cuota de aut\u00f3nomos puede incrementarse o derivar hacia un importe superior, sin que suponga un coste excesivo para el aut\u00f3nomo.<\/p>\n<h2>La cuota de aut\u00f3nomos a partir de los 47 a\u00f1os<\/h2>\n<p>Hasta hace un tiempo, muchos aut\u00f3nomos profesionales solo optaban por la cuota m\u00e1xima cuando estaban <strong>a 15 a\u00f1os de la edad de jubilarse<\/strong>, ya que la ley expon\u00eda que solo se tendr\u00edan en cuenta estos a\u00f1os en el c\u00e1lculo de la pensi\u00f3n.<\/p>\n<p>Hoy en d\u00eda, sin embargo, <strong>a partir de los 47 a\u00f1os se limitan las modificaciones<\/strong> de la cuota de aut\u00f3nomos. Por lo que si bien a\u00fan existe la posibilidad de modificar parte de la cuota, la b\u00fasqueda de una pensi\u00f3n mucho m\u00e1s cuantiosa no debe retrasarse a una edad tan avanzada.<\/p>\n<h2>Los planes de pensiones complementarios<\/h2>\n<p>No obstante, tienes alternativas. <strong>Los <a href=\"https:\/\/www.billin.net\/glosario\/definicion-plan-de-pensiones\/\" target=\"_blank\" rel=\"noopener noreferrer\">planes de pensiones<\/a> pueden servir como complemento<\/strong> para construir un futuro mucho m\u00e1s atractivo a nivel econ\u00f3mico, acorde a las posibilidades que tengas en tu presupuesto mensual, sin tener que invertirlos directamente en tu cuota de aut\u00f3nomo profesional.<\/p>\n<p>La recomendaci\u00f3n general es la diversificaci\u00f3n. <strong>Buscar una cuota de aut\u00f3nomos asumible<\/strong>, combinada con la inversi\u00f3n privada, puede ofrecer en conjunto un futuro econ\u00f3mico m\u00e1s atractivo que apostar casi exclusivamente por una de las dos soluciones.<\/p>\n","protected":false},"excerpt":{"rendered":"<p>Uno de los aspectos m\u00e1s importantes para el aut\u00f3nomo profesional durante toda su trayectoria laboral es la cuota de aut\u00f3nomos que escoge para su cotizaci\u00f3n. La gran mayor\u00eda de profesionales escoge pagar la cuota m\u00ednima, pero \u00bfes lo m\u00e1s recomendable? Te contamos cu\u00e1ndo es preferible escoger esta cuota de aut\u00f3nomos y cu\u00e1ndo deber\u00edas plantearte otra [&hellip;]<\/p>\n","protected":false},"author":20,"featured_media":5287,"comment_status":"open","ping_status":"open","sticky":false,"template":"","format":"standard","meta":{"_acf_changed":false,"_et_pb_use_builder":"","_et_pb_old_content":"","_et_gb_content_width":"","om_disable_all_campaigns":false,"inline_featured_image":false,"footnotes":""},"categories":[1014],"tags":[1380],"class_list":{"0":"post-10419","1":"post","2":"type-post","3":"status-publish","4":"format-standard","5":"has-post-thumbnail","7":"category-fiscalidad","8":"tag-autonomos"},"acf":{"selector_de_usuario":null,"fecha_de_revision":"20210525"},"yoast_head":"<!-- This site is optimized with the Yoast SEO plugin v27.1 - https:\/\/yoast.com\/product\/yoast-seo-wordpress\/ -->\n<title>\u00bfEs mejor pagar la cuota m\u00ednima de aut\u00f3nomos? - Blog - TeamSystem Facturas Billin<\/title>\n<meta name=\"description\" content=\"Aproximadamente el 80% de los profesionales optan por la cuota m\u00ednima de aut\u00f3nomos, te contamos cu\u00e1ndo es mejor pagarla o acogerse a otra.\" \/>\n<meta name=\"robots\" content=\"index, follow, max-snippet:-1, max-image-preview:large, max-video-preview:-1\" \/>\n<link rel=\"canonical\" href=\"https:\/\/www.billin.net\/blog\/mejor-pagar-la-cuota-minima-autonomos\/\" \/>\n<meta property=\"og:locale\" content=\"es_ES\" \/>\n<meta property=\"og:type\" content=\"article\" \/>\n<meta property=\"og:title\" content=\"\u00bfEs mejor pagar la cuota m\u00ednima de aut\u00f3nomos? - Blog - TeamSystem Facturas Billin\" \/>\n<meta property=\"og:description\" content=\"Aproximadamente el 80% de los profesionales optan por la cuota m\u00ednima de aut\u00f3nomos, te contamos cu\u00e1ndo es mejor pagarla o acogerse a otra.\" \/>\n<meta property=\"og:url\" content=\"https:\/\/www.billin.net\/blog\/mejor-pagar-la-cuota-minima-autonomos\/\" \/>\n<meta property=\"og:site_name\" content=\"Blog de TeamSystem Facturas Billin\" \/>\n<meta property=\"article:publisher\" content=\"https:\/\/www.facebook.com\/EsBillin\" \/>\n<meta property=\"article:published_time\" content=\"2017-09-12T22:00:00+00:00\" \/>\n<meta property=\"article:modified_time\" content=\"2025-09-25T19:02:07+00:00\" \/>\n<meta property=\"og:image\" content=\"https:\/\/www.billin.net\/blog\/wp-content\/uploads\/2017\/08\/Es-mejor-pagar-la-cuota-m\u00ednima-de-aut\u00f3nomos.jpg\" \/>\n\t<meta property=\"og:image:width\" content=\"1000\" \/>\n\t<meta property=\"og:image:height\" content=\"667\" \/>\n\t<meta property=\"og:image:type\" content=\"image\/jpeg\" \/>\n<meta name=\"author\" content=\"Marcos De La Cueva - CEO TeamSystem Facturas Billin\" \/>\n<meta name=\"twitter:card\" content=\"summary_large_image\" \/>\n<meta name=\"twitter:creator\" content=\"@Billin_ES\" \/>\n<meta name=\"twitter:site\" content=\"@Billin_ES\" \/>\n<meta name=\"twitter:label1\" content=\"Escrito por\" \/>\n\t<meta name=\"twitter:data1\" content=\"Marcos De La Cueva - CEO TeamSystem Facturas Billin\" \/>\n\t<meta name=\"twitter:label2\" content=\"Tiempo de lectura\" \/>\n\t<meta name=\"twitter:data2\" content=\"3 minutos\" \/>\n<script type=\"application\/ld+json\" class=\"yoast-schema-graph\">{\"@context\":\"https:\/\/schema.org\",\"@graph\":[{\"@type\":\"Article\",\"@id\":\"https:\/\/www.billin.net\/blog\/mejor-pagar-la-cuota-minima-autonomos\/#article\",\"isPartOf\":{\"@id\":\"https:\/\/www.billin.net\/blog\/mejor-pagar-la-cuota-minima-autonomos\/\"},\"author\":{\"name\":\"Marcos De La Cueva - CEO TeamSystem Facturas Billin\",\"@id\":\"https:\/\/www.billin.net\/blog\/#\/schema\/person\/d0339ee6e869234614541b1e80a793e7\"},\"headline\":\"\u00bfEs mejor pagar la cuota m\u00ednima de aut\u00f3nomos?\",\"datePublished\":\"2017-09-12T22:00:00+00:00\",\"dateModified\":\"2025-09-25T19:02:07+00:00\",\"mainEntityOfPage\":{\"@id\":\"https:\/\/www.billin.net\/blog\/mejor-pagar-la-cuota-minima-autonomos\/\"},\"wordCount\":576,\"commentCount\":6,\"publisher\":{\"@id\":\"https:\/\/www.billin.net\/blog\/#organization\"},\"image\":{\"@id\":\"https:\/\/www.billin.net\/blog\/mejor-pagar-la-cuota-minima-autonomos\/#primaryimage\"},\"thumbnailUrl\":\"https:\/\/www.billin.net\/blog\/wp-content\/uploads\/2017\/08\/Es-mejor-pagar-la-cuota-m\u00ednima-de-aut\u00f3nomos.jpg\",\"keywords\":[\"Aut\u00f3nomos\"],\"articleSection\":[\"Fiscalidad\"],\"inLanguage\":\"es\",\"potentialAction\":[{\"@type\":\"CommentAction\",\"name\":\"Comment\",\"target\":[\"https:\/\/www.billin.net\/blog\/mejor-pagar-la-cuota-minima-autonomos\/#respond\"]}]},{\"@type\":\"WebPage\",\"@id\":\"https:\/\/www.billin.net\/blog\/mejor-pagar-la-cuota-minima-autonomos\/\",\"url\":\"https:\/\/www.billin.net\/blog\/mejor-pagar-la-cuota-minima-autonomos\/\",\"name\":\"\u00bfEs mejor pagar la cuota m\u00ednima de aut\u00f3nomos? - Blog - TeamSystem Facturas Billin\",\"isPartOf\":{\"@id\":\"https:\/\/www.billin.net\/blog\/#website\"},\"primaryImageOfPage\":{\"@id\":\"https:\/\/www.billin.net\/blog\/mejor-pagar-la-cuota-minima-autonomos\/#primaryimage\"},\"image\":{\"@id\":\"https:\/\/www.billin.net\/blog\/mejor-pagar-la-cuota-minima-autonomos\/#primaryimage\"},\"thumbnailUrl\":\"https:\/\/www.billin.net\/blog\/wp-content\/uploads\/2017\/08\/Es-mejor-pagar-la-cuota-m\u00ednima-de-aut\u00f3nomos.jpg\",\"datePublished\":\"2017-09-12T22:00:00+00:00\",\"dateModified\":\"2025-09-25T19:02:07+00:00\",\"description\":\"Aproximadamente el 80% de los profesionales optan por la cuota m\u00ednima de aut\u00f3nomos, te contamos cu\u00e1ndo es mejor pagarla o acogerse a otra.\",\"breadcrumb\":{\"@id\":\"https:\/\/www.billin.net\/blog\/mejor-pagar-la-cuota-minima-autonomos\/#breadcrumb\"},\"inLanguage\":\"es\",\"potentialAction\":[{\"@type\":\"ReadAction\",\"target\":[\"https:\/\/www.billin.net\/blog\/mejor-pagar-la-cuota-minima-autonomos\/\"]}]},{\"@type\":\"ImageObject\",\"inLanguage\":\"es\",\"@id\":\"https:\/\/www.billin.net\/blog\/mejor-pagar-la-cuota-minima-autonomos\/#primaryimage\",\"url\":\"https:\/\/www.billin.net\/blog\/wp-content\/uploads\/2017\/08\/Es-mejor-pagar-la-cuota-m\u00ednima-de-aut\u00f3nomos.jpg\",\"contentUrl\":\"https:\/\/www.billin.net\/blog\/wp-content\/uploads\/2017\/08\/Es-mejor-pagar-la-cuota-m\u00ednima-de-aut\u00f3nomos.jpg\",\"width\":1000,\"height\":667,\"caption\":\"cuota minima de autonomos\"},{\"@type\":\"BreadcrumbList\",\"@id\":\"https:\/\/www.billin.net\/blog\/mejor-pagar-la-cuota-minima-autonomos\/#breadcrumb\",\"itemListElement\":[{\"@type\":\"ListItem\",\"position\":1,\"name\":\"Blog\",\"item\":\"https:\/\/www.billin.net\/blog\/\"},{\"@type\":\"ListItem\",\"position\":2,\"name\":\"Fiscalidad\",\"item\":\"https:\/\/www.billin.net\/blog\/fiscalidad\/\"},{\"@type\":\"ListItem\",\"position\":3,\"name\":\"\u00bfEs mejor pagar la cuota m\u00ednima de aut\u00f3nomos?\"}]},{\"@type\":\"WebSite\",\"@id\":\"https:\/\/www.billin.net\/blog\/#website\",\"url\":\"https:\/\/www.billin.net\/blog\/\",\"name\":\"Blog de Billin\",\"description\":\"Mantente informado con el blog de TeamSystem Facturas Billin:  facturaci\u00f3n, legislaci\u00f3n, contabilidad, management y toda la informaci\u00f3n \u00fatil para pymes y aut\u00f3nomos.\",\"publisher\":{\"@id\":\"https:\/\/www.billin.net\/blog\/#organization\"},\"potentialAction\":[{\"@type\":\"SearchAction\",\"target\":{\"@type\":\"EntryPoint\",\"urlTemplate\":\"https:\/\/www.billin.net\/blog\/?s={search_term_string}\"},\"query-input\":{\"@type\":\"PropertyValueSpecification\",\"valueRequired\":true,\"valueName\":\"search_term_string\"}}],\"inLanguage\":\"es\"},{\"@type\":\"Organization\",\"@id\":\"https:\/\/www.billin.net\/blog\/#organization\",\"name\":\"Billin\",\"alternateName\":\"Blog de Billin\",\"url\":\"https:\/\/www.billin.net\/blog\/\",\"logo\":{\"@type\":\"ImageObject\",\"inLanguage\":\"es\",\"@id\":\"https:\/\/www.billin.net\/blog\/#\/schema\/logo\/image\/\",\"url\":\"https:\/\/www.billin.net\/blog\/wp-content\/uploads\/2019\/06\/logotipo-billin-blog-1.png\",\"contentUrl\":\"https:\/\/www.billin.net\/blog\/wp-content\/uploads\/2019\/06\/logotipo-billin-blog-1.png\",\"width\":126,\"height\":50,\"caption\":\"Billin\"},\"image\":{\"@id\":\"https:\/\/www.billin.net\/blog\/#\/schema\/logo\/image\/\"},\"sameAs\":[\"https:\/\/www.facebook.com\/EsBillin\",\"https:\/\/x.com\/Billin_ES\",\"https:\/\/www.instagram.com\/billin_es\/\",\"https:\/\/www.linkedin.com\/company\/billin-spain\",\"https:\/\/www.youtube.com\/c\/BillinEsintercambiodefacturas\/\"],\"legalName\":\"MY EXPENSES SL\",\"contactPoint\":{\"@type\":\"ContactPoint\",\"telephone\":\"+34918318883\",\"contactType\":\"customer service\",\"email\":\"info@billin.eu\",\"availableLanguage\":\"es\"},\"foundingDate\":\"2015\",\"numberOfEmployees\":{\"@type\":\"QuantitativeValue\",\"minValue\":10,\"maxValue\":50},\"parentOrganization\":{\"@type\":\"Organization\",\"name\":\"TeamSystem\",\"url\":\"https:\/\/www.teamsystem.com\/\"},\"description\":\"Billin es el programa de facturaci\u00f3n online de TeamSystem para aut\u00f3nomos y pymes en Espa\u00f1a. Permite crear facturas, controlar gastos y cumplir con Verifactu.\",\"address\":{\"@type\":\"PostalAddress\",\"streetAddress\":\"Calle Arturo Soria, 336\",\"addressLocality\":\"Madrid\",\"addressRegion\":\"Madrid\",\"postalCode\":\"28033\",\"addressCountry\":\"ES\"}},{\"@type\":\"Person\",\"@id\":\"https:\/\/www.billin.net\/blog\/#\/schema\/person\/d0339ee6e869234614541b1e80a793e7\",\"name\":\"Marcos De La Cueva - CEO TeamSystem Facturas Billin\",\"image\":{\"@type\":\"ImageObject\",\"inLanguage\":\"es\",\"@id\":\"https:\/\/www.billin.net\/blog\/#\/schema\/person\/image\/\",\"url\":\"https:\/\/www.billin.net\/blog\/wp-content\/uploads\/2023\/10\/marcos-color-150x150.png\",\"contentUrl\":\"https:\/\/www.billin.net\/blog\/wp-content\/uploads\/2023\/10\/marcos-color-150x150.png\",\"caption\":\"Marcos De La Cueva - CEO TeamSystem Facturas Billin\"},\"description\":\"Licenciado en ADE por la Universidad Aut\u00f3noma de Madrid, Marcos De la Cueva es CEO y cofundador de TeamSystem Facturas Billin, un programa online que lleva m\u00e1s de 9 a\u00f1os ayudando a aut\u00f3nomos, peque\u00f1os negocios y gestor\u00edas a digitalizar sus presupuestos, facturas, tickets y gastos. \u00a0 Sobre Marcos De La Cueva \u00a0 Apasionado por el mundo empresarial y la tecnolog\u00eda, curs\u00f3 su M\u00e1ster de Finanzas en la Universidad Pontificia de Comillas y estuvo en el Programa de Cooperaci\u00f3n Educativa de la Universidad Aut\u00f3noma de Madrid. \u00a0 Marcos siempre ha tenido su objetivo claro: ayudar a la creaci\u00f3n de negocios financieramente sostenibles a trav\u00e9s de una herramienta de facturaci\u00f3n que les permita ahorrar tiempo y tener la contabilidad bajo control. \u00a0 Marcos De La Cueva en los medios \u2014 Noticia sobre Kit Digital y Ley Antifraude (VeriFactu) en El Economista. \u2014 Noticia sobre Kit Digital y factura electr\u00f3nica obligatoria en Diario Jur\u00eddico. \u2014 Noticia sobre el a\u00f1o de transici\u00f3n para la factura electr\u00f3nica en Muy Pymes. \u2014 Entrevista sobre factura electr\u00f3nica obligatoria en Canal Sur. \u2014 Noticia sobre el informe factura electr\u00f3nica de TeamSystem en Channel Partner. \u2014 Charla sobre productividad y Ley Crea y Crece en El Economista. \u2014 Charla sobre factura electr\u00f3nica obligatoria en Muy Pymes. \u2014 Charla sobre digitalizaci\u00f3n aut\u00f3nomos y productividad en esdiario. \u2014 Charla sobre productividad y factura electr\u00f3nica en La Raz\u00f3n. \u2014 Charla sobre factura electr\u00f3nica obligatoria en Aut\u00f3nomos y Emprendedores. \u2014 Entrevista sobre Ley Antifraude y Ley Crea y Crece en Expansi\u00f3n. \u2014 Entrevista sobre Ley Antifraude y Ley Crea y Crece en La Raz\u00f3n. \u2014 Entrevista sobre factura electr\u00f3nica obligatoria en El Economista. \u2014 Comunicado Billin y TeamSystem en Business Insider. \u2014 Entrevista en Econom\u00eda Digital. \u2014 Entrevista en Ideas para tu empresa de Vodafone. \u2014 Entrevista en M\u00e1sQradio. \u2014 Entrevista en Armas para emprender de El M\u00e9todo Gallardo. \u2014 Entrevista en KFund. \u2014 Entrevista en AXA Seguros Espa\u00f1a. \u2014 Entrevista en GestionaRadio. \u00a0 Marcos De La Cueva en eventos \u00a0 \u2014 Participaci\u00f3n como ponente en Accountex Espa\u00f1a 2023. \u00a0 Tem\u00e1ticas de especializaci\u00f3n \u00a0 negocios | startups | contabilidad| fiscalidad | empresas| asesor\u00edas| autonomos | emprendedores | peque\u00f1os negocios | econom\u00eda | ADE | pymes | desarrollo de negocio\u00a0\",\"sameAs\":[\"https:\/\/www.billin.net\/\",\"https:\/\/www.linkedin.com\/in\/marcos-de-la-cueva-19750ba3\/\"],\"url\":\"https:\/\/www.billin.net\/blog\/author\/marcosdelacueva\/\",\"jobTitle\":\"CEO y cofundador de TS Facturas Billin\"}]}<\/script>\n<!-- \/ Yoast SEO plugin. -->","yoast_head_json":{"title":"\u00bfEs mejor pagar la cuota m\u00ednima de aut\u00f3nomos? - Blog - TeamSystem Facturas Billin","description":"Aproximadamente el 80% de los profesionales optan por la cuota m\u00ednima de aut\u00f3nomos, te contamos cu\u00e1ndo es mejor pagarla o acogerse a otra.","robots":{"index":"index","follow":"follow","max-snippet":"max-snippet:-1","max-image-preview":"max-image-preview:large","max-video-preview":"max-video-preview:-1"},"canonical":"https:\/\/www.billin.net\/blog\/mejor-pagar-la-cuota-minima-autonomos\/","og_locale":"es_ES","og_type":"article","og_title":"\u00bfEs mejor pagar la cuota m\u00ednima de aut\u00f3nomos? - Blog - TeamSystem Facturas Billin","og_description":"Aproximadamente el 80% de los profesionales optan por la cuota m\u00ednima de aut\u00f3nomos, te contamos cu\u00e1ndo es mejor pagarla o acogerse a otra.","og_url":"https:\/\/www.billin.net\/blog\/mejor-pagar-la-cuota-minima-autonomos\/","og_site_name":"Blog de TeamSystem Facturas Billin","article_publisher":"https:\/\/www.facebook.com\/EsBillin","article_published_time":"2017-09-12T22:00:00+00:00","article_modified_time":"2025-09-25T19:02:07+00:00","og_image":[{"width":1000,"height":667,"url":"https:\/\/www.billin.net\/blog\/wp-content\/uploads\/2017\/08\/Es-mejor-pagar-la-cuota-m\u00ednima-de-aut\u00f3nomos.jpg","type":"image\/jpeg"}],"author":"Marcos De La Cueva - CEO TeamSystem Facturas Billin","twitter_card":"summary_large_image","twitter_creator":"@Billin_ES","twitter_site":"@Billin_ES","twitter_misc":{"Escrito por":"Marcos De La Cueva - CEO TeamSystem Facturas Billin","Tiempo de lectura":"3 minutos"},"schema":{"@context":"https:\/\/schema.org","@graph":[{"@type":"Article","@id":"https:\/\/www.billin.net\/blog\/mejor-pagar-la-cuota-minima-autonomos\/#article","isPartOf":{"@id":"https:\/\/www.billin.net\/blog\/mejor-pagar-la-cuota-minima-autonomos\/"},"author":{"name":"Marcos De La Cueva - CEO TeamSystem Facturas Billin","@id":"https:\/\/www.billin.net\/blog\/#\/schema\/person\/d0339ee6e869234614541b1e80a793e7"},"headline":"\u00bfEs mejor pagar la cuota m\u00ednima de aut\u00f3nomos?","datePublished":"2017-09-12T22:00:00+00:00","dateModified":"2025-09-25T19:02:07+00:00","mainEntityOfPage":{"@id":"https:\/\/www.billin.net\/blog\/mejor-pagar-la-cuota-minima-autonomos\/"},"wordCount":576,"commentCount":6,"publisher":{"@id":"https:\/\/www.billin.net\/blog\/#organization"},"image":{"@id":"https:\/\/www.billin.net\/blog\/mejor-pagar-la-cuota-minima-autonomos\/#primaryimage"},"thumbnailUrl":"https:\/\/www.billin.net\/blog\/wp-content\/uploads\/2017\/08\/Es-mejor-pagar-la-cuota-m\u00ednima-de-aut\u00f3nomos.jpg","keywords":["Aut\u00f3nomos"],"articleSection":["Fiscalidad"],"inLanguage":"es","potentialAction":[{"@type":"CommentAction","name":"Comment","target":["https:\/\/www.billin.net\/blog\/mejor-pagar-la-cuota-minima-autonomos\/#respond"]}]},{"@type":"WebPage","@id":"https:\/\/www.billin.net\/blog\/mejor-pagar-la-cuota-minima-autonomos\/","url":"https:\/\/www.billin.net\/blog\/mejor-pagar-la-cuota-minima-autonomos\/","name":"\u00bfEs mejor pagar la cuota m\u00ednima de aut\u00f3nomos? - Blog - TeamSystem Facturas Billin","isPartOf":{"@id":"https:\/\/www.billin.net\/blog\/#website"},"primaryImageOfPage":{"@id":"https:\/\/www.billin.net\/blog\/mejor-pagar-la-cuota-minima-autonomos\/#primaryimage"},"image":{"@id":"https:\/\/www.billin.net\/blog\/mejor-pagar-la-cuota-minima-autonomos\/#primaryimage"},"thumbnailUrl":"https:\/\/www.billin.net\/blog\/wp-content\/uploads\/2017\/08\/Es-mejor-pagar-la-cuota-m\u00ednima-de-aut\u00f3nomos.jpg","datePublished":"2017-09-12T22:00:00+00:00","dateModified":"2025-09-25T19:02:07+00:00","description":"Aproximadamente el 80% de los profesionales optan por la cuota m\u00ednima de aut\u00f3nomos, te contamos cu\u00e1ndo es mejor pagarla o acogerse a otra.","breadcrumb":{"@id":"https:\/\/www.billin.net\/blog\/mejor-pagar-la-cuota-minima-autonomos\/#breadcrumb"},"inLanguage":"es","potentialAction":[{"@type":"ReadAction","target":["https:\/\/www.billin.net\/blog\/mejor-pagar-la-cuota-minima-autonomos\/"]}]},{"@type":"ImageObject","inLanguage":"es","@id":"https:\/\/www.billin.net\/blog\/mejor-pagar-la-cuota-minima-autonomos\/#primaryimage","url":"https:\/\/www.billin.net\/blog\/wp-content\/uploads\/2017\/08\/Es-mejor-pagar-la-cuota-m\u00ednima-de-aut\u00f3nomos.jpg","contentUrl":"https:\/\/www.billin.net\/blog\/wp-content\/uploads\/2017\/08\/Es-mejor-pagar-la-cuota-m\u00ednima-de-aut\u00f3nomos.jpg","width":1000,"height":667,"caption":"cuota minima de autonomos"},{"@type":"BreadcrumbList","@id":"https:\/\/www.billin.net\/blog\/mejor-pagar-la-cuota-minima-autonomos\/#breadcrumb","itemListElement":[{"@type":"ListItem","position":1,"name":"Blog","item":"https:\/\/www.billin.net\/blog\/"},{"@type":"ListItem","position":2,"name":"Fiscalidad","item":"https:\/\/www.billin.net\/blog\/fiscalidad\/"},{"@type":"ListItem","position":3,"name":"\u00bfEs mejor pagar la cuota m\u00ednima de aut\u00f3nomos?"}]},{"@type":"WebSite","@id":"https:\/\/www.billin.net\/blog\/#website","url":"https:\/\/www.billin.net\/blog\/","name":"Blog de Billin","description":"Mantente informado con el blog de TeamSystem Facturas Billin:  facturaci\u00f3n, legislaci\u00f3n, contabilidad, management y toda la informaci\u00f3n \u00fatil para pymes y aut\u00f3nomos.","publisher":{"@id":"https:\/\/www.billin.net\/blog\/#organization"},"potentialAction":[{"@type":"SearchAction","target":{"@type":"EntryPoint","urlTemplate":"https:\/\/www.billin.net\/blog\/?s={search_term_string}"},"query-input":{"@type":"PropertyValueSpecification","valueRequired":true,"valueName":"search_term_string"}}],"inLanguage":"es"},{"@type":"Organization","@id":"https:\/\/www.billin.net\/blog\/#organization","name":"Billin","alternateName":"Blog de Billin","url":"https:\/\/www.billin.net\/blog\/","logo":{"@type":"ImageObject","inLanguage":"es","@id":"https:\/\/www.billin.net\/blog\/#\/schema\/logo\/image\/","url":"https:\/\/www.billin.net\/blog\/wp-content\/uploads\/2019\/06\/logotipo-billin-blog-1.png","contentUrl":"https:\/\/www.billin.net\/blog\/wp-content\/uploads\/2019\/06\/logotipo-billin-blog-1.png","width":126,"height":50,"caption":"Billin"},"image":{"@id":"https:\/\/www.billin.net\/blog\/#\/schema\/logo\/image\/"},"sameAs":["https:\/\/www.facebook.com\/EsBillin","https:\/\/x.com\/Billin_ES","https:\/\/www.instagram.com\/billin_es\/","https:\/\/www.linkedin.com\/company\/billin-spain","https:\/\/www.youtube.com\/c\/BillinEsintercambiodefacturas\/"],"legalName":"MY EXPENSES SL","contactPoint":{"@type":"ContactPoint","telephone":"+34918318883","contactType":"customer service","email":"info@billin.eu","availableLanguage":"es"},"foundingDate":"2015","numberOfEmployees":{"@type":"QuantitativeValue","minValue":10,"maxValue":50},"parentOrganization":{"@type":"Organization","name":"TeamSystem","url":"https:\/\/www.teamsystem.com\/"},"description":"Billin es el programa de facturaci\u00f3n online de TeamSystem para aut\u00f3nomos y pymes en Espa\u00f1a. Permite crear facturas, controlar gastos y cumplir con Verifactu.","address":{"@type":"PostalAddress","streetAddress":"Calle Arturo Soria, 336","addressLocality":"Madrid","addressRegion":"Madrid","postalCode":"28033","addressCountry":"ES"}},{"@type":"Person","@id":"https:\/\/www.billin.net\/blog\/#\/schema\/person\/d0339ee6e869234614541b1e80a793e7","name":"Marcos De La Cueva - CEO TeamSystem Facturas Billin","image":{"@type":"ImageObject","inLanguage":"es","@id":"https:\/\/www.billin.net\/blog\/#\/schema\/person\/image\/","url":"https:\/\/www.billin.net\/blog\/wp-content\/uploads\/2023\/10\/marcos-color-150x150.png","contentUrl":"https:\/\/www.billin.net\/blog\/wp-content\/uploads\/2023\/10\/marcos-color-150x150.png","caption":"Marcos De La Cueva - CEO TeamSystem Facturas Billin"},"description":"Licenciado en ADE por la Universidad Aut\u00f3noma de Madrid, Marcos De la Cueva es CEO y cofundador de TeamSystem Facturas Billin, un programa online que lleva m\u00e1s de 9 a\u00f1os ayudando a aut\u00f3nomos, peque\u00f1os negocios y gestor\u00edas a digitalizar sus presupuestos, facturas, tickets y gastos. \u00a0 Sobre Marcos De La Cueva \u00a0 Apasionado por el mundo empresarial y la tecnolog\u00eda, curs\u00f3 su M\u00e1ster de Finanzas en la Universidad Pontificia de Comillas y estuvo en el Programa de Cooperaci\u00f3n Educativa de la Universidad Aut\u00f3noma de Madrid. \u00a0 Marcos siempre ha tenido su objetivo claro: ayudar a la creaci\u00f3n de negocios financieramente sostenibles a trav\u00e9s de una herramienta de facturaci\u00f3n que les permita ahorrar tiempo y tener la contabilidad bajo control. \u00a0 Marcos De La Cueva en los medios \u2014 Noticia sobre Kit Digital y Ley Antifraude (VeriFactu) en El Economista. \u2014 Noticia sobre Kit Digital y factura electr\u00f3nica obligatoria en Diario Jur\u00eddico. \u2014 Noticia sobre el a\u00f1o de transici\u00f3n para la factura electr\u00f3nica en Muy Pymes. \u2014 Entrevista sobre factura electr\u00f3nica obligatoria en Canal Sur. \u2014 Noticia sobre el informe factura electr\u00f3nica de TeamSystem en Channel Partner. \u2014 Charla sobre productividad y Ley Crea y Crece en El Economista. \u2014 Charla sobre factura electr\u00f3nica obligatoria en Muy Pymes. \u2014 Charla sobre digitalizaci\u00f3n aut\u00f3nomos y productividad en esdiario. \u2014 Charla sobre productividad y factura electr\u00f3nica en La Raz\u00f3n. \u2014 Charla sobre factura electr\u00f3nica obligatoria en Aut\u00f3nomos y Emprendedores. \u2014 Entrevista sobre Ley Antifraude y Ley Crea y Crece en Expansi\u00f3n. \u2014 Entrevista sobre Ley Antifraude y Ley Crea y Crece en La Raz\u00f3n. \u2014 Entrevista sobre factura electr\u00f3nica obligatoria en El Economista. \u2014 Comunicado Billin y TeamSystem en Business Insider. \u2014 Entrevista en Econom\u00eda Digital. \u2014 Entrevista en Ideas para tu empresa de Vodafone. \u2014 Entrevista en M\u00e1sQradio. \u2014 Entrevista en Armas para emprender de El M\u00e9todo Gallardo. \u2014 Entrevista en KFund. \u2014 Entrevista en AXA Seguros Espa\u00f1a. \u2014 Entrevista en GestionaRadio. \u00a0 Marcos De La Cueva en eventos \u00a0 \u2014 Participaci\u00f3n como ponente en Accountex Espa\u00f1a 2023. \u00a0 Tem\u00e1ticas de especializaci\u00f3n \u00a0 negocios | startups | contabilidad| fiscalidad | empresas| asesor\u00edas| autonomos | emprendedores | peque\u00f1os negocios | econom\u00eda | ADE | pymes | desarrollo de negocio\u00a0","sameAs":["https:\/\/www.billin.net\/","https:\/\/www.linkedin.com\/in\/marcos-de-la-cueva-19750ba3\/"],"url":"https:\/\/www.billin.net\/blog\/author\/marcosdelacueva\/","jobTitle":"CEO y cofundador de TS Facturas Billin"}]}},"_links":{"self":[{"href":"https:\/\/www.billin.net\/blog\/wp-json\/wp\/v2\/posts\/10419","targetHints":{"allow":["GET"]}}],"collection":[{"href":"https:\/\/www.billin.net\/blog\/wp-json\/wp\/v2\/posts"}],"about":[{"href":"https:\/\/www.billin.net\/blog\/wp-json\/wp\/v2\/types\/post"}],"author":[{"embeddable":true,"href":"https:\/\/www.billin.net\/blog\/wp-json\/wp\/v2\/users\/20"}],"replies":[{"embeddable":true,"href":"https:\/\/www.billin.net\/blog\/wp-json\/wp\/v2\/comments?post=10419"}],"version-history":[{"count":8,"href":"https:\/\/www.billin.net\/blog\/wp-json\/wp\/v2\/posts\/10419\/revisions"}],"predecessor-version":[{"id":27502,"href":"https:\/\/www.billin.net\/blog\/wp-json\/wp\/v2\/posts\/10419\/revisions\/27502"}],"wp:featuredmedia":[{"embeddable":true,"href":"https:\/\/www.billin.net\/blog\/wp-json\/wp\/v2\/media\/5287"}],"wp:attachment":[{"href":"https:\/\/www.billin.net\/blog\/wp-json\/wp\/v2\/media?parent=10419"}],"wp:term":[{"taxonomy":"category","embeddable":true,"href":"https:\/\/www.billin.net\/blog\/wp-json\/wp\/v2\/categories?post=10419"},{"taxonomy":"post_tag","embeddable":true,"href":"https:\/\/www.billin.net\/blog\/wp-json\/wp\/v2\/tags?post=10419"}],"curies":[{"name":"wp","href":"https:\/\/api.w.org\/{rel}","templated":true}]}}