{"id":10397,"date":"2017-08-14T00:00:00","date_gmt":"2017-08-13T22:00:00","guid":{"rendered":"https:\/\/www.billin.net\/blog\/cuanto-debo-pagar-cuota-autonomos\/"},"modified":"2025-09-25T21:02:48","modified_gmt":"2025-09-25T19:02:48","slug":"cuanto-debo-pagar-cuota-autonomos","status":"publish","type":"post","link":"https:\/\/www.billin.net\/blog\/cuanto-debo-pagar-cuota-autonomos\/","title":{"rendered":"\u00bfCu\u00e1nto debo pagar de cuota de aut\u00f3nomos?"},"content":{"rendered":"<p>Una de las grandes dudas de los profesionales que quieren hacerse aut\u00f3nomos o incluso de muchos que ya lo son, es <strong>cu\u00e1nto deben pagar de cuota de aut\u00f3nomos<\/strong>. Esta cuota es un pago mensual que se realiza por darse de alta en el R\u00e9gimen Especial de Trabajadores Aut\u00f3nomos (RETA), por tanto es obligatorio para todos los aut\u00f3nomos profesionales de Espa\u00f1a y se realiza todos los meses.<\/p>\n<p>La caracter\u00edstica m\u00e1s importante de esta cuota de aut\u00f3nomos es que <strong>es variable seg\u00fan las condiciones y decisiones del aut\u00f3nomo<\/strong>. A pesar de ello, la mayor\u00eda (aproximadamente el 80%) escoge pagar lo m\u00ednimo posible, lo que hace bastante f\u00e1cil identificar cu\u00e1l es la cuota de aut\u00f3nomos que se va a pagar en cada ocasi\u00f3n.<!--more--><\/p>\n<h2><a href=\"https:\/\/www.billin.net\/blog\/mejor-pagar-la-cuota-minima-autonomos\/\">Cuota m\u00ednima de aut\u00f3nomos<\/a><\/h2>\n<p>La cuota de aut\u00f3nomos, por tanto, es escogida por el propio profesional. La cantidad m\u00ednima implica pagar un 29,8% con respecto a la cotizaci\u00f3n m\u00ednima establecida. En la actualidad es de 919,80 euros, pero puede variar cada a\u00f1o, por tanto la cifra no permanece siempre igual.<\/p>\n<p>La <strong>cuota de aut\u00f3nomos en base a la cotizaci\u00f3n m\u00ednima<\/strong> es actualmente 275 euros. Este importe es lo que todos los aut\u00f3nomos deben pagar como m\u00ednimo por cotizar como profesionales por cuenta propia.<\/p>\n<h2>Tarifa plana de aut\u00f3nomos<\/h2>\n<p>Como os hemos explicado en anteriores art\u00edculos, es posible acogerse a una <strong>tarifa plana temporal para aut\u00f3nomos profesionales<\/strong>. Esta tarifa plana se ha ampliado con la nueva ley de aut\u00f3nomos y limita la cuota a 60 euros al mes durante 12 meses.<\/p>\n<p>Tras el primer periodo de tarifa plana, el importe sigue disfrutando de un 50% de la cuota m\u00ednima de aut\u00f3nomos durante 6 meses y de un 30% de descuento durante los siguientes 6 meses m\u00e1s.<\/p>\n<p>Utiliza nuestra calculadora para <a href=\"https:\/\/www.billin.net\/calculadora.cuota-autonomos\/\" target=\"_blank\" rel=\"noopener noreferrer\">calcular la cuota de aut\u00f3nomos<\/a><\/p>\n<div id=\"om-vvyat1xi2klnkax8wn0q-holder\"><\/div>\n<div id=\"om-vvyat1xi2klnkax8wn0q-holder\"><\/div>\n<div id=\"om-hdlslgru2wmj2bjk8x4h-holder\"><\/div>\n<div id=\"om-hdlslgru2wmj2bjk8x4h-holder\"><\/div>\n<p>&nbsp;<\/p>\n<h2>Cuotas de aut\u00f3nomos especiales<\/h2>\n<p>Se dan ocasiones especiales en las que cierta actividad profesional o categor\u00eda de aut\u00f3nomo requiere una cuota diferente. Los casos m\u00e1s comunes son los que tienen que ver con los <strong>aut\u00f3nomos societarios<\/strong> y con los aut\u00f3nomos que tienen a su cargo m\u00e1s de 10 profesionales.<\/p>\n<p>Estas categor\u00edas de aut\u00f3nomos han sufrido recientemente un incremento importante en la cuota de aut\u00f3nomo que deben pagar. En la actualidad tienen que hacer frente a un incremente de <strong>hasta un 20% m\u00e1s<\/strong> que los aut\u00f3nomos que se acogen a la cuota m\u00ednima.<\/p>\n<p>En la pr\u00e1ctica esto supone que si su base m\u00ednima de cotizaci\u00f3n est\u00e1 fijada en 1.152,80 euros, la cuota de aut\u00f3nomos que van a tener que pagar estos profesionales es de 344,69 euros al mes.<\/p>\n<h2>Cuotas de aut\u00f3nomos ampliadas<\/h2>\n<p>La cuota de aut\u00f3nomos que os hemos detallado es la m\u00ednima obligatoria, pero podr\u00eda ampliarse si con ella se quiere dar <strong>cobertura a situaciones excepcionales<\/strong>, por ejemplo, por accidente de trabajo (AT) o por enfermedades profesionales (EP).<\/p>\n<p>Exceptuando ciertas profesiones por alto riesgo de siniestralidad o a los aut\u00f3nomos profesionales dependientes, <strong>estas coberturas son opcionales<\/strong>. Permiten disfrutar de una remuneraci\u00f3n en caso de que se den estos supuestos, pero mensualmente hay que abonar una cantidad ligeramente superior a la cuota m\u00ednima.<\/p>\n<p>Actualmente la cuota se calcula en base al porcentaje que se quiera abonar por parte del aut\u00f3nomo, siendo posible en una horquilla <strong>entre el 1,3% y el 6,5%<\/strong>.<\/p>\n","protected":false},"excerpt":{"rendered":"<p>Una de las grandes dudas de los profesionales que quieren hacerse aut\u00f3nomos o incluso de muchos que ya lo son, es cu\u00e1nto deben pagar de cuota de aut\u00f3nomos. Esta cuota es un pago mensual que se realiza por darse de alta en el R\u00e9gimen Especial de Trabajadores Aut\u00f3nomos (RETA), por tanto es obligatorio para todos [&hellip;]<\/p>\n","protected":false},"author":20,"featured_media":5204,"comment_status":"open","ping_status":"open","sticky":false,"template":"","format":"standard","meta":{"_acf_changed":false,"_et_pb_use_builder":"","_et_pb_old_content":"","_et_gb_content_width":"","om_disable_all_campaigns":false,"inline_featured_image":false,"footnotes":""},"categories":[1014],"tags":[1380],"class_list":{"0":"post-10397","1":"post","2":"type-post","3":"status-publish","4":"format-standard","5":"has-post-thumbnail","7":"category-fiscalidad","8":"tag-autonomos"},"acf":{"selector_de_usuario":null,"fecha_de_revision":"20210325"},"yoast_head":"<!-- This site is optimized with the Yoast SEO plugin v27.1 - https:\/\/yoast.com\/product\/yoast-seo-wordpress\/ -->\n<title>\u00bfCu\u00e1nto debo pagar de cuota de aut\u00f3nomos? - Blog - TeamSystem Facturas Billin<\/title>\n<meta name=\"description\" content=\"Te explicamos cu\u00e1nto debes pagar de cuota de aut\u00f3nomos, qu\u00e9 condiciones especiales hay en la actualidad con esta cuota y qu\u00e9 ampliaciones puede sufrir.\" \/>\n<meta name=\"robots\" content=\"index, follow, max-snippet:-1, max-image-preview:large, max-video-preview:-1\" \/>\n<link rel=\"canonical\" href=\"https:\/\/www.billin.net\/blog\/cuanto-debo-pagar-cuota-autonomos\/\" \/>\n<meta property=\"og:locale\" content=\"es_ES\" \/>\n<meta property=\"og:type\" content=\"article\" \/>\n<meta property=\"og:title\" content=\"\u00bfCu\u00e1nto debo pagar de cuota de aut\u00f3nomos? - Blog - TeamSystem Facturas Billin\" \/>\n<meta property=\"og:description\" content=\"Te explicamos cu\u00e1nto debes pagar de cuota de aut\u00f3nomos, qu\u00e9 condiciones especiales hay en la actualidad con esta cuota y qu\u00e9 ampliaciones puede sufrir.\" \/>\n<meta property=\"og:url\" content=\"https:\/\/www.billin.net\/blog\/cuanto-debo-pagar-cuota-autonomos\/\" \/>\n<meta property=\"og:site_name\" content=\"Blog de TeamSystem Facturas Billin\" \/>\n<meta property=\"article:publisher\" content=\"https:\/\/www.facebook.com\/EsBillin\" \/>\n<meta property=\"article:published_time\" content=\"2017-08-13T22:00:00+00:00\" \/>\n<meta property=\"article:modified_time\" content=\"2025-09-25T19:02:48+00:00\" \/>\n<meta property=\"og:image\" content=\"https:\/\/www.billin.net\/blog\/wp-content\/uploads\/2017\/08\/Cu\u00e1nto-debo-pagar-de-cuota-de-aut\u00f3nomos.jpg\" \/>\n\t<meta property=\"og:image:width\" content=\"1000\" \/>\n\t<meta property=\"og:image:height\" content=\"667\" \/>\n\t<meta property=\"og:image:type\" content=\"image\/jpeg\" \/>\n<meta name=\"author\" content=\"Marcos De La Cueva - CEO TeamSystem Facturas Billin\" \/>\n<meta name=\"twitter:card\" content=\"summary_large_image\" \/>\n<meta name=\"twitter:creator\" content=\"@Billin_ES\" \/>\n<meta name=\"twitter:site\" content=\"@Billin_ES\" \/>\n<meta name=\"twitter:label1\" content=\"Escrito por\" \/>\n\t<meta name=\"twitter:data1\" content=\"Marcos De La Cueva - CEO TeamSystem Facturas Billin\" \/>\n\t<meta name=\"twitter:label2\" content=\"Tiempo de lectura\" \/>\n\t<meta name=\"twitter:data2\" content=\"3 minutos\" \/>\n<script type=\"application\/ld+json\" class=\"yoast-schema-graph\">{\"@context\":\"https:\/\/schema.org\",\"@graph\":[{\"@type\":\"Article\",\"@id\":\"https:\/\/www.billin.net\/blog\/cuanto-debo-pagar-cuota-autonomos\/#article\",\"isPartOf\":{\"@id\":\"https:\/\/www.billin.net\/blog\/cuanto-debo-pagar-cuota-autonomos\/\"},\"author\":{\"name\":\"Marcos De La Cueva - CEO TeamSystem Facturas Billin\",\"@id\":\"https:\/\/www.billin.net\/blog\/#\/schema\/person\/d0339ee6e869234614541b1e80a793e7\"},\"headline\":\"\u00bfCu\u00e1nto debo pagar de cuota de aut\u00f3nomos?\",\"datePublished\":\"2017-08-13T22:00:00+00:00\",\"dateModified\":\"2025-09-25T19:02:48+00:00\",\"mainEntityOfPage\":{\"@id\":\"https:\/\/www.billin.net\/blog\/cuanto-debo-pagar-cuota-autonomos\/\"},\"wordCount\":590,\"commentCount\":0,\"publisher\":{\"@id\":\"https:\/\/www.billin.net\/blog\/#organization\"},\"image\":{\"@id\":\"https:\/\/www.billin.net\/blog\/cuanto-debo-pagar-cuota-autonomos\/#primaryimage\"},\"thumbnailUrl\":\"https:\/\/www.billin.net\/blog\/wp-content\/uploads\/2017\/08\/Cu\u00e1nto-debo-pagar-de-cuota-de-aut\u00f3nomos.jpg\",\"keywords\":[\"Aut\u00f3nomos\"],\"articleSection\":[\"Fiscalidad\"],\"inLanguage\":\"es\",\"potentialAction\":[{\"@type\":\"CommentAction\",\"name\":\"Comment\",\"target\":[\"https:\/\/www.billin.net\/blog\/cuanto-debo-pagar-cuota-autonomos\/#respond\"]}]},{\"@type\":\"WebPage\",\"@id\":\"https:\/\/www.billin.net\/blog\/cuanto-debo-pagar-cuota-autonomos\/\",\"url\":\"https:\/\/www.billin.net\/blog\/cuanto-debo-pagar-cuota-autonomos\/\",\"name\":\"\u00bfCu\u00e1nto debo pagar de cuota de aut\u00f3nomos? - Blog - TeamSystem Facturas Billin\",\"isPartOf\":{\"@id\":\"https:\/\/www.billin.net\/blog\/#website\"},\"primaryImageOfPage\":{\"@id\":\"https:\/\/www.billin.net\/blog\/cuanto-debo-pagar-cuota-autonomos\/#primaryimage\"},\"image\":{\"@id\":\"https:\/\/www.billin.net\/blog\/cuanto-debo-pagar-cuota-autonomos\/#primaryimage\"},\"thumbnailUrl\":\"https:\/\/www.billin.net\/blog\/wp-content\/uploads\/2017\/08\/Cu\u00e1nto-debo-pagar-de-cuota-de-aut\u00f3nomos.jpg\",\"datePublished\":\"2017-08-13T22:00:00+00:00\",\"dateModified\":\"2025-09-25T19:02:48+00:00\",\"description\":\"Te explicamos cu\u00e1nto debes pagar de cuota de aut\u00f3nomos, qu\u00e9 condiciones especiales hay en la actualidad con esta cuota y qu\u00e9 ampliaciones puede sufrir.\",\"breadcrumb\":{\"@id\":\"https:\/\/www.billin.net\/blog\/cuanto-debo-pagar-cuota-autonomos\/#breadcrumb\"},\"inLanguage\":\"es\",\"potentialAction\":[{\"@type\":\"ReadAction\",\"target\":[\"https:\/\/www.billin.net\/blog\/cuanto-debo-pagar-cuota-autonomos\/\"]}]},{\"@type\":\"ImageObject\",\"inLanguage\":\"es\",\"@id\":\"https:\/\/www.billin.net\/blog\/cuanto-debo-pagar-cuota-autonomos\/#primaryimage\",\"url\":\"https:\/\/www.billin.net\/blog\/wp-content\/uploads\/2017\/08\/Cu\u00e1nto-debo-pagar-de-cuota-de-aut\u00f3nomos.jpg\",\"contentUrl\":\"https:\/\/www.billin.net\/blog\/wp-content\/uploads\/2017\/08\/Cu\u00e1nto-debo-pagar-de-cuota-de-aut\u00f3nomos.jpg\",\"width\":1000,\"height\":667,\"caption\":\"Cu\u00e1nto debo pagar de cuota de aut\u00f3nomos\"},{\"@type\":\"BreadcrumbList\",\"@id\":\"https:\/\/www.billin.net\/blog\/cuanto-debo-pagar-cuota-autonomos\/#breadcrumb\",\"itemListElement\":[{\"@type\":\"ListItem\",\"position\":1,\"name\":\"Blog\",\"item\":\"https:\/\/www.billin.net\/blog\/\"},{\"@type\":\"ListItem\",\"position\":2,\"name\":\"Fiscalidad\",\"item\":\"https:\/\/www.billin.net\/blog\/fiscalidad\/\"},{\"@type\":\"ListItem\",\"position\":3,\"name\":\"\u00bfCu\u00e1nto debo pagar de cuota de aut\u00f3nomos?\"}]},{\"@type\":\"WebSite\",\"@id\":\"https:\/\/www.billin.net\/blog\/#website\",\"url\":\"https:\/\/www.billin.net\/blog\/\",\"name\":\"Blog de Billin\",\"description\":\"Mantente informado con el blog de TeamSystem Facturas Billin:  facturaci\u00f3n, legislaci\u00f3n, contabilidad, management y toda la informaci\u00f3n \u00fatil para pymes y aut\u00f3nomos.\",\"publisher\":{\"@id\":\"https:\/\/www.billin.net\/blog\/#organization\"},\"potentialAction\":[{\"@type\":\"SearchAction\",\"target\":{\"@type\":\"EntryPoint\",\"urlTemplate\":\"https:\/\/www.billin.net\/blog\/?s={search_term_string}\"},\"query-input\":{\"@type\":\"PropertyValueSpecification\",\"valueRequired\":true,\"valueName\":\"search_term_string\"}}],\"inLanguage\":\"es\"},{\"@type\":\"Organization\",\"@id\":\"https:\/\/www.billin.net\/blog\/#organization\",\"name\":\"Billin\",\"alternateName\":\"Blog de Billin\",\"url\":\"https:\/\/www.billin.net\/blog\/\",\"logo\":{\"@type\":\"ImageObject\",\"inLanguage\":\"es\",\"@id\":\"https:\/\/www.billin.net\/blog\/#\/schema\/logo\/image\/\",\"url\":\"https:\/\/www.billin.net\/blog\/wp-content\/uploads\/2019\/06\/logotipo-billin-blog-1.png\",\"contentUrl\":\"https:\/\/www.billin.net\/blog\/wp-content\/uploads\/2019\/06\/logotipo-billin-blog-1.png\",\"width\":126,\"height\":50,\"caption\":\"Billin\"},\"image\":{\"@id\":\"https:\/\/www.billin.net\/blog\/#\/schema\/logo\/image\/\"},\"sameAs\":[\"https:\/\/www.facebook.com\/EsBillin\",\"https:\/\/x.com\/Billin_ES\",\"https:\/\/www.instagram.com\/billin_es\/\",\"https:\/\/www.linkedin.com\/company\/billin-spain\",\"https:\/\/www.youtube.com\/c\/BillinEsintercambiodefacturas\/\"],\"legalName\":\"MY EXPENSES SL\",\"contactPoint\":{\"@type\":\"ContactPoint\",\"telephone\":\"+34918318883\",\"contactType\":\"customer service\",\"email\":\"info@billin.eu\",\"availableLanguage\":\"es\"},\"foundingDate\":\"2015\",\"numberOfEmployees\":{\"@type\":\"QuantitativeValue\",\"minValue\":10,\"maxValue\":50},\"parentOrganization\":{\"@type\":\"Organization\",\"name\":\"TeamSystem\",\"url\":\"https:\/\/www.teamsystem.com\/\"},\"description\":\"Billin es el programa de facturaci\u00f3n online de TeamSystem para aut\u00f3nomos y pymes en Espa\u00f1a. Permite crear facturas, controlar gastos y cumplir con Verifactu.\",\"address\":{\"@type\":\"PostalAddress\",\"streetAddress\":\"Calle Arturo Soria, 336\",\"addressLocality\":\"Madrid\",\"addressRegion\":\"Madrid\",\"postalCode\":\"28033\",\"addressCountry\":\"ES\"}},{\"@type\":\"Person\",\"@id\":\"https:\/\/www.billin.net\/blog\/#\/schema\/person\/d0339ee6e869234614541b1e80a793e7\",\"name\":\"Marcos De La Cueva - CEO TeamSystem Facturas Billin\",\"image\":{\"@type\":\"ImageObject\",\"inLanguage\":\"es\",\"@id\":\"https:\/\/www.billin.net\/blog\/#\/schema\/person\/image\/\",\"url\":\"https:\/\/www.billin.net\/blog\/wp-content\/uploads\/2023\/10\/marcos-color-150x150.png\",\"contentUrl\":\"https:\/\/www.billin.net\/blog\/wp-content\/uploads\/2023\/10\/marcos-color-150x150.png\",\"caption\":\"Marcos De La Cueva - CEO TeamSystem Facturas Billin\"},\"description\":\"Licenciado en ADE por la Universidad Aut\u00f3noma de Madrid, Marcos De la Cueva es CEO y cofundador de TeamSystem Facturas Billin, un programa online que lleva m\u00e1s de 9 a\u00f1os ayudando a aut\u00f3nomos, peque\u00f1os negocios y gestor\u00edas a digitalizar sus presupuestos, facturas, tickets y gastos. \u00a0 Sobre Marcos De La Cueva \u00a0 Apasionado por el mundo empresarial y la tecnolog\u00eda, curs\u00f3 su M\u00e1ster de Finanzas en la Universidad Pontificia de Comillas y estuvo en el Programa de Cooperaci\u00f3n Educativa de la Universidad Aut\u00f3noma de Madrid. \u00a0 Marcos siempre ha tenido su objetivo claro: ayudar a la creaci\u00f3n de negocios financieramente sostenibles a trav\u00e9s de una herramienta de facturaci\u00f3n que les permita ahorrar tiempo y tener la contabilidad bajo control. \u00a0 Marcos De La Cueva en los medios \u2014 Noticia sobre Kit Digital y Ley Antifraude (VeriFactu) en El Economista. \u2014 Noticia sobre Kit Digital y factura electr\u00f3nica obligatoria en Diario Jur\u00eddico. \u2014 Noticia sobre el a\u00f1o de transici\u00f3n para la factura electr\u00f3nica en Muy Pymes. \u2014 Entrevista sobre factura electr\u00f3nica obligatoria en Canal Sur. \u2014 Noticia sobre el informe factura electr\u00f3nica de TeamSystem en Channel Partner. \u2014 Charla sobre productividad y Ley Crea y Crece en El Economista. \u2014 Charla sobre factura electr\u00f3nica obligatoria en Muy Pymes. \u2014 Charla sobre digitalizaci\u00f3n aut\u00f3nomos y productividad en esdiario. \u2014 Charla sobre productividad y factura electr\u00f3nica en La Raz\u00f3n. \u2014 Charla sobre factura electr\u00f3nica obligatoria en Aut\u00f3nomos y Emprendedores. \u2014 Entrevista sobre Ley Antifraude y Ley Crea y Crece en Expansi\u00f3n. \u2014 Entrevista sobre Ley Antifraude y Ley Crea y Crece en La Raz\u00f3n. \u2014 Entrevista sobre factura electr\u00f3nica obligatoria en El Economista. \u2014 Comunicado Billin y TeamSystem en Business Insider. \u2014 Entrevista en Econom\u00eda Digital. \u2014 Entrevista en Ideas para tu empresa de Vodafone. \u2014 Entrevista en M\u00e1sQradio. \u2014 Entrevista en Armas para emprender de El M\u00e9todo Gallardo. \u2014 Entrevista en KFund. \u2014 Entrevista en AXA Seguros Espa\u00f1a. \u2014 Entrevista en GestionaRadio. \u00a0 Marcos De La Cueva en eventos \u00a0 \u2014 Participaci\u00f3n como ponente en Accountex Espa\u00f1a 2023. \u00a0 Tem\u00e1ticas de especializaci\u00f3n \u00a0 negocios | startups | contabilidad| fiscalidad | empresas| asesor\u00edas| autonomos | emprendedores | peque\u00f1os negocios | econom\u00eda | ADE | pymes | desarrollo de negocio\u00a0\",\"sameAs\":[\"https:\/\/www.billin.net\/\",\"https:\/\/www.linkedin.com\/in\/marcos-de-la-cueva-19750ba3\/\"],\"url\":\"https:\/\/www.billin.net\/blog\/author\/marcosdelacueva\/\",\"jobTitle\":\"CEO y cofundador de TS Facturas Billin\"}]}<\/script>\n<!-- \/ Yoast SEO plugin. -->","yoast_head_json":{"title":"\u00bfCu\u00e1nto debo pagar de cuota de aut\u00f3nomos? - Blog - TeamSystem Facturas Billin","description":"Te explicamos cu\u00e1nto debes pagar de cuota de aut\u00f3nomos, qu\u00e9 condiciones especiales hay en la actualidad con esta cuota y qu\u00e9 ampliaciones puede sufrir.","robots":{"index":"index","follow":"follow","max-snippet":"max-snippet:-1","max-image-preview":"max-image-preview:large","max-video-preview":"max-video-preview:-1"},"canonical":"https:\/\/www.billin.net\/blog\/cuanto-debo-pagar-cuota-autonomos\/","og_locale":"es_ES","og_type":"article","og_title":"\u00bfCu\u00e1nto debo pagar de cuota de aut\u00f3nomos? - Blog - TeamSystem Facturas Billin","og_description":"Te explicamos cu\u00e1nto debes pagar de cuota de aut\u00f3nomos, qu\u00e9 condiciones especiales hay en la actualidad con esta cuota y qu\u00e9 ampliaciones puede sufrir.","og_url":"https:\/\/www.billin.net\/blog\/cuanto-debo-pagar-cuota-autonomos\/","og_site_name":"Blog de TeamSystem Facturas Billin","article_publisher":"https:\/\/www.facebook.com\/EsBillin","article_published_time":"2017-08-13T22:00:00+00:00","article_modified_time":"2025-09-25T19:02:48+00:00","og_image":[{"width":1000,"height":667,"url":"https:\/\/www.billin.net\/blog\/wp-content\/uploads\/2017\/08\/Cu\u00e1nto-debo-pagar-de-cuota-de-aut\u00f3nomos.jpg","type":"image\/jpeg"}],"author":"Marcos De La Cueva - CEO TeamSystem Facturas Billin","twitter_card":"summary_large_image","twitter_creator":"@Billin_ES","twitter_site":"@Billin_ES","twitter_misc":{"Escrito por":"Marcos De La Cueva - CEO TeamSystem Facturas Billin","Tiempo de lectura":"3 minutos"},"schema":{"@context":"https:\/\/schema.org","@graph":[{"@type":"Article","@id":"https:\/\/www.billin.net\/blog\/cuanto-debo-pagar-cuota-autonomos\/#article","isPartOf":{"@id":"https:\/\/www.billin.net\/blog\/cuanto-debo-pagar-cuota-autonomos\/"},"author":{"name":"Marcos De La Cueva - CEO TeamSystem Facturas Billin","@id":"https:\/\/www.billin.net\/blog\/#\/schema\/person\/d0339ee6e869234614541b1e80a793e7"},"headline":"\u00bfCu\u00e1nto debo pagar de cuota de aut\u00f3nomos?","datePublished":"2017-08-13T22:00:00+00:00","dateModified":"2025-09-25T19:02:48+00:00","mainEntityOfPage":{"@id":"https:\/\/www.billin.net\/blog\/cuanto-debo-pagar-cuota-autonomos\/"},"wordCount":590,"commentCount":0,"publisher":{"@id":"https:\/\/www.billin.net\/blog\/#organization"},"image":{"@id":"https:\/\/www.billin.net\/blog\/cuanto-debo-pagar-cuota-autonomos\/#primaryimage"},"thumbnailUrl":"https:\/\/www.billin.net\/blog\/wp-content\/uploads\/2017\/08\/Cu\u00e1nto-debo-pagar-de-cuota-de-aut\u00f3nomos.jpg","keywords":["Aut\u00f3nomos"],"articleSection":["Fiscalidad"],"inLanguage":"es","potentialAction":[{"@type":"CommentAction","name":"Comment","target":["https:\/\/www.billin.net\/blog\/cuanto-debo-pagar-cuota-autonomos\/#respond"]}]},{"@type":"WebPage","@id":"https:\/\/www.billin.net\/blog\/cuanto-debo-pagar-cuota-autonomos\/","url":"https:\/\/www.billin.net\/blog\/cuanto-debo-pagar-cuota-autonomos\/","name":"\u00bfCu\u00e1nto debo pagar de cuota de aut\u00f3nomos? - Blog - TeamSystem Facturas Billin","isPartOf":{"@id":"https:\/\/www.billin.net\/blog\/#website"},"primaryImageOfPage":{"@id":"https:\/\/www.billin.net\/blog\/cuanto-debo-pagar-cuota-autonomos\/#primaryimage"},"image":{"@id":"https:\/\/www.billin.net\/blog\/cuanto-debo-pagar-cuota-autonomos\/#primaryimage"},"thumbnailUrl":"https:\/\/www.billin.net\/blog\/wp-content\/uploads\/2017\/08\/Cu\u00e1nto-debo-pagar-de-cuota-de-aut\u00f3nomos.jpg","datePublished":"2017-08-13T22:00:00+00:00","dateModified":"2025-09-25T19:02:48+00:00","description":"Te explicamos cu\u00e1nto debes pagar de cuota de aut\u00f3nomos, qu\u00e9 condiciones especiales hay en la actualidad con esta cuota y qu\u00e9 ampliaciones puede sufrir.","breadcrumb":{"@id":"https:\/\/www.billin.net\/blog\/cuanto-debo-pagar-cuota-autonomos\/#breadcrumb"},"inLanguage":"es","potentialAction":[{"@type":"ReadAction","target":["https:\/\/www.billin.net\/blog\/cuanto-debo-pagar-cuota-autonomos\/"]}]},{"@type":"ImageObject","inLanguage":"es","@id":"https:\/\/www.billin.net\/blog\/cuanto-debo-pagar-cuota-autonomos\/#primaryimage","url":"https:\/\/www.billin.net\/blog\/wp-content\/uploads\/2017\/08\/Cu\u00e1nto-debo-pagar-de-cuota-de-aut\u00f3nomos.jpg","contentUrl":"https:\/\/www.billin.net\/blog\/wp-content\/uploads\/2017\/08\/Cu\u00e1nto-debo-pagar-de-cuota-de-aut\u00f3nomos.jpg","width":1000,"height":667,"caption":"Cu\u00e1nto debo pagar de cuota de aut\u00f3nomos"},{"@type":"BreadcrumbList","@id":"https:\/\/www.billin.net\/blog\/cuanto-debo-pagar-cuota-autonomos\/#breadcrumb","itemListElement":[{"@type":"ListItem","position":1,"name":"Blog","item":"https:\/\/www.billin.net\/blog\/"},{"@type":"ListItem","position":2,"name":"Fiscalidad","item":"https:\/\/www.billin.net\/blog\/fiscalidad\/"},{"@type":"ListItem","position":3,"name":"\u00bfCu\u00e1nto debo pagar de cuota de aut\u00f3nomos?"}]},{"@type":"WebSite","@id":"https:\/\/www.billin.net\/blog\/#website","url":"https:\/\/www.billin.net\/blog\/","name":"Blog de Billin","description":"Mantente informado con el blog de TeamSystem Facturas Billin:  facturaci\u00f3n, legislaci\u00f3n, contabilidad, management y toda la informaci\u00f3n \u00fatil para pymes y aut\u00f3nomos.","publisher":{"@id":"https:\/\/www.billin.net\/blog\/#organization"},"potentialAction":[{"@type":"SearchAction","target":{"@type":"EntryPoint","urlTemplate":"https:\/\/www.billin.net\/blog\/?s={search_term_string}"},"query-input":{"@type":"PropertyValueSpecification","valueRequired":true,"valueName":"search_term_string"}}],"inLanguage":"es"},{"@type":"Organization","@id":"https:\/\/www.billin.net\/blog\/#organization","name":"Billin","alternateName":"Blog de Billin","url":"https:\/\/www.billin.net\/blog\/","logo":{"@type":"ImageObject","inLanguage":"es","@id":"https:\/\/www.billin.net\/blog\/#\/schema\/logo\/image\/","url":"https:\/\/www.billin.net\/blog\/wp-content\/uploads\/2019\/06\/logotipo-billin-blog-1.png","contentUrl":"https:\/\/www.billin.net\/blog\/wp-content\/uploads\/2019\/06\/logotipo-billin-blog-1.png","width":126,"height":50,"caption":"Billin"},"image":{"@id":"https:\/\/www.billin.net\/blog\/#\/schema\/logo\/image\/"},"sameAs":["https:\/\/www.facebook.com\/EsBillin","https:\/\/x.com\/Billin_ES","https:\/\/www.instagram.com\/billin_es\/","https:\/\/www.linkedin.com\/company\/billin-spain","https:\/\/www.youtube.com\/c\/BillinEsintercambiodefacturas\/"],"legalName":"MY EXPENSES SL","contactPoint":{"@type":"ContactPoint","telephone":"+34918318883","contactType":"customer service","email":"info@billin.eu","availableLanguage":"es"},"foundingDate":"2015","numberOfEmployees":{"@type":"QuantitativeValue","minValue":10,"maxValue":50},"parentOrganization":{"@type":"Organization","name":"TeamSystem","url":"https:\/\/www.teamsystem.com\/"},"description":"Billin es el programa de facturaci\u00f3n online de TeamSystem para aut\u00f3nomos y pymes en Espa\u00f1a. Permite crear facturas, controlar gastos y cumplir con Verifactu.","address":{"@type":"PostalAddress","streetAddress":"Calle Arturo Soria, 336","addressLocality":"Madrid","addressRegion":"Madrid","postalCode":"28033","addressCountry":"ES"}},{"@type":"Person","@id":"https:\/\/www.billin.net\/blog\/#\/schema\/person\/d0339ee6e869234614541b1e80a793e7","name":"Marcos De La Cueva - CEO TeamSystem Facturas Billin","image":{"@type":"ImageObject","inLanguage":"es","@id":"https:\/\/www.billin.net\/blog\/#\/schema\/person\/image\/","url":"https:\/\/www.billin.net\/blog\/wp-content\/uploads\/2023\/10\/marcos-color-150x150.png","contentUrl":"https:\/\/www.billin.net\/blog\/wp-content\/uploads\/2023\/10\/marcos-color-150x150.png","caption":"Marcos De La Cueva - CEO TeamSystem Facturas Billin"},"description":"Licenciado en ADE por la Universidad Aut\u00f3noma de Madrid, Marcos De la Cueva es CEO y cofundador de TeamSystem Facturas Billin, un programa online que lleva m\u00e1s de 9 a\u00f1os ayudando a aut\u00f3nomos, peque\u00f1os negocios y gestor\u00edas a digitalizar sus presupuestos, facturas, tickets y gastos. \u00a0 Sobre Marcos De La Cueva \u00a0 Apasionado por el mundo empresarial y la tecnolog\u00eda, curs\u00f3 su M\u00e1ster de Finanzas en la Universidad Pontificia de Comillas y estuvo en el Programa de Cooperaci\u00f3n Educativa de la Universidad Aut\u00f3noma de Madrid. \u00a0 Marcos siempre ha tenido su objetivo claro: ayudar a la creaci\u00f3n de negocios financieramente sostenibles a trav\u00e9s de una herramienta de facturaci\u00f3n que les permita ahorrar tiempo y tener la contabilidad bajo control. \u00a0 Marcos De La Cueva en los medios \u2014 Noticia sobre Kit Digital y Ley Antifraude (VeriFactu) en El Economista. \u2014 Noticia sobre Kit Digital y factura electr\u00f3nica obligatoria en Diario Jur\u00eddico. \u2014 Noticia sobre el a\u00f1o de transici\u00f3n para la factura electr\u00f3nica en Muy Pymes. \u2014 Entrevista sobre factura electr\u00f3nica obligatoria en Canal Sur. \u2014 Noticia sobre el informe factura electr\u00f3nica de TeamSystem en Channel Partner. \u2014 Charla sobre productividad y Ley Crea y Crece en El Economista. \u2014 Charla sobre factura electr\u00f3nica obligatoria en Muy Pymes. \u2014 Charla sobre digitalizaci\u00f3n aut\u00f3nomos y productividad en esdiario. \u2014 Charla sobre productividad y factura electr\u00f3nica en La Raz\u00f3n. \u2014 Charla sobre factura electr\u00f3nica obligatoria en Aut\u00f3nomos y Emprendedores. \u2014 Entrevista sobre Ley Antifraude y Ley Crea y Crece en Expansi\u00f3n. \u2014 Entrevista sobre Ley Antifraude y Ley Crea y Crece en La Raz\u00f3n. \u2014 Entrevista sobre factura electr\u00f3nica obligatoria en El Economista. \u2014 Comunicado Billin y TeamSystem en Business Insider. \u2014 Entrevista en Econom\u00eda Digital. \u2014 Entrevista en Ideas para tu empresa de Vodafone. \u2014 Entrevista en M\u00e1sQradio. \u2014 Entrevista en Armas para emprender de El M\u00e9todo Gallardo. \u2014 Entrevista en KFund. \u2014 Entrevista en AXA Seguros Espa\u00f1a. \u2014 Entrevista en GestionaRadio. \u00a0 Marcos De La Cueva en eventos \u00a0 \u2014 Participaci\u00f3n como ponente en Accountex Espa\u00f1a 2023. \u00a0 Tem\u00e1ticas de especializaci\u00f3n \u00a0 negocios | startups | contabilidad| fiscalidad | empresas| asesor\u00edas| autonomos | emprendedores | peque\u00f1os negocios | econom\u00eda | ADE | pymes | desarrollo de negocio\u00a0","sameAs":["https:\/\/www.billin.net\/","https:\/\/www.linkedin.com\/in\/marcos-de-la-cueva-19750ba3\/"],"url":"https:\/\/www.billin.net\/blog\/author\/marcosdelacueva\/","jobTitle":"CEO y cofundador de TS Facturas Billin"}]}},"_links":{"self":[{"href":"https:\/\/www.billin.net\/blog\/wp-json\/wp\/v2\/posts\/10397","targetHints":{"allow":["GET"]}}],"collection":[{"href":"https:\/\/www.billin.net\/blog\/wp-json\/wp\/v2\/posts"}],"about":[{"href":"https:\/\/www.billin.net\/blog\/wp-json\/wp\/v2\/types\/post"}],"author":[{"embeddable":true,"href":"https:\/\/www.billin.net\/blog\/wp-json\/wp\/v2\/users\/20"}],"replies":[{"embeddable":true,"href":"https:\/\/www.billin.net\/blog\/wp-json\/wp\/v2\/comments?post=10397"}],"version-history":[{"count":9,"href":"https:\/\/www.billin.net\/blog\/wp-json\/wp\/v2\/posts\/10397\/revisions"}],"predecessor-version":[{"id":27521,"href":"https:\/\/www.billin.net\/blog\/wp-json\/wp\/v2\/posts\/10397\/revisions\/27521"}],"wp:featuredmedia":[{"embeddable":true,"href":"https:\/\/www.billin.net\/blog\/wp-json\/wp\/v2\/media\/5204"}],"wp:attachment":[{"href":"https:\/\/www.billin.net\/blog\/wp-json\/wp\/v2\/media?parent=10397"}],"wp:term":[{"taxonomy":"category","embeddable":true,"href":"https:\/\/www.billin.net\/blog\/wp-json\/wp\/v2\/categories?post=10397"},{"taxonomy":"post_tag","embeddable":true,"href":"https:\/\/www.billin.net\/blog\/wp-json\/wp\/v2\/tags?post=10397"}],"curies":[{"name":"wp","href":"https:\/\/api.w.org\/{rel}","templated":true}]}}