{"id":10393,"date":"2017-08-08T00:00:00","date_gmt":"2017-08-07T22:00:00","guid":{"rendered":"https:\/\/www.billin.net\/blog\/deberias-cambiar-mas-menudo-lugar-trabajo\/"},"modified":"2025-09-25T21:02:58","modified_gmt":"2025-09-25T19:02:58","slug":"deberias-cambiar-mas-menudo-lugar-trabajo","status":"publish","type":"post","link":"https:\/\/www.billin.net\/blog\/deberias-cambiar-mas-menudo-lugar-trabajo\/","title":{"rendered":"Cambiar de lugar de trabajo y mejora como profesional"},"content":{"rendered":"<p>En la actualidad muchos sectores profesionales se han alejado de esa imagen de monoton\u00eda que te hac\u00eda ver tu trabajo como aburrido y repetitivo. Con las nuevas tecnolog\u00edas y las oportunidades que se abren a <strong>emprendedores, aut\u00f3nomos y pymes<\/strong> en general, la variedad en el trabajo es algo muy com\u00fan. Sin embargo, hay algo que s\u00ed se mantiene invariable todos los d\u00edas, el lugar de trabajo.<\/p>\n<p><!--more--><\/p>\n<p><strong>Cambiar este espacio de trabajo<\/strong> es recomendable. Sobre todo en el caso de los aut\u00f3nomos que no cuentan con oficinas en propiedad, que ni siquiera necesitan unas grandes instalaciones, ya que tiene facilidades para ello. Te explicamos por qu\u00e9 deber\u00edas hacerlo con la frecuencia adecuada.<\/p>\n<p>\u27a8\u00a0Descubre aqu\u00ed las <strong><a href=\"https:\/\/www.billin.net\/blog\/ventajas-desventajas-del-teletrabajo-una-pyme\/\" target=\"_blank\" rel=\"noopener noreferrer\">ventajas y desventajas del teletrabajo<\/a><\/strong>.<\/p>\n<h2>Aumentar\u00e1s tu productividad<\/h2>\n<p>El <strong>cambio de lugar de trabajo<\/strong> supone para cualquier profesional un nuevo reto, una adaptaci\u00f3n que comienza directamente en el puesto del profesional. No hay definidos unos motivos concretos, pero lo cierto es que cambiar de espacio aumenta la concentraci\u00f3n y permite volcarse m\u00e1s en lo que se est\u00e1 haciendo.<\/p>\n<p>Esta pr\u00e1ctica, que algunas pymes ya realizan con sus trabajadores, cambi\u00e1ndolos de lugar en la oficina para motivar una mayor productividad, la experimentamos desde bien peque\u00f1os, cuando en el colegio se nos cambia de pupitre de forma peri\u00f3dica. Y no solo lo hacen si los ni\u00f1os se portan mal, sino tambi\u00e9n por motivos socio-pedag\u00f3gicos.<\/p>\n<p>\u27a8\u00a0Visita aqu\u00ed nuestros<strong> <a href=\"https:\/\/www.billin.net\/blog\/trabajo-en-casa-y-habitos-saludables\/\" target=\"_blank\" rel=\"noopener noreferrer\">consejos para trabajar desde casa<\/a> <\/strong>saludablemente.<\/p>\n<h2>Mejorar\u00e1s tus contactos profesionales<\/h2>\n<p>Tanto si cambias de oficinas como de espacio de coworking, <strong>conocer\u00e1s nuevos profesionales<\/strong>. Aqu\u00ed la estrategia es importante. Si disfrutas de muchas sinergias en tu lugar de trabajo, sin que puedas trasladarlo a un contacto digital, debes mantener el contacto presencial con estas personas.<\/p>\n<p>En el nuevo espacio de trabajo, sobre todo en un coworking, conocer\u00e1s <strong>potenciales colaboradores profesionales<\/strong>, con los que ampliar tu cartera de clientes y tus servicios contratados.<\/p>\n<p>Incluso <strong>un nuevo espacio abre la puerta a un entorno de la ciudad<\/strong> al que antes no ten\u00edas acceso a diario. Es posible que alguna empresa cerca de donde trabajes ahora pueda estar interesada en lo que ofreces.<\/p>\n<p>Con <a href=\"https:\/\/www.wework.com\/es-ES\" target=\"_blank\" rel=\"noopener noreferrer\">WeWork<\/a> tienes una forma de encontrar estos lugares sin salir de casa.<\/p>\n<h2>Huir\u00e1s de la rutina<\/h2>\n<p>Uno de los mayores enemigos de cualquier profesional es <strong>la rutina<\/strong>. La repetici\u00f3n de tareas, incluso de trayectos para ir al trabajo, provoca sensaciones negativas.<\/p>\n<p>Un nuevo sitio al que acudir todos los d\u00edas, entornos nuevos que descubrir en tu jornada laboral, reactivar\u00e1n sensaciones positivas en tu interior, <strong>despertar\u00e1s expectativas<\/strong> posiblemente durmientes y realizar\u00e1s mejor tu trabajo en este estado de \u00e1nimo.<\/p>\n<h3>El cambio de espacio temporal<\/h3>\n<p>Determinados profesionales, por la naturaleza de su trabajo y las posibilidades que les ofrece, <strong>cambian de trabajo de forma estacionaria<\/strong>. Es una forma original y \u00fatil de no caer en la rutina, en el aburrimiento o en la pereza a nivel profesional.<\/p>\n<p>\u27a8\u00a0Conoce m\u00e1s sobre lo <strong><a href=\"https:\/\/www.billin.net\/blog\/camino-emprendedor-teletrabajo\/\" target=\"_blank\" rel=\"noopener noreferrer\">que es el teletrabajo<\/a>.<\/strong><\/p>\n<p>Con esta estrategia de trabajo, la novedad es constante y los beneficios descritos anteriormente se disfrutan durante todo el a\u00f1o.<\/p>\n<p>Aquellos trabajos que requieren de <strong>un profesional que viaje o permanezca en ubicaciones distintas durante unos meses<\/strong> al a\u00f1o son los m\u00e1s proclives a ello. Pero tambi\u00e9n puede darse en tu caso si te mantienes en la misma ciudad.<\/p>\n<p>Un ejemplo de ello ser\u00eda <strong>buscar un espacio de trabajo m\u00e1s ameno<\/strong> en determinadas \u00e9pocas del a\u00f1o, <strong>trabajar desde casa en verano<\/strong> si tienes espacio e instalaciones adecuadas para hacerlo, o bien <strong>modificar tu horario laboral<\/strong>, estando menos tiempo en el espacio de coworking o en la oficina y buscando rentabilidad con acciones comerciales fuera de ella.<\/p>\n","protected":false},"excerpt":{"rendered":"<p>En la actualidad muchos sectores profesionales se han alejado de esa imagen de monoton\u00eda que te hac\u00eda ver tu trabajo como aburrido y repetitivo. Con las nuevas tecnolog\u00edas y las oportunidades que se abren a emprendedores, aut\u00f3nomos y pymes en general, la variedad en el trabajo es algo muy com\u00fan. Sin embargo, hay algo que [&hellip;]<\/p>\n","protected":false},"author":20,"featured_media":5184,"comment_status":"open","ping_status":"open","sticky":false,"template":"","format":"standard","meta":{"_acf_changed":false,"_et_pb_use_builder":"","_et_pb_old_content":"","_et_gb_content_width":"","om_disable_all_campaigns":false,"inline_featured_image":false,"footnotes":""},"categories":[1026],"tags":[],"class_list":{"0":"post-10393","1":"post","2":"type-post","3":"status-publish","4":"format-standard","5":"has-post-thumbnail","7":"category-recursos-humanos"},"acf":{"selector_de_usuario":"","fecha_de_revision":"20200408"},"yoast_head":"<!-- This site is optimized with the Yoast SEO plugin v27.1 - https:\/\/yoast.com\/product\/yoast-seo-wordpress\/ -->\n<title>Por qu\u00e9 cambiar a menudo tu lugar de trabajo | TeamSystem Facturas Billin<\/title>\n<meta name=\"description\" content=\"Si crees que la rutina est\u00e1 afect\u00e1ndote, ha llegado el momento de cambiar de lugar de trabajo. Te contamos las ventajas que obtendr\u00e1s.\" \/>\n<meta name=\"robots\" content=\"index, follow, max-snippet:-1, max-image-preview:large, max-video-preview:-1\" \/>\n<link rel=\"canonical\" href=\"https:\/\/www.billin.net\/blog\/deberias-cambiar-mas-menudo-lugar-trabajo\/\" \/>\n<meta property=\"og:locale\" content=\"es_ES\" \/>\n<meta property=\"og:type\" content=\"article\" \/>\n<meta property=\"og:title\" content=\"Por qu\u00e9 cambiar a menudo tu lugar de trabajo | TeamSystem Facturas Billin\" \/>\n<meta property=\"og:description\" content=\"Si crees que la rutina est\u00e1 afect\u00e1ndote, ha llegado el momento de cambiar de lugar de trabajo. Te contamos las ventajas que obtendr\u00e1s.\" \/>\n<meta property=\"og:url\" content=\"https:\/\/www.billin.net\/blog\/deberias-cambiar-mas-menudo-lugar-trabajo\/\" \/>\n<meta property=\"og:site_name\" content=\"Blog de TeamSystem Facturas Billin\" \/>\n<meta property=\"article:publisher\" content=\"https:\/\/www.facebook.com\/EsBillin\" \/>\n<meta property=\"article:published_time\" content=\"2017-08-07T22:00:00+00:00\" \/>\n<meta property=\"article:modified_time\" content=\"2025-09-25T19:02:58+00:00\" \/>\n<meta property=\"og:image\" content=\"https:\/\/www.billin.net\/blog\/wp-content\/uploads\/2017\/08\/Por-qu\u00e9-deber\u00edas-cambiar-m\u00e1s-a-menudo-de-lugar-de-trabajo.jpg\" \/>\n\t<meta property=\"og:image:width\" content=\"1000\" \/>\n\t<meta property=\"og:image:height\" content=\"667\" \/>\n\t<meta property=\"og:image:type\" content=\"image\/jpeg\" \/>\n<meta name=\"author\" content=\"Marcos De La Cueva - CEO TeamSystem Facturas Billin\" \/>\n<meta name=\"twitter:card\" content=\"summary_large_image\" \/>\n<meta name=\"twitter:creator\" content=\"@Billin_ES\" \/>\n<meta name=\"twitter:site\" content=\"@Billin_ES\" \/>\n<meta name=\"twitter:label1\" content=\"Escrito por\" \/>\n\t<meta name=\"twitter:data1\" content=\"Marcos De La Cueva - CEO TeamSystem Facturas Billin\" \/>\n\t<meta name=\"twitter:label2\" content=\"Tiempo de lectura\" \/>\n\t<meta name=\"twitter:data2\" content=\"3 minutos\" \/>\n<script type=\"application\/ld+json\" class=\"yoast-schema-graph\">{\"@context\":\"https:\/\/schema.org\",\"@graph\":[{\"@type\":\"Article\",\"@id\":\"https:\/\/www.billin.net\/blog\/deberias-cambiar-mas-menudo-lugar-trabajo\/#article\",\"isPartOf\":{\"@id\":\"https:\/\/www.billin.net\/blog\/deberias-cambiar-mas-menudo-lugar-trabajo\/\"},\"author\":{\"name\":\"Marcos De La Cueva - CEO TeamSystem Facturas Billin\",\"@id\":\"https:\/\/www.billin.net\/blog\/#\/schema\/person\/d0339ee6e869234614541b1e80a793e7\"},\"headline\":\"Cambiar de lugar de trabajo y mejora como profesional\",\"datePublished\":\"2017-08-07T22:00:00+00:00\",\"dateModified\":\"2025-09-25T19:02:58+00:00\",\"mainEntityOfPage\":{\"@id\":\"https:\/\/www.billin.net\/blog\/deberias-cambiar-mas-menudo-lugar-trabajo\/\"},\"wordCount\":644,\"commentCount\":0,\"publisher\":{\"@id\":\"https:\/\/www.billin.net\/blog\/#organization\"},\"image\":{\"@id\":\"https:\/\/www.billin.net\/blog\/deberias-cambiar-mas-menudo-lugar-trabajo\/#primaryimage\"},\"thumbnailUrl\":\"https:\/\/www.billin.net\/blog\/wp-content\/uploads\/2017\/08\/Por-qu\u00e9-deber\u00edas-cambiar-m\u00e1s-a-menudo-de-lugar-de-trabajo.jpg\",\"articleSection\":[\"Recursos humanos\"],\"inLanguage\":\"es\",\"potentialAction\":[{\"@type\":\"CommentAction\",\"name\":\"Comment\",\"target\":[\"https:\/\/www.billin.net\/blog\/deberias-cambiar-mas-menudo-lugar-trabajo\/#respond\"]}]},{\"@type\":\"WebPage\",\"@id\":\"https:\/\/www.billin.net\/blog\/deberias-cambiar-mas-menudo-lugar-trabajo\/\",\"url\":\"https:\/\/www.billin.net\/blog\/deberias-cambiar-mas-menudo-lugar-trabajo\/\",\"name\":\"Por qu\u00e9 cambiar a menudo tu lugar de trabajo | TeamSystem Facturas Billin\",\"isPartOf\":{\"@id\":\"https:\/\/www.billin.net\/blog\/#website\"},\"primaryImageOfPage\":{\"@id\":\"https:\/\/www.billin.net\/blog\/deberias-cambiar-mas-menudo-lugar-trabajo\/#primaryimage\"},\"image\":{\"@id\":\"https:\/\/www.billin.net\/blog\/deberias-cambiar-mas-menudo-lugar-trabajo\/#primaryimage\"},\"thumbnailUrl\":\"https:\/\/www.billin.net\/blog\/wp-content\/uploads\/2017\/08\/Por-qu\u00e9-deber\u00edas-cambiar-m\u00e1s-a-menudo-de-lugar-de-trabajo.jpg\",\"datePublished\":\"2017-08-07T22:00:00+00:00\",\"dateModified\":\"2025-09-25T19:02:58+00:00\",\"description\":\"Si crees que la rutina est\u00e1 afect\u00e1ndote, ha llegado el momento de cambiar de lugar de trabajo. Te contamos las ventajas que obtendr\u00e1s.\",\"breadcrumb\":{\"@id\":\"https:\/\/www.billin.net\/blog\/deberias-cambiar-mas-menudo-lugar-trabajo\/#breadcrumb\"},\"inLanguage\":\"es\",\"potentialAction\":[{\"@type\":\"ReadAction\",\"target\":[\"https:\/\/www.billin.net\/blog\/deberias-cambiar-mas-menudo-lugar-trabajo\/\"]}]},{\"@type\":\"ImageObject\",\"inLanguage\":\"es\",\"@id\":\"https:\/\/www.billin.net\/blog\/deberias-cambiar-mas-menudo-lugar-trabajo\/#primaryimage\",\"url\":\"https:\/\/www.billin.net\/blog\/wp-content\/uploads\/2017\/08\/Por-qu\u00e9-deber\u00edas-cambiar-m\u00e1s-a-menudo-de-lugar-de-trabajo.jpg\",\"contentUrl\":\"https:\/\/www.billin.net\/blog\/wp-content\/uploads\/2017\/08\/Por-qu\u00e9-deber\u00edas-cambiar-m\u00e1s-a-menudo-de-lugar-de-trabajo.jpg\",\"width\":1000,\"height\":667,\"caption\":\"cambiar de lugar de trabajo\"},{\"@type\":\"BreadcrumbList\",\"@id\":\"https:\/\/www.billin.net\/blog\/deberias-cambiar-mas-menudo-lugar-trabajo\/#breadcrumb\",\"itemListElement\":[{\"@type\":\"ListItem\",\"position\":1,\"name\":\"Blog\",\"item\":\"https:\/\/www.billin.net\/blog\/\"},{\"@type\":\"ListItem\",\"position\":2,\"name\":\"Recursos humanos\",\"item\":\"https:\/\/www.billin.net\/blog\/recursos-humanos\/\"},{\"@type\":\"ListItem\",\"position\":3,\"name\":\"Cambiar de lugar de trabajo y mejora como profesional\"}]},{\"@type\":\"WebSite\",\"@id\":\"https:\/\/www.billin.net\/blog\/#website\",\"url\":\"https:\/\/www.billin.net\/blog\/\",\"name\":\"Blog de Billin\",\"description\":\"Mantente informado con el blog de TeamSystem Facturas Billin:  facturaci\u00f3n, legislaci\u00f3n, contabilidad, management y toda la informaci\u00f3n \u00fatil para pymes y aut\u00f3nomos.\",\"publisher\":{\"@id\":\"https:\/\/www.billin.net\/blog\/#organization\"},\"potentialAction\":[{\"@type\":\"SearchAction\",\"target\":{\"@type\":\"EntryPoint\",\"urlTemplate\":\"https:\/\/www.billin.net\/blog\/?s={search_term_string}\"},\"query-input\":{\"@type\":\"PropertyValueSpecification\",\"valueRequired\":true,\"valueName\":\"search_term_string\"}}],\"inLanguage\":\"es\"},{\"@type\":\"Organization\",\"@id\":\"https:\/\/www.billin.net\/blog\/#organization\",\"name\":\"Billin\",\"alternateName\":\"Blog de Billin\",\"url\":\"https:\/\/www.billin.net\/blog\/\",\"logo\":{\"@type\":\"ImageObject\",\"inLanguage\":\"es\",\"@id\":\"https:\/\/www.billin.net\/blog\/#\/schema\/logo\/image\/\",\"url\":\"https:\/\/www.billin.net\/blog\/wp-content\/uploads\/2019\/06\/logotipo-billin-blog-1.png\",\"contentUrl\":\"https:\/\/www.billin.net\/blog\/wp-content\/uploads\/2019\/06\/logotipo-billin-blog-1.png\",\"width\":126,\"height\":50,\"caption\":\"Billin\"},\"image\":{\"@id\":\"https:\/\/www.billin.net\/blog\/#\/schema\/logo\/image\/\"},\"sameAs\":[\"https:\/\/www.facebook.com\/EsBillin\",\"https:\/\/x.com\/Billin_ES\",\"https:\/\/www.instagram.com\/billin_es\/\",\"https:\/\/www.linkedin.com\/company\/billin-spain\",\"https:\/\/www.youtube.com\/c\/BillinEsintercambiodefacturas\/\"],\"legalName\":\"MY EXPENSES SL\",\"contactPoint\":{\"@type\":\"ContactPoint\",\"telephone\":\"+34918318883\",\"contactType\":\"customer service\",\"email\":\"info@billin.eu\",\"availableLanguage\":\"es\"},\"foundingDate\":\"2015\",\"numberOfEmployees\":{\"@type\":\"QuantitativeValue\",\"minValue\":10,\"maxValue\":50},\"parentOrganization\":{\"@type\":\"Organization\",\"name\":\"TeamSystem\",\"url\":\"https:\/\/www.teamsystem.com\/\"},\"description\":\"Billin es el programa de facturaci\u00f3n online de TeamSystem para aut\u00f3nomos y pymes en Espa\u00f1a. Permite crear facturas, controlar gastos y cumplir con Verifactu.\",\"address\":{\"@type\":\"PostalAddress\",\"streetAddress\":\"Calle Arturo Soria, 336\",\"addressLocality\":\"Madrid\",\"addressRegion\":\"Madrid\",\"postalCode\":\"28033\",\"addressCountry\":\"ES\"}},{\"@type\":\"Person\",\"@id\":\"https:\/\/www.billin.net\/blog\/#\/schema\/person\/d0339ee6e869234614541b1e80a793e7\",\"name\":\"Marcos De La Cueva - CEO TeamSystem Facturas Billin\",\"image\":{\"@type\":\"ImageObject\",\"inLanguage\":\"es\",\"@id\":\"https:\/\/www.billin.net\/blog\/#\/schema\/person\/image\/\",\"url\":\"https:\/\/www.billin.net\/blog\/wp-content\/uploads\/2023\/10\/marcos-color-150x150.png\",\"contentUrl\":\"https:\/\/www.billin.net\/blog\/wp-content\/uploads\/2023\/10\/marcos-color-150x150.png\",\"caption\":\"Marcos De La Cueva - CEO TeamSystem Facturas Billin\"},\"description\":\"Licenciado en ADE por la Universidad Aut\u00f3noma de Madrid, Marcos De la Cueva es CEO y cofundador de TeamSystem Facturas Billin, un programa online que lleva m\u00e1s de 9 a\u00f1os ayudando a aut\u00f3nomos, peque\u00f1os negocios y gestor\u00edas a digitalizar sus presupuestos, facturas, tickets y gastos. \u00a0 Sobre Marcos De La Cueva \u00a0 Apasionado por el mundo empresarial y la tecnolog\u00eda, curs\u00f3 su M\u00e1ster de Finanzas en la Universidad Pontificia de Comillas y estuvo en el Programa de Cooperaci\u00f3n Educativa de la Universidad Aut\u00f3noma de Madrid. \u00a0 Marcos siempre ha tenido su objetivo claro: ayudar a la creaci\u00f3n de negocios financieramente sostenibles a trav\u00e9s de una herramienta de facturaci\u00f3n que les permita ahorrar tiempo y tener la contabilidad bajo control. \u00a0 Marcos De La Cueva en los medios \u2014 Noticia sobre Kit Digital y Ley Antifraude (VeriFactu) en El Economista. \u2014 Noticia sobre Kit Digital y factura electr\u00f3nica obligatoria en Diario Jur\u00eddico. \u2014 Noticia sobre el a\u00f1o de transici\u00f3n para la factura electr\u00f3nica en Muy Pymes. \u2014 Entrevista sobre factura electr\u00f3nica obligatoria en Canal Sur. \u2014 Noticia sobre el informe factura electr\u00f3nica de TeamSystem en Channel Partner. \u2014 Charla sobre productividad y Ley Crea y Crece en El Economista. \u2014 Charla sobre factura electr\u00f3nica obligatoria en Muy Pymes. \u2014 Charla sobre digitalizaci\u00f3n aut\u00f3nomos y productividad en esdiario. \u2014 Charla sobre productividad y factura electr\u00f3nica en La Raz\u00f3n. \u2014 Charla sobre factura electr\u00f3nica obligatoria en Aut\u00f3nomos y Emprendedores. \u2014 Entrevista sobre Ley Antifraude y Ley Crea y Crece en Expansi\u00f3n. \u2014 Entrevista sobre Ley Antifraude y Ley Crea y Crece en La Raz\u00f3n. \u2014 Entrevista sobre factura electr\u00f3nica obligatoria en El Economista. \u2014 Comunicado Billin y TeamSystem en Business Insider. \u2014 Entrevista en Econom\u00eda Digital. \u2014 Entrevista en Ideas para tu empresa de Vodafone. \u2014 Entrevista en M\u00e1sQradio. \u2014 Entrevista en Armas para emprender de El M\u00e9todo Gallardo. \u2014 Entrevista en KFund. \u2014 Entrevista en AXA Seguros Espa\u00f1a. \u2014 Entrevista en GestionaRadio. \u00a0 Marcos De La Cueva en eventos \u00a0 \u2014 Participaci\u00f3n como ponente en Accountex Espa\u00f1a 2023. \u00a0 Tem\u00e1ticas de especializaci\u00f3n \u00a0 negocios | startups | contabilidad| fiscalidad | empresas| asesor\u00edas| autonomos | emprendedores | peque\u00f1os negocios | econom\u00eda | ADE | pymes | desarrollo de negocio\u00a0\",\"sameAs\":[\"https:\/\/www.billin.net\/\",\"https:\/\/www.linkedin.com\/in\/marcos-de-la-cueva-19750ba3\/\"],\"url\":\"https:\/\/www.billin.net\/blog\/author\/marcosdelacueva\/\",\"jobTitle\":\"CEO y cofundador de TS Facturas Billin\"}]}<\/script>\n<!-- \/ Yoast SEO plugin. -->","yoast_head_json":{"title":"Por qu\u00e9 cambiar a menudo tu lugar de trabajo | TeamSystem Facturas Billin","description":"Si crees que la rutina est\u00e1 afect\u00e1ndote, ha llegado el momento de cambiar de lugar de trabajo. Te contamos las ventajas que obtendr\u00e1s.","robots":{"index":"index","follow":"follow","max-snippet":"max-snippet:-1","max-image-preview":"max-image-preview:large","max-video-preview":"max-video-preview:-1"},"canonical":"https:\/\/www.billin.net\/blog\/deberias-cambiar-mas-menudo-lugar-trabajo\/","og_locale":"es_ES","og_type":"article","og_title":"Por qu\u00e9 cambiar a menudo tu lugar de trabajo | TeamSystem Facturas Billin","og_description":"Si crees que la rutina est\u00e1 afect\u00e1ndote, ha llegado el momento de cambiar de lugar de trabajo. Te contamos las ventajas que obtendr\u00e1s.","og_url":"https:\/\/www.billin.net\/blog\/deberias-cambiar-mas-menudo-lugar-trabajo\/","og_site_name":"Blog de TeamSystem Facturas Billin","article_publisher":"https:\/\/www.facebook.com\/EsBillin","article_published_time":"2017-08-07T22:00:00+00:00","article_modified_time":"2025-09-25T19:02:58+00:00","og_image":[{"width":1000,"height":667,"url":"https:\/\/www.billin.net\/blog\/wp-content\/uploads\/2017\/08\/Por-qu\u00e9-deber\u00edas-cambiar-m\u00e1s-a-menudo-de-lugar-de-trabajo.jpg","type":"image\/jpeg"}],"author":"Marcos De La Cueva - CEO TeamSystem Facturas Billin","twitter_card":"summary_large_image","twitter_creator":"@Billin_ES","twitter_site":"@Billin_ES","twitter_misc":{"Escrito por":"Marcos De La Cueva - CEO TeamSystem Facturas Billin","Tiempo de lectura":"3 minutos"},"schema":{"@context":"https:\/\/schema.org","@graph":[{"@type":"Article","@id":"https:\/\/www.billin.net\/blog\/deberias-cambiar-mas-menudo-lugar-trabajo\/#article","isPartOf":{"@id":"https:\/\/www.billin.net\/blog\/deberias-cambiar-mas-menudo-lugar-trabajo\/"},"author":{"name":"Marcos De La Cueva - CEO TeamSystem Facturas Billin","@id":"https:\/\/www.billin.net\/blog\/#\/schema\/person\/d0339ee6e869234614541b1e80a793e7"},"headline":"Cambiar de lugar de trabajo y mejora como profesional","datePublished":"2017-08-07T22:00:00+00:00","dateModified":"2025-09-25T19:02:58+00:00","mainEntityOfPage":{"@id":"https:\/\/www.billin.net\/blog\/deberias-cambiar-mas-menudo-lugar-trabajo\/"},"wordCount":644,"commentCount":0,"publisher":{"@id":"https:\/\/www.billin.net\/blog\/#organization"},"image":{"@id":"https:\/\/www.billin.net\/blog\/deberias-cambiar-mas-menudo-lugar-trabajo\/#primaryimage"},"thumbnailUrl":"https:\/\/www.billin.net\/blog\/wp-content\/uploads\/2017\/08\/Por-qu\u00e9-deber\u00edas-cambiar-m\u00e1s-a-menudo-de-lugar-de-trabajo.jpg","articleSection":["Recursos humanos"],"inLanguage":"es","potentialAction":[{"@type":"CommentAction","name":"Comment","target":["https:\/\/www.billin.net\/blog\/deberias-cambiar-mas-menudo-lugar-trabajo\/#respond"]}]},{"@type":"WebPage","@id":"https:\/\/www.billin.net\/blog\/deberias-cambiar-mas-menudo-lugar-trabajo\/","url":"https:\/\/www.billin.net\/blog\/deberias-cambiar-mas-menudo-lugar-trabajo\/","name":"Por qu\u00e9 cambiar a menudo tu lugar de trabajo | TeamSystem Facturas Billin","isPartOf":{"@id":"https:\/\/www.billin.net\/blog\/#website"},"primaryImageOfPage":{"@id":"https:\/\/www.billin.net\/blog\/deberias-cambiar-mas-menudo-lugar-trabajo\/#primaryimage"},"image":{"@id":"https:\/\/www.billin.net\/blog\/deberias-cambiar-mas-menudo-lugar-trabajo\/#primaryimage"},"thumbnailUrl":"https:\/\/www.billin.net\/blog\/wp-content\/uploads\/2017\/08\/Por-qu\u00e9-deber\u00edas-cambiar-m\u00e1s-a-menudo-de-lugar-de-trabajo.jpg","datePublished":"2017-08-07T22:00:00+00:00","dateModified":"2025-09-25T19:02:58+00:00","description":"Si crees que la rutina est\u00e1 afect\u00e1ndote, ha llegado el momento de cambiar de lugar de trabajo. Te contamos las ventajas que obtendr\u00e1s.","breadcrumb":{"@id":"https:\/\/www.billin.net\/blog\/deberias-cambiar-mas-menudo-lugar-trabajo\/#breadcrumb"},"inLanguage":"es","potentialAction":[{"@type":"ReadAction","target":["https:\/\/www.billin.net\/blog\/deberias-cambiar-mas-menudo-lugar-trabajo\/"]}]},{"@type":"ImageObject","inLanguage":"es","@id":"https:\/\/www.billin.net\/blog\/deberias-cambiar-mas-menudo-lugar-trabajo\/#primaryimage","url":"https:\/\/www.billin.net\/blog\/wp-content\/uploads\/2017\/08\/Por-qu\u00e9-deber\u00edas-cambiar-m\u00e1s-a-menudo-de-lugar-de-trabajo.jpg","contentUrl":"https:\/\/www.billin.net\/blog\/wp-content\/uploads\/2017\/08\/Por-qu\u00e9-deber\u00edas-cambiar-m\u00e1s-a-menudo-de-lugar-de-trabajo.jpg","width":1000,"height":667,"caption":"cambiar de lugar de trabajo"},{"@type":"BreadcrumbList","@id":"https:\/\/www.billin.net\/blog\/deberias-cambiar-mas-menudo-lugar-trabajo\/#breadcrumb","itemListElement":[{"@type":"ListItem","position":1,"name":"Blog","item":"https:\/\/www.billin.net\/blog\/"},{"@type":"ListItem","position":2,"name":"Recursos humanos","item":"https:\/\/www.billin.net\/blog\/recursos-humanos\/"},{"@type":"ListItem","position":3,"name":"Cambiar de lugar de trabajo y mejora como profesional"}]},{"@type":"WebSite","@id":"https:\/\/www.billin.net\/blog\/#website","url":"https:\/\/www.billin.net\/blog\/","name":"Blog de Billin","description":"Mantente informado con el blog de TeamSystem Facturas Billin:  facturaci\u00f3n, legislaci\u00f3n, contabilidad, management y toda la informaci\u00f3n \u00fatil para pymes y aut\u00f3nomos.","publisher":{"@id":"https:\/\/www.billin.net\/blog\/#organization"},"potentialAction":[{"@type":"SearchAction","target":{"@type":"EntryPoint","urlTemplate":"https:\/\/www.billin.net\/blog\/?s={search_term_string}"},"query-input":{"@type":"PropertyValueSpecification","valueRequired":true,"valueName":"search_term_string"}}],"inLanguage":"es"},{"@type":"Organization","@id":"https:\/\/www.billin.net\/blog\/#organization","name":"Billin","alternateName":"Blog de Billin","url":"https:\/\/www.billin.net\/blog\/","logo":{"@type":"ImageObject","inLanguage":"es","@id":"https:\/\/www.billin.net\/blog\/#\/schema\/logo\/image\/","url":"https:\/\/www.billin.net\/blog\/wp-content\/uploads\/2019\/06\/logotipo-billin-blog-1.png","contentUrl":"https:\/\/www.billin.net\/blog\/wp-content\/uploads\/2019\/06\/logotipo-billin-blog-1.png","width":126,"height":50,"caption":"Billin"},"image":{"@id":"https:\/\/www.billin.net\/blog\/#\/schema\/logo\/image\/"},"sameAs":["https:\/\/www.facebook.com\/EsBillin","https:\/\/x.com\/Billin_ES","https:\/\/www.instagram.com\/billin_es\/","https:\/\/www.linkedin.com\/company\/billin-spain","https:\/\/www.youtube.com\/c\/BillinEsintercambiodefacturas\/"],"legalName":"MY EXPENSES SL","contactPoint":{"@type":"ContactPoint","telephone":"+34918318883","contactType":"customer service","email":"info@billin.eu","availableLanguage":"es"},"foundingDate":"2015","numberOfEmployees":{"@type":"QuantitativeValue","minValue":10,"maxValue":50},"parentOrganization":{"@type":"Organization","name":"TeamSystem","url":"https:\/\/www.teamsystem.com\/"},"description":"Billin es el programa de facturaci\u00f3n online de TeamSystem para aut\u00f3nomos y pymes en Espa\u00f1a. Permite crear facturas, controlar gastos y cumplir con Verifactu.","address":{"@type":"PostalAddress","streetAddress":"Calle Arturo Soria, 336","addressLocality":"Madrid","addressRegion":"Madrid","postalCode":"28033","addressCountry":"ES"}},{"@type":"Person","@id":"https:\/\/www.billin.net\/blog\/#\/schema\/person\/d0339ee6e869234614541b1e80a793e7","name":"Marcos De La Cueva - CEO TeamSystem Facturas Billin","image":{"@type":"ImageObject","inLanguage":"es","@id":"https:\/\/www.billin.net\/blog\/#\/schema\/person\/image\/","url":"https:\/\/www.billin.net\/blog\/wp-content\/uploads\/2023\/10\/marcos-color-150x150.png","contentUrl":"https:\/\/www.billin.net\/blog\/wp-content\/uploads\/2023\/10\/marcos-color-150x150.png","caption":"Marcos De La Cueva - CEO TeamSystem Facturas Billin"},"description":"Licenciado en ADE por la Universidad Aut\u00f3noma de Madrid, Marcos De la Cueva es CEO y cofundador de TeamSystem Facturas Billin, un programa online que lleva m\u00e1s de 9 a\u00f1os ayudando a aut\u00f3nomos, peque\u00f1os negocios y gestor\u00edas a digitalizar sus presupuestos, facturas, tickets y gastos. \u00a0 Sobre Marcos De La Cueva \u00a0 Apasionado por el mundo empresarial y la tecnolog\u00eda, curs\u00f3 su M\u00e1ster de Finanzas en la Universidad Pontificia de Comillas y estuvo en el Programa de Cooperaci\u00f3n Educativa de la Universidad Aut\u00f3noma de Madrid. \u00a0 Marcos siempre ha tenido su objetivo claro: ayudar a la creaci\u00f3n de negocios financieramente sostenibles a trav\u00e9s de una herramienta de facturaci\u00f3n que les permita ahorrar tiempo y tener la contabilidad bajo control. \u00a0 Marcos De La Cueva en los medios \u2014 Noticia sobre Kit Digital y Ley Antifraude (VeriFactu) en El Economista. \u2014 Noticia sobre Kit Digital y factura electr\u00f3nica obligatoria en Diario Jur\u00eddico. \u2014 Noticia sobre el a\u00f1o de transici\u00f3n para la factura electr\u00f3nica en Muy Pymes. \u2014 Entrevista sobre factura electr\u00f3nica obligatoria en Canal Sur. \u2014 Noticia sobre el informe factura electr\u00f3nica de TeamSystem en Channel Partner. \u2014 Charla sobre productividad y Ley Crea y Crece en El Economista. \u2014 Charla sobre factura electr\u00f3nica obligatoria en Muy Pymes. \u2014 Charla sobre digitalizaci\u00f3n aut\u00f3nomos y productividad en esdiario. \u2014 Charla sobre productividad y factura electr\u00f3nica en La Raz\u00f3n. \u2014 Charla sobre factura electr\u00f3nica obligatoria en Aut\u00f3nomos y Emprendedores. \u2014 Entrevista sobre Ley Antifraude y Ley Crea y Crece en Expansi\u00f3n. \u2014 Entrevista sobre Ley Antifraude y Ley Crea y Crece en La Raz\u00f3n. \u2014 Entrevista sobre factura electr\u00f3nica obligatoria en El Economista. \u2014 Comunicado Billin y TeamSystem en Business Insider. \u2014 Entrevista en Econom\u00eda Digital. \u2014 Entrevista en Ideas para tu empresa de Vodafone. \u2014 Entrevista en M\u00e1sQradio. \u2014 Entrevista en Armas para emprender de El M\u00e9todo Gallardo. \u2014 Entrevista en KFund. \u2014 Entrevista en AXA Seguros Espa\u00f1a. \u2014 Entrevista en GestionaRadio. \u00a0 Marcos De La Cueva en eventos \u00a0 \u2014 Participaci\u00f3n como ponente en Accountex Espa\u00f1a 2023. \u00a0 Tem\u00e1ticas de especializaci\u00f3n \u00a0 negocios | startups | contabilidad| fiscalidad | empresas| asesor\u00edas| autonomos | emprendedores | peque\u00f1os negocios | econom\u00eda | ADE | pymes | desarrollo de negocio\u00a0","sameAs":["https:\/\/www.billin.net\/","https:\/\/www.linkedin.com\/in\/marcos-de-la-cueva-19750ba3\/"],"url":"https:\/\/www.billin.net\/blog\/author\/marcosdelacueva\/","jobTitle":"CEO y cofundador de TS Facturas Billin"}]}},"_links":{"self":[{"href":"https:\/\/www.billin.net\/blog\/wp-json\/wp\/v2\/posts\/10393","targetHints":{"allow":["GET"]}}],"collection":[{"href":"https:\/\/www.billin.net\/blog\/wp-json\/wp\/v2\/posts"}],"about":[{"href":"https:\/\/www.billin.net\/blog\/wp-json\/wp\/v2\/types\/post"}],"author":[{"embeddable":true,"href":"https:\/\/www.billin.net\/blog\/wp-json\/wp\/v2\/users\/20"}],"replies":[{"embeddable":true,"href":"https:\/\/www.billin.net\/blog\/wp-json\/wp\/v2\/comments?post=10393"}],"version-history":[{"count":7,"href":"https:\/\/www.billin.net\/blog\/wp-json\/wp\/v2\/posts\/10393\/revisions"}],"predecessor-version":[{"id":27526,"href":"https:\/\/www.billin.net\/blog\/wp-json\/wp\/v2\/posts\/10393\/revisions\/27526"}],"wp:featuredmedia":[{"embeddable":true,"href":"https:\/\/www.billin.net\/blog\/wp-json\/wp\/v2\/media\/5184"}],"wp:attachment":[{"href":"https:\/\/www.billin.net\/blog\/wp-json\/wp\/v2\/media?parent=10393"}],"wp:term":[{"taxonomy":"category","embeddable":true,"href":"https:\/\/www.billin.net\/blog\/wp-json\/wp\/v2\/categories?post=10393"},{"taxonomy":"post_tag","embeddable":true,"href":"https:\/\/www.billin.net\/blog\/wp-json\/wp\/v2\/tags?post=10393"}],"curies":[{"name":"wp","href":"https:\/\/api.w.org\/{rel}","templated":true}]}}