{"id":10377,"date":"2017-07-15T00:00:00","date_gmt":"2017-07-14T22:00:00","guid":{"rendered":"https:\/\/www.billin.net\/blog\/autonoma-y-madre-estos-son-tus-derechos\/"},"modified":"2025-09-25T21:03:29","modified_gmt":"2025-09-25T19:03:29","slug":"autonoma-y-madre-estos-son-tus-derechos","status":"publish","type":"post","link":"https:\/\/www.billin.net\/blog\/autonoma-y-madre-estos-son-tus-derechos\/","title":{"rendered":"\u00bfAut\u00f3noma y madre? Estos son tus derechos"},"content":{"rendered":"<p>Ser aut\u00f3nomo es una lucha constante entre las solicitudes de estos profesionales y los derechos que permite el Estado. Gracias a la <strong>nueva ley de aut\u00f3nomos<\/strong> algunos de estos derechos han sido ampliados o, por fin, se han conseguido incluir en el conjunto global de lo que un aut\u00f3nomo profesional puede hacer o pedir.<!--more--><\/p>\n<p>Pero lo cierto es que a\u00fan se puede complicar m\u00e1s todav\u00eda la situaci\u00f3n cuando estamos hablando de <strong>madres que son aut\u00f3nomas<\/strong>. En estos casos las necesidades son mayores y m\u00e1s importantes, sobre todo pensando siempre en lo mejor para los reci\u00e9n nacidos. Adem\u00e1s si tenemos en cuenta aspectos como la <a href=\"https:\/\/www.billin.net\/land\/brecha-salarial-de-genero\/\" target=\"_blank\" rel=\"noopener noreferrer\">brecha salarial de g\u00e9nero<\/a> toda ayuda es necesaria.<\/p>\n<p>Junto a las leyes existentes hasta el momento, la <strong>nueva normativa para las madres aut\u00f3nomas<\/strong> mejora ligeramente estos derechos, por lo que si est\u00e1s embarazada, acabas de dar a luz o piensas tener un hijo, al mismo tiempo que eres una aut\u00f3noma profesional, esta informaci\u00f3n te va a resultar muy interesante.<\/p>\n<h2>Solicitar la baja por embarazo siendo aut\u00f3noma<\/h2>\n<p>La mujer aut\u00f3noma <strong>puede solicitar una <a href=\"https:\/\/www.billin.net\/blog\/derechos-maternidad-una-autonoma\/\" target=\"_blank\" rel=\"noopener noreferrer\">baja por maternidad<\/a><\/strong>. Su condici\u00f3n profesional exige ciertos requisitos, pero si se cumplen es posible disfrutar de esta prestaci\u00f3n por el embarazo.<\/p>\n<ul>\n<li>Estar dada de alta en la Seguridad Social.<\/li>\n<li>Estar al d\u00eda del pago de las cuotas.<\/li>\n<li>Que el embarazo suponga una incompatibilidad con el trabajo.<\/li>\n<\/ul>\n<p>A la hora de realizar la solicitud, la <strong>edad de la embarazada aut\u00f3noma <\/strong>tambi\u00e9n influye con ciertos requisitos.<\/p>\n<ul>\n<li>Con m\u00e1s de 26 a\u00f1os, debe haber cotizado 180 d\u00edas durante los \u00faltimos 7 a\u00f1os o 360 en su vida laboral.<\/li>\n<li>Con m\u00e1s de 21 a\u00f1os, debe haber cotizado 90 d\u00edas los \u00faltimos 7 a\u00f1os o 180 en toda su vida laboral.<\/li>\n<li>Con menos de 21 a\u00f1os no necesita haber cotizado antes.<\/li>\n<\/ul>\n<h2>Derechos de la baja por maternidad de una profesional aut\u00f3noma<\/h2>\n<p>La baja por maternidad <strong>puede durar hasta 16 semanas como m\u00e1ximo<\/strong>. El inicio de este periodo no debe ser necesariamente despu\u00e9s del parto, sino que tambi\u00e9n se puede solicitar antes del mismo, en caso de que se trate por ejemplo de un embarazo de riesgo.<\/p>\n<p>Durante el periodo de baja por maternidad, <strong>la mujer quedar\u00e1 exenta del 100% de sus cuotas<\/strong> gracias a la nueva ley de aut\u00f3nomos. Igualmente tambi\u00e9n puede optar por contratar a otros aut\u00f3nomo en sustituci\u00f3n de ella y tambi\u00e9n quedar\u00e1 exenta de todas las cuotas.<\/p>\n<p>De estas 16 semanas, se pueden ceder hasta 10 (despu\u00e9s de las 6 primeras) al padre en caso de que trabaje, igual que cualquier mujer que trabaje por cuenta ajena.<\/p>\n<p>Lo que cobrar\u00e1 la mujer aut\u00f3noma de baja por maternidad ser\u00e1, adem\u00e1s, del <strong>100% con respecto a su base de cotizaci\u00f3n<\/strong>.<\/p>\n<h2>La tarifa plana para madres aut\u00f3nomas<\/h2>\n<p>Si la maternidad provoca el cese del trabajo, la mujer aut\u00f3noma puede volverse a dar de alta en los dos a\u00f1os siguientes y <strong>aprovechar la <a href=\"https:\/\/www.billin.net\/blog\/requisitos-cumplir-tarifa-plana\/\" target=\"_blank\" rel=\"noopener noreferrer\">tarifa plana de aut\u00f3nomos<\/a><\/strong>. Esta tarifa plana permite pagar tan solo 50 euros al mes durante los primeros 12 meses tras el alta. Esta nueva modificaci\u00f3n sobre la ley de aut\u00f3nomos tambi\u00e9n se aplica a las madres aut\u00f3nomas que, hasta ahora, solo pod\u00edan acogerse a los 6 meses de tarifa plana.<\/p>\n<p>Adem\u00e1s, la nueva ley habla de \u00abbonificaciones\u00bb, no solo para los casos de maternidad por parto, sino tambi\u00e9n por adopci\u00f3n, acogimiento o tutela de menores a su cargo.<\/p>\n","protected":false},"excerpt":{"rendered":"<p>Ser aut\u00f3nomo es una lucha constante entre las solicitudes de estos profesionales y los derechos que permite el Estado. Gracias a la nueva ley de aut\u00f3nomos algunos de estos derechos han sido ampliados o, por fin, se han conseguido incluir en el conjunto global de lo que un aut\u00f3nomo profesional puede hacer o pedir.<\/p>\n","protected":false},"author":20,"featured_media":4737,"comment_status":"open","ping_status":"open","sticky":false,"template":"","format":"standard","meta":{"_acf_changed":false,"_et_pb_use_builder":"","_et_pb_old_content":"","_et_gb_content_width":"","om_disable_all_campaigns":false,"inline_featured_image":false,"footnotes":""},"categories":[1014],"tags":[1380],"class_list":{"0":"post-10377","1":"post","2":"type-post","3":"status-publish","4":"format-standard","5":"has-post-thumbnail","7":"category-fiscalidad","8":"tag-autonomos"},"acf":{"selector_de_usuario":null,"fecha_de_revision":"20200302"},"yoast_head":"<!-- This site is optimized with the Yoast SEO plugin v27.1 - https:\/\/yoast.com\/product\/yoast-seo-wordpress\/ -->\n<title>\u00bfAut\u00f3noma y madre? Estos son tus derechos - Blog - TeamSystem Facturas Billin<\/title>\n<meta name=\"description\" content=\"Si eres aut\u00f3noma y quieres saber todo lo relacionado con tus derechos por embarazo y maternidad, te los explicamos en este art\u00edculo.\" \/>\n<meta name=\"robots\" content=\"index, follow, max-snippet:-1, max-image-preview:large, max-video-preview:-1\" \/>\n<link rel=\"canonical\" href=\"https:\/\/www.billin.net\/blog\/autonoma-y-madre-estos-son-tus-derechos\/\" \/>\n<meta property=\"og:locale\" content=\"es_ES\" \/>\n<meta property=\"og:type\" content=\"article\" \/>\n<meta property=\"og:title\" content=\"\u00bfAut\u00f3noma y madre? Estos son tus derechos - Blog - TeamSystem Facturas Billin\" \/>\n<meta property=\"og:description\" content=\"Si eres aut\u00f3noma y quieres saber todo lo relacionado con tus derechos por embarazo y maternidad, te los explicamos en este art\u00edculo.\" \/>\n<meta property=\"og:url\" content=\"https:\/\/www.billin.net\/blog\/autonoma-y-madre-estos-son-tus-derechos\/\" \/>\n<meta property=\"og:site_name\" content=\"Blog de TeamSystem Facturas Billin\" \/>\n<meta property=\"article:publisher\" content=\"https:\/\/www.facebook.com\/EsBillin\" \/>\n<meta property=\"article:published_time\" content=\"2017-07-14T22:00:00+00:00\" \/>\n<meta property=\"article:modified_time\" content=\"2025-09-25T19:03:29+00:00\" \/>\n<meta property=\"og:image\" content=\"https:\/\/www.billin.net\/blog\/wp-content\/uploads\/2017\/07\/Aut\u00f3noma-y-madre.jpg\" \/>\n\t<meta property=\"og:image:width\" content=\"1000\" \/>\n\t<meta property=\"og:image:height\" content=\"665\" \/>\n\t<meta property=\"og:image:type\" content=\"image\/jpeg\" \/>\n<meta name=\"author\" content=\"Marcos De La Cueva - CEO TeamSystem Facturas Billin\" \/>\n<meta name=\"twitter:card\" content=\"summary_large_image\" \/>\n<meta name=\"twitter:creator\" content=\"@Billin_ES\" \/>\n<meta name=\"twitter:site\" content=\"@Billin_ES\" \/>\n<meta name=\"twitter:label1\" content=\"Escrito por\" \/>\n\t<meta name=\"twitter:data1\" content=\"Marcos De La Cueva - CEO TeamSystem Facturas Billin\" \/>\n\t<meta name=\"twitter:label2\" content=\"Tiempo de lectura\" \/>\n\t<meta name=\"twitter:data2\" content=\"3 minutos\" \/>\n<script type=\"application\/ld+json\" class=\"yoast-schema-graph\">{\"@context\":\"https:\/\/schema.org\",\"@graph\":[{\"@type\":\"Article\",\"@id\":\"https:\/\/www.billin.net\/blog\/autonoma-y-madre-estos-son-tus-derechos\/#article\",\"isPartOf\":{\"@id\":\"https:\/\/www.billin.net\/blog\/autonoma-y-madre-estos-son-tus-derechos\/\"},\"author\":{\"name\":\"Marcos De La Cueva - CEO TeamSystem Facturas Billin\",\"@id\":\"https:\/\/www.billin.net\/blog\/#\/schema\/person\/d0339ee6e869234614541b1e80a793e7\"},\"headline\":\"\u00bfAut\u00f3noma y madre? Estos son tus derechos\",\"datePublished\":\"2017-07-14T22:00:00+00:00\",\"dateModified\":\"2025-09-25T19:03:29+00:00\",\"mainEntityOfPage\":{\"@id\":\"https:\/\/www.billin.net\/blog\/autonoma-y-madre-estos-son-tus-derechos\/\"},\"wordCount\":600,\"commentCount\":0,\"publisher\":{\"@id\":\"https:\/\/www.billin.net\/blog\/#organization\"},\"image\":{\"@id\":\"https:\/\/www.billin.net\/blog\/autonoma-y-madre-estos-son-tus-derechos\/#primaryimage\"},\"thumbnailUrl\":\"https:\/\/www.billin.net\/blog\/wp-content\/uploads\/2017\/07\/Aut\u00f3noma-y-madre.jpg\",\"keywords\":[\"Aut\u00f3nomos\"],\"articleSection\":[\"Fiscalidad\"],\"inLanguage\":\"es\",\"potentialAction\":[{\"@type\":\"CommentAction\",\"name\":\"Comment\",\"target\":[\"https:\/\/www.billin.net\/blog\/autonoma-y-madre-estos-son-tus-derechos\/#respond\"]}]},{\"@type\":\"WebPage\",\"@id\":\"https:\/\/www.billin.net\/blog\/autonoma-y-madre-estos-son-tus-derechos\/\",\"url\":\"https:\/\/www.billin.net\/blog\/autonoma-y-madre-estos-son-tus-derechos\/\",\"name\":\"\u00bfAut\u00f3noma y madre? Estos son tus derechos - Blog - TeamSystem Facturas Billin\",\"isPartOf\":{\"@id\":\"https:\/\/www.billin.net\/blog\/#website\"},\"primaryImageOfPage\":{\"@id\":\"https:\/\/www.billin.net\/blog\/autonoma-y-madre-estos-son-tus-derechos\/#primaryimage\"},\"image\":{\"@id\":\"https:\/\/www.billin.net\/blog\/autonoma-y-madre-estos-son-tus-derechos\/#primaryimage\"},\"thumbnailUrl\":\"https:\/\/www.billin.net\/blog\/wp-content\/uploads\/2017\/07\/Aut\u00f3noma-y-madre.jpg\",\"datePublished\":\"2017-07-14T22:00:00+00:00\",\"dateModified\":\"2025-09-25T19:03:29+00:00\",\"description\":\"Si eres aut\u00f3noma y quieres saber todo lo relacionado con tus derechos por embarazo y maternidad, te los explicamos en este art\u00edculo.\",\"breadcrumb\":{\"@id\":\"https:\/\/www.billin.net\/blog\/autonoma-y-madre-estos-son-tus-derechos\/#breadcrumb\"},\"inLanguage\":\"es\",\"potentialAction\":[{\"@type\":\"ReadAction\",\"target\":[\"https:\/\/www.billin.net\/blog\/autonoma-y-madre-estos-son-tus-derechos\/\"]}]},{\"@type\":\"ImageObject\",\"inLanguage\":\"es\",\"@id\":\"https:\/\/www.billin.net\/blog\/autonoma-y-madre-estos-son-tus-derechos\/#primaryimage\",\"url\":\"https:\/\/www.billin.net\/blog\/wp-content\/uploads\/2017\/07\/Aut\u00f3noma-y-madre.jpg\",\"contentUrl\":\"https:\/\/www.billin.net\/blog\/wp-content\/uploads\/2017\/07\/Aut\u00f3noma-y-madre.jpg\",\"width\":1000,\"height\":665,\"caption\":\"Derechos por maternidad en aut\u00f3nomas\"},{\"@type\":\"BreadcrumbList\",\"@id\":\"https:\/\/www.billin.net\/blog\/autonoma-y-madre-estos-son-tus-derechos\/#breadcrumb\",\"itemListElement\":[{\"@type\":\"ListItem\",\"position\":1,\"name\":\"Blog\",\"item\":\"https:\/\/www.billin.net\/blog\/\"},{\"@type\":\"ListItem\",\"position\":2,\"name\":\"Fiscalidad\",\"item\":\"https:\/\/www.billin.net\/blog\/fiscalidad\/\"},{\"@type\":\"ListItem\",\"position\":3,\"name\":\"\u00bfAut\u00f3noma y madre? Estos son tus derechos\"}]},{\"@type\":\"WebSite\",\"@id\":\"https:\/\/www.billin.net\/blog\/#website\",\"url\":\"https:\/\/www.billin.net\/blog\/\",\"name\":\"Blog de Billin\",\"description\":\"Mantente informado con el blog de TeamSystem Facturas Billin:  facturaci\u00f3n, legislaci\u00f3n, contabilidad, management y toda la informaci\u00f3n \u00fatil para pymes y aut\u00f3nomos.\",\"publisher\":{\"@id\":\"https:\/\/www.billin.net\/blog\/#organization\"},\"potentialAction\":[{\"@type\":\"SearchAction\",\"target\":{\"@type\":\"EntryPoint\",\"urlTemplate\":\"https:\/\/www.billin.net\/blog\/?s={search_term_string}\"},\"query-input\":{\"@type\":\"PropertyValueSpecification\",\"valueRequired\":true,\"valueName\":\"search_term_string\"}}],\"inLanguage\":\"es\"},{\"@type\":\"Organization\",\"@id\":\"https:\/\/www.billin.net\/blog\/#organization\",\"name\":\"Billin\",\"alternateName\":\"Blog de Billin\",\"url\":\"https:\/\/www.billin.net\/blog\/\",\"logo\":{\"@type\":\"ImageObject\",\"inLanguage\":\"es\",\"@id\":\"https:\/\/www.billin.net\/blog\/#\/schema\/logo\/image\/\",\"url\":\"https:\/\/www.billin.net\/blog\/wp-content\/uploads\/2019\/06\/logotipo-billin-blog-1.png\",\"contentUrl\":\"https:\/\/www.billin.net\/blog\/wp-content\/uploads\/2019\/06\/logotipo-billin-blog-1.png\",\"width\":126,\"height\":50,\"caption\":\"Billin\"},\"image\":{\"@id\":\"https:\/\/www.billin.net\/blog\/#\/schema\/logo\/image\/\"},\"sameAs\":[\"https:\/\/www.facebook.com\/EsBillin\",\"https:\/\/x.com\/Billin_ES\",\"https:\/\/www.instagram.com\/billin_es\/\",\"https:\/\/www.linkedin.com\/company\/billin-spain\",\"https:\/\/www.youtube.com\/c\/BillinEsintercambiodefacturas\/\"],\"legalName\":\"MY EXPENSES SL\",\"contactPoint\":{\"@type\":\"ContactPoint\",\"telephone\":\"+34918318883\",\"contactType\":\"customer service\",\"email\":\"info@billin.eu\",\"availableLanguage\":\"es\"},\"foundingDate\":\"2015\",\"numberOfEmployees\":{\"@type\":\"QuantitativeValue\",\"minValue\":10,\"maxValue\":50},\"parentOrganization\":{\"@type\":\"Organization\",\"name\":\"TeamSystem\",\"url\":\"https:\/\/www.teamsystem.com\/\"},\"description\":\"Billin es el programa de facturaci\u00f3n online de TeamSystem para aut\u00f3nomos y pymes en Espa\u00f1a. Permite crear facturas, controlar gastos y cumplir con Verifactu.\",\"address\":{\"@type\":\"PostalAddress\",\"streetAddress\":\"Calle Arturo Soria, 336\",\"addressLocality\":\"Madrid\",\"addressRegion\":\"Madrid\",\"postalCode\":\"28033\",\"addressCountry\":\"ES\"}},{\"@type\":\"Person\",\"@id\":\"https:\/\/www.billin.net\/blog\/#\/schema\/person\/d0339ee6e869234614541b1e80a793e7\",\"name\":\"Marcos De La Cueva - CEO TeamSystem Facturas Billin\",\"image\":{\"@type\":\"ImageObject\",\"inLanguage\":\"es\",\"@id\":\"https:\/\/www.billin.net\/blog\/#\/schema\/person\/image\/\",\"url\":\"https:\/\/www.billin.net\/blog\/wp-content\/uploads\/2023\/10\/marcos-color-150x150.png\",\"contentUrl\":\"https:\/\/www.billin.net\/blog\/wp-content\/uploads\/2023\/10\/marcos-color-150x150.png\",\"caption\":\"Marcos De La Cueva - CEO TeamSystem Facturas Billin\"},\"description\":\"Licenciado en ADE por la Universidad Aut\u00f3noma de Madrid, Marcos De la Cueva es CEO y cofundador de TeamSystem Facturas Billin, un programa online que lleva m\u00e1s de 9 a\u00f1os ayudando a aut\u00f3nomos, peque\u00f1os negocios y gestor\u00edas a digitalizar sus presupuestos, facturas, tickets y gastos. \u00a0 Sobre Marcos De La Cueva \u00a0 Apasionado por el mundo empresarial y la tecnolog\u00eda, curs\u00f3 su M\u00e1ster de Finanzas en la Universidad Pontificia de Comillas y estuvo en el Programa de Cooperaci\u00f3n Educativa de la Universidad Aut\u00f3noma de Madrid. \u00a0 Marcos siempre ha tenido su objetivo claro: ayudar a la creaci\u00f3n de negocios financieramente sostenibles a trav\u00e9s de una herramienta de facturaci\u00f3n que les permita ahorrar tiempo y tener la contabilidad bajo control. \u00a0 Marcos De La Cueva en los medios \u2014 Noticia sobre Kit Digital y Ley Antifraude (VeriFactu) en El Economista. \u2014 Noticia sobre Kit Digital y factura electr\u00f3nica obligatoria en Diario Jur\u00eddico. \u2014 Noticia sobre el a\u00f1o de transici\u00f3n para la factura electr\u00f3nica en Muy Pymes. \u2014 Entrevista sobre factura electr\u00f3nica obligatoria en Canal Sur. \u2014 Noticia sobre el informe factura electr\u00f3nica de TeamSystem en Channel Partner. \u2014 Charla sobre productividad y Ley Crea y Crece en El Economista. \u2014 Charla sobre factura electr\u00f3nica obligatoria en Muy Pymes. \u2014 Charla sobre digitalizaci\u00f3n aut\u00f3nomos y productividad en esdiario. \u2014 Charla sobre productividad y factura electr\u00f3nica en La Raz\u00f3n. \u2014 Charla sobre factura electr\u00f3nica obligatoria en Aut\u00f3nomos y Emprendedores. \u2014 Entrevista sobre Ley Antifraude y Ley Crea y Crece en Expansi\u00f3n. \u2014 Entrevista sobre Ley Antifraude y Ley Crea y Crece en La Raz\u00f3n. \u2014 Entrevista sobre factura electr\u00f3nica obligatoria en El Economista. \u2014 Comunicado Billin y TeamSystem en Business Insider. \u2014 Entrevista en Econom\u00eda Digital. \u2014 Entrevista en Ideas para tu empresa de Vodafone. \u2014 Entrevista en M\u00e1sQradio. \u2014 Entrevista en Armas para emprender de El M\u00e9todo Gallardo. \u2014 Entrevista en KFund. \u2014 Entrevista en AXA Seguros Espa\u00f1a. \u2014 Entrevista en GestionaRadio. \u00a0 Marcos De La Cueva en eventos \u00a0 \u2014 Participaci\u00f3n como ponente en Accountex Espa\u00f1a 2023. \u00a0 Tem\u00e1ticas de especializaci\u00f3n \u00a0 negocios | startups | contabilidad| fiscalidad | empresas| asesor\u00edas| autonomos | emprendedores | peque\u00f1os negocios | econom\u00eda | ADE | pymes | desarrollo de negocio\u00a0\",\"sameAs\":[\"https:\/\/www.billin.net\/\",\"https:\/\/www.linkedin.com\/in\/marcos-de-la-cueva-19750ba3\/\"],\"url\":\"https:\/\/www.billin.net\/blog\/author\/marcosdelacueva\/\",\"jobTitle\":\"CEO y cofundador de TS Facturas Billin\"}]}<\/script>\n<!-- \/ Yoast SEO plugin. -->","yoast_head_json":{"title":"\u00bfAut\u00f3noma y madre? Estos son tus derechos - Blog - TeamSystem Facturas Billin","description":"Si eres aut\u00f3noma y quieres saber todo lo relacionado con tus derechos por embarazo y maternidad, te los explicamos en este art\u00edculo.","robots":{"index":"index","follow":"follow","max-snippet":"max-snippet:-1","max-image-preview":"max-image-preview:large","max-video-preview":"max-video-preview:-1"},"canonical":"https:\/\/www.billin.net\/blog\/autonoma-y-madre-estos-son-tus-derechos\/","og_locale":"es_ES","og_type":"article","og_title":"\u00bfAut\u00f3noma y madre? Estos son tus derechos - Blog - TeamSystem Facturas Billin","og_description":"Si eres aut\u00f3noma y quieres saber todo lo relacionado con tus derechos por embarazo y maternidad, te los explicamos en este art\u00edculo.","og_url":"https:\/\/www.billin.net\/blog\/autonoma-y-madre-estos-son-tus-derechos\/","og_site_name":"Blog de TeamSystem Facturas Billin","article_publisher":"https:\/\/www.facebook.com\/EsBillin","article_published_time":"2017-07-14T22:00:00+00:00","article_modified_time":"2025-09-25T19:03:29+00:00","og_image":[{"width":1000,"height":665,"url":"https:\/\/www.billin.net\/blog\/wp-content\/uploads\/2017\/07\/Aut\u00f3noma-y-madre.jpg","type":"image\/jpeg"}],"author":"Marcos De La Cueva - CEO TeamSystem Facturas Billin","twitter_card":"summary_large_image","twitter_creator":"@Billin_ES","twitter_site":"@Billin_ES","twitter_misc":{"Escrito por":"Marcos De La Cueva - CEO TeamSystem Facturas Billin","Tiempo de lectura":"3 minutos"},"schema":{"@context":"https:\/\/schema.org","@graph":[{"@type":"Article","@id":"https:\/\/www.billin.net\/blog\/autonoma-y-madre-estos-son-tus-derechos\/#article","isPartOf":{"@id":"https:\/\/www.billin.net\/blog\/autonoma-y-madre-estos-son-tus-derechos\/"},"author":{"name":"Marcos De La Cueva - CEO TeamSystem Facturas Billin","@id":"https:\/\/www.billin.net\/blog\/#\/schema\/person\/d0339ee6e869234614541b1e80a793e7"},"headline":"\u00bfAut\u00f3noma y madre? Estos son tus derechos","datePublished":"2017-07-14T22:00:00+00:00","dateModified":"2025-09-25T19:03:29+00:00","mainEntityOfPage":{"@id":"https:\/\/www.billin.net\/blog\/autonoma-y-madre-estos-son-tus-derechos\/"},"wordCount":600,"commentCount":0,"publisher":{"@id":"https:\/\/www.billin.net\/blog\/#organization"},"image":{"@id":"https:\/\/www.billin.net\/blog\/autonoma-y-madre-estos-son-tus-derechos\/#primaryimage"},"thumbnailUrl":"https:\/\/www.billin.net\/blog\/wp-content\/uploads\/2017\/07\/Aut\u00f3noma-y-madre.jpg","keywords":["Aut\u00f3nomos"],"articleSection":["Fiscalidad"],"inLanguage":"es","potentialAction":[{"@type":"CommentAction","name":"Comment","target":["https:\/\/www.billin.net\/blog\/autonoma-y-madre-estos-son-tus-derechos\/#respond"]}]},{"@type":"WebPage","@id":"https:\/\/www.billin.net\/blog\/autonoma-y-madre-estos-son-tus-derechos\/","url":"https:\/\/www.billin.net\/blog\/autonoma-y-madre-estos-son-tus-derechos\/","name":"\u00bfAut\u00f3noma y madre? Estos son tus derechos - Blog - TeamSystem Facturas Billin","isPartOf":{"@id":"https:\/\/www.billin.net\/blog\/#website"},"primaryImageOfPage":{"@id":"https:\/\/www.billin.net\/blog\/autonoma-y-madre-estos-son-tus-derechos\/#primaryimage"},"image":{"@id":"https:\/\/www.billin.net\/blog\/autonoma-y-madre-estos-son-tus-derechos\/#primaryimage"},"thumbnailUrl":"https:\/\/www.billin.net\/blog\/wp-content\/uploads\/2017\/07\/Aut\u00f3noma-y-madre.jpg","datePublished":"2017-07-14T22:00:00+00:00","dateModified":"2025-09-25T19:03:29+00:00","description":"Si eres aut\u00f3noma y quieres saber todo lo relacionado con tus derechos por embarazo y maternidad, te los explicamos en este art\u00edculo.","breadcrumb":{"@id":"https:\/\/www.billin.net\/blog\/autonoma-y-madre-estos-son-tus-derechos\/#breadcrumb"},"inLanguage":"es","potentialAction":[{"@type":"ReadAction","target":["https:\/\/www.billin.net\/blog\/autonoma-y-madre-estos-son-tus-derechos\/"]}]},{"@type":"ImageObject","inLanguage":"es","@id":"https:\/\/www.billin.net\/blog\/autonoma-y-madre-estos-son-tus-derechos\/#primaryimage","url":"https:\/\/www.billin.net\/blog\/wp-content\/uploads\/2017\/07\/Aut\u00f3noma-y-madre.jpg","contentUrl":"https:\/\/www.billin.net\/blog\/wp-content\/uploads\/2017\/07\/Aut\u00f3noma-y-madre.jpg","width":1000,"height":665,"caption":"Derechos por maternidad en aut\u00f3nomas"},{"@type":"BreadcrumbList","@id":"https:\/\/www.billin.net\/blog\/autonoma-y-madre-estos-son-tus-derechos\/#breadcrumb","itemListElement":[{"@type":"ListItem","position":1,"name":"Blog","item":"https:\/\/www.billin.net\/blog\/"},{"@type":"ListItem","position":2,"name":"Fiscalidad","item":"https:\/\/www.billin.net\/blog\/fiscalidad\/"},{"@type":"ListItem","position":3,"name":"\u00bfAut\u00f3noma y madre? Estos son tus derechos"}]},{"@type":"WebSite","@id":"https:\/\/www.billin.net\/blog\/#website","url":"https:\/\/www.billin.net\/blog\/","name":"Blog de Billin","description":"Mantente informado con el blog de TeamSystem Facturas Billin:  facturaci\u00f3n, legislaci\u00f3n, contabilidad, management y toda la informaci\u00f3n \u00fatil para pymes y aut\u00f3nomos.","publisher":{"@id":"https:\/\/www.billin.net\/blog\/#organization"},"potentialAction":[{"@type":"SearchAction","target":{"@type":"EntryPoint","urlTemplate":"https:\/\/www.billin.net\/blog\/?s={search_term_string}"},"query-input":{"@type":"PropertyValueSpecification","valueRequired":true,"valueName":"search_term_string"}}],"inLanguage":"es"},{"@type":"Organization","@id":"https:\/\/www.billin.net\/blog\/#organization","name":"Billin","alternateName":"Blog de Billin","url":"https:\/\/www.billin.net\/blog\/","logo":{"@type":"ImageObject","inLanguage":"es","@id":"https:\/\/www.billin.net\/blog\/#\/schema\/logo\/image\/","url":"https:\/\/www.billin.net\/blog\/wp-content\/uploads\/2019\/06\/logotipo-billin-blog-1.png","contentUrl":"https:\/\/www.billin.net\/blog\/wp-content\/uploads\/2019\/06\/logotipo-billin-blog-1.png","width":126,"height":50,"caption":"Billin"},"image":{"@id":"https:\/\/www.billin.net\/blog\/#\/schema\/logo\/image\/"},"sameAs":["https:\/\/www.facebook.com\/EsBillin","https:\/\/x.com\/Billin_ES","https:\/\/www.instagram.com\/billin_es\/","https:\/\/www.linkedin.com\/company\/billin-spain","https:\/\/www.youtube.com\/c\/BillinEsintercambiodefacturas\/"],"legalName":"MY EXPENSES SL","contactPoint":{"@type":"ContactPoint","telephone":"+34918318883","contactType":"customer service","email":"info@billin.eu","availableLanguage":"es"},"foundingDate":"2015","numberOfEmployees":{"@type":"QuantitativeValue","minValue":10,"maxValue":50},"parentOrganization":{"@type":"Organization","name":"TeamSystem","url":"https:\/\/www.teamsystem.com\/"},"description":"Billin es el programa de facturaci\u00f3n online de TeamSystem para aut\u00f3nomos y pymes en Espa\u00f1a. Permite crear facturas, controlar gastos y cumplir con Verifactu.","address":{"@type":"PostalAddress","streetAddress":"Calle Arturo Soria, 336","addressLocality":"Madrid","addressRegion":"Madrid","postalCode":"28033","addressCountry":"ES"}},{"@type":"Person","@id":"https:\/\/www.billin.net\/blog\/#\/schema\/person\/d0339ee6e869234614541b1e80a793e7","name":"Marcos De La Cueva - CEO TeamSystem Facturas Billin","image":{"@type":"ImageObject","inLanguage":"es","@id":"https:\/\/www.billin.net\/blog\/#\/schema\/person\/image\/","url":"https:\/\/www.billin.net\/blog\/wp-content\/uploads\/2023\/10\/marcos-color-150x150.png","contentUrl":"https:\/\/www.billin.net\/blog\/wp-content\/uploads\/2023\/10\/marcos-color-150x150.png","caption":"Marcos De La Cueva - CEO TeamSystem Facturas Billin"},"description":"Licenciado en ADE por la Universidad Aut\u00f3noma de Madrid, Marcos De la Cueva es CEO y cofundador de TeamSystem Facturas Billin, un programa online que lleva m\u00e1s de 9 a\u00f1os ayudando a aut\u00f3nomos, peque\u00f1os negocios y gestor\u00edas a digitalizar sus presupuestos, facturas, tickets y gastos. \u00a0 Sobre Marcos De La Cueva \u00a0 Apasionado por el mundo empresarial y la tecnolog\u00eda, curs\u00f3 su M\u00e1ster de Finanzas en la Universidad Pontificia de Comillas y estuvo en el Programa de Cooperaci\u00f3n Educativa de la Universidad Aut\u00f3noma de Madrid. \u00a0 Marcos siempre ha tenido su objetivo claro: ayudar a la creaci\u00f3n de negocios financieramente sostenibles a trav\u00e9s de una herramienta de facturaci\u00f3n que les permita ahorrar tiempo y tener la contabilidad bajo control. \u00a0 Marcos De La Cueva en los medios \u2014 Noticia sobre Kit Digital y Ley Antifraude (VeriFactu) en El Economista. \u2014 Noticia sobre Kit Digital y factura electr\u00f3nica obligatoria en Diario Jur\u00eddico. \u2014 Noticia sobre el a\u00f1o de transici\u00f3n para la factura electr\u00f3nica en Muy Pymes. \u2014 Entrevista sobre factura electr\u00f3nica obligatoria en Canal Sur. \u2014 Noticia sobre el informe factura electr\u00f3nica de TeamSystem en Channel Partner. \u2014 Charla sobre productividad y Ley Crea y Crece en El Economista. \u2014 Charla sobre factura electr\u00f3nica obligatoria en Muy Pymes. \u2014 Charla sobre digitalizaci\u00f3n aut\u00f3nomos y productividad en esdiario. \u2014 Charla sobre productividad y factura electr\u00f3nica en La Raz\u00f3n. \u2014 Charla sobre factura electr\u00f3nica obligatoria en Aut\u00f3nomos y Emprendedores. \u2014 Entrevista sobre Ley Antifraude y Ley Crea y Crece en Expansi\u00f3n. \u2014 Entrevista sobre Ley Antifraude y Ley Crea y Crece en La Raz\u00f3n. \u2014 Entrevista sobre factura electr\u00f3nica obligatoria en El Economista. \u2014 Comunicado Billin y TeamSystem en Business Insider. \u2014 Entrevista en Econom\u00eda Digital. \u2014 Entrevista en Ideas para tu empresa de Vodafone. \u2014 Entrevista en M\u00e1sQradio. \u2014 Entrevista en Armas para emprender de El M\u00e9todo Gallardo. \u2014 Entrevista en KFund. \u2014 Entrevista en AXA Seguros Espa\u00f1a. \u2014 Entrevista en GestionaRadio. \u00a0 Marcos De La Cueva en eventos \u00a0 \u2014 Participaci\u00f3n como ponente en Accountex Espa\u00f1a 2023. \u00a0 Tem\u00e1ticas de especializaci\u00f3n \u00a0 negocios | startups | contabilidad| fiscalidad | empresas| asesor\u00edas| autonomos | emprendedores | peque\u00f1os negocios | econom\u00eda | ADE | pymes | desarrollo de negocio\u00a0","sameAs":["https:\/\/www.billin.net\/","https:\/\/www.linkedin.com\/in\/marcos-de-la-cueva-19750ba3\/"],"url":"https:\/\/www.billin.net\/blog\/author\/marcosdelacueva\/","jobTitle":"CEO y cofundador de TS Facturas Billin"}]}},"_links":{"self":[{"href":"https:\/\/www.billin.net\/blog\/wp-json\/wp\/v2\/posts\/10377","targetHints":{"allow":["GET"]}}],"collection":[{"href":"https:\/\/www.billin.net\/blog\/wp-json\/wp\/v2\/posts"}],"about":[{"href":"https:\/\/www.billin.net\/blog\/wp-json\/wp\/v2\/types\/post"}],"author":[{"embeddable":true,"href":"https:\/\/www.billin.net\/blog\/wp-json\/wp\/v2\/users\/20"}],"replies":[{"embeddable":true,"href":"https:\/\/www.billin.net\/blog\/wp-json\/wp\/v2\/comments?post=10377"}],"version-history":[{"count":7,"href":"https:\/\/www.billin.net\/blog\/wp-json\/wp\/v2\/posts\/10377\/revisions"}],"predecessor-version":[{"id":27541,"href":"https:\/\/www.billin.net\/blog\/wp-json\/wp\/v2\/posts\/10377\/revisions\/27541"}],"wp:featuredmedia":[{"embeddable":true,"href":"https:\/\/www.billin.net\/blog\/wp-json\/wp\/v2\/media\/4737"}],"wp:attachment":[{"href":"https:\/\/www.billin.net\/blog\/wp-json\/wp\/v2\/media?parent=10377"}],"wp:term":[{"taxonomy":"category","embeddable":true,"href":"https:\/\/www.billin.net\/blog\/wp-json\/wp\/v2\/categories?post=10377"},{"taxonomy":"post_tag","embeddable":true,"href":"https:\/\/www.billin.net\/blog\/wp-json\/wp\/v2\/tags?post=10377"}],"curies":[{"name":"wp","href":"https:\/\/api.w.org\/{rel}","templated":true}]}}