{"id":10365,"date":"2017-06-27T00:00:00","date_gmt":"2017-06-26T22:00:00","guid":{"rendered":"https:\/\/www.billin.net\/blog\/nueva-ley-autonomos-lo-necesitas-saber\/"},"modified":"2025-09-25T21:03:44","modified_gmt":"2025-09-25T19:03:44","slug":"nueva-ley-autonomos-lo-necesitas-saber","status":"publish","type":"post","link":"https:\/\/www.billin.net\/blog\/nueva-ley-autonomos-lo-necesitas-saber\/","title":{"rendered":"Nueva ley de aut\u00f3nomos: Todo lo que necesitas saber de ella"},"content":{"rendered":"<p>El pr\u00f3ximo jueves 30 de junio se aprueba la <strong>nueva ley de aut\u00f3nomos<\/strong>. Aunque al final quiz\u00e1s se realicen algunos peque\u00f1os cambios en ciertas normativas, la mayor\u00eda de las nuevas medidas est\u00e1n aprobadas. <a href=\"https:\/\/www.billin.net\/facturacion-pymes\/\" target=\"_blank\" rel=\"noopener noreferrer\">Si eres aut\u00f3nomo<\/a>, presta atenci\u00f3n porque probablemente te interesan la mayor\u00eda de ellas.<!--more--><\/p>\n<h2>Tarifa plana de 50 euros<\/h2>\n<p>Uno de los incentivos que mejor valoran los aut\u00f3nomos es la <a href=\"https:\/\/www.billin.net\/blog\/requisitos-cumplir-tarifa-plana\/\"><strong>tarifa plana de 50 euros<\/strong><\/a>, con la que se reduce bastante el pago que hay que hacer mensualmente por el trabajo realizado. Con esta tarifa plana, durante un tiempo limitado solo tienes que pagar 50 euros y ahora van a ampliar las situaciones en las que puedes beneficiarte de ella:<\/p>\n<ul>\n<li>Se ampl\u00eda a un a\u00f1o el periodo en el que disfrutarla (hasta ahora eran 6 meses).<\/li>\n<li>Si eres mujer y vuelves a trabajar despu\u00e9s de una baja por maternidad.<\/li>\n<li>Si hace 2 a\u00f1os que paraste la actividad empresarial y ahora la has reactivado.<\/li>\n<li>Y, de forma excepcional, si solicitas la baja por cuidado de menores o personas dependientes, se elimina el 100% de la cuota de aut\u00f3nomos durante 1 a\u00f1o.<\/li>\n<\/ul>\n<h2>Cambios en las condiciones de aut\u00f3nomos<\/h2>\n<p>Como cada trabajo, las <strong>condiciones concretas de un aut\u00f3nomo<\/strong> pueden ir cambiando constantemente. Esto no estaba reflejado hasta ahora, lo que significaba un verdadero l\u00edmite econ\u00f3mico y profesional. En relaci\u00f3n a ello, entre las nuevas medidas, se plantea reflejar lo siguiente:<\/p>\n<ul>\n<li>Un aut\u00f3nomo podr\u00e1 cambiar hasta 4 veces al a\u00f1o su base de cotizaci\u00f3n.<\/li>\n<li>Un aut\u00f3nomo podr\u00e1 darse de alta y de baja para pagar solo los d\u00edas que haya trabajado.<\/li>\n<li>Ahora ser\u00e1 compatible al 100% el trabajo por cuenta propia y la pensi\u00f3n del aut\u00f3nomo.<\/li>\n<\/ul>\n<h2>Reconocimientos profesionales<\/h2>\n<p>Los aut\u00f3nomos han tenido que luchar mucho para conseguir algunos reconocimientos profesionales que cualquier otro trabajador ya disfruta. <strong>Si eres aut\u00f3nomo, te alegrar\u00e1 conocer los reconocimientos que se plantean<\/strong> en la nueva <a href=\"https:\/\/www.billin.net\/blog\/ley-autonomos\/\" target=\"_blank\" rel=\"noopener noreferrer\">ley de aut\u00f3nomos<\/a>:<\/p>\n<ul>\n<li>La cuota de aut\u00f3nomos societarios estar\u00e1 relacionada con la subida del salario m\u00ednimo interprofesional.<\/li>\n<li>Los aut\u00f3nomos tendr\u00e1n m\u00e1s protagonismo en las organizaciones.<\/li>\n<li>Las organizaciones de aut\u00f3nomos que son m\u00e1s representativas reciben el reconocimiento de \u00abutilidad p\u00fablica\u00bb.<\/li>\n<li>Las organizaciones de aut\u00f3nomos tendr\u00e1n su a\u00f1o de plazo correspondiente para entrar en el CES.<\/li>\n<\/ul>\n<h2>Incentivos directos<\/h2>\n<p>Los aut\u00f3nomos necesitan <strong>incentivos que les motiven a seguir en su trabajo<\/strong>, sobre todo mejorando las condiciones laborales. Estas nuevas condiciones probablemente motiven a m\u00e1s de uno a continuar como aut\u00f3nomo:<\/p>\n<ul>\n<li>Si trabajas en pluriactividad, se te devolver\u00e1 el exceso de cotizaci\u00f3n y sin tener que solicitarlo t\u00fa.<\/li>\n<li>Podr\u00e1s acceder a formaci\u00f3n espec\u00edfica de tu profesi\u00f3n (aunque queda todav\u00eda pendiente indicar al detalle el proceso).<\/li>\n<li>Se mejorar\u00e1n las condiciones profesionales de aut\u00f3nomos con discapacidad.<\/li>\n<li>Se podr\u00e1 (e incentivar\u00e1) contratar a hijos de aut\u00f3nomos que sufran alguna discapacidad.<\/li>\n<li>Se mejorar\u00e1 la formaci\u00f3n en prevenci\u00f3n de riesgos laborales para aut\u00f3nomos.<\/li>\n<li>Por fin se reconoce el accidente \u00abin-itenere\u00bb para aut\u00f3nomos, es decir, posibles da\u00f1os sufridos al ir o volver del trabajo.<\/li>\n<\/ul>\n<h2>Pagar menos<\/h2>\n<p>Las medidas anteriores son muy interesantes, aunque todav\u00eda quedan detalles por dejar claros. No obstante, las medidas que m\u00e1s han levantado expectaci\u00f3n y que est\u00e1n claramente delimitadas son las que <strong>permiten pagar menos a los aut\u00f3nomos<\/strong> en funci\u00f3n de varios condicionantes:<\/p>\n<ul>\n<li>Si te retrasas en los pagos a la Seguridad Social el primer mes el recargo se reduce del 20% al 10%.<\/li>\n<li>Si trabajas desde casa, puedes deducirte hasta un 20% del consumo de agua, electricidad y tel\u00e9fono.<\/li>\n<li>Si comes fuera de casa, podr\u00e1s acogerte a las \u00abdeducciones por la manutenci\u00f3n\u00bb, hasta 12 euros al d\u00eda, de lunes a viernes.<\/li>\n<\/ul>\n","protected":false},"excerpt":{"rendered":"<p>El pr\u00f3ximo jueves 30 de junio se aprueba la nueva ley de aut\u00f3nomos. Aunque al final quiz\u00e1s se realicen algunos peque\u00f1os cambios en ciertas normativas, la mayor\u00eda de las nuevas medidas est\u00e1n aprobadas. Si eres aut\u00f3nomo, presta atenci\u00f3n porque probablemente te interesan la mayor\u00eda de ellas.<\/p>\n","protected":false},"author":20,"featured_media":4689,"comment_status":"open","ping_status":"open","sticky":false,"template":"","format":"standard","meta":{"_acf_changed":false,"_et_pb_use_builder":"","_et_pb_old_content":"","_et_gb_content_width":"","om_disable_all_campaigns":false,"inline_featured_image":false,"footnotes":""},"categories":[1014],"tags":[1380],"class_list":{"0":"post-10365","1":"post","2":"type-post","3":"status-publish","4":"format-standard","5":"has-post-thumbnail","7":"category-fiscalidad","8":"tag-autonomos"},"acf":{"selector_de_usuario":"","fecha_de_revision":"20200228"},"yoast_head":"<!-- This site is optimized with the Yoast SEO plugin v27.1 - https:\/\/yoast.com\/product\/yoast-seo-wordpress\/ -->\n<title>Nueva Ley de aut\u00f3nomos: Todo lo que necesitas saber | TeamSystem Facturas Billin<\/title>\n<meta name=\"description\" content=\"Te explicamos todas las medidas que se han puesto encima de la mesa para la nueva ley de aut\u00f3nomos, que esperamos que aprueben al completo.\" \/>\n<meta name=\"robots\" content=\"index, follow, max-snippet:-1, max-image-preview:large, max-video-preview:-1\" \/>\n<link rel=\"canonical\" href=\"https:\/\/www.billin.net\/blog\/nueva-ley-autonomos-lo-necesitas-saber\/\" \/>\n<meta property=\"og:locale\" content=\"es_ES\" \/>\n<meta property=\"og:type\" content=\"article\" \/>\n<meta property=\"og:title\" content=\"Nueva Ley de aut\u00f3nomos: Todo lo que necesitas saber | TeamSystem Facturas Billin\" \/>\n<meta property=\"og:description\" content=\"Te explicamos todas las medidas que se han puesto encima de la mesa para la nueva ley de aut\u00f3nomos, que esperamos que aprueben al completo.\" \/>\n<meta property=\"og:url\" content=\"https:\/\/www.billin.net\/blog\/nueva-ley-autonomos-lo-necesitas-saber\/\" \/>\n<meta property=\"og:site_name\" content=\"Blog de TeamSystem Facturas Billin\" \/>\n<meta property=\"article:publisher\" content=\"https:\/\/www.facebook.com\/EsBillin\" \/>\n<meta property=\"article:published_time\" content=\"2017-06-26T22:00:00+00:00\" \/>\n<meta property=\"article:modified_time\" content=\"2025-09-25T19:03:44+00:00\" \/>\n<meta property=\"og:image\" content=\"https:\/\/www.billin.net\/blog\/wp-content\/uploads\/2017\/06\/Nueva-ley-de-aut\u00f3nomos.jpg\" \/>\n\t<meta property=\"og:image:width\" content=\"1000\" \/>\n\t<meta property=\"og:image:height\" content=\"667\" \/>\n\t<meta property=\"og:image:type\" content=\"image\/jpeg\" \/>\n<meta name=\"author\" content=\"Marcos De La Cueva - CEO TeamSystem Facturas Billin\" \/>\n<meta name=\"twitter:card\" content=\"summary_large_image\" \/>\n<meta name=\"twitter:creator\" content=\"@Billin_ES\" \/>\n<meta name=\"twitter:site\" content=\"@Billin_ES\" \/>\n<meta name=\"twitter:label1\" content=\"Escrito por\" \/>\n\t<meta name=\"twitter:data1\" content=\"Marcos De La Cueva - CEO TeamSystem Facturas Billin\" \/>\n\t<meta name=\"twitter:label2\" content=\"Tiempo de lectura\" \/>\n\t<meta name=\"twitter:data2\" content=\"3 minutos\" \/>\n<script type=\"application\/ld+json\" class=\"yoast-schema-graph\">{\"@context\":\"https:\/\/schema.org\",\"@graph\":[{\"@type\":\"Article\",\"@id\":\"https:\/\/www.billin.net\/blog\/nueva-ley-autonomos-lo-necesitas-saber\/#article\",\"isPartOf\":{\"@id\":\"https:\/\/www.billin.net\/blog\/nueva-ley-autonomos-lo-necesitas-saber\/\"},\"author\":{\"name\":\"Marcos De La Cueva - CEO TeamSystem Facturas Billin\",\"@id\":\"https:\/\/www.billin.net\/blog\/#\/schema\/person\/d0339ee6e869234614541b1e80a793e7\"},\"headline\":\"Nueva ley de aut\u00f3nomos: Todo lo que necesitas saber de ella\",\"datePublished\":\"2017-06-26T22:00:00+00:00\",\"dateModified\":\"2025-09-25T19:03:44+00:00\",\"mainEntityOfPage\":{\"@id\":\"https:\/\/www.billin.net\/blog\/nueva-ley-autonomos-lo-necesitas-saber\/\"},\"wordCount\":651,\"commentCount\":0,\"publisher\":{\"@id\":\"https:\/\/www.billin.net\/blog\/#organization\"},\"image\":{\"@id\":\"https:\/\/www.billin.net\/blog\/nueva-ley-autonomos-lo-necesitas-saber\/#primaryimage\"},\"thumbnailUrl\":\"https:\/\/www.billin.net\/blog\/wp-content\/uploads\/2017\/06\/Nueva-ley-de-aut\u00f3nomos.jpg\",\"keywords\":[\"Aut\u00f3nomos\"],\"articleSection\":[\"Fiscalidad\"],\"inLanguage\":\"es\",\"potentialAction\":[{\"@type\":\"CommentAction\",\"name\":\"Comment\",\"target\":[\"https:\/\/www.billin.net\/blog\/nueva-ley-autonomos-lo-necesitas-saber\/#respond\"]}]},{\"@type\":\"WebPage\",\"@id\":\"https:\/\/www.billin.net\/blog\/nueva-ley-autonomos-lo-necesitas-saber\/\",\"url\":\"https:\/\/www.billin.net\/blog\/nueva-ley-autonomos-lo-necesitas-saber\/\",\"name\":\"Nueva Ley de aut\u00f3nomos: Todo lo que necesitas saber | TeamSystem Facturas Billin\",\"isPartOf\":{\"@id\":\"https:\/\/www.billin.net\/blog\/#website\"},\"primaryImageOfPage\":{\"@id\":\"https:\/\/www.billin.net\/blog\/nueva-ley-autonomos-lo-necesitas-saber\/#primaryimage\"},\"image\":{\"@id\":\"https:\/\/www.billin.net\/blog\/nueva-ley-autonomos-lo-necesitas-saber\/#primaryimage\"},\"thumbnailUrl\":\"https:\/\/www.billin.net\/blog\/wp-content\/uploads\/2017\/06\/Nueva-ley-de-aut\u00f3nomos.jpg\",\"datePublished\":\"2017-06-26T22:00:00+00:00\",\"dateModified\":\"2025-09-25T19:03:44+00:00\",\"description\":\"Te explicamos todas las medidas que se han puesto encima de la mesa para la nueva ley de aut\u00f3nomos, que esperamos que aprueben al completo.\",\"breadcrumb\":{\"@id\":\"https:\/\/www.billin.net\/blog\/nueva-ley-autonomos-lo-necesitas-saber\/#breadcrumb\"},\"inLanguage\":\"es\",\"potentialAction\":[{\"@type\":\"ReadAction\",\"target\":[\"https:\/\/www.billin.net\/blog\/nueva-ley-autonomos-lo-necesitas-saber\/\"]}]},{\"@type\":\"ImageObject\",\"inLanguage\":\"es\",\"@id\":\"https:\/\/www.billin.net\/blog\/nueva-ley-autonomos-lo-necesitas-saber\/#primaryimage\",\"url\":\"https:\/\/www.billin.net\/blog\/wp-content\/uploads\/2017\/06\/Nueva-ley-de-aut\u00f3nomos.jpg\",\"contentUrl\":\"https:\/\/www.billin.net\/blog\/wp-content\/uploads\/2017\/06\/Nueva-ley-de-aut\u00f3nomos.jpg\",\"width\":1000,\"height\":667,\"caption\":\"Nueva ley de aut\u00f3nomos: Todo lo que necesitas saber de ella\"},{\"@type\":\"BreadcrumbList\",\"@id\":\"https:\/\/www.billin.net\/blog\/nueva-ley-autonomos-lo-necesitas-saber\/#breadcrumb\",\"itemListElement\":[{\"@type\":\"ListItem\",\"position\":1,\"name\":\"Blog\",\"item\":\"https:\/\/www.billin.net\/blog\/\"},{\"@type\":\"ListItem\",\"position\":2,\"name\":\"Fiscalidad\",\"item\":\"https:\/\/www.billin.net\/blog\/fiscalidad\/\"},{\"@type\":\"ListItem\",\"position\":3,\"name\":\"Nueva ley de aut\u00f3nomos: Todo lo que necesitas saber de ella\"}]},{\"@type\":\"WebSite\",\"@id\":\"https:\/\/www.billin.net\/blog\/#website\",\"url\":\"https:\/\/www.billin.net\/blog\/\",\"name\":\"Blog de Billin\",\"description\":\"Mantente informado con el blog de TeamSystem Facturas Billin:  facturaci\u00f3n, legislaci\u00f3n, contabilidad, management y toda la informaci\u00f3n \u00fatil para pymes y aut\u00f3nomos.\",\"publisher\":{\"@id\":\"https:\/\/www.billin.net\/blog\/#organization\"},\"potentialAction\":[{\"@type\":\"SearchAction\",\"target\":{\"@type\":\"EntryPoint\",\"urlTemplate\":\"https:\/\/www.billin.net\/blog\/?s={search_term_string}\"},\"query-input\":{\"@type\":\"PropertyValueSpecification\",\"valueRequired\":true,\"valueName\":\"search_term_string\"}}],\"inLanguage\":\"es\"},{\"@type\":\"Organization\",\"@id\":\"https:\/\/www.billin.net\/blog\/#organization\",\"name\":\"Billin\",\"alternateName\":\"Blog de Billin\",\"url\":\"https:\/\/www.billin.net\/blog\/\",\"logo\":{\"@type\":\"ImageObject\",\"inLanguage\":\"es\",\"@id\":\"https:\/\/www.billin.net\/blog\/#\/schema\/logo\/image\/\",\"url\":\"https:\/\/www.billin.net\/blog\/wp-content\/uploads\/2019\/06\/logotipo-billin-blog-1.png\",\"contentUrl\":\"https:\/\/www.billin.net\/blog\/wp-content\/uploads\/2019\/06\/logotipo-billin-blog-1.png\",\"width\":126,\"height\":50,\"caption\":\"Billin\"},\"image\":{\"@id\":\"https:\/\/www.billin.net\/blog\/#\/schema\/logo\/image\/\"},\"sameAs\":[\"https:\/\/www.facebook.com\/EsBillin\",\"https:\/\/x.com\/Billin_ES\",\"https:\/\/www.instagram.com\/billin_es\/\",\"https:\/\/www.linkedin.com\/company\/billin-spain\",\"https:\/\/www.youtube.com\/c\/BillinEsintercambiodefacturas\/\"],\"legalName\":\"MY EXPENSES SL\",\"contactPoint\":{\"@type\":\"ContactPoint\",\"telephone\":\"+34918318883\",\"contactType\":\"customer service\",\"email\":\"info@billin.eu\",\"availableLanguage\":\"es\"},\"foundingDate\":\"2015\",\"numberOfEmployees\":{\"@type\":\"QuantitativeValue\",\"minValue\":10,\"maxValue\":50},\"parentOrganization\":{\"@type\":\"Organization\",\"name\":\"TeamSystem\",\"url\":\"https:\/\/www.teamsystem.com\/\"},\"description\":\"Billin es el programa de facturaci\u00f3n online de TeamSystem para aut\u00f3nomos y pymes en Espa\u00f1a. Permite crear facturas, controlar gastos y cumplir con Verifactu.\",\"address\":{\"@type\":\"PostalAddress\",\"streetAddress\":\"Calle Arturo Soria, 336\",\"addressLocality\":\"Madrid\",\"addressRegion\":\"Madrid\",\"postalCode\":\"28033\",\"addressCountry\":\"ES\"}},{\"@type\":\"Person\",\"@id\":\"https:\/\/www.billin.net\/blog\/#\/schema\/person\/d0339ee6e869234614541b1e80a793e7\",\"name\":\"Marcos De La Cueva - CEO TeamSystem Facturas Billin\",\"image\":{\"@type\":\"ImageObject\",\"inLanguage\":\"es\",\"@id\":\"https:\/\/www.billin.net\/blog\/#\/schema\/person\/image\/\",\"url\":\"https:\/\/www.billin.net\/blog\/wp-content\/uploads\/2023\/10\/marcos-color-150x150.png\",\"contentUrl\":\"https:\/\/www.billin.net\/blog\/wp-content\/uploads\/2023\/10\/marcos-color-150x150.png\",\"caption\":\"Marcos De La Cueva - CEO TeamSystem Facturas Billin\"},\"description\":\"Licenciado en ADE por la Universidad Aut\u00f3noma de Madrid, Marcos De la Cueva es CEO y cofundador de TeamSystem Facturas Billin, un programa online que lleva m\u00e1s de 9 a\u00f1os ayudando a aut\u00f3nomos, peque\u00f1os negocios y gestor\u00edas a digitalizar sus presupuestos, facturas, tickets y gastos. \u00a0 Sobre Marcos De La Cueva \u00a0 Apasionado por el mundo empresarial y la tecnolog\u00eda, curs\u00f3 su M\u00e1ster de Finanzas en la Universidad Pontificia de Comillas y estuvo en el Programa de Cooperaci\u00f3n Educativa de la Universidad Aut\u00f3noma de Madrid. \u00a0 Marcos siempre ha tenido su objetivo claro: ayudar a la creaci\u00f3n de negocios financieramente sostenibles a trav\u00e9s de una herramienta de facturaci\u00f3n que les permita ahorrar tiempo y tener la contabilidad bajo control. \u00a0 Marcos De La Cueva en los medios \u2014 Noticia sobre Kit Digital y Ley Antifraude (VeriFactu) en El Economista. \u2014 Noticia sobre Kit Digital y factura electr\u00f3nica obligatoria en Diario Jur\u00eddico. \u2014 Noticia sobre el a\u00f1o de transici\u00f3n para la factura electr\u00f3nica en Muy Pymes. \u2014 Entrevista sobre factura electr\u00f3nica obligatoria en Canal Sur. \u2014 Noticia sobre el informe factura electr\u00f3nica de TeamSystem en Channel Partner. \u2014 Charla sobre productividad y Ley Crea y Crece en El Economista. \u2014 Charla sobre factura electr\u00f3nica obligatoria en Muy Pymes. \u2014 Charla sobre digitalizaci\u00f3n aut\u00f3nomos y productividad en esdiario. \u2014 Charla sobre productividad y factura electr\u00f3nica en La Raz\u00f3n. \u2014 Charla sobre factura electr\u00f3nica obligatoria en Aut\u00f3nomos y Emprendedores. \u2014 Entrevista sobre Ley Antifraude y Ley Crea y Crece en Expansi\u00f3n. \u2014 Entrevista sobre Ley Antifraude y Ley Crea y Crece en La Raz\u00f3n. \u2014 Entrevista sobre factura electr\u00f3nica obligatoria en El Economista. \u2014 Comunicado Billin y TeamSystem en Business Insider. \u2014 Entrevista en Econom\u00eda Digital. \u2014 Entrevista en Ideas para tu empresa de Vodafone. \u2014 Entrevista en M\u00e1sQradio. \u2014 Entrevista en Armas para emprender de El M\u00e9todo Gallardo. \u2014 Entrevista en KFund. \u2014 Entrevista en AXA Seguros Espa\u00f1a. \u2014 Entrevista en GestionaRadio. \u00a0 Marcos De La Cueva en eventos \u00a0 \u2014 Participaci\u00f3n como ponente en Accountex Espa\u00f1a 2023. \u00a0 Tem\u00e1ticas de especializaci\u00f3n \u00a0 negocios | startups | contabilidad| fiscalidad | empresas| asesor\u00edas| autonomos | emprendedores | peque\u00f1os negocios | econom\u00eda | ADE | pymes | desarrollo de negocio\u00a0\",\"sameAs\":[\"https:\/\/www.billin.net\/\",\"https:\/\/www.linkedin.com\/in\/marcos-de-la-cueva-19750ba3\/\"],\"url\":\"https:\/\/www.billin.net\/blog\/author\/marcosdelacueva\/\",\"jobTitle\":\"CEO y cofundador de TS Facturas Billin\"}]}<\/script>\n<!-- \/ Yoast SEO plugin. -->","yoast_head_json":{"title":"Nueva Ley de aut\u00f3nomos: Todo lo que necesitas saber | TeamSystem Facturas Billin","description":"Te explicamos todas las medidas que se han puesto encima de la mesa para la nueva ley de aut\u00f3nomos, que esperamos que aprueben al completo.","robots":{"index":"index","follow":"follow","max-snippet":"max-snippet:-1","max-image-preview":"max-image-preview:large","max-video-preview":"max-video-preview:-1"},"canonical":"https:\/\/www.billin.net\/blog\/nueva-ley-autonomos-lo-necesitas-saber\/","og_locale":"es_ES","og_type":"article","og_title":"Nueva Ley de aut\u00f3nomos: Todo lo que necesitas saber | TeamSystem Facturas Billin","og_description":"Te explicamos todas las medidas que se han puesto encima de la mesa para la nueva ley de aut\u00f3nomos, que esperamos que aprueben al completo.","og_url":"https:\/\/www.billin.net\/blog\/nueva-ley-autonomos-lo-necesitas-saber\/","og_site_name":"Blog de TeamSystem Facturas Billin","article_publisher":"https:\/\/www.facebook.com\/EsBillin","article_published_time":"2017-06-26T22:00:00+00:00","article_modified_time":"2025-09-25T19:03:44+00:00","og_image":[{"width":1000,"height":667,"url":"https:\/\/www.billin.net\/blog\/wp-content\/uploads\/2017\/06\/Nueva-ley-de-aut\u00f3nomos.jpg","type":"image\/jpeg"}],"author":"Marcos De La Cueva - CEO TeamSystem Facturas Billin","twitter_card":"summary_large_image","twitter_creator":"@Billin_ES","twitter_site":"@Billin_ES","twitter_misc":{"Escrito por":"Marcos De La Cueva - CEO TeamSystem Facturas Billin","Tiempo de lectura":"3 minutos"},"schema":{"@context":"https:\/\/schema.org","@graph":[{"@type":"Article","@id":"https:\/\/www.billin.net\/blog\/nueva-ley-autonomos-lo-necesitas-saber\/#article","isPartOf":{"@id":"https:\/\/www.billin.net\/blog\/nueva-ley-autonomos-lo-necesitas-saber\/"},"author":{"name":"Marcos De La Cueva - CEO TeamSystem Facturas Billin","@id":"https:\/\/www.billin.net\/blog\/#\/schema\/person\/d0339ee6e869234614541b1e80a793e7"},"headline":"Nueva ley de aut\u00f3nomos: Todo lo que necesitas saber de ella","datePublished":"2017-06-26T22:00:00+00:00","dateModified":"2025-09-25T19:03:44+00:00","mainEntityOfPage":{"@id":"https:\/\/www.billin.net\/blog\/nueva-ley-autonomos-lo-necesitas-saber\/"},"wordCount":651,"commentCount":0,"publisher":{"@id":"https:\/\/www.billin.net\/blog\/#organization"},"image":{"@id":"https:\/\/www.billin.net\/blog\/nueva-ley-autonomos-lo-necesitas-saber\/#primaryimage"},"thumbnailUrl":"https:\/\/www.billin.net\/blog\/wp-content\/uploads\/2017\/06\/Nueva-ley-de-aut\u00f3nomos.jpg","keywords":["Aut\u00f3nomos"],"articleSection":["Fiscalidad"],"inLanguage":"es","potentialAction":[{"@type":"CommentAction","name":"Comment","target":["https:\/\/www.billin.net\/blog\/nueva-ley-autonomos-lo-necesitas-saber\/#respond"]}]},{"@type":"WebPage","@id":"https:\/\/www.billin.net\/blog\/nueva-ley-autonomos-lo-necesitas-saber\/","url":"https:\/\/www.billin.net\/blog\/nueva-ley-autonomos-lo-necesitas-saber\/","name":"Nueva Ley de aut\u00f3nomos: Todo lo que necesitas saber | TeamSystem Facturas Billin","isPartOf":{"@id":"https:\/\/www.billin.net\/blog\/#website"},"primaryImageOfPage":{"@id":"https:\/\/www.billin.net\/blog\/nueva-ley-autonomos-lo-necesitas-saber\/#primaryimage"},"image":{"@id":"https:\/\/www.billin.net\/blog\/nueva-ley-autonomos-lo-necesitas-saber\/#primaryimage"},"thumbnailUrl":"https:\/\/www.billin.net\/blog\/wp-content\/uploads\/2017\/06\/Nueva-ley-de-aut\u00f3nomos.jpg","datePublished":"2017-06-26T22:00:00+00:00","dateModified":"2025-09-25T19:03:44+00:00","description":"Te explicamos todas las medidas que se han puesto encima de la mesa para la nueva ley de aut\u00f3nomos, que esperamos que aprueben al completo.","breadcrumb":{"@id":"https:\/\/www.billin.net\/blog\/nueva-ley-autonomos-lo-necesitas-saber\/#breadcrumb"},"inLanguage":"es","potentialAction":[{"@type":"ReadAction","target":["https:\/\/www.billin.net\/blog\/nueva-ley-autonomos-lo-necesitas-saber\/"]}]},{"@type":"ImageObject","inLanguage":"es","@id":"https:\/\/www.billin.net\/blog\/nueva-ley-autonomos-lo-necesitas-saber\/#primaryimage","url":"https:\/\/www.billin.net\/blog\/wp-content\/uploads\/2017\/06\/Nueva-ley-de-aut\u00f3nomos.jpg","contentUrl":"https:\/\/www.billin.net\/blog\/wp-content\/uploads\/2017\/06\/Nueva-ley-de-aut\u00f3nomos.jpg","width":1000,"height":667,"caption":"Nueva ley de aut\u00f3nomos: Todo lo que necesitas saber de ella"},{"@type":"BreadcrumbList","@id":"https:\/\/www.billin.net\/blog\/nueva-ley-autonomos-lo-necesitas-saber\/#breadcrumb","itemListElement":[{"@type":"ListItem","position":1,"name":"Blog","item":"https:\/\/www.billin.net\/blog\/"},{"@type":"ListItem","position":2,"name":"Fiscalidad","item":"https:\/\/www.billin.net\/blog\/fiscalidad\/"},{"@type":"ListItem","position":3,"name":"Nueva ley de aut\u00f3nomos: Todo lo que necesitas saber de ella"}]},{"@type":"WebSite","@id":"https:\/\/www.billin.net\/blog\/#website","url":"https:\/\/www.billin.net\/blog\/","name":"Blog de Billin","description":"Mantente informado con el blog de TeamSystem Facturas Billin:  facturaci\u00f3n, legislaci\u00f3n, contabilidad, management y toda la informaci\u00f3n \u00fatil para pymes y aut\u00f3nomos.","publisher":{"@id":"https:\/\/www.billin.net\/blog\/#organization"},"potentialAction":[{"@type":"SearchAction","target":{"@type":"EntryPoint","urlTemplate":"https:\/\/www.billin.net\/blog\/?s={search_term_string}"},"query-input":{"@type":"PropertyValueSpecification","valueRequired":true,"valueName":"search_term_string"}}],"inLanguage":"es"},{"@type":"Organization","@id":"https:\/\/www.billin.net\/blog\/#organization","name":"Billin","alternateName":"Blog de Billin","url":"https:\/\/www.billin.net\/blog\/","logo":{"@type":"ImageObject","inLanguage":"es","@id":"https:\/\/www.billin.net\/blog\/#\/schema\/logo\/image\/","url":"https:\/\/www.billin.net\/blog\/wp-content\/uploads\/2019\/06\/logotipo-billin-blog-1.png","contentUrl":"https:\/\/www.billin.net\/blog\/wp-content\/uploads\/2019\/06\/logotipo-billin-blog-1.png","width":126,"height":50,"caption":"Billin"},"image":{"@id":"https:\/\/www.billin.net\/blog\/#\/schema\/logo\/image\/"},"sameAs":["https:\/\/www.facebook.com\/EsBillin","https:\/\/x.com\/Billin_ES","https:\/\/www.instagram.com\/billin_es\/","https:\/\/www.linkedin.com\/company\/billin-spain","https:\/\/www.youtube.com\/c\/BillinEsintercambiodefacturas\/"],"legalName":"MY EXPENSES SL","contactPoint":{"@type":"ContactPoint","telephone":"+34918318883","contactType":"customer service","email":"info@billin.eu","availableLanguage":"es"},"foundingDate":"2015","numberOfEmployees":{"@type":"QuantitativeValue","minValue":10,"maxValue":50},"parentOrganization":{"@type":"Organization","name":"TeamSystem","url":"https:\/\/www.teamsystem.com\/"},"description":"Billin es el programa de facturaci\u00f3n online de TeamSystem para aut\u00f3nomos y pymes en Espa\u00f1a. Permite crear facturas, controlar gastos y cumplir con Verifactu.","address":{"@type":"PostalAddress","streetAddress":"Calle Arturo Soria, 336","addressLocality":"Madrid","addressRegion":"Madrid","postalCode":"28033","addressCountry":"ES"}},{"@type":"Person","@id":"https:\/\/www.billin.net\/blog\/#\/schema\/person\/d0339ee6e869234614541b1e80a793e7","name":"Marcos De La Cueva - CEO TeamSystem Facturas Billin","image":{"@type":"ImageObject","inLanguage":"es","@id":"https:\/\/www.billin.net\/blog\/#\/schema\/person\/image\/","url":"https:\/\/www.billin.net\/blog\/wp-content\/uploads\/2023\/10\/marcos-color-150x150.png","contentUrl":"https:\/\/www.billin.net\/blog\/wp-content\/uploads\/2023\/10\/marcos-color-150x150.png","caption":"Marcos De La Cueva - CEO TeamSystem Facturas Billin"},"description":"Licenciado en ADE por la Universidad Aut\u00f3noma de Madrid, Marcos De la Cueva es CEO y cofundador de TeamSystem Facturas Billin, un programa online que lleva m\u00e1s de 9 a\u00f1os ayudando a aut\u00f3nomos, peque\u00f1os negocios y gestor\u00edas a digitalizar sus presupuestos, facturas, tickets y gastos. \u00a0 Sobre Marcos De La Cueva \u00a0 Apasionado por el mundo empresarial y la tecnolog\u00eda, curs\u00f3 su M\u00e1ster de Finanzas en la Universidad Pontificia de Comillas y estuvo en el Programa de Cooperaci\u00f3n Educativa de la Universidad Aut\u00f3noma de Madrid. \u00a0 Marcos siempre ha tenido su objetivo claro: ayudar a la creaci\u00f3n de negocios financieramente sostenibles a trav\u00e9s de una herramienta de facturaci\u00f3n que les permita ahorrar tiempo y tener la contabilidad bajo control. \u00a0 Marcos De La Cueva en los medios \u2014 Noticia sobre Kit Digital y Ley Antifraude (VeriFactu) en El Economista. \u2014 Noticia sobre Kit Digital y factura electr\u00f3nica obligatoria en Diario Jur\u00eddico. \u2014 Noticia sobre el a\u00f1o de transici\u00f3n para la factura electr\u00f3nica en Muy Pymes. \u2014 Entrevista sobre factura electr\u00f3nica obligatoria en Canal Sur. \u2014 Noticia sobre el informe factura electr\u00f3nica de TeamSystem en Channel Partner. \u2014 Charla sobre productividad y Ley Crea y Crece en El Economista. \u2014 Charla sobre factura electr\u00f3nica obligatoria en Muy Pymes. \u2014 Charla sobre digitalizaci\u00f3n aut\u00f3nomos y productividad en esdiario. \u2014 Charla sobre productividad y factura electr\u00f3nica en La Raz\u00f3n. \u2014 Charla sobre factura electr\u00f3nica obligatoria en Aut\u00f3nomos y Emprendedores. \u2014 Entrevista sobre Ley Antifraude y Ley Crea y Crece en Expansi\u00f3n. \u2014 Entrevista sobre Ley Antifraude y Ley Crea y Crece en La Raz\u00f3n. \u2014 Entrevista sobre factura electr\u00f3nica obligatoria en El Economista. \u2014 Comunicado Billin y TeamSystem en Business Insider. \u2014 Entrevista en Econom\u00eda Digital. \u2014 Entrevista en Ideas para tu empresa de Vodafone. \u2014 Entrevista en M\u00e1sQradio. \u2014 Entrevista en Armas para emprender de El M\u00e9todo Gallardo. \u2014 Entrevista en KFund. \u2014 Entrevista en AXA Seguros Espa\u00f1a. \u2014 Entrevista en GestionaRadio. \u00a0 Marcos De La Cueva en eventos \u00a0 \u2014 Participaci\u00f3n como ponente en Accountex Espa\u00f1a 2023. \u00a0 Tem\u00e1ticas de especializaci\u00f3n \u00a0 negocios | startups | contabilidad| fiscalidad | empresas| asesor\u00edas| autonomos | emprendedores | peque\u00f1os negocios | econom\u00eda | ADE | pymes | desarrollo de negocio\u00a0","sameAs":["https:\/\/www.billin.net\/","https:\/\/www.linkedin.com\/in\/marcos-de-la-cueva-19750ba3\/"],"url":"https:\/\/www.billin.net\/blog\/author\/marcosdelacueva\/","jobTitle":"CEO y cofundador de TS Facturas Billin"}]}},"_links":{"self":[{"href":"https:\/\/www.billin.net\/blog\/wp-json\/wp\/v2\/posts\/10365","targetHints":{"allow":["GET"]}}],"collection":[{"href":"https:\/\/www.billin.net\/blog\/wp-json\/wp\/v2\/posts"}],"about":[{"href":"https:\/\/www.billin.net\/blog\/wp-json\/wp\/v2\/types\/post"}],"author":[{"embeddable":true,"href":"https:\/\/www.billin.net\/blog\/wp-json\/wp\/v2\/users\/20"}],"replies":[{"embeddable":true,"href":"https:\/\/www.billin.net\/blog\/wp-json\/wp\/v2\/comments?post=10365"}],"version-history":[{"count":8,"href":"https:\/\/www.billin.net\/blog\/wp-json\/wp\/v2\/posts\/10365\/revisions"}],"predecessor-version":[{"id":27548,"href":"https:\/\/www.billin.net\/blog\/wp-json\/wp\/v2\/posts\/10365\/revisions\/27548"}],"wp:featuredmedia":[{"embeddable":true,"href":"https:\/\/www.billin.net\/blog\/wp-json\/wp\/v2\/media\/4689"}],"wp:attachment":[{"href":"https:\/\/www.billin.net\/blog\/wp-json\/wp\/v2\/media?parent=10365"}],"wp:term":[{"taxonomy":"category","embeddable":true,"href":"https:\/\/www.billin.net\/blog\/wp-json\/wp\/v2\/categories?post=10365"},{"taxonomy":"post_tag","embeddable":true,"href":"https:\/\/www.billin.net\/blog\/wp-json\/wp\/v2\/tags?post=10365"}],"curies":[{"name":"wp","href":"https:\/\/api.w.org\/{rel}","templated":true}]}}