{"id":10364,"date":"2017-06-26T00:00:00","date_gmt":"2017-06-25T22:00:00","guid":{"rendered":"https:\/\/www.billin.net\/blog\/autonomo-no-trabajar-las-24-horas-del-dia\/"},"modified":"2025-09-25T21:03:46","modified_gmt":"2025-09-25T19:03:46","slug":"autonomo-no-trabajar-las-24-horas-del-dia","status":"publish","type":"post","link":"https:\/\/www.billin.net\/blog\/autonomo-no-trabajar-las-24-horas-del-dia\/","title":{"rendered":"C\u00f3mo ser aut\u00f3nomo y no trabajar las 24 horas del d\u00eda"},"content":{"rendered":"<p>En muchas ocasiones plantearse <strong>ser aut\u00f3nomo parece tener ciertas ventajas<\/strong> a\u00f1adidas, como decidir tu propio horario laboral, escoger las l\u00edneas de negocio de tu propia empresa&#8230; Siempre que tu trabajo lo permita, por supuesto.<\/p>\n<p>Sin embargo, <strong>cuando llega la hora de la verdad<\/strong>, ese horario laboral de oficina que te propon\u00edas se antoja escaso e insuficiente. Pronto a\u00f1ades m\u00e1s horas a tu jornada, reduces el tiempo de comida e, inevitablemente, el del sue\u00f1o. En apenas un tiempo <strong>te da la sensaci\u00f3n de que trabajas las 24 horas del d\u00eda<\/strong>. \u00bfTe sientes identificado\/a?<\/p>\n<p>Desde TeamSystem Facturas Billin <strong>te proponemos unos cuantos consejos pr\u00e1cticos<\/strong>, que puedes aplicar en tu trabajo diario sobre rutinas personales y profesionales, con los que podr\u00e1s tener algo m\u00e1s parecido a una jornada laboral corriente.<!--more--><\/p>\n<h2>Imponte horas de descanso obligatorias<\/h2>\n<p>Si fueras jefe de una empresa y vieras a un profesional dedicar excesivas horas de trabajo, le recomendar\u00edas ir a casa a descansar, para que al d\u00eda siguiente pueda ofrecer lo mejor de s\u00ed mismo, \u00bfno es as\u00ed? Contigo debes hacer lo mismo.<\/p>\n<p><strong>Establece unas horas inamovibles de descanso<\/strong>, tanto para comer y cenar, como para dormir suficientes horas. Aunque creas que reduces el tiempo de trabajo, en realidad el cerebro descansar\u00e1 y tu productividad crecer\u00e1 proporcionalmente. Si no lo haces, al final el cerebro se tomar\u00e1 obligatoriamente el descanso por ti y comenzar\u00e1s a notar que desciende tu productividad constantemente.<\/p>\n<h2>Ten fe y delega tareas<\/h2>\n<p>La conocida frase \u00abpara hacer algo bien, hazlo t\u00fa mismo\u00bb, funciona realmente mal para un aut\u00f3nomo. Si trabajas con socios o colaboradores, debes tener fe en que puedan realizar su trabajo de forma adecuada, incluso aunque t\u00fa creas que puedas hacerlo mejor.<\/p>\n<p><strong>Delegar es la base de todo trabajo en equipo<\/strong> y completamente imprescindible si quieres poder abarcar con tu negocio o empresa todas las l\u00edneas comerciales que tienes planteadas.<\/p>\n<p>Hoy en d\u00eda, adem\u00e1s, con muchos de estos negocios basados en nuevas tecnolog\u00edas e Internet, con la posibilidad de hacer operaciones de compra venta <strong>365 d\u00edas al a\u00f1o y 24 horas al d\u00eda<\/strong>, delegar es algo inevitable, si de verdad queremos dar un servicio adecuado a nuestros clientes.<\/p>\n<h2>La planificaci\u00f3n, esencial para un aut\u00f3nomo<\/h2>\n<p>En cualquier oficina donde se organiza el trabajo al detalle puede parecer que est\u00e1 todo demasiado limitado, sin posibilidad de improvisar. Pero cuando se intenta administrar un trabajo como aut\u00f3nomo, la tarea ya no parece tan sencilla.<\/p>\n<p><strong>Los aut\u00f3nomos profesionales comienzan a abarcar cada vez m\u00e1s tareas<\/strong> con poca o ninguna planificaci\u00f3n de las mismas. Nuestro consejo es, como siempre, intentar ser organizados. Puedes aprovechar muchas de<a href=\"https:\/\/www.billin.net\/aplicacion-para-facturas\/\" target=\"_blank\" rel=\"noopener noreferrer\"> apps que te ayudan con la organizaci\u00f3n de tareas<\/a> o programas de escritorio.<\/p>\n<p>Adem\u00e1s, debes saber planificar bien las tareas, diferenciando entre las que son prioritarias, las que requieren mayor dedicaci\u00f3n y las que puedes dejar para un segundo plano.<\/p>\n<h2>\u00bfConectividad o desconexi\u00f3n?<\/h2>\n<p>En TeamSystem Facturas Billin tenemos una plataforma online basada en tecnolog\u00eda en la nube para la <a href=\"https:\/\/www.billin.net\/control-facturas\/\">creaci\u00f3n y gesti\u00f3n de facturas<\/a>. Por c\u00f3mo hemos desarrollado nuestro sistema, <strong>sabemos la importancia que tiene estar conectados constantemente<\/strong>. Pero tambi\u00e9n, por experiencia, sabemos que la desconexi\u00f3n es necesaria si queremos ser realmente productivos o descansar de forma adecuada.<\/p>\n<p>Si trabajas con nuevas tecnolog\u00edas o, simplemente, las aprovechas para tus contactos profesionales, <strong>debes saber tanto rentabilizarlas, como desconectarte de ellas<\/strong>. Estas tecnolog\u00edas tienen un gran potencial para cualquier negocio y, sobre todo, para cualquier aut\u00f3nomo que desee mejorar en su trabajo. Pero si no desconectas, te pasar\u00e1s todo el d\u00eda pendiente de notificaciones del trabajo y no descansar\u00e1s de forma adecuada. Y, como hemos dicho antes, sin descanso, la productividad comienza a descender.<\/p>\n","protected":false},"excerpt":{"rendered":"<p>En muchas ocasiones plantearse ser aut\u00f3nomo parece tener ciertas ventajas a\u00f1adidas, como decidir tu propio horario laboral, escoger las l\u00edneas de negocio de tu propia empresa&#8230; Siempre que tu trabajo lo permita, por supuesto. Sin embargo, cuando llega la hora de la verdad, ese horario laboral de oficina que te propon\u00edas se antoja escaso e [&hellip;]<\/p>\n","protected":false},"author":20,"featured_media":4693,"comment_status":"open","ping_status":"open","sticky":false,"template":"","format":"standard","meta":{"_acf_changed":false,"_et_pb_use_builder":"","_et_pb_old_content":"","_et_gb_content_width":"","om_disable_all_campaigns":false,"inline_featured_image":false,"footnotes":""},"categories":[1023],"tags":[1380],"class_list":{"0":"post-10364","1":"post","2":"type-post","3":"status-publish","4":"format-standard","5":"has-post-thumbnail","7":"category-negocios","8":"tag-autonomos"},"acf":{"selector_de_usuario":"","fecha_de_revision":"20190830"},"yoast_head":"<!-- This site is optimized with the Yoast SEO plugin v27.1 - https:\/\/yoast.com\/product\/yoast-seo-wordpress\/ -->\n<title>C\u00f3mo ser aut\u00f3nomo y no trabajar 24 horas al d\u00eda | TeamSystem Facturas Billin<\/title>\n<meta name=\"description\" content=\"Te damos unos consejos para afrontar tu trabajo como aut\u00f3nomo profesional y no tener que dedicar 24 horas del d\u00eda al mismo.\" \/>\n<meta name=\"robots\" content=\"index, follow, max-snippet:-1, max-image-preview:large, max-video-preview:-1\" \/>\n<link rel=\"canonical\" href=\"https:\/\/www.billin.net\/blog\/autonomo-no-trabajar-las-24-horas-del-dia\/\" \/>\n<meta property=\"og:locale\" content=\"es_ES\" \/>\n<meta property=\"og:type\" content=\"article\" \/>\n<meta property=\"og:title\" content=\"C\u00f3mo ser aut\u00f3nomo y no trabajar 24 horas al d\u00eda | TeamSystem Facturas Billin\" \/>\n<meta property=\"og:description\" content=\"Te damos unos consejos para afrontar tu trabajo como aut\u00f3nomo profesional y no tener que dedicar 24 horas del d\u00eda al mismo.\" \/>\n<meta property=\"og:url\" content=\"https:\/\/www.billin.net\/blog\/autonomo-no-trabajar-las-24-horas-del-dia\/\" \/>\n<meta property=\"og:site_name\" content=\"Blog de TeamSystem Facturas Billin\" \/>\n<meta property=\"article:publisher\" content=\"https:\/\/www.facebook.com\/EsBillin\" \/>\n<meta property=\"article:published_time\" content=\"2017-06-25T22:00:00+00:00\" \/>\n<meta property=\"article:modified_time\" content=\"2025-09-25T19:03:46+00:00\" \/>\n<meta property=\"og:image\" content=\"https:\/\/www.billin.net\/blog\/wp-content\/uploads\/2017\/06\/trabajo-autonomo-2-1.jpg\" \/>\n\t<meta property=\"og:image:width\" content=\"1500\" \/>\n\t<meta property=\"og:image:height\" content=\"1000\" \/>\n\t<meta property=\"og:image:type\" content=\"image\/jpeg\" \/>\n<meta name=\"author\" content=\"Marcos De La Cueva - CEO TeamSystem Facturas Billin\" \/>\n<meta name=\"twitter:card\" content=\"summary_large_image\" \/>\n<meta name=\"twitter:creator\" content=\"@Billin_ES\" \/>\n<meta name=\"twitter:site\" content=\"@Billin_ES\" \/>\n<meta name=\"twitter:label1\" content=\"Escrito por\" \/>\n\t<meta name=\"twitter:data1\" content=\"Marcos De La Cueva - CEO TeamSystem Facturas Billin\" \/>\n\t<meta name=\"twitter:label2\" content=\"Tiempo de lectura\" \/>\n\t<meta name=\"twitter:data2\" content=\"3 minutos\" \/>\n<script type=\"application\/ld+json\" class=\"yoast-schema-graph\">{\"@context\":\"https:\/\/schema.org\",\"@graph\":[{\"@type\":\"Article\",\"@id\":\"https:\/\/www.billin.net\/blog\/autonomo-no-trabajar-las-24-horas-del-dia\/#article\",\"isPartOf\":{\"@id\":\"https:\/\/www.billin.net\/blog\/autonomo-no-trabajar-las-24-horas-del-dia\/\"},\"author\":{\"name\":\"Marcos De La Cueva - CEO TeamSystem Facturas Billin\",\"@id\":\"https:\/\/www.billin.net\/blog\/#\/schema\/person\/d0339ee6e869234614541b1e80a793e7\"},\"headline\":\"C\u00f3mo ser aut\u00f3nomo y no trabajar las 24 horas del d\u00eda\",\"datePublished\":\"2017-06-25T22:00:00+00:00\",\"dateModified\":\"2025-09-25T19:03:46+00:00\",\"mainEntityOfPage\":{\"@id\":\"https:\/\/www.billin.net\/blog\/autonomo-no-trabajar-las-24-horas-del-dia\/\"},\"wordCount\":657,\"commentCount\":0,\"publisher\":{\"@id\":\"https:\/\/www.billin.net\/blog\/#organization\"},\"image\":{\"@id\":\"https:\/\/www.billin.net\/blog\/autonomo-no-trabajar-las-24-horas-del-dia\/#primaryimage\"},\"thumbnailUrl\":\"https:\/\/www.billin.net\/blog\/wp-content\/uploads\/2017\/06\/trabajo-autonomo-2-1.jpg\",\"keywords\":[\"Aut\u00f3nomos\"],\"articleSection\":[\"Negocios\"],\"inLanguage\":\"es\",\"potentialAction\":[{\"@type\":\"CommentAction\",\"name\":\"Comment\",\"target\":[\"https:\/\/www.billin.net\/blog\/autonomo-no-trabajar-las-24-horas-del-dia\/#respond\"]}]},{\"@type\":\"WebPage\",\"@id\":\"https:\/\/www.billin.net\/blog\/autonomo-no-trabajar-las-24-horas-del-dia\/\",\"url\":\"https:\/\/www.billin.net\/blog\/autonomo-no-trabajar-las-24-horas-del-dia\/\",\"name\":\"C\u00f3mo ser aut\u00f3nomo y no trabajar 24 horas al d\u00eda | TeamSystem Facturas Billin\",\"isPartOf\":{\"@id\":\"https:\/\/www.billin.net\/blog\/#website\"},\"primaryImageOfPage\":{\"@id\":\"https:\/\/www.billin.net\/blog\/autonomo-no-trabajar-las-24-horas-del-dia\/#primaryimage\"},\"image\":{\"@id\":\"https:\/\/www.billin.net\/blog\/autonomo-no-trabajar-las-24-horas-del-dia\/#primaryimage\"},\"thumbnailUrl\":\"https:\/\/www.billin.net\/blog\/wp-content\/uploads\/2017\/06\/trabajo-autonomo-2-1.jpg\",\"datePublished\":\"2017-06-25T22:00:00+00:00\",\"dateModified\":\"2025-09-25T19:03:46+00:00\",\"description\":\"Te damos unos consejos para afrontar tu trabajo como aut\u00f3nomo profesional y no tener que dedicar 24 horas del d\u00eda al mismo.\",\"breadcrumb\":{\"@id\":\"https:\/\/www.billin.net\/blog\/autonomo-no-trabajar-las-24-horas-del-dia\/#breadcrumb\"},\"inLanguage\":\"es\",\"potentialAction\":[{\"@type\":\"ReadAction\",\"target\":[\"https:\/\/www.billin.net\/blog\/autonomo-no-trabajar-las-24-horas-del-dia\/\"]}]},{\"@type\":\"ImageObject\",\"inLanguage\":\"es\",\"@id\":\"https:\/\/www.billin.net\/blog\/autonomo-no-trabajar-las-24-horas-del-dia\/#primaryimage\",\"url\":\"https:\/\/www.billin.net\/blog\/wp-content\/uploads\/2017\/06\/trabajo-autonomo-2-1.jpg\",\"contentUrl\":\"https:\/\/www.billin.net\/blog\/wp-content\/uploads\/2017\/06\/trabajo-autonomo-2-1.jpg\",\"width\":1500,\"height\":1000},{\"@type\":\"BreadcrumbList\",\"@id\":\"https:\/\/www.billin.net\/blog\/autonomo-no-trabajar-las-24-horas-del-dia\/#breadcrumb\",\"itemListElement\":[{\"@type\":\"ListItem\",\"position\":1,\"name\":\"Blog\",\"item\":\"https:\/\/www.billin.net\/blog\/\"},{\"@type\":\"ListItem\",\"position\":2,\"name\":\"Negocios\",\"item\":\"https:\/\/www.billin.net\/blog\/negocios\/\"},{\"@type\":\"ListItem\",\"position\":3,\"name\":\"C\u00f3mo ser aut\u00f3nomo y no trabajar las 24 horas del d\u00eda\"}]},{\"@type\":\"WebSite\",\"@id\":\"https:\/\/www.billin.net\/blog\/#website\",\"url\":\"https:\/\/www.billin.net\/blog\/\",\"name\":\"Blog de Billin\",\"description\":\"Mantente informado con el blog de TeamSystem Facturas Billin:  facturaci\u00f3n, legislaci\u00f3n, contabilidad, management y toda la informaci\u00f3n \u00fatil para pymes y aut\u00f3nomos.\",\"publisher\":{\"@id\":\"https:\/\/www.billin.net\/blog\/#organization\"},\"potentialAction\":[{\"@type\":\"SearchAction\",\"target\":{\"@type\":\"EntryPoint\",\"urlTemplate\":\"https:\/\/www.billin.net\/blog\/?s={search_term_string}\"},\"query-input\":{\"@type\":\"PropertyValueSpecification\",\"valueRequired\":true,\"valueName\":\"search_term_string\"}}],\"inLanguage\":\"es\"},{\"@type\":\"Organization\",\"@id\":\"https:\/\/www.billin.net\/blog\/#organization\",\"name\":\"Billin\",\"alternateName\":\"Blog de Billin\",\"url\":\"https:\/\/www.billin.net\/blog\/\",\"logo\":{\"@type\":\"ImageObject\",\"inLanguage\":\"es\",\"@id\":\"https:\/\/www.billin.net\/blog\/#\/schema\/logo\/image\/\",\"url\":\"https:\/\/www.billin.net\/blog\/wp-content\/uploads\/2019\/06\/logotipo-billin-blog-1.png\",\"contentUrl\":\"https:\/\/www.billin.net\/blog\/wp-content\/uploads\/2019\/06\/logotipo-billin-blog-1.png\",\"width\":126,\"height\":50,\"caption\":\"Billin\"},\"image\":{\"@id\":\"https:\/\/www.billin.net\/blog\/#\/schema\/logo\/image\/\"},\"sameAs\":[\"https:\/\/www.facebook.com\/EsBillin\",\"https:\/\/x.com\/Billin_ES\",\"https:\/\/www.instagram.com\/billin_es\/\",\"https:\/\/www.linkedin.com\/company\/billin-spain\",\"https:\/\/www.youtube.com\/c\/BillinEsintercambiodefacturas\/\"],\"legalName\":\"MY EXPENSES SL\",\"contactPoint\":{\"@type\":\"ContactPoint\",\"telephone\":\"+34918318883\",\"contactType\":\"customer service\",\"email\":\"info@billin.eu\",\"availableLanguage\":\"es\"},\"foundingDate\":\"2015\",\"numberOfEmployees\":{\"@type\":\"QuantitativeValue\",\"minValue\":10,\"maxValue\":50},\"parentOrganization\":{\"@type\":\"Organization\",\"name\":\"TeamSystem\",\"url\":\"https:\/\/www.teamsystem.com\/\"},\"description\":\"Billin es el programa de facturaci\u00f3n online de TeamSystem para aut\u00f3nomos y pymes en Espa\u00f1a. Permite crear facturas, controlar gastos y cumplir con Verifactu.\",\"address\":{\"@type\":\"PostalAddress\",\"streetAddress\":\"Calle Arturo Soria, 336\",\"addressLocality\":\"Madrid\",\"addressRegion\":\"Madrid\",\"postalCode\":\"28033\",\"addressCountry\":\"ES\"}},{\"@type\":\"Person\",\"@id\":\"https:\/\/www.billin.net\/blog\/#\/schema\/person\/d0339ee6e869234614541b1e80a793e7\",\"name\":\"Marcos De La Cueva - CEO TeamSystem Facturas Billin\",\"image\":{\"@type\":\"ImageObject\",\"inLanguage\":\"es\",\"@id\":\"https:\/\/www.billin.net\/blog\/#\/schema\/person\/image\/\",\"url\":\"https:\/\/www.billin.net\/blog\/wp-content\/uploads\/2023\/10\/marcos-color-150x150.png\",\"contentUrl\":\"https:\/\/www.billin.net\/blog\/wp-content\/uploads\/2023\/10\/marcos-color-150x150.png\",\"caption\":\"Marcos De La Cueva - CEO TeamSystem Facturas Billin\"},\"description\":\"Licenciado en ADE por la Universidad Aut\u00f3noma de Madrid, Marcos De la Cueva es CEO y cofundador de TeamSystem Facturas Billin, un programa online que lleva m\u00e1s de 9 a\u00f1os ayudando a aut\u00f3nomos, peque\u00f1os negocios y gestor\u00edas a digitalizar sus presupuestos, facturas, tickets y gastos. \u00a0 Sobre Marcos De La Cueva \u00a0 Apasionado por el mundo empresarial y la tecnolog\u00eda, curs\u00f3 su M\u00e1ster de Finanzas en la Universidad Pontificia de Comillas y estuvo en el Programa de Cooperaci\u00f3n Educativa de la Universidad Aut\u00f3noma de Madrid. \u00a0 Marcos siempre ha tenido su objetivo claro: ayudar a la creaci\u00f3n de negocios financieramente sostenibles a trav\u00e9s de una herramienta de facturaci\u00f3n que les permita ahorrar tiempo y tener la contabilidad bajo control. \u00a0 Marcos De La Cueva en los medios \u2014 Noticia sobre Kit Digital y Ley Antifraude (VeriFactu) en El Economista. \u2014 Noticia sobre Kit Digital y factura electr\u00f3nica obligatoria en Diario Jur\u00eddico. \u2014 Noticia sobre el a\u00f1o de transici\u00f3n para la factura electr\u00f3nica en Muy Pymes. \u2014 Entrevista sobre factura electr\u00f3nica obligatoria en Canal Sur. \u2014 Noticia sobre el informe factura electr\u00f3nica de TeamSystem en Channel Partner. \u2014 Charla sobre productividad y Ley Crea y Crece en El Economista. \u2014 Charla sobre factura electr\u00f3nica obligatoria en Muy Pymes. \u2014 Charla sobre digitalizaci\u00f3n aut\u00f3nomos y productividad en esdiario. \u2014 Charla sobre productividad y factura electr\u00f3nica en La Raz\u00f3n. \u2014 Charla sobre factura electr\u00f3nica obligatoria en Aut\u00f3nomos y Emprendedores. \u2014 Entrevista sobre Ley Antifraude y Ley Crea y Crece en Expansi\u00f3n. \u2014 Entrevista sobre Ley Antifraude y Ley Crea y Crece en La Raz\u00f3n. \u2014 Entrevista sobre factura electr\u00f3nica obligatoria en El Economista. \u2014 Comunicado Billin y TeamSystem en Business Insider. \u2014 Entrevista en Econom\u00eda Digital. \u2014 Entrevista en Ideas para tu empresa de Vodafone. \u2014 Entrevista en M\u00e1sQradio. \u2014 Entrevista en Armas para emprender de El M\u00e9todo Gallardo. \u2014 Entrevista en KFund. \u2014 Entrevista en AXA Seguros Espa\u00f1a. \u2014 Entrevista en GestionaRadio. \u00a0 Marcos De La Cueva en eventos \u00a0 \u2014 Participaci\u00f3n como ponente en Accountex Espa\u00f1a 2023. \u00a0 Tem\u00e1ticas de especializaci\u00f3n \u00a0 negocios | startups | contabilidad| fiscalidad | empresas| asesor\u00edas| autonomos | emprendedores | peque\u00f1os negocios | econom\u00eda | ADE | pymes | desarrollo de negocio\u00a0\",\"sameAs\":[\"https:\/\/www.billin.net\/\",\"https:\/\/www.linkedin.com\/in\/marcos-de-la-cueva-19750ba3\/\"],\"url\":\"https:\/\/www.billin.net\/blog\/author\/marcosdelacueva\/\",\"jobTitle\":\"CEO y cofundador de TS Facturas Billin\"}]}<\/script>\n<!-- \/ Yoast SEO plugin. -->","yoast_head_json":{"title":"C\u00f3mo ser aut\u00f3nomo y no trabajar 24 horas al d\u00eda | TeamSystem Facturas Billin","description":"Te damos unos consejos para afrontar tu trabajo como aut\u00f3nomo profesional y no tener que dedicar 24 horas del d\u00eda al mismo.","robots":{"index":"index","follow":"follow","max-snippet":"max-snippet:-1","max-image-preview":"max-image-preview:large","max-video-preview":"max-video-preview:-1"},"canonical":"https:\/\/www.billin.net\/blog\/autonomo-no-trabajar-las-24-horas-del-dia\/","og_locale":"es_ES","og_type":"article","og_title":"C\u00f3mo ser aut\u00f3nomo y no trabajar 24 horas al d\u00eda | TeamSystem Facturas Billin","og_description":"Te damos unos consejos para afrontar tu trabajo como aut\u00f3nomo profesional y no tener que dedicar 24 horas del d\u00eda al mismo.","og_url":"https:\/\/www.billin.net\/blog\/autonomo-no-trabajar-las-24-horas-del-dia\/","og_site_name":"Blog de TeamSystem Facturas Billin","article_publisher":"https:\/\/www.facebook.com\/EsBillin","article_published_time":"2017-06-25T22:00:00+00:00","article_modified_time":"2025-09-25T19:03:46+00:00","og_image":[{"width":1500,"height":1000,"url":"https:\/\/www.billin.net\/blog\/wp-content\/uploads\/2017\/06\/trabajo-autonomo-2-1.jpg","type":"image\/jpeg"}],"author":"Marcos De La Cueva - CEO TeamSystem Facturas Billin","twitter_card":"summary_large_image","twitter_creator":"@Billin_ES","twitter_site":"@Billin_ES","twitter_misc":{"Escrito por":"Marcos De La Cueva - CEO TeamSystem Facturas Billin","Tiempo de lectura":"3 minutos"},"schema":{"@context":"https:\/\/schema.org","@graph":[{"@type":"Article","@id":"https:\/\/www.billin.net\/blog\/autonomo-no-trabajar-las-24-horas-del-dia\/#article","isPartOf":{"@id":"https:\/\/www.billin.net\/blog\/autonomo-no-trabajar-las-24-horas-del-dia\/"},"author":{"name":"Marcos De La Cueva - CEO TeamSystem Facturas Billin","@id":"https:\/\/www.billin.net\/blog\/#\/schema\/person\/d0339ee6e869234614541b1e80a793e7"},"headline":"C\u00f3mo ser aut\u00f3nomo y no trabajar las 24 horas del d\u00eda","datePublished":"2017-06-25T22:00:00+00:00","dateModified":"2025-09-25T19:03:46+00:00","mainEntityOfPage":{"@id":"https:\/\/www.billin.net\/blog\/autonomo-no-trabajar-las-24-horas-del-dia\/"},"wordCount":657,"commentCount":0,"publisher":{"@id":"https:\/\/www.billin.net\/blog\/#organization"},"image":{"@id":"https:\/\/www.billin.net\/blog\/autonomo-no-trabajar-las-24-horas-del-dia\/#primaryimage"},"thumbnailUrl":"https:\/\/www.billin.net\/blog\/wp-content\/uploads\/2017\/06\/trabajo-autonomo-2-1.jpg","keywords":["Aut\u00f3nomos"],"articleSection":["Negocios"],"inLanguage":"es","potentialAction":[{"@type":"CommentAction","name":"Comment","target":["https:\/\/www.billin.net\/blog\/autonomo-no-trabajar-las-24-horas-del-dia\/#respond"]}]},{"@type":"WebPage","@id":"https:\/\/www.billin.net\/blog\/autonomo-no-trabajar-las-24-horas-del-dia\/","url":"https:\/\/www.billin.net\/blog\/autonomo-no-trabajar-las-24-horas-del-dia\/","name":"C\u00f3mo ser aut\u00f3nomo y no trabajar 24 horas al d\u00eda | TeamSystem Facturas Billin","isPartOf":{"@id":"https:\/\/www.billin.net\/blog\/#website"},"primaryImageOfPage":{"@id":"https:\/\/www.billin.net\/blog\/autonomo-no-trabajar-las-24-horas-del-dia\/#primaryimage"},"image":{"@id":"https:\/\/www.billin.net\/blog\/autonomo-no-trabajar-las-24-horas-del-dia\/#primaryimage"},"thumbnailUrl":"https:\/\/www.billin.net\/blog\/wp-content\/uploads\/2017\/06\/trabajo-autonomo-2-1.jpg","datePublished":"2017-06-25T22:00:00+00:00","dateModified":"2025-09-25T19:03:46+00:00","description":"Te damos unos consejos para afrontar tu trabajo como aut\u00f3nomo profesional y no tener que dedicar 24 horas del d\u00eda al mismo.","breadcrumb":{"@id":"https:\/\/www.billin.net\/blog\/autonomo-no-trabajar-las-24-horas-del-dia\/#breadcrumb"},"inLanguage":"es","potentialAction":[{"@type":"ReadAction","target":["https:\/\/www.billin.net\/blog\/autonomo-no-trabajar-las-24-horas-del-dia\/"]}]},{"@type":"ImageObject","inLanguage":"es","@id":"https:\/\/www.billin.net\/blog\/autonomo-no-trabajar-las-24-horas-del-dia\/#primaryimage","url":"https:\/\/www.billin.net\/blog\/wp-content\/uploads\/2017\/06\/trabajo-autonomo-2-1.jpg","contentUrl":"https:\/\/www.billin.net\/blog\/wp-content\/uploads\/2017\/06\/trabajo-autonomo-2-1.jpg","width":1500,"height":1000},{"@type":"BreadcrumbList","@id":"https:\/\/www.billin.net\/blog\/autonomo-no-trabajar-las-24-horas-del-dia\/#breadcrumb","itemListElement":[{"@type":"ListItem","position":1,"name":"Blog","item":"https:\/\/www.billin.net\/blog\/"},{"@type":"ListItem","position":2,"name":"Negocios","item":"https:\/\/www.billin.net\/blog\/negocios\/"},{"@type":"ListItem","position":3,"name":"C\u00f3mo ser aut\u00f3nomo y no trabajar las 24 horas del d\u00eda"}]},{"@type":"WebSite","@id":"https:\/\/www.billin.net\/blog\/#website","url":"https:\/\/www.billin.net\/blog\/","name":"Blog de Billin","description":"Mantente informado con el blog de TeamSystem Facturas Billin:  facturaci\u00f3n, legislaci\u00f3n, contabilidad, management y toda la informaci\u00f3n \u00fatil para pymes y aut\u00f3nomos.","publisher":{"@id":"https:\/\/www.billin.net\/blog\/#organization"},"potentialAction":[{"@type":"SearchAction","target":{"@type":"EntryPoint","urlTemplate":"https:\/\/www.billin.net\/blog\/?s={search_term_string}"},"query-input":{"@type":"PropertyValueSpecification","valueRequired":true,"valueName":"search_term_string"}}],"inLanguage":"es"},{"@type":"Organization","@id":"https:\/\/www.billin.net\/blog\/#organization","name":"Billin","alternateName":"Blog de Billin","url":"https:\/\/www.billin.net\/blog\/","logo":{"@type":"ImageObject","inLanguage":"es","@id":"https:\/\/www.billin.net\/blog\/#\/schema\/logo\/image\/","url":"https:\/\/www.billin.net\/blog\/wp-content\/uploads\/2019\/06\/logotipo-billin-blog-1.png","contentUrl":"https:\/\/www.billin.net\/blog\/wp-content\/uploads\/2019\/06\/logotipo-billin-blog-1.png","width":126,"height":50,"caption":"Billin"},"image":{"@id":"https:\/\/www.billin.net\/blog\/#\/schema\/logo\/image\/"},"sameAs":["https:\/\/www.facebook.com\/EsBillin","https:\/\/x.com\/Billin_ES","https:\/\/www.instagram.com\/billin_es\/","https:\/\/www.linkedin.com\/company\/billin-spain","https:\/\/www.youtube.com\/c\/BillinEsintercambiodefacturas\/"],"legalName":"MY EXPENSES SL","contactPoint":{"@type":"ContactPoint","telephone":"+34918318883","contactType":"customer service","email":"info@billin.eu","availableLanguage":"es"},"foundingDate":"2015","numberOfEmployees":{"@type":"QuantitativeValue","minValue":10,"maxValue":50},"parentOrganization":{"@type":"Organization","name":"TeamSystem","url":"https:\/\/www.teamsystem.com\/"},"description":"Billin es el programa de facturaci\u00f3n online de TeamSystem para aut\u00f3nomos y pymes en Espa\u00f1a. Permite crear facturas, controlar gastos y cumplir con Verifactu.","address":{"@type":"PostalAddress","streetAddress":"Calle Arturo Soria, 336","addressLocality":"Madrid","addressRegion":"Madrid","postalCode":"28033","addressCountry":"ES"}},{"@type":"Person","@id":"https:\/\/www.billin.net\/blog\/#\/schema\/person\/d0339ee6e869234614541b1e80a793e7","name":"Marcos De La Cueva - CEO TeamSystem Facturas Billin","image":{"@type":"ImageObject","inLanguage":"es","@id":"https:\/\/www.billin.net\/blog\/#\/schema\/person\/image\/","url":"https:\/\/www.billin.net\/blog\/wp-content\/uploads\/2023\/10\/marcos-color-150x150.png","contentUrl":"https:\/\/www.billin.net\/blog\/wp-content\/uploads\/2023\/10\/marcos-color-150x150.png","caption":"Marcos De La Cueva - CEO TeamSystem Facturas Billin"},"description":"Licenciado en ADE por la Universidad Aut\u00f3noma de Madrid, Marcos De la Cueva es CEO y cofundador de TeamSystem Facturas Billin, un programa online que lleva m\u00e1s de 9 a\u00f1os ayudando a aut\u00f3nomos, peque\u00f1os negocios y gestor\u00edas a digitalizar sus presupuestos, facturas, tickets y gastos. \u00a0 Sobre Marcos De La Cueva \u00a0 Apasionado por el mundo empresarial y la tecnolog\u00eda, curs\u00f3 su M\u00e1ster de Finanzas en la Universidad Pontificia de Comillas y estuvo en el Programa de Cooperaci\u00f3n Educativa de la Universidad Aut\u00f3noma de Madrid. \u00a0 Marcos siempre ha tenido su objetivo claro: ayudar a la creaci\u00f3n de negocios financieramente sostenibles a trav\u00e9s de una herramienta de facturaci\u00f3n que les permita ahorrar tiempo y tener la contabilidad bajo control. \u00a0 Marcos De La Cueva en los medios \u2014 Noticia sobre Kit Digital y Ley Antifraude (VeriFactu) en El Economista. \u2014 Noticia sobre Kit Digital y factura electr\u00f3nica obligatoria en Diario Jur\u00eddico. \u2014 Noticia sobre el a\u00f1o de transici\u00f3n para la factura electr\u00f3nica en Muy Pymes. \u2014 Entrevista sobre factura electr\u00f3nica obligatoria en Canal Sur. \u2014 Noticia sobre el informe factura electr\u00f3nica de TeamSystem en Channel Partner. \u2014 Charla sobre productividad y Ley Crea y Crece en El Economista. \u2014 Charla sobre factura electr\u00f3nica obligatoria en Muy Pymes. \u2014 Charla sobre digitalizaci\u00f3n aut\u00f3nomos y productividad en esdiario. \u2014 Charla sobre productividad y factura electr\u00f3nica en La Raz\u00f3n. \u2014 Charla sobre factura electr\u00f3nica obligatoria en Aut\u00f3nomos y Emprendedores. \u2014 Entrevista sobre Ley Antifraude y Ley Crea y Crece en Expansi\u00f3n. \u2014 Entrevista sobre Ley Antifraude y Ley Crea y Crece en La Raz\u00f3n. \u2014 Entrevista sobre factura electr\u00f3nica obligatoria en El Economista. \u2014 Comunicado Billin y TeamSystem en Business Insider. \u2014 Entrevista en Econom\u00eda Digital. \u2014 Entrevista en Ideas para tu empresa de Vodafone. \u2014 Entrevista en M\u00e1sQradio. \u2014 Entrevista en Armas para emprender de El M\u00e9todo Gallardo. \u2014 Entrevista en KFund. \u2014 Entrevista en AXA Seguros Espa\u00f1a. \u2014 Entrevista en GestionaRadio. \u00a0 Marcos De La Cueva en eventos \u00a0 \u2014 Participaci\u00f3n como ponente en Accountex Espa\u00f1a 2023. \u00a0 Tem\u00e1ticas de especializaci\u00f3n \u00a0 negocios | startups | contabilidad| fiscalidad | empresas| asesor\u00edas| autonomos | emprendedores | peque\u00f1os negocios | econom\u00eda | ADE | pymes | desarrollo de negocio\u00a0","sameAs":["https:\/\/www.billin.net\/","https:\/\/www.linkedin.com\/in\/marcos-de-la-cueva-19750ba3\/"],"url":"https:\/\/www.billin.net\/blog\/author\/marcosdelacueva\/","jobTitle":"CEO y cofundador de TS Facturas Billin"}]}},"_links":{"self":[{"href":"https:\/\/www.billin.net\/blog\/wp-json\/wp\/v2\/posts\/10364","targetHints":{"allow":["GET"]}}],"collection":[{"href":"https:\/\/www.billin.net\/blog\/wp-json\/wp\/v2\/posts"}],"about":[{"href":"https:\/\/www.billin.net\/blog\/wp-json\/wp\/v2\/types\/post"}],"author":[{"embeddable":true,"href":"https:\/\/www.billin.net\/blog\/wp-json\/wp\/v2\/users\/20"}],"replies":[{"embeddable":true,"href":"https:\/\/www.billin.net\/blog\/wp-json\/wp\/v2\/comments?post=10364"}],"version-history":[{"count":6,"href":"https:\/\/www.billin.net\/blog\/wp-json\/wp\/v2\/posts\/10364\/revisions"}],"predecessor-version":[{"id":27885,"href":"https:\/\/www.billin.net\/blog\/wp-json\/wp\/v2\/posts\/10364\/revisions\/27885"}],"wp:featuredmedia":[{"embeddable":true,"href":"https:\/\/www.billin.net\/blog\/wp-json\/wp\/v2\/media\/4693"}],"wp:attachment":[{"href":"https:\/\/www.billin.net\/blog\/wp-json\/wp\/v2\/media?parent=10364"}],"wp:term":[{"taxonomy":"category","embeddable":true,"href":"https:\/\/www.billin.net\/blog\/wp-json\/wp\/v2\/categories?post=10364"},{"taxonomy":"post_tag","embeddable":true,"href":"https:\/\/www.billin.net\/blog\/wp-json\/wp\/v2\/tags?post=10364"}],"curies":[{"name":"wp","href":"https:\/\/api.w.org\/{rel}","templated":true}]}}