{"id":10362,"date":"2017-06-23T00:00:00","date_gmt":"2017-06-22T22:00:00","guid":{"rendered":"https:\/\/www.billin.net\/blog\/9-sintomas-negocio-no-va-bien\/"},"modified":"2025-09-25T21:03:50","modified_gmt":"2025-09-25T19:03:50","slug":"9-sintomas-negocio-no-va-bien","status":"publish","type":"post","link":"https:\/\/www.billin.net\/blog\/9-sintomas-negocio-no-va-bien\/","title":{"rendered":"9 s\u00edntomas de que tu negocio no va bien"},"content":{"rendered":"<p>Con <strong>TeamSystem Facturas Billin<\/strong> puedes controlar la facturaci\u00f3n de tu negocio o PYME y, con esta informaci\u00f3n, puedes saber f\u00e1cilmente si todo marcha de la forma correcta o hay alg\u00fan problema que requiere soluci\u00f3n.<\/p>\n<p>Sin embargo, las facturas no son el \u00fanico indicativo que puede ayudarte a identificar que un negocio va bien o mal, hay otros s\u00edntomas que puedes detectar, con los que sabr\u00e1s que debes tomar decisiones lo antes posible, si no quieres ver que se refleja negativamente en las facturas.<\/p>\n<p><!--more--><\/p>\n<h2>Suben los costes<\/h2>\n<p>Un incremento de los costes no supone siempre un problema del negocio, pero s\u00ed es un valor que debe vigilarse para confirmar que no estamos incurriendo en gastos excesivos. Aqu\u00ed se trata de <a href=\"https:\/\/www.billin.net\/control-facturas\/\">controlar y prevenir para evitar en el futuro problemas de liquidez<\/a> y de balance contable entre ingresos y costes.<\/p>\n<h2>Bajan los ingresos<\/h2>\n<p>Por descontado, debemos vigilar la ca\u00edda de los ingresos. Aunque no siempre es una situaci\u00f3n grave, desde luego es un estado econ\u00f3mico que nadie quiere para su negocio. Siempre buscamos m\u00e1s ingresos que el mes anterior, por lo que si detectas este descenso, analiza las causas e intenta asegurarte de que no se repitan en el futuro.<\/p>\n<h2>La productividad desciende<\/h2>\n<p>A veces es posible identificar un problema en el negocio si nos fijamos en la productividad, dado que desde este factor luego encontraremos consecuencias directas que veremos reflejadas en las facturas.<\/p>\n<p>La productividad puede caer por falta de planificaci\u00f3n, descenso de la motivaci\u00f3n o nuevas dificultades que permitan obtener los mismos resultados que antes. Hay que intentar mejorar cualquiera de estos factores y, como m\u00ednimo, mantener siempre los ritmos de productividad m\u00e1s altos posibles.<\/p>\n<h2>Cada vez m\u00e1s horas de conexi\u00f3n<\/h2>\n<p>Suponiendo que disfrutas de un horario comercial normal, recibir un mail antes de irte a dormir o tener una reuni\u00f3n de trabajo en horas m\u00e1s apropiadas para la comida, implica un problema de conectividad excesiva.<\/p>\n<p>Aunque pueda parecer algo l\u00f3gico y asumible, la conexi\u00f3n constante a entornos digitales de tu trabajo al final conllevar\u00e1 un desgaste emocional y f\u00edsico que afectar\u00e1 a tu productividad. Si identificas estos s\u00edntomas, intenta desconectar digitalmente cuando no est\u00e9s en horario de trabajo, como m\u00ednimo unas horas concretas al d\u00eda.<\/p>\n<h2>Encasillamiento<\/h2>\n<p>Un trabajo actual debe estar buscando la innovaci\u00f3n constante. Probablemente cuando comenzaste tu idea de negocio las novedades se suced\u00edan casi de forma continua. La rutina profesional y la falta de tiempo puede provocar un encasillamiento que podr\u00eda afectar al futuro del negocio en cuestiones de competitividad.<\/p>\n<p>La mejor soluci\u00f3n en estos casos es dedicar espec\u00edficamente un momento de la semana laboral a los t\u00edpicos <em>brainstorms<\/em>, en los que plantear posibles ideas con las que mejorar o modificar las pautas de trabajo.<\/p>\n<h2>Mal ambiente laboral<\/h2>\n<p>Un mal ambiente de trabajo puede deberse a varios motivos. El m\u00e1s f\u00e1cil de solucionar en realidad es que dos personas se lleven mal, dado que es posible calmar la situaci\u00f3n o incluso procurar que los dos profesionales tengan el m\u00ednimo contacto posible.<\/p>\n<p>El problema grave existe cuando el mal ambiente laboral es una consecuencia y no una causa. El estr\u00e9s laboral, p\u00e9rdidas de clientes o falta de transparencia en el desarrollo de la empresa, pueden motivar rumores y mal humor que luego se trasladar\u00e1 a la interacci\u00f3n entre el equipo de profesionales.<\/p>\n<h2>Quejas de clientes<\/h2>\n<p>Es l\u00f3gico que un cliente no se sienta satisfecho con el trabajo realizado, ya sea por fallo en la comunicaci\u00f3n previa o por alg\u00fan obst\u00e1culo que se ha presentado en el camino. El problema existe cuando estas quejas se incrementan notablemente.<\/p>\n<p>Este s\u00edntoma es claramente una se\u00f1al de que algo en el proceso de producci\u00f3n laboral est\u00e1 fallando. Puede tratarse de un profesional en concreto o de una l\u00ednea de negocio que no se est\u00e1 desarrollando correctamente. Hay que encontrar lo antes posible la causa y solucionar la situaci\u00f3n, incluso si implica parar temporalmente la oferta de ese servicio o producto.<\/p>\n<h2>Ausencias repetitivas de los profesionales<\/h2>\n<p>La sucesi\u00f3n de bajas laborales, sobre todo relacionadas con estr\u00e9s o problemas psicol\u00f3gicos, est\u00e1n poniendo sobre la mesa que hay un problema en el trabajo que est\u00e1 afectando a los profesionales.<\/p>\n<p>En estos casos es dif\u00edcil encontrar el foco del problema, pero el objetivo prioritario debe ser mejorar el entorno laboral y, a partir de ah\u00ed, buscar una mejora en cualquier aspecto profesional que est\u00e9 causando este malestar psicol\u00f3gico entre el equipo.<\/p>\n<h2>Ritmo inadecuado de contrataci\u00f3n de profesionales<\/h2>\n<p>Si cuentas con un equipo de profesionales, debes saber que lo m\u00e1s dif\u00edcil es identificar el ritmo de rotaci\u00f3n adecuado. Estar contratando continuamente a nuevos miembros del equipo o mantener durante demasiado tiempo siempre a los mismos, son en realidad s\u00edntomas de una mala gesti\u00f3n de recursos humanos.<\/p>\n<p>Para evitar esta situaci\u00f3n, el objetivo debe ser siempre intentar cambiar din\u00e1micamente los departamentos de trabajo y sus responsables, as\u00ed como intentar crecer al ritmo necesario como para que los fichajes de nuevos profesionales se sucedan de forma adecuada.<\/p>\n","protected":false},"excerpt":{"rendered":"<p>Con TeamSystem Facturas Billin puedes controlar la facturaci\u00f3n de tu negocio o PYME y, con esta informaci\u00f3n, puedes saber f\u00e1cilmente si todo marcha de la forma correcta o hay alg\u00fan problema que requiere soluci\u00f3n. Sin embargo, las facturas no son el \u00fanico indicativo que puede ayudarte a identificar que un negocio va bien o mal, [&hellip;]<\/p>\n","protected":false},"author":20,"featured_media":4679,"comment_status":"open","ping_status":"open","sticky":false,"template":"","format":"standard","meta":{"_acf_changed":false,"_et_pb_use_builder":"","_et_pb_old_content":"","_et_gb_content_width":"","om_disable_all_campaigns":false,"inline_featured_image":false,"footnotes":""},"categories":[1023],"tags":[],"class_list":{"0":"post-10362","1":"post","2":"type-post","3":"status-publish","4":"format-standard","5":"has-post-thumbnail","7":"category-negocios"},"acf":{"selector_de_usuario":null,"fecha_de_revision":"20190830"},"yoast_head":"<!-- This site is optimized with the Yoast SEO plugin v27.1 - https:\/\/yoast.com\/product\/yoast-seo-wordpress\/ -->\n<title>9 s\u00edntomas de que tu negocio no va bien - Blog - TeamSystem Facturas Billin<\/title>\n<meta name=\"description\" content=\"Si tienes un negocio o comercio propio, te recomendamos este an\u00e1lisis de factores, que podr\u00edan identificar que algo no va bien.\" \/>\n<meta name=\"robots\" content=\"index, follow, max-snippet:-1, max-image-preview:large, max-video-preview:-1\" \/>\n<link rel=\"canonical\" href=\"https:\/\/www.billin.net\/blog\/9-sintomas-negocio-no-va-bien\/\" \/>\n<meta property=\"og:locale\" content=\"es_ES\" \/>\n<meta property=\"og:type\" content=\"article\" \/>\n<meta property=\"og:title\" content=\"9 s\u00edntomas de que tu negocio no va bien - Blog - TeamSystem Facturas Billin\" \/>\n<meta property=\"og:description\" content=\"Si tienes un negocio o comercio propio, te recomendamos este an\u00e1lisis de factores, que podr\u00edan identificar que algo no va bien.\" \/>\n<meta property=\"og:url\" content=\"https:\/\/www.billin.net\/blog\/9-sintomas-negocio-no-va-bien\/\" \/>\n<meta property=\"og:site_name\" content=\"Blog de TeamSystem Facturas Billin\" \/>\n<meta property=\"article:publisher\" content=\"https:\/\/www.facebook.com\/EsBillin\" \/>\n<meta property=\"article:published_time\" content=\"2017-06-22T22:00:00+00:00\" \/>\n<meta property=\"article:modified_time\" content=\"2025-09-25T19:03:50+00:00\" \/>\n<meta property=\"og:image\" content=\"https:\/\/www.billin.net\/blog\/wp-content\/uploads\/2017\/06\/equipo-trabajo.jpg\" \/>\n\t<meta property=\"og:image:width\" content=\"800\" \/>\n\t<meta property=\"og:image:height\" content=\"300\" \/>\n\t<meta property=\"og:image:type\" content=\"image\/jpeg\" \/>\n<meta name=\"author\" content=\"Marcos De La Cueva - CEO TeamSystem Facturas Billin\" \/>\n<meta name=\"twitter:card\" content=\"summary_large_image\" \/>\n<meta name=\"twitter:creator\" content=\"@Billin_ES\" \/>\n<meta name=\"twitter:site\" content=\"@Billin_ES\" \/>\n<meta name=\"twitter:label1\" content=\"Escrito por\" \/>\n\t<meta name=\"twitter:data1\" content=\"Marcos De La Cueva - CEO TeamSystem Facturas Billin\" \/>\n\t<meta name=\"twitter:label2\" content=\"Tiempo de lectura\" \/>\n\t<meta name=\"twitter:data2\" content=\"4 minutos\" \/>\n<script type=\"application\/ld+json\" class=\"yoast-schema-graph\">{\"@context\":\"https:\/\/schema.org\",\"@graph\":[{\"@type\":\"Article\",\"@id\":\"https:\/\/www.billin.net\/blog\/9-sintomas-negocio-no-va-bien\/#article\",\"isPartOf\":{\"@id\":\"https:\/\/www.billin.net\/blog\/9-sintomas-negocio-no-va-bien\/\"},\"author\":{\"name\":\"Marcos De La Cueva - CEO TeamSystem Facturas Billin\",\"@id\":\"https:\/\/www.billin.net\/blog\/#\/schema\/person\/d0339ee6e869234614541b1e80a793e7\"},\"headline\":\"9 s\u00edntomas de que tu negocio no va bien\",\"datePublished\":\"2017-06-22T22:00:00+00:00\",\"dateModified\":\"2025-09-25T19:03:50+00:00\",\"mainEntityOfPage\":{\"@id\":\"https:\/\/www.billin.net\/blog\/9-sintomas-negocio-no-va-bien\/\"},\"wordCount\":890,\"commentCount\":0,\"publisher\":{\"@id\":\"https:\/\/www.billin.net\/blog\/#organization\"},\"image\":{\"@id\":\"https:\/\/www.billin.net\/blog\/9-sintomas-negocio-no-va-bien\/#primaryimage\"},\"thumbnailUrl\":\"https:\/\/www.billin.net\/blog\/wp-content\/uploads\/2017\/06\/equipo-trabajo.jpg\",\"articleSection\":[\"Negocios\"],\"inLanguage\":\"es\",\"potentialAction\":[{\"@type\":\"CommentAction\",\"name\":\"Comment\",\"target\":[\"https:\/\/www.billin.net\/blog\/9-sintomas-negocio-no-va-bien\/#respond\"]}]},{\"@type\":\"WebPage\",\"@id\":\"https:\/\/www.billin.net\/blog\/9-sintomas-negocio-no-va-bien\/\",\"url\":\"https:\/\/www.billin.net\/blog\/9-sintomas-negocio-no-va-bien\/\",\"name\":\"9 s\u00edntomas de que tu negocio no va bien - Blog - TeamSystem Facturas Billin\",\"isPartOf\":{\"@id\":\"https:\/\/www.billin.net\/blog\/#website\"},\"primaryImageOfPage\":{\"@id\":\"https:\/\/www.billin.net\/blog\/9-sintomas-negocio-no-va-bien\/#primaryimage\"},\"image\":{\"@id\":\"https:\/\/www.billin.net\/blog\/9-sintomas-negocio-no-va-bien\/#primaryimage\"},\"thumbnailUrl\":\"https:\/\/www.billin.net\/blog\/wp-content\/uploads\/2017\/06\/equipo-trabajo.jpg\",\"datePublished\":\"2017-06-22T22:00:00+00:00\",\"dateModified\":\"2025-09-25T19:03:50+00:00\",\"description\":\"Si tienes un negocio o comercio propio, te recomendamos este an\u00e1lisis de factores, que podr\u00edan identificar que algo no va bien.\",\"breadcrumb\":{\"@id\":\"https:\/\/www.billin.net\/blog\/9-sintomas-negocio-no-va-bien\/#breadcrumb\"},\"inLanguage\":\"es\",\"potentialAction\":[{\"@type\":\"ReadAction\",\"target\":[\"https:\/\/www.billin.net\/blog\/9-sintomas-negocio-no-va-bien\/\"]}]},{\"@type\":\"ImageObject\",\"inLanguage\":\"es\",\"@id\":\"https:\/\/www.billin.net\/blog\/9-sintomas-negocio-no-va-bien\/#primaryimage\",\"url\":\"https:\/\/www.billin.net\/blog\/wp-content\/uploads\/2017\/06\/equipo-trabajo.jpg\",\"contentUrl\":\"https:\/\/www.billin.net\/blog\/wp-content\/uploads\/2017\/06\/equipo-trabajo.jpg\",\"width\":800,\"height\":300,\"caption\":\"9 s\u00edntomas de que tu negocio no va bien\"},{\"@type\":\"BreadcrumbList\",\"@id\":\"https:\/\/www.billin.net\/blog\/9-sintomas-negocio-no-va-bien\/#breadcrumb\",\"itemListElement\":[{\"@type\":\"ListItem\",\"position\":1,\"name\":\"Blog\",\"item\":\"https:\/\/www.billin.net\/blog\/\"},{\"@type\":\"ListItem\",\"position\":2,\"name\":\"Negocios\",\"item\":\"https:\/\/www.billin.net\/blog\/negocios\/\"},{\"@type\":\"ListItem\",\"position\":3,\"name\":\"9 s\u00edntomas de que tu negocio no va bien\"}]},{\"@type\":\"WebSite\",\"@id\":\"https:\/\/www.billin.net\/blog\/#website\",\"url\":\"https:\/\/www.billin.net\/blog\/\",\"name\":\"Blog de Billin\",\"description\":\"Mantente informado con el blog de TeamSystem Facturas Billin:  facturaci\u00f3n, legislaci\u00f3n, contabilidad, management y toda la informaci\u00f3n \u00fatil para pymes y aut\u00f3nomos.\",\"publisher\":{\"@id\":\"https:\/\/www.billin.net\/blog\/#organization\"},\"potentialAction\":[{\"@type\":\"SearchAction\",\"target\":{\"@type\":\"EntryPoint\",\"urlTemplate\":\"https:\/\/www.billin.net\/blog\/?s={search_term_string}\"},\"query-input\":{\"@type\":\"PropertyValueSpecification\",\"valueRequired\":true,\"valueName\":\"search_term_string\"}}],\"inLanguage\":\"es\"},{\"@type\":\"Organization\",\"@id\":\"https:\/\/www.billin.net\/blog\/#organization\",\"name\":\"Billin\",\"alternateName\":\"Blog de Billin\",\"url\":\"https:\/\/www.billin.net\/blog\/\",\"logo\":{\"@type\":\"ImageObject\",\"inLanguage\":\"es\",\"@id\":\"https:\/\/www.billin.net\/blog\/#\/schema\/logo\/image\/\",\"url\":\"https:\/\/www.billin.net\/blog\/wp-content\/uploads\/2019\/06\/logotipo-billin-blog-1.png\",\"contentUrl\":\"https:\/\/www.billin.net\/blog\/wp-content\/uploads\/2019\/06\/logotipo-billin-blog-1.png\",\"width\":126,\"height\":50,\"caption\":\"Billin\"},\"image\":{\"@id\":\"https:\/\/www.billin.net\/blog\/#\/schema\/logo\/image\/\"},\"sameAs\":[\"https:\/\/www.facebook.com\/EsBillin\",\"https:\/\/x.com\/Billin_ES\",\"https:\/\/www.instagram.com\/billin_es\/\",\"https:\/\/www.linkedin.com\/company\/billin-spain\",\"https:\/\/www.youtube.com\/c\/BillinEsintercambiodefacturas\/\"],\"legalName\":\"MY EXPENSES SL\",\"contactPoint\":{\"@type\":\"ContactPoint\",\"telephone\":\"+34918318883\",\"contactType\":\"customer service\",\"email\":\"info@billin.eu\",\"availableLanguage\":\"es\"},\"foundingDate\":\"2015\",\"numberOfEmployees\":{\"@type\":\"QuantitativeValue\",\"minValue\":10,\"maxValue\":50},\"parentOrganization\":{\"@type\":\"Organization\",\"name\":\"TeamSystem\",\"url\":\"https:\/\/www.teamsystem.com\/\"},\"description\":\"Billin es el programa de facturaci\u00f3n online de TeamSystem para aut\u00f3nomos y pymes en Espa\u00f1a. Permite crear facturas, controlar gastos y cumplir con Verifactu.\",\"address\":{\"@type\":\"PostalAddress\",\"streetAddress\":\"Calle Arturo Soria, 336\",\"addressLocality\":\"Madrid\",\"addressRegion\":\"Madrid\",\"postalCode\":\"28033\",\"addressCountry\":\"ES\"}},{\"@type\":\"Person\",\"@id\":\"https:\/\/www.billin.net\/blog\/#\/schema\/person\/d0339ee6e869234614541b1e80a793e7\",\"name\":\"Marcos De La Cueva - CEO TeamSystem Facturas Billin\",\"image\":{\"@type\":\"ImageObject\",\"inLanguage\":\"es\",\"@id\":\"https:\/\/www.billin.net\/blog\/#\/schema\/person\/image\/\",\"url\":\"https:\/\/www.billin.net\/blog\/wp-content\/uploads\/2023\/10\/marcos-color-150x150.png\",\"contentUrl\":\"https:\/\/www.billin.net\/blog\/wp-content\/uploads\/2023\/10\/marcos-color-150x150.png\",\"caption\":\"Marcos De La Cueva - CEO TeamSystem Facturas Billin\"},\"description\":\"Licenciado en ADE por la Universidad Aut\u00f3noma de Madrid, Marcos De la Cueva es CEO y cofundador de TeamSystem Facturas Billin, un programa online que lleva m\u00e1s de 9 a\u00f1os ayudando a aut\u00f3nomos, peque\u00f1os negocios y gestor\u00edas a digitalizar sus presupuestos, facturas, tickets y gastos. \u00a0 Sobre Marcos De La Cueva \u00a0 Apasionado por el mundo empresarial y la tecnolog\u00eda, curs\u00f3 su M\u00e1ster de Finanzas en la Universidad Pontificia de Comillas y estuvo en el Programa de Cooperaci\u00f3n Educativa de la Universidad Aut\u00f3noma de Madrid. \u00a0 Marcos siempre ha tenido su objetivo claro: ayudar a la creaci\u00f3n de negocios financieramente sostenibles a trav\u00e9s de una herramienta de facturaci\u00f3n que les permita ahorrar tiempo y tener la contabilidad bajo control. \u00a0 Marcos De La Cueva en los medios \u2014 Noticia sobre Kit Digital y Ley Antifraude (VeriFactu) en El Economista. \u2014 Noticia sobre Kit Digital y factura electr\u00f3nica obligatoria en Diario Jur\u00eddico. \u2014 Noticia sobre el a\u00f1o de transici\u00f3n para la factura electr\u00f3nica en Muy Pymes. \u2014 Entrevista sobre factura electr\u00f3nica obligatoria en Canal Sur. \u2014 Noticia sobre el informe factura electr\u00f3nica de TeamSystem en Channel Partner. \u2014 Charla sobre productividad y Ley Crea y Crece en El Economista. \u2014 Charla sobre factura electr\u00f3nica obligatoria en Muy Pymes. \u2014 Charla sobre digitalizaci\u00f3n aut\u00f3nomos y productividad en esdiario. \u2014 Charla sobre productividad y factura electr\u00f3nica en La Raz\u00f3n. \u2014 Charla sobre factura electr\u00f3nica obligatoria en Aut\u00f3nomos y Emprendedores. \u2014 Entrevista sobre Ley Antifraude y Ley Crea y Crece en Expansi\u00f3n. \u2014 Entrevista sobre Ley Antifraude y Ley Crea y Crece en La Raz\u00f3n. \u2014 Entrevista sobre factura electr\u00f3nica obligatoria en El Economista. \u2014 Comunicado Billin y TeamSystem en Business Insider. \u2014 Entrevista en Econom\u00eda Digital. \u2014 Entrevista en Ideas para tu empresa de Vodafone. \u2014 Entrevista en M\u00e1sQradio. \u2014 Entrevista en Armas para emprender de El M\u00e9todo Gallardo. \u2014 Entrevista en KFund. \u2014 Entrevista en AXA Seguros Espa\u00f1a. \u2014 Entrevista en GestionaRadio. \u00a0 Marcos De La Cueva en eventos \u00a0 \u2014 Participaci\u00f3n como ponente en Accountex Espa\u00f1a 2023. \u00a0 Tem\u00e1ticas de especializaci\u00f3n \u00a0 negocios | startups | contabilidad| fiscalidad | empresas| asesor\u00edas| autonomos | emprendedores | peque\u00f1os negocios | econom\u00eda | ADE | pymes | desarrollo de negocio\u00a0\",\"sameAs\":[\"https:\/\/www.billin.net\/\",\"https:\/\/www.linkedin.com\/in\/marcos-de-la-cueva-19750ba3\/\"],\"url\":\"https:\/\/www.billin.net\/blog\/author\/marcosdelacueva\/\",\"jobTitle\":\"CEO y cofundador de TS Facturas Billin\"}]}<\/script>\n<!-- \/ Yoast SEO plugin. -->","yoast_head_json":{"title":"9 s\u00edntomas de que tu negocio no va bien - Blog - TeamSystem Facturas Billin","description":"Si tienes un negocio o comercio propio, te recomendamos este an\u00e1lisis de factores, que podr\u00edan identificar que algo no va bien.","robots":{"index":"index","follow":"follow","max-snippet":"max-snippet:-1","max-image-preview":"max-image-preview:large","max-video-preview":"max-video-preview:-1"},"canonical":"https:\/\/www.billin.net\/blog\/9-sintomas-negocio-no-va-bien\/","og_locale":"es_ES","og_type":"article","og_title":"9 s\u00edntomas de que tu negocio no va bien - Blog - TeamSystem Facturas Billin","og_description":"Si tienes un negocio o comercio propio, te recomendamos este an\u00e1lisis de factores, que podr\u00edan identificar que algo no va bien.","og_url":"https:\/\/www.billin.net\/blog\/9-sintomas-negocio-no-va-bien\/","og_site_name":"Blog de TeamSystem Facturas Billin","article_publisher":"https:\/\/www.facebook.com\/EsBillin","article_published_time":"2017-06-22T22:00:00+00:00","article_modified_time":"2025-09-25T19:03:50+00:00","og_image":[{"width":800,"height":300,"url":"https:\/\/www.billin.net\/blog\/wp-content\/uploads\/2017\/06\/equipo-trabajo.jpg","type":"image\/jpeg"}],"author":"Marcos De La Cueva - CEO TeamSystem Facturas Billin","twitter_card":"summary_large_image","twitter_creator":"@Billin_ES","twitter_site":"@Billin_ES","twitter_misc":{"Escrito por":"Marcos De La Cueva - CEO TeamSystem Facturas Billin","Tiempo de lectura":"4 minutos"},"schema":{"@context":"https:\/\/schema.org","@graph":[{"@type":"Article","@id":"https:\/\/www.billin.net\/blog\/9-sintomas-negocio-no-va-bien\/#article","isPartOf":{"@id":"https:\/\/www.billin.net\/blog\/9-sintomas-negocio-no-va-bien\/"},"author":{"name":"Marcos De La Cueva - CEO TeamSystem Facturas Billin","@id":"https:\/\/www.billin.net\/blog\/#\/schema\/person\/d0339ee6e869234614541b1e80a793e7"},"headline":"9 s\u00edntomas de que tu negocio no va bien","datePublished":"2017-06-22T22:00:00+00:00","dateModified":"2025-09-25T19:03:50+00:00","mainEntityOfPage":{"@id":"https:\/\/www.billin.net\/blog\/9-sintomas-negocio-no-va-bien\/"},"wordCount":890,"commentCount":0,"publisher":{"@id":"https:\/\/www.billin.net\/blog\/#organization"},"image":{"@id":"https:\/\/www.billin.net\/blog\/9-sintomas-negocio-no-va-bien\/#primaryimage"},"thumbnailUrl":"https:\/\/www.billin.net\/blog\/wp-content\/uploads\/2017\/06\/equipo-trabajo.jpg","articleSection":["Negocios"],"inLanguage":"es","potentialAction":[{"@type":"CommentAction","name":"Comment","target":["https:\/\/www.billin.net\/blog\/9-sintomas-negocio-no-va-bien\/#respond"]}]},{"@type":"WebPage","@id":"https:\/\/www.billin.net\/blog\/9-sintomas-negocio-no-va-bien\/","url":"https:\/\/www.billin.net\/blog\/9-sintomas-negocio-no-va-bien\/","name":"9 s\u00edntomas de que tu negocio no va bien - Blog - TeamSystem Facturas Billin","isPartOf":{"@id":"https:\/\/www.billin.net\/blog\/#website"},"primaryImageOfPage":{"@id":"https:\/\/www.billin.net\/blog\/9-sintomas-negocio-no-va-bien\/#primaryimage"},"image":{"@id":"https:\/\/www.billin.net\/blog\/9-sintomas-negocio-no-va-bien\/#primaryimage"},"thumbnailUrl":"https:\/\/www.billin.net\/blog\/wp-content\/uploads\/2017\/06\/equipo-trabajo.jpg","datePublished":"2017-06-22T22:00:00+00:00","dateModified":"2025-09-25T19:03:50+00:00","description":"Si tienes un negocio o comercio propio, te recomendamos este an\u00e1lisis de factores, que podr\u00edan identificar que algo no va bien.","breadcrumb":{"@id":"https:\/\/www.billin.net\/blog\/9-sintomas-negocio-no-va-bien\/#breadcrumb"},"inLanguage":"es","potentialAction":[{"@type":"ReadAction","target":["https:\/\/www.billin.net\/blog\/9-sintomas-negocio-no-va-bien\/"]}]},{"@type":"ImageObject","inLanguage":"es","@id":"https:\/\/www.billin.net\/blog\/9-sintomas-negocio-no-va-bien\/#primaryimage","url":"https:\/\/www.billin.net\/blog\/wp-content\/uploads\/2017\/06\/equipo-trabajo.jpg","contentUrl":"https:\/\/www.billin.net\/blog\/wp-content\/uploads\/2017\/06\/equipo-trabajo.jpg","width":800,"height":300,"caption":"9 s\u00edntomas de que tu negocio no va bien"},{"@type":"BreadcrumbList","@id":"https:\/\/www.billin.net\/blog\/9-sintomas-negocio-no-va-bien\/#breadcrumb","itemListElement":[{"@type":"ListItem","position":1,"name":"Blog","item":"https:\/\/www.billin.net\/blog\/"},{"@type":"ListItem","position":2,"name":"Negocios","item":"https:\/\/www.billin.net\/blog\/negocios\/"},{"@type":"ListItem","position":3,"name":"9 s\u00edntomas de que tu negocio no va bien"}]},{"@type":"WebSite","@id":"https:\/\/www.billin.net\/blog\/#website","url":"https:\/\/www.billin.net\/blog\/","name":"Blog de Billin","description":"Mantente informado con el blog de TeamSystem Facturas Billin:  facturaci\u00f3n, legislaci\u00f3n, contabilidad, management y toda la informaci\u00f3n \u00fatil para pymes y aut\u00f3nomos.","publisher":{"@id":"https:\/\/www.billin.net\/blog\/#organization"},"potentialAction":[{"@type":"SearchAction","target":{"@type":"EntryPoint","urlTemplate":"https:\/\/www.billin.net\/blog\/?s={search_term_string}"},"query-input":{"@type":"PropertyValueSpecification","valueRequired":true,"valueName":"search_term_string"}}],"inLanguage":"es"},{"@type":"Organization","@id":"https:\/\/www.billin.net\/blog\/#organization","name":"Billin","alternateName":"Blog de Billin","url":"https:\/\/www.billin.net\/blog\/","logo":{"@type":"ImageObject","inLanguage":"es","@id":"https:\/\/www.billin.net\/blog\/#\/schema\/logo\/image\/","url":"https:\/\/www.billin.net\/blog\/wp-content\/uploads\/2019\/06\/logotipo-billin-blog-1.png","contentUrl":"https:\/\/www.billin.net\/blog\/wp-content\/uploads\/2019\/06\/logotipo-billin-blog-1.png","width":126,"height":50,"caption":"Billin"},"image":{"@id":"https:\/\/www.billin.net\/blog\/#\/schema\/logo\/image\/"},"sameAs":["https:\/\/www.facebook.com\/EsBillin","https:\/\/x.com\/Billin_ES","https:\/\/www.instagram.com\/billin_es\/","https:\/\/www.linkedin.com\/company\/billin-spain","https:\/\/www.youtube.com\/c\/BillinEsintercambiodefacturas\/"],"legalName":"MY EXPENSES SL","contactPoint":{"@type":"ContactPoint","telephone":"+34918318883","contactType":"customer service","email":"info@billin.eu","availableLanguage":"es"},"foundingDate":"2015","numberOfEmployees":{"@type":"QuantitativeValue","minValue":10,"maxValue":50},"parentOrganization":{"@type":"Organization","name":"TeamSystem","url":"https:\/\/www.teamsystem.com\/"},"description":"Billin es el programa de facturaci\u00f3n online de TeamSystem para aut\u00f3nomos y pymes en Espa\u00f1a. Permite crear facturas, controlar gastos y cumplir con Verifactu.","address":{"@type":"PostalAddress","streetAddress":"Calle Arturo Soria, 336","addressLocality":"Madrid","addressRegion":"Madrid","postalCode":"28033","addressCountry":"ES"}},{"@type":"Person","@id":"https:\/\/www.billin.net\/blog\/#\/schema\/person\/d0339ee6e869234614541b1e80a793e7","name":"Marcos De La Cueva - CEO TeamSystem Facturas Billin","image":{"@type":"ImageObject","inLanguage":"es","@id":"https:\/\/www.billin.net\/blog\/#\/schema\/person\/image\/","url":"https:\/\/www.billin.net\/blog\/wp-content\/uploads\/2023\/10\/marcos-color-150x150.png","contentUrl":"https:\/\/www.billin.net\/blog\/wp-content\/uploads\/2023\/10\/marcos-color-150x150.png","caption":"Marcos De La Cueva - CEO TeamSystem Facturas Billin"},"description":"Licenciado en ADE por la Universidad Aut\u00f3noma de Madrid, Marcos De la Cueva es CEO y cofundador de TeamSystem Facturas Billin, un programa online que lleva m\u00e1s de 9 a\u00f1os ayudando a aut\u00f3nomos, peque\u00f1os negocios y gestor\u00edas a digitalizar sus presupuestos, facturas, tickets y gastos. \u00a0 Sobre Marcos De La Cueva \u00a0 Apasionado por el mundo empresarial y la tecnolog\u00eda, curs\u00f3 su M\u00e1ster de Finanzas en la Universidad Pontificia de Comillas y estuvo en el Programa de Cooperaci\u00f3n Educativa de la Universidad Aut\u00f3noma de Madrid. \u00a0 Marcos siempre ha tenido su objetivo claro: ayudar a la creaci\u00f3n de negocios financieramente sostenibles a trav\u00e9s de una herramienta de facturaci\u00f3n que les permita ahorrar tiempo y tener la contabilidad bajo control. \u00a0 Marcos De La Cueva en los medios \u2014 Noticia sobre Kit Digital y Ley Antifraude (VeriFactu) en El Economista. \u2014 Noticia sobre Kit Digital y factura electr\u00f3nica obligatoria en Diario Jur\u00eddico. \u2014 Noticia sobre el a\u00f1o de transici\u00f3n para la factura electr\u00f3nica en Muy Pymes. \u2014 Entrevista sobre factura electr\u00f3nica obligatoria en Canal Sur. \u2014 Noticia sobre el informe factura electr\u00f3nica de TeamSystem en Channel Partner. \u2014 Charla sobre productividad y Ley Crea y Crece en El Economista. \u2014 Charla sobre factura electr\u00f3nica obligatoria en Muy Pymes. \u2014 Charla sobre digitalizaci\u00f3n aut\u00f3nomos y productividad en esdiario. \u2014 Charla sobre productividad y factura electr\u00f3nica en La Raz\u00f3n. \u2014 Charla sobre factura electr\u00f3nica obligatoria en Aut\u00f3nomos y Emprendedores. \u2014 Entrevista sobre Ley Antifraude y Ley Crea y Crece en Expansi\u00f3n. \u2014 Entrevista sobre Ley Antifraude y Ley Crea y Crece en La Raz\u00f3n. \u2014 Entrevista sobre factura electr\u00f3nica obligatoria en El Economista. \u2014 Comunicado Billin y TeamSystem en Business Insider. \u2014 Entrevista en Econom\u00eda Digital. \u2014 Entrevista en Ideas para tu empresa de Vodafone. \u2014 Entrevista en M\u00e1sQradio. \u2014 Entrevista en Armas para emprender de El M\u00e9todo Gallardo. \u2014 Entrevista en KFund. \u2014 Entrevista en AXA Seguros Espa\u00f1a. \u2014 Entrevista en GestionaRadio. \u00a0 Marcos De La Cueva en eventos \u00a0 \u2014 Participaci\u00f3n como ponente en Accountex Espa\u00f1a 2023. \u00a0 Tem\u00e1ticas de especializaci\u00f3n \u00a0 negocios | startups | contabilidad| fiscalidad | empresas| asesor\u00edas| autonomos | emprendedores | peque\u00f1os negocios | econom\u00eda | ADE | pymes | desarrollo de negocio\u00a0","sameAs":["https:\/\/www.billin.net\/","https:\/\/www.linkedin.com\/in\/marcos-de-la-cueva-19750ba3\/"],"url":"https:\/\/www.billin.net\/blog\/author\/marcosdelacueva\/","jobTitle":"CEO y cofundador de TS Facturas Billin"}]}},"_links":{"self":[{"href":"https:\/\/www.billin.net\/blog\/wp-json\/wp\/v2\/posts\/10362","targetHints":{"allow":["GET"]}}],"collection":[{"href":"https:\/\/www.billin.net\/blog\/wp-json\/wp\/v2\/posts"}],"about":[{"href":"https:\/\/www.billin.net\/blog\/wp-json\/wp\/v2\/types\/post"}],"author":[{"embeddable":true,"href":"https:\/\/www.billin.net\/blog\/wp-json\/wp\/v2\/users\/20"}],"replies":[{"embeddable":true,"href":"https:\/\/www.billin.net\/blog\/wp-json\/wp\/v2\/comments?post=10362"}],"version-history":[{"count":5,"href":"https:\/\/www.billin.net\/blog\/wp-json\/wp\/v2\/posts\/10362\/revisions"}],"predecessor-version":[{"id":27886,"href":"https:\/\/www.billin.net\/blog\/wp-json\/wp\/v2\/posts\/10362\/revisions\/27886"}],"wp:featuredmedia":[{"embeddable":true,"href":"https:\/\/www.billin.net\/blog\/wp-json\/wp\/v2\/media\/4679"}],"wp:attachment":[{"href":"https:\/\/www.billin.net\/blog\/wp-json\/wp\/v2\/media?parent=10362"}],"wp:term":[{"taxonomy":"category","embeddable":true,"href":"https:\/\/www.billin.net\/blog\/wp-json\/wp\/v2\/categories?post=10362"},{"taxonomy":"post_tag","embeddable":true,"href":"https:\/\/www.billin.net\/blog\/wp-json\/wp\/v2\/tags?post=10362"}],"curies":[{"name":"wp","href":"https:\/\/api.w.org\/{rel}","templated":true}]}}