{"id":10344,"date":"2017-02-13T00:00:00","date_gmt":"2017-02-12T22:00:00","guid":{"rendered":"https:\/\/www.billin.net\/blog\/aprender-combatir-estres\/"},"modified":"2025-09-25T21:06:38","modified_gmt":"2025-09-25T19:06:38","slug":"aprender-combatir-estres","status":"publish","type":"post","link":"https:\/\/www.billin.net\/blog\/aprender-combatir-estres\/","title":{"rendered":"\u00bfEs posible aprender a combatir tu estr\u00e9s?"},"content":{"rendered":"<p style=\"text-align: justify;\">Actualmente es bastante habitual que nuestro ritmo de vida, tanto a nivel personal como profesional, contribuya a que entremos en una espiral que nos hace estar m\u00e1s expuestos que nunca a los efectos del estr\u00e9s, sobre todo si hemos tomado la decisi\u00f3n de emprender, o continuar, nuestra trayectoria profesional como trabajadores aut\u00f3nomo o poniendo en marcha nuestra propia empresa, ya que, adem\u00e1s de las obligaciones inherentes a nuestro trabajo diario y nuestra familia, hay que unir las tareas de gesti\u00f3n propias del autoempleo, como <a href=\"https:\/\/www.billin.net\/programa-facturacion-autonomos\/\">la facturaci\u00f3n de un aut\u00f3nomo<\/a>.<\/p>\n<p style=\"text-align: justify;\"><!--more--><\/p>\n<h2 style=\"text-align: left;\">\u00bfC\u00f3mo actuar para evitar la ansiedad y controlar mejor tu estr\u00e9s?<\/h2>\n<p style=\"text-align: justify;\">Si bien el estr\u00e9s suele ser asociado, a simple vista, a la existencia de una patolog\u00eda, no es correcto considerarlo como tal, al menos en sus etapas iniciales. Solamente en el caso de que no consigamos evitar la presencia de ansiedad y combatir nuestro estr\u00e9s, remitiendo sus efectos, y este sistema de alerta natural se mantiene activado durante un periodo de tiempo superior a lo que ser\u00eda recomendable, puede comenzar a generar problemas graves de salud, tanto de car\u00e1cter psicosom\u00e1tico <em>(dolencias musculares, problemas respiratorios o digestivos, etc.)<\/em> como a nivel psicol\u00f3gico <em>(cuadros de ansiedad, efectos negativos sobre el estado de \u00e1nimo, trastornos alimenticios, etc.)<\/em>.<\/p>\n<p style=\"text-align: justify;\">Por ello, desde este blog te recomendamos que pongas en pr\u00e1ctica los medios necesarios para <strong>aprender a controlar el estr\u00e9s<\/strong>, desarrollando distintas estrategias o remedios que contribuyan a combatirlo, reduciendo as\u00ed sus efectos y mejorando tu control sobre tu propio organismo.<\/p>\n<p style=\"text-align: justify;\">Para empezar, ser\u00e1 necesario que detectes cu\u00e1les son las <strong><em>fuentes generadoras de estr\u00e9s <\/em><\/strong>tanto en tu vida personal como a nivel profesional, profundizando en este aspecto hasta donde sea necesario, ya que algunas de ellas estar\u00e1n relacionadas con nuestros propios pensamientos, actitudes y comportamientos.<\/p>\n<p style=\"text-align: justify;\">Una vez que hayas identificado qu\u00e9 elementos son los que tienen una mayor incidencia en la generaci\u00f3n de tu estr\u00e9s, ser\u00e1 el momento de <strong><em>aprender a utilizar formas saludables para evitar la ansiedad y combatir tu estr\u00e9s<\/em><\/strong>, entre las que consideramos necesario destacar las que te ofrecemos a continuaci\u00f3n:<\/p>\n<ul style=\"text-align: justify;\">\n<li><strong><em>Pierde el miedo a decir \u201cno\u201d<\/em><\/strong>, tanto a nivel profesional como en tu \u00e1mbito familiar, ya que para controlar tu estr\u00e9s ser\u00e1 esencial <em>conocer tus l\u00edmites y asegurarte de no traspasarlos<\/em>, sobre todo con responsabilidades adicionales que, en realidad, son secundarias.<\/li>\n<\/ul>\n<ul style=\"text-align: justify;\">\n<li><strong><em>Al\u00e9jate<\/em><\/strong>, siempre que te sea posible, <strong><em>de aquellas personas que te generan estr\u00e9s<\/em><\/strong>, reduciendo el tiempo que les dedicas en tu vida, o tratando de reconducir esta situaci\u00f3n hacia un escenario menos estresante.<\/li>\n<\/ul>\n<ul style=\"text-align: justify;\">\n<li><strong><em>Toma el control de tu entorno cercano<\/em><\/strong>, otorgando una mayor importancia a aquellas situaciones que consideras placenteras y dejando de lado o delegando aquellas que te causan mayor ansiedad.<\/li>\n<\/ul>\n<p style=\"text-align: justify;\">Adem\u00e1s de estas pautas, desde este blog te recomendamos que <strong><em>lleves a cabo una planificaci\u00f3n temporal que incluya todas las tareas a realizar<\/em><\/strong>, tanto peri\u00f3dicas como puntuales, y en base a su nivel de importancia y de urgencia.<\/p>\n<p style=\"text-align: justify;\">Del mismo modo, ser\u00e1 necesario que <strong><em>realices un ejercicio de realismo<\/em><\/strong> en lo referente a la carga de tiempo necesaria para la realizaci\u00f3n de cada tarea, teniendo en cuenta el nivel de exigencia de cada una de las acciones a realizar, as\u00ed como la consideraci\u00f3n irrenunciable de periodos de descanso intermedios.<\/p>\n<p style=\"text-align: justify;\">Para finalizar, te aconsejamos que reflexiones y <strong><em>no trates de controlar lo incontrolable<\/em><\/strong>, ya que hay muchos aspectos de la vida que se encuentran fuera de tu control, que no puedes evitar, y sobre los que \u00fanicamente podr\u00e1s actuar con posterioridad a trav\u00e9s de una reacci\u00f3n lo m\u00e1s constructiva posible.<\/p>\n","protected":false},"excerpt":{"rendered":"<p>Actualmente es bastante habitual que nuestro ritmo de vida, tanto a nivel personal como profesional, contribuya a que entremos en una espiral que nos hace estar m\u00e1s expuestos que nunca a los efectos del estr\u00e9s, sobre todo si hemos tomado la decisi\u00f3n de emprender, o continuar, nuestra trayectoria profesional como trabajadores aut\u00f3nomo o poniendo en [&hellip;]<\/p>\n","protected":false},"author":20,"featured_media":4352,"comment_status":"open","ping_status":"open","sticky":false,"template":"","format":"standard","meta":{"_acf_changed":false,"_et_pb_use_builder":"","_et_pb_old_content":"","_et_gb_content_width":"","om_disable_all_campaigns":false,"inline_featured_image":false,"footnotes":""},"categories":[1023],"tags":[],"class_list":{"0":"post-10344","1":"post","2":"type-post","3":"status-publish","4":"format-standard","5":"has-post-thumbnail","7":"category-negocios"},"acf":{"selector_de_usuario":"","fecha_de_revision":"20191008"},"yoast_head":"<!-- This site is optimized with the Yoast SEO plugin v27.1 - https:\/\/yoast.com\/product\/yoast-seo-wordpress\/ -->\n<title>C\u00f3mo combatir de forma efectiva tu estr\u00e9s | TeamSystem Facturas Billin<\/title>\n<meta name=\"description\" content=\"Desde este blog te recomendamos que pongas en pr\u00e1ctica los medios necesarios para aprender a controlar el estr\u00e9s de una forma efectiva.\" \/>\n<meta name=\"robots\" content=\"index, follow, max-snippet:-1, max-image-preview:large, max-video-preview:-1\" \/>\n<link rel=\"canonical\" href=\"https:\/\/www.billin.net\/blog\/aprender-combatir-estres\/\" \/>\n<meta property=\"og:locale\" content=\"es_ES\" \/>\n<meta property=\"og:type\" content=\"article\" \/>\n<meta property=\"og:title\" content=\"C\u00f3mo combatir de forma efectiva tu estr\u00e9s | TeamSystem Facturas Billin\" \/>\n<meta property=\"og:description\" content=\"Desde este blog te recomendamos que pongas en pr\u00e1ctica los medios necesarios para aprender a controlar el estr\u00e9s de una forma efectiva.\" \/>\n<meta property=\"og:url\" content=\"https:\/\/www.billin.net\/blog\/aprender-combatir-estres\/\" \/>\n<meta property=\"og:site_name\" content=\"Blog de TeamSystem Facturas Billin\" \/>\n<meta property=\"article:publisher\" content=\"https:\/\/www.facebook.com\/EsBillin\" \/>\n<meta property=\"article:published_time\" content=\"2017-02-12T22:00:00+00:00\" \/>\n<meta property=\"article:modified_time\" content=\"2025-09-25T19:06:38+00:00\" \/>\n<meta property=\"og:image\" content=\"https:\/\/www.billin.net\/blog\/wp-content\/uploads\/2017\/06\/como-gestionar-estres-billin-imagen-3.1.1.jpg\" \/>\n\t<meta property=\"og:image:width\" content=\"1000\" \/>\n\t<meta property=\"og:image:height\" content=\"667\" \/>\n\t<meta property=\"og:image:type\" content=\"image\/jpeg\" \/>\n<meta name=\"author\" content=\"Marcos De La Cueva - CEO TeamSystem Facturas Billin\" \/>\n<meta name=\"twitter:card\" content=\"summary_large_image\" \/>\n<meta name=\"twitter:creator\" content=\"@Billin_ES\" \/>\n<meta name=\"twitter:site\" content=\"@Billin_ES\" \/>\n<meta name=\"twitter:label1\" content=\"Escrito por\" \/>\n\t<meta name=\"twitter:data1\" content=\"Marcos De La Cueva - CEO TeamSystem Facturas Billin\" \/>\n\t<meta name=\"twitter:label2\" content=\"Tiempo de lectura\" \/>\n\t<meta name=\"twitter:data2\" content=\"3 minutos\" \/>\n<script type=\"application\/ld+json\" class=\"yoast-schema-graph\">{\"@context\":\"https:\/\/schema.org\",\"@graph\":[{\"@type\":\"Article\",\"@id\":\"https:\/\/www.billin.net\/blog\/aprender-combatir-estres\/#article\",\"isPartOf\":{\"@id\":\"https:\/\/www.billin.net\/blog\/aprender-combatir-estres\/\"},\"author\":{\"name\":\"Marcos De La Cueva - CEO TeamSystem Facturas Billin\",\"@id\":\"https:\/\/www.billin.net\/blog\/#\/schema\/person\/d0339ee6e869234614541b1e80a793e7\"},\"headline\":\"\u00bfEs posible aprender a combatir tu estr\u00e9s?\",\"datePublished\":\"2017-02-12T22:00:00+00:00\",\"dateModified\":\"2025-09-25T19:06:38+00:00\",\"mainEntityOfPage\":{\"@id\":\"https:\/\/www.billin.net\/blog\/aprender-combatir-estres\/\"},\"wordCount\":628,\"commentCount\":0,\"publisher\":{\"@id\":\"https:\/\/www.billin.net\/blog\/#organization\"},\"image\":{\"@id\":\"https:\/\/www.billin.net\/blog\/aprender-combatir-estres\/#primaryimage\"},\"thumbnailUrl\":\"https:\/\/www.billin.net\/blog\/wp-content\/uploads\/2017\/06\/como-gestionar-estres-billin-imagen-3.1.1.jpg\",\"articleSection\":[\"Negocios\"],\"inLanguage\":\"es\",\"potentialAction\":[{\"@type\":\"CommentAction\",\"name\":\"Comment\",\"target\":[\"https:\/\/www.billin.net\/blog\/aprender-combatir-estres\/#respond\"]}]},{\"@type\":\"WebPage\",\"@id\":\"https:\/\/www.billin.net\/blog\/aprender-combatir-estres\/\",\"url\":\"https:\/\/www.billin.net\/blog\/aprender-combatir-estres\/\",\"name\":\"C\u00f3mo combatir de forma efectiva tu estr\u00e9s | TeamSystem Facturas Billin\",\"isPartOf\":{\"@id\":\"https:\/\/www.billin.net\/blog\/#website\"},\"primaryImageOfPage\":{\"@id\":\"https:\/\/www.billin.net\/blog\/aprender-combatir-estres\/#primaryimage\"},\"image\":{\"@id\":\"https:\/\/www.billin.net\/blog\/aprender-combatir-estres\/#primaryimage\"},\"thumbnailUrl\":\"https:\/\/www.billin.net\/blog\/wp-content\/uploads\/2017\/06\/como-gestionar-estres-billin-imagen-3.1.1.jpg\",\"datePublished\":\"2017-02-12T22:00:00+00:00\",\"dateModified\":\"2025-09-25T19:06:38+00:00\",\"description\":\"Desde este blog te recomendamos que pongas en pr\u00e1ctica los medios necesarios para aprender a controlar el estr\u00e9s de una forma efectiva.\",\"breadcrumb\":{\"@id\":\"https:\/\/www.billin.net\/blog\/aprender-combatir-estres\/#breadcrumb\"},\"inLanguage\":\"es\",\"potentialAction\":[{\"@type\":\"ReadAction\",\"target\":[\"https:\/\/www.billin.net\/blog\/aprender-combatir-estres\/\"]}]},{\"@type\":\"ImageObject\",\"inLanguage\":\"es\",\"@id\":\"https:\/\/www.billin.net\/blog\/aprender-combatir-estres\/#primaryimage\",\"url\":\"https:\/\/www.billin.net\/blog\/wp-content\/uploads\/2017\/06\/como-gestionar-estres-billin-imagen-3.1.1.jpg\",\"contentUrl\":\"https:\/\/www.billin.net\/blog\/wp-content\/uploads\/2017\/06\/como-gestionar-estres-billin-imagen-3.1.1.jpg\",\"width\":1000,\"height\":667},{\"@type\":\"BreadcrumbList\",\"@id\":\"https:\/\/www.billin.net\/blog\/aprender-combatir-estres\/#breadcrumb\",\"itemListElement\":[{\"@type\":\"ListItem\",\"position\":1,\"name\":\"Blog\",\"item\":\"https:\/\/www.billin.net\/blog\/\"},{\"@type\":\"ListItem\",\"position\":2,\"name\":\"Negocios\",\"item\":\"https:\/\/www.billin.net\/blog\/negocios\/\"},{\"@type\":\"ListItem\",\"position\":3,\"name\":\"\u00bfEs posible aprender a combatir tu estr\u00e9s?\"}]},{\"@type\":\"WebSite\",\"@id\":\"https:\/\/www.billin.net\/blog\/#website\",\"url\":\"https:\/\/www.billin.net\/blog\/\",\"name\":\"Blog de Billin\",\"description\":\"Mantente informado con el blog de TeamSystem Facturas Billin:  facturaci\u00f3n, legislaci\u00f3n, contabilidad, management y toda la informaci\u00f3n \u00fatil para pymes y aut\u00f3nomos.\",\"publisher\":{\"@id\":\"https:\/\/www.billin.net\/blog\/#organization\"},\"potentialAction\":[{\"@type\":\"SearchAction\",\"target\":{\"@type\":\"EntryPoint\",\"urlTemplate\":\"https:\/\/www.billin.net\/blog\/?s={search_term_string}\"},\"query-input\":{\"@type\":\"PropertyValueSpecification\",\"valueRequired\":true,\"valueName\":\"search_term_string\"}}],\"inLanguage\":\"es\"},{\"@type\":\"Organization\",\"@id\":\"https:\/\/www.billin.net\/blog\/#organization\",\"name\":\"Billin\",\"alternateName\":\"Blog de Billin\",\"url\":\"https:\/\/www.billin.net\/blog\/\",\"logo\":{\"@type\":\"ImageObject\",\"inLanguage\":\"es\",\"@id\":\"https:\/\/www.billin.net\/blog\/#\/schema\/logo\/image\/\",\"url\":\"https:\/\/www.billin.net\/blog\/wp-content\/uploads\/2019\/06\/logotipo-billin-blog-1.png\",\"contentUrl\":\"https:\/\/www.billin.net\/blog\/wp-content\/uploads\/2019\/06\/logotipo-billin-blog-1.png\",\"width\":126,\"height\":50,\"caption\":\"Billin\"},\"image\":{\"@id\":\"https:\/\/www.billin.net\/blog\/#\/schema\/logo\/image\/\"},\"sameAs\":[\"https:\/\/www.facebook.com\/EsBillin\",\"https:\/\/x.com\/Billin_ES\",\"https:\/\/www.instagram.com\/billin_es\/\",\"https:\/\/www.linkedin.com\/company\/billin-spain\",\"https:\/\/www.youtube.com\/c\/BillinEsintercambiodefacturas\/\"],\"legalName\":\"MY EXPENSES SL\",\"contactPoint\":{\"@type\":\"ContactPoint\",\"telephone\":\"+34918318883\",\"contactType\":\"customer service\",\"email\":\"info@billin.eu\",\"availableLanguage\":\"es\"},\"foundingDate\":\"2015\",\"numberOfEmployees\":{\"@type\":\"QuantitativeValue\",\"minValue\":10,\"maxValue\":50},\"parentOrganization\":{\"@type\":\"Organization\",\"name\":\"TeamSystem\",\"url\":\"https:\/\/www.teamsystem.com\/\"},\"description\":\"Billin es el programa de facturaci\u00f3n online de TeamSystem para aut\u00f3nomos y pymes en Espa\u00f1a. Permite crear facturas, controlar gastos y cumplir con Verifactu.\",\"address\":{\"@type\":\"PostalAddress\",\"streetAddress\":\"Calle Arturo Soria, 336\",\"addressLocality\":\"Madrid\",\"addressRegion\":\"Madrid\",\"postalCode\":\"28033\",\"addressCountry\":\"ES\"}},{\"@type\":\"Person\",\"@id\":\"https:\/\/www.billin.net\/blog\/#\/schema\/person\/d0339ee6e869234614541b1e80a793e7\",\"name\":\"Marcos De La Cueva - CEO TeamSystem Facturas Billin\",\"image\":{\"@type\":\"ImageObject\",\"inLanguage\":\"es\",\"@id\":\"https:\/\/www.billin.net\/blog\/#\/schema\/person\/image\/\",\"url\":\"https:\/\/www.billin.net\/blog\/wp-content\/uploads\/2023\/10\/marcos-color-150x150.png\",\"contentUrl\":\"https:\/\/www.billin.net\/blog\/wp-content\/uploads\/2023\/10\/marcos-color-150x150.png\",\"caption\":\"Marcos De La Cueva - CEO TeamSystem Facturas Billin\"},\"description\":\"Licenciado en ADE por la Universidad Aut\u00f3noma de Madrid, Marcos De la Cueva es CEO y cofundador de TeamSystem Facturas Billin, un programa online que lleva m\u00e1s de 9 a\u00f1os ayudando a aut\u00f3nomos, peque\u00f1os negocios y gestor\u00edas a digitalizar sus presupuestos, facturas, tickets y gastos. \u00a0 Sobre Marcos De La Cueva \u00a0 Apasionado por el mundo empresarial y la tecnolog\u00eda, curs\u00f3 su M\u00e1ster de Finanzas en la Universidad Pontificia de Comillas y estuvo en el Programa de Cooperaci\u00f3n Educativa de la Universidad Aut\u00f3noma de Madrid. \u00a0 Marcos siempre ha tenido su objetivo claro: ayudar a la creaci\u00f3n de negocios financieramente sostenibles a trav\u00e9s de una herramienta de facturaci\u00f3n que les permita ahorrar tiempo y tener la contabilidad bajo control. \u00a0 Marcos De La Cueva en los medios \u2014 Noticia sobre Kit Digital y Ley Antifraude (VeriFactu) en El Economista. \u2014 Noticia sobre Kit Digital y factura electr\u00f3nica obligatoria en Diario Jur\u00eddico. \u2014 Noticia sobre el a\u00f1o de transici\u00f3n para la factura electr\u00f3nica en Muy Pymes. \u2014 Entrevista sobre factura electr\u00f3nica obligatoria en Canal Sur. \u2014 Noticia sobre el informe factura electr\u00f3nica de TeamSystem en Channel Partner. \u2014 Charla sobre productividad y Ley Crea y Crece en El Economista. \u2014 Charla sobre factura electr\u00f3nica obligatoria en Muy Pymes. \u2014 Charla sobre digitalizaci\u00f3n aut\u00f3nomos y productividad en esdiario. \u2014 Charla sobre productividad y factura electr\u00f3nica en La Raz\u00f3n. \u2014 Charla sobre factura electr\u00f3nica obligatoria en Aut\u00f3nomos y Emprendedores. \u2014 Entrevista sobre Ley Antifraude y Ley Crea y Crece en Expansi\u00f3n. \u2014 Entrevista sobre Ley Antifraude y Ley Crea y Crece en La Raz\u00f3n. \u2014 Entrevista sobre factura electr\u00f3nica obligatoria en El Economista. \u2014 Comunicado Billin y TeamSystem en Business Insider. \u2014 Entrevista en Econom\u00eda Digital. \u2014 Entrevista en Ideas para tu empresa de Vodafone. \u2014 Entrevista en M\u00e1sQradio. \u2014 Entrevista en Armas para emprender de El M\u00e9todo Gallardo. \u2014 Entrevista en KFund. \u2014 Entrevista en AXA Seguros Espa\u00f1a. \u2014 Entrevista en GestionaRadio. \u00a0 Marcos De La Cueva en eventos \u00a0 \u2014 Participaci\u00f3n como ponente en Accountex Espa\u00f1a 2023. \u00a0 Tem\u00e1ticas de especializaci\u00f3n \u00a0 negocios | startups | contabilidad| fiscalidad | empresas| asesor\u00edas| autonomos | emprendedores | peque\u00f1os negocios | econom\u00eda | ADE | pymes | desarrollo de negocio\u00a0\",\"sameAs\":[\"https:\/\/www.billin.net\/\",\"https:\/\/www.linkedin.com\/in\/marcos-de-la-cueva-19750ba3\/\"],\"url\":\"https:\/\/www.billin.net\/blog\/author\/marcosdelacueva\/\",\"jobTitle\":\"CEO y cofundador de TS Facturas Billin\"}]}<\/script>\n<!-- \/ Yoast SEO plugin. -->","yoast_head_json":{"title":"C\u00f3mo combatir de forma efectiva tu estr\u00e9s | TeamSystem Facturas Billin","description":"Desde este blog te recomendamos que pongas en pr\u00e1ctica los medios necesarios para aprender a controlar el estr\u00e9s de una forma efectiva.","robots":{"index":"index","follow":"follow","max-snippet":"max-snippet:-1","max-image-preview":"max-image-preview:large","max-video-preview":"max-video-preview:-1"},"canonical":"https:\/\/www.billin.net\/blog\/aprender-combatir-estres\/","og_locale":"es_ES","og_type":"article","og_title":"C\u00f3mo combatir de forma efectiva tu estr\u00e9s | TeamSystem Facturas Billin","og_description":"Desde este blog te recomendamos que pongas en pr\u00e1ctica los medios necesarios para aprender a controlar el estr\u00e9s de una forma efectiva.","og_url":"https:\/\/www.billin.net\/blog\/aprender-combatir-estres\/","og_site_name":"Blog de TeamSystem Facturas Billin","article_publisher":"https:\/\/www.facebook.com\/EsBillin","article_published_time":"2017-02-12T22:00:00+00:00","article_modified_time":"2025-09-25T19:06:38+00:00","og_image":[{"width":1000,"height":667,"url":"https:\/\/www.billin.net\/blog\/wp-content\/uploads\/2017\/06\/como-gestionar-estres-billin-imagen-3.1.1.jpg","type":"image\/jpeg"}],"author":"Marcos De La Cueva - CEO TeamSystem Facturas Billin","twitter_card":"summary_large_image","twitter_creator":"@Billin_ES","twitter_site":"@Billin_ES","twitter_misc":{"Escrito por":"Marcos De La Cueva - CEO TeamSystem Facturas Billin","Tiempo de lectura":"3 minutos"},"schema":{"@context":"https:\/\/schema.org","@graph":[{"@type":"Article","@id":"https:\/\/www.billin.net\/blog\/aprender-combatir-estres\/#article","isPartOf":{"@id":"https:\/\/www.billin.net\/blog\/aprender-combatir-estres\/"},"author":{"name":"Marcos De La Cueva - CEO TeamSystem Facturas Billin","@id":"https:\/\/www.billin.net\/blog\/#\/schema\/person\/d0339ee6e869234614541b1e80a793e7"},"headline":"\u00bfEs posible aprender a combatir tu estr\u00e9s?","datePublished":"2017-02-12T22:00:00+00:00","dateModified":"2025-09-25T19:06:38+00:00","mainEntityOfPage":{"@id":"https:\/\/www.billin.net\/blog\/aprender-combatir-estres\/"},"wordCount":628,"commentCount":0,"publisher":{"@id":"https:\/\/www.billin.net\/blog\/#organization"},"image":{"@id":"https:\/\/www.billin.net\/blog\/aprender-combatir-estres\/#primaryimage"},"thumbnailUrl":"https:\/\/www.billin.net\/blog\/wp-content\/uploads\/2017\/06\/como-gestionar-estres-billin-imagen-3.1.1.jpg","articleSection":["Negocios"],"inLanguage":"es","potentialAction":[{"@type":"CommentAction","name":"Comment","target":["https:\/\/www.billin.net\/blog\/aprender-combatir-estres\/#respond"]}]},{"@type":"WebPage","@id":"https:\/\/www.billin.net\/blog\/aprender-combatir-estres\/","url":"https:\/\/www.billin.net\/blog\/aprender-combatir-estres\/","name":"C\u00f3mo combatir de forma efectiva tu estr\u00e9s | TeamSystem Facturas Billin","isPartOf":{"@id":"https:\/\/www.billin.net\/blog\/#website"},"primaryImageOfPage":{"@id":"https:\/\/www.billin.net\/blog\/aprender-combatir-estres\/#primaryimage"},"image":{"@id":"https:\/\/www.billin.net\/blog\/aprender-combatir-estres\/#primaryimage"},"thumbnailUrl":"https:\/\/www.billin.net\/blog\/wp-content\/uploads\/2017\/06\/como-gestionar-estres-billin-imagen-3.1.1.jpg","datePublished":"2017-02-12T22:00:00+00:00","dateModified":"2025-09-25T19:06:38+00:00","description":"Desde este blog te recomendamos que pongas en pr\u00e1ctica los medios necesarios para aprender a controlar el estr\u00e9s de una forma efectiva.","breadcrumb":{"@id":"https:\/\/www.billin.net\/blog\/aprender-combatir-estres\/#breadcrumb"},"inLanguage":"es","potentialAction":[{"@type":"ReadAction","target":["https:\/\/www.billin.net\/blog\/aprender-combatir-estres\/"]}]},{"@type":"ImageObject","inLanguage":"es","@id":"https:\/\/www.billin.net\/blog\/aprender-combatir-estres\/#primaryimage","url":"https:\/\/www.billin.net\/blog\/wp-content\/uploads\/2017\/06\/como-gestionar-estres-billin-imagen-3.1.1.jpg","contentUrl":"https:\/\/www.billin.net\/blog\/wp-content\/uploads\/2017\/06\/como-gestionar-estres-billin-imagen-3.1.1.jpg","width":1000,"height":667},{"@type":"BreadcrumbList","@id":"https:\/\/www.billin.net\/blog\/aprender-combatir-estres\/#breadcrumb","itemListElement":[{"@type":"ListItem","position":1,"name":"Blog","item":"https:\/\/www.billin.net\/blog\/"},{"@type":"ListItem","position":2,"name":"Negocios","item":"https:\/\/www.billin.net\/blog\/negocios\/"},{"@type":"ListItem","position":3,"name":"\u00bfEs posible aprender a combatir tu estr\u00e9s?"}]},{"@type":"WebSite","@id":"https:\/\/www.billin.net\/blog\/#website","url":"https:\/\/www.billin.net\/blog\/","name":"Blog de Billin","description":"Mantente informado con el blog de TeamSystem Facturas Billin:  facturaci\u00f3n, legislaci\u00f3n, contabilidad, management y toda la informaci\u00f3n \u00fatil para pymes y aut\u00f3nomos.","publisher":{"@id":"https:\/\/www.billin.net\/blog\/#organization"},"potentialAction":[{"@type":"SearchAction","target":{"@type":"EntryPoint","urlTemplate":"https:\/\/www.billin.net\/blog\/?s={search_term_string}"},"query-input":{"@type":"PropertyValueSpecification","valueRequired":true,"valueName":"search_term_string"}}],"inLanguage":"es"},{"@type":"Organization","@id":"https:\/\/www.billin.net\/blog\/#organization","name":"Billin","alternateName":"Blog de Billin","url":"https:\/\/www.billin.net\/blog\/","logo":{"@type":"ImageObject","inLanguage":"es","@id":"https:\/\/www.billin.net\/blog\/#\/schema\/logo\/image\/","url":"https:\/\/www.billin.net\/blog\/wp-content\/uploads\/2019\/06\/logotipo-billin-blog-1.png","contentUrl":"https:\/\/www.billin.net\/blog\/wp-content\/uploads\/2019\/06\/logotipo-billin-blog-1.png","width":126,"height":50,"caption":"Billin"},"image":{"@id":"https:\/\/www.billin.net\/blog\/#\/schema\/logo\/image\/"},"sameAs":["https:\/\/www.facebook.com\/EsBillin","https:\/\/x.com\/Billin_ES","https:\/\/www.instagram.com\/billin_es\/","https:\/\/www.linkedin.com\/company\/billin-spain","https:\/\/www.youtube.com\/c\/BillinEsintercambiodefacturas\/"],"legalName":"MY EXPENSES SL","contactPoint":{"@type":"ContactPoint","telephone":"+34918318883","contactType":"customer service","email":"info@billin.eu","availableLanguage":"es"},"foundingDate":"2015","numberOfEmployees":{"@type":"QuantitativeValue","minValue":10,"maxValue":50},"parentOrganization":{"@type":"Organization","name":"TeamSystem","url":"https:\/\/www.teamsystem.com\/"},"description":"Billin es el programa de facturaci\u00f3n online de TeamSystem para aut\u00f3nomos y pymes en Espa\u00f1a. Permite crear facturas, controlar gastos y cumplir con Verifactu.","address":{"@type":"PostalAddress","streetAddress":"Calle Arturo Soria, 336","addressLocality":"Madrid","addressRegion":"Madrid","postalCode":"28033","addressCountry":"ES"}},{"@type":"Person","@id":"https:\/\/www.billin.net\/blog\/#\/schema\/person\/d0339ee6e869234614541b1e80a793e7","name":"Marcos De La Cueva - CEO TeamSystem Facturas Billin","image":{"@type":"ImageObject","inLanguage":"es","@id":"https:\/\/www.billin.net\/blog\/#\/schema\/person\/image\/","url":"https:\/\/www.billin.net\/blog\/wp-content\/uploads\/2023\/10\/marcos-color-150x150.png","contentUrl":"https:\/\/www.billin.net\/blog\/wp-content\/uploads\/2023\/10\/marcos-color-150x150.png","caption":"Marcos De La Cueva - CEO TeamSystem Facturas Billin"},"description":"Licenciado en ADE por la Universidad Aut\u00f3noma de Madrid, Marcos De la Cueva es CEO y cofundador de TeamSystem Facturas Billin, un programa online que lleva m\u00e1s de 9 a\u00f1os ayudando a aut\u00f3nomos, peque\u00f1os negocios y gestor\u00edas a digitalizar sus presupuestos, facturas, tickets y gastos. \u00a0 Sobre Marcos De La Cueva \u00a0 Apasionado por el mundo empresarial y la tecnolog\u00eda, curs\u00f3 su M\u00e1ster de Finanzas en la Universidad Pontificia de Comillas y estuvo en el Programa de Cooperaci\u00f3n Educativa de la Universidad Aut\u00f3noma de Madrid. \u00a0 Marcos siempre ha tenido su objetivo claro: ayudar a la creaci\u00f3n de negocios financieramente sostenibles a trav\u00e9s de una herramienta de facturaci\u00f3n que les permita ahorrar tiempo y tener la contabilidad bajo control. \u00a0 Marcos De La Cueva en los medios \u2014 Noticia sobre Kit Digital y Ley Antifraude (VeriFactu) en El Economista. \u2014 Noticia sobre Kit Digital y factura electr\u00f3nica obligatoria en Diario Jur\u00eddico. \u2014 Noticia sobre el a\u00f1o de transici\u00f3n para la factura electr\u00f3nica en Muy Pymes. \u2014 Entrevista sobre factura electr\u00f3nica obligatoria en Canal Sur. \u2014 Noticia sobre el informe factura electr\u00f3nica de TeamSystem en Channel Partner. \u2014 Charla sobre productividad y Ley Crea y Crece en El Economista. \u2014 Charla sobre factura electr\u00f3nica obligatoria en Muy Pymes. \u2014 Charla sobre digitalizaci\u00f3n aut\u00f3nomos y productividad en esdiario. \u2014 Charla sobre productividad y factura electr\u00f3nica en La Raz\u00f3n. \u2014 Charla sobre factura electr\u00f3nica obligatoria en Aut\u00f3nomos y Emprendedores. \u2014 Entrevista sobre Ley Antifraude y Ley Crea y Crece en Expansi\u00f3n. \u2014 Entrevista sobre Ley Antifraude y Ley Crea y Crece en La Raz\u00f3n. \u2014 Entrevista sobre factura electr\u00f3nica obligatoria en El Economista. \u2014 Comunicado Billin y TeamSystem en Business Insider. \u2014 Entrevista en Econom\u00eda Digital. \u2014 Entrevista en Ideas para tu empresa de Vodafone. \u2014 Entrevista en M\u00e1sQradio. \u2014 Entrevista en Armas para emprender de El M\u00e9todo Gallardo. \u2014 Entrevista en KFund. \u2014 Entrevista en AXA Seguros Espa\u00f1a. \u2014 Entrevista en GestionaRadio. \u00a0 Marcos De La Cueva en eventos \u00a0 \u2014 Participaci\u00f3n como ponente en Accountex Espa\u00f1a 2023. \u00a0 Tem\u00e1ticas de especializaci\u00f3n \u00a0 negocios | startups | contabilidad| fiscalidad | empresas| asesor\u00edas| autonomos | emprendedores | peque\u00f1os negocios | econom\u00eda | ADE | pymes | desarrollo de negocio\u00a0","sameAs":["https:\/\/www.billin.net\/","https:\/\/www.linkedin.com\/in\/marcos-de-la-cueva-19750ba3\/"],"url":"https:\/\/www.billin.net\/blog\/author\/marcosdelacueva\/","jobTitle":"CEO y cofundador de TS Facturas Billin"}]}},"_links":{"self":[{"href":"https:\/\/www.billin.net\/blog\/wp-json\/wp\/v2\/posts\/10344","targetHints":{"allow":["GET"]}}],"collection":[{"href":"https:\/\/www.billin.net\/blog\/wp-json\/wp\/v2\/posts"}],"about":[{"href":"https:\/\/www.billin.net\/blog\/wp-json\/wp\/v2\/types\/post"}],"author":[{"embeddable":true,"href":"https:\/\/www.billin.net\/blog\/wp-json\/wp\/v2\/users\/20"}],"replies":[{"embeddable":true,"href":"https:\/\/www.billin.net\/blog\/wp-json\/wp\/v2\/comments?post=10344"}],"version-history":[{"count":5,"href":"https:\/\/www.billin.net\/blog\/wp-json\/wp\/v2\/posts\/10344\/revisions"}],"predecessor-version":[{"id":27628,"href":"https:\/\/www.billin.net\/blog\/wp-json\/wp\/v2\/posts\/10344\/revisions\/27628"}],"wp:featuredmedia":[{"embeddable":true,"href":"https:\/\/www.billin.net\/blog\/wp-json\/wp\/v2\/media\/4352"}],"wp:attachment":[{"href":"https:\/\/www.billin.net\/blog\/wp-json\/wp\/v2\/media?parent=10344"}],"wp:term":[{"taxonomy":"category","embeddable":true,"href":"https:\/\/www.billin.net\/blog\/wp-json\/wp\/v2\/categories?post=10344"},{"taxonomy":"post_tag","embeddable":true,"href":"https:\/\/www.billin.net\/blog\/wp-json\/wp\/v2\/tags?post=10344"}],"curies":[{"name":"wp","href":"https:\/\/api.w.org\/{rel}","templated":true}]}}