{"id":10336,"date":"2017-03-16T00:00:00","date_gmt":"2017-03-15T22:00:00","guid":{"rendered":"https:\/\/www.billin.net\/blog\/4-medidas-utiles-para-modernizar-la-gestion-de-tu-negocio\/"},"modified":"2025-09-25T21:05:48","modified_gmt":"2025-09-25T19:05:48","slug":"4-medidas-utiles-para-modernizar-la-gestion-de-tu-negocio","status":"publish","type":"post","link":"https:\/\/www.billin.net\/blog\/4-medidas-utiles-para-modernizar-la-gestion-de-tu-negocio\/","title":{"rendered":"4 medidas \u00fatiles para modernizar la gesti\u00f3n de tu negocio"},"content":{"rendered":"<p style=\"text-align: justify;\">A pesar de que hayas conseguido consolidar tu proyecto de negocio en el mercado y hayas experimentado un notable crecimiento de tu cartera de clientes, debes ser consciente de que el contexto comercial en el que nos encontramos actualmente se caracteriza por un extraordinario dinamismo y velocidad de cambio.<\/p>\n<p style=\"text-align: justify;\"><!--more--><\/p>\n<p style=\"text-align: justify;\">Ser\u00e1 preciso que evites la tentaci\u00f3n de mantener una propuesta comercial que, hasta el momento, te ha funcionado pero que comienza a mostrar cierto agotamiento, debido a los cambios en las expectativas y gustos de tus clientes.<\/p>\n<blockquote>\n<p style=\"text-align: left;\"><strong><em><em>\u201cPresta atenci\u00f3n a los cambios del entorno y, sobre todo, a las implicaciones de estos sobre el futuro de tu negocio.\u201d<\/em><\/em><\/strong><\/p>\n<\/blockquote>\n<p style=\"text-align: justify;\">Para hacer frente a este riesgo, te recomendamos que concentres toda tu atenci\u00f3n en mantener la conexi\u00f3n que te une a tus clientes actuales y te acerca a tus clientes potenciales, mediante la pertinente <strong>modernizaci\u00f3n de tu negocio<\/strong>, consiguiendo as\u00ed su adaptaci\u00f3n continua a las necesidades y preferencias cambiantes de tu p\u00fablico objetivo, a trav\u00e9s de las medidas que te mostramos a continuaci\u00f3n.<\/p>\n<h2 style=\"text-align: left;\">Eval\u00faa y actualiza tu identidad corporativa<\/h2>\n<p style=\"text-align: justify;\">A la hora de llevar a cabo el dise\u00f1o de tu imagen corporativa, ser\u00e1 preciso que esta se centre en satisfacer tus objetivos de posicionamiento estrat\u00e9gico, por encima de las tendencias y modas existentes en el momento en el que tu entidad dio sus primeros pasos.<\/p>\n<blockquote>\n<p style=\"text-align: left;\"><strong><em><em>\u201cAnaliza si tu imagen corporativa sigue estando vigente, conforme a tus objetivos estrat\u00e9gicos y a lo que quieres representar para tus clientes.\u201d<\/em><\/em><\/strong><\/p>\n<\/blockquote>\n<p style=\"text-align: justify;\">En caso de que, con el paso de los a\u00f1os, percibas que tu imagen ha perdido cierta vigencia, ser\u00e1 el momento de proceder a su renovaci\u00f3n, manteniendo sus elementos esenciales, pero alterando y actualizando aquellos elementos que hayan podido quedar obsoletos.<\/p>\n<h2 style=\"text-align: left;\">Plantea una renovaci\u00f3n de tus instalaciones y tu material corporativo<\/h2>\n<p style=\"text-align: justify;\">Una vez que hayas establecido las bases sobre las que se asentar\u00e1 la modernizaci\u00f3n de tu imagen corporativa, estos elementos deber\u00e1n extrapolarse a todos los \u00e1mbitos de la organizaci\u00f3n, ofreciendo as\u00ed una imagen integrada de tu empresa.<\/p>\n<h2 style=\"text-align: left;\">Plantea una optimizaci\u00f3n de la gesti\u00f3n de tu organizaci\u00f3n<\/h2>\n<p style=\"text-align: justify;\">Debes tener en cuenta que tu estructura inicial respond\u00eda a unas necesidades y caracter\u00edsticas que muy posiblemente que no ser\u00e1n las mismas que requieres actualmente, una vez que hayas alcanzado la consolidaci\u00f3n en tu mercado de actuaci\u00f3n.<\/p>\n<p style=\"text-align: justify;\">En este sentido, te recomendamos que eval\u00faes si tu estructura funcional responde eficazmente a tus necesidades actuales y si, por tanto, es la m\u00e1s adecuada para la consecuci\u00f3n de tus objetivos comerciales a medio y largo plazo.<\/p>\n<blockquote>\n<p style=\"text-align: left;\"><strong><em><em>\u201cAnaliza si tu estructura organizativa actual es la m\u00e1s adecuada para alcanzar tus objetivos comerciales.\u201d<\/em><\/em><\/strong><\/p>\n<\/blockquote>\n<h2 style=\"text-align: left;\">Mantente actualizado en relaci\u00f3n a la evoluci\u00f3n y tendencias del sector<\/h2>\n<p style=\"text-align: justify;\">Gran parte de tus posibilidades de \u00e9xito, e incluso de supervivencia en el futuro, estar\u00e1n condicionadas a tu capacidad de aprovechar las oportunidades comerciales que te ofrece el entorno y anticiparte a los cambios que pueden afectar a tu presencia comercial.<\/p>\n<p style=\"text-align: justify;\">En este sentido, ser\u00e1 m\u00e1s que recomendable establecer los mecanismos necesarios para identificar los cambios del entorno y actuar de la mejor forma posible ante ellos.<\/p>\n","protected":false},"excerpt":{"rendered":"<p>A pesar de que hayas conseguido consolidar tu proyecto de negocio en el mercado y hayas experimentado un notable crecimiento de tu cartera de clientes, debes ser consciente de que el contexto comercial en el que nos encontramos actualmente se caracteriza por un extraordinario dinamismo y velocidad de cambio.<\/p>\n","protected":false},"author":20,"featured_media":21736,"comment_status":"open","ping_status":"open","sticky":false,"template":"","format":"standard","meta":{"_acf_changed":false,"_et_pb_use_builder":"","_et_pb_old_content":"","_et_gb_content_width":"","om_disable_all_campaigns":false,"inline_featured_image":false,"footnotes":""},"categories":[1023],"tags":[],"class_list":{"0":"post-10336","1":"post","2":"type-post","3":"status-publish","4":"format-standard","5":"has-post-thumbnail","7":"category-negocios"},"acf":{"selector_de_usuario":"","fecha_de_revision":"20190716"},"yoast_head":"<!-- This site is optimized with the Yoast SEO plugin v27.1 - https:\/\/yoast.com\/product\/yoast-seo-wordpress\/ -->\n<title>4 medidas para modernizar la gesti\u00f3n de tu negocio | TeamSystem Facturas Billin<\/title>\n<meta name=\"description\" content=\"Te contamos una serie de aspectos que, si decides ponerlos en pr\u00e1ctica, contribuir\u00e1n muy positivamente en la modernizaci\u00f3n de tu negocio.\" \/>\n<meta name=\"robots\" content=\"index, follow, max-snippet:-1, max-image-preview:large, max-video-preview:-1\" \/>\n<link rel=\"canonical\" href=\"https:\/\/www.billin.net\/blog\/4-medidas-utiles-para-modernizar-la-gestion-de-tu-negocio\/\" \/>\n<meta property=\"og:locale\" content=\"es_ES\" \/>\n<meta property=\"og:type\" content=\"article\" \/>\n<meta property=\"og:title\" content=\"4 medidas para modernizar la gesti\u00f3n de tu negocio | TeamSystem Facturas Billin\" \/>\n<meta property=\"og:description\" content=\"Te contamos una serie de aspectos que, si decides ponerlos en pr\u00e1ctica, contribuir\u00e1n muy positivamente en la modernizaci\u00f3n de tu negocio.\" \/>\n<meta property=\"og:url\" content=\"https:\/\/www.billin.net\/blog\/4-medidas-utiles-para-modernizar-la-gestion-de-tu-negocio\/\" \/>\n<meta property=\"og:site_name\" content=\"Blog de TeamSystem Facturas Billin\" \/>\n<meta property=\"article:publisher\" content=\"https:\/\/www.facebook.com\/EsBillin\" \/>\n<meta property=\"article:published_time\" content=\"2017-03-15T22:00:00+00:00\" \/>\n<meta property=\"article:modified_time\" content=\"2025-09-25T19:05:48+00:00\" \/>\n<meta property=\"og:image\" content=\"https:\/\/www.billin.net\/blog\/wp-content\/uploads\/2017\/03\/hombre-negocios-dueno-empresa-oficina-scaled.jpg\" \/>\n\t<meta property=\"og:image:width\" content=\"2048\" \/>\n\t<meta property=\"og:image:height\" content=\"1365\" \/>\n\t<meta property=\"og:image:type\" content=\"image\/jpeg\" \/>\n<meta name=\"author\" content=\"Marcos De La Cueva - CEO TeamSystem Facturas Billin\" \/>\n<meta name=\"twitter:card\" content=\"summary_large_image\" \/>\n<meta name=\"twitter:creator\" content=\"@Billin_ES\" \/>\n<meta name=\"twitter:site\" content=\"@Billin_ES\" \/>\n<meta name=\"twitter:label1\" content=\"Escrito por\" \/>\n\t<meta name=\"twitter:data1\" content=\"Marcos De La Cueva - CEO TeamSystem Facturas Billin\" \/>\n\t<meta name=\"twitter:label2\" content=\"Tiempo de lectura\" \/>\n\t<meta name=\"twitter:data2\" content=\"3 minutos\" \/>\n<script type=\"application\/ld+json\" class=\"yoast-schema-graph\">{\"@context\":\"https:\/\/schema.org\",\"@graph\":[{\"@type\":\"Article\",\"@id\":\"https:\/\/www.billin.net\/blog\/4-medidas-utiles-para-modernizar-la-gestion-de-tu-negocio\/#article\",\"isPartOf\":{\"@id\":\"https:\/\/www.billin.net\/blog\/4-medidas-utiles-para-modernizar-la-gestion-de-tu-negocio\/\"},\"author\":{\"name\":\"Marcos De La Cueva - CEO TeamSystem Facturas Billin\",\"@id\":\"https:\/\/www.billin.net\/blog\/#\/schema\/person\/d0339ee6e869234614541b1e80a793e7\"},\"headline\":\"4 medidas \u00fatiles para modernizar la gesti\u00f3n de tu negocio\",\"datePublished\":\"2017-03-15T22:00:00+00:00\",\"dateModified\":\"2025-09-25T19:05:48+00:00\",\"mainEntityOfPage\":{\"@id\":\"https:\/\/www.billin.net\/blog\/4-medidas-utiles-para-modernizar-la-gestion-de-tu-negocio\/\"},\"wordCount\":553,\"commentCount\":0,\"publisher\":{\"@id\":\"https:\/\/www.billin.net\/blog\/#organization\"},\"image\":{\"@id\":\"https:\/\/www.billin.net\/blog\/4-medidas-utiles-para-modernizar-la-gestion-de-tu-negocio\/#primaryimage\"},\"thumbnailUrl\":\"https:\/\/www.billin.net\/blog\/wp-content\/uploads\/2017\/03\/hombre-negocios-dueno-empresa-oficina-scaled.jpg\",\"articleSection\":[\"Negocios\"],\"inLanguage\":\"es\",\"potentialAction\":[{\"@type\":\"CommentAction\",\"name\":\"Comment\",\"target\":[\"https:\/\/www.billin.net\/blog\/4-medidas-utiles-para-modernizar-la-gestion-de-tu-negocio\/#respond\"]}]},{\"@type\":\"WebPage\",\"@id\":\"https:\/\/www.billin.net\/blog\/4-medidas-utiles-para-modernizar-la-gestion-de-tu-negocio\/\",\"url\":\"https:\/\/www.billin.net\/blog\/4-medidas-utiles-para-modernizar-la-gestion-de-tu-negocio\/\",\"name\":\"4 medidas para modernizar la gesti\u00f3n de tu negocio | TeamSystem Facturas Billin\",\"isPartOf\":{\"@id\":\"https:\/\/www.billin.net\/blog\/#website\"},\"primaryImageOfPage\":{\"@id\":\"https:\/\/www.billin.net\/blog\/4-medidas-utiles-para-modernizar-la-gestion-de-tu-negocio\/#primaryimage\"},\"image\":{\"@id\":\"https:\/\/www.billin.net\/blog\/4-medidas-utiles-para-modernizar-la-gestion-de-tu-negocio\/#primaryimage\"},\"thumbnailUrl\":\"https:\/\/www.billin.net\/blog\/wp-content\/uploads\/2017\/03\/hombre-negocios-dueno-empresa-oficina-scaled.jpg\",\"datePublished\":\"2017-03-15T22:00:00+00:00\",\"dateModified\":\"2025-09-25T19:05:48+00:00\",\"description\":\"Te contamos una serie de aspectos que, si decides ponerlos en pr\u00e1ctica, contribuir\u00e1n muy positivamente en la modernizaci\u00f3n de tu negocio.\",\"breadcrumb\":{\"@id\":\"https:\/\/www.billin.net\/blog\/4-medidas-utiles-para-modernizar-la-gestion-de-tu-negocio\/#breadcrumb\"},\"inLanguage\":\"es\",\"potentialAction\":[{\"@type\":\"ReadAction\",\"target\":[\"https:\/\/www.billin.net\/blog\/4-medidas-utiles-para-modernizar-la-gestion-de-tu-negocio\/\"]}]},{\"@type\":\"ImageObject\",\"inLanguage\":\"es\",\"@id\":\"https:\/\/www.billin.net\/blog\/4-medidas-utiles-para-modernizar-la-gestion-de-tu-negocio\/#primaryimage\",\"url\":\"https:\/\/www.billin.net\/blog\/wp-content\/uploads\/2017\/03\/hombre-negocios-dueno-empresa-oficina-scaled.jpg\",\"contentUrl\":\"https:\/\/www.billin.net\/blog\/wp-content\/uploads\/2017\/03\/hombre-negocios-dueno-empresa-oficina-scaled.jpg\",\"width\":2048,\"height\":1365,\"caption\":\"hombre ordenador\"},{\"@type\":\"BreadcrumbList\",\"@id\":\"https:\/\/www.billin.net\/blog\/4-medidas-utiles-para-modernizar-la-gestion-de-tu-negocio\/#breadcrumb\",\"itemListElement\":[{\"@type\":\"ListItem\",\"position\":1,\"name\":\"Blog\",\"item\":\"https:\/\/www.billin.net\/blog\/\"},{\"@type\":\"ListItem\",\"position\":2,\"name\":\"Negocios\",\"item\":\"https:\/\/www.billin.net\/blog\/negocios\/\"},{\"@type\":\"ListItem\",\"position\":3,\"name\":\"4 medidas \u00fatiles para modernizar la gesti\u00f3n de tu negocio\"}]},{\"@type\":\"WebSite\",\"@id\":\"https:\/\/www.billin.net\/blog\/#website\",\"url\":\"https:\/\/www.billin.net\/blog\/\",\"name\":\"Blog de Billin\",\"description\":\"Mantente informado con el blog de TeamSystem Facturas Billin:  facturaci\u00f3n, legislaci\u00f3n, contabilidad, management y toda la informaci\u00f3n \u00fatil para pymes y aut\u00f3nomos.\",\"publisher\":{\"@id\":\"https:\/\/www.billin.net\/blog\/#organization\"},\"potentialAction\":[{\"@type\":\"SearchAction\",\"target\":{\"@type\":\"EntryPoint\",\"urlTemplate\":\"https:\/\/www.billin.net\/blog\/?s={search_term_string}\"},\"query-input\":{\"@type\":\"PropertyValueSpecification\",\"valueRequired\":true,\"valueName\":\"search_term_string\"}}],\"inLanguage\":\"es\"},{\"@type\":\"Organization\",\"@id\":\"https:\/\/www.billin.net\/blog\/#organization\",\"name\":\"Billin\",\"alternateName\":\"Blog de Billin\",\"url\":\"https:\/\/www.billin.net\/blog\/\",\"logo\":{\"@type\":\"ImageObject\",\"inLanguage\":\"es\",\"@id\":\"https:\/\/www.billin.net\/blog\/#\/schema\/logo\/image\/\",\"url\":\"https:\/\/www.billin.net\/blog\/wp-content\/uploads\/2019\/06\/logotipo-billin-blog-1.png\",\"contentUrl\":\"https:\/\/www.billin.net\/blog\/wp-content\/uploads\/2019\/06\/logotipo-billin-blog-1.png\",\"width\":126,\"height\":50,\"caption\":\"Billin\"},\"image\":{\"@id\":\"https:\/\/www.billin.net\/blog\/#\/schema\/logo\/image\/\"},\"sameAs\":[\"https:\/\/www.facebook.com\/EsBillin\",\"https:\/\/x.com\/Billin_ES\",\"https:\/\/www.instagram.com\/billin_es\/\",\"https:\/\/www.linkedin.com\/company\/billin-spain\",\"https:\/\/www.youtube.com\/c\/BillinEsintercambiodefacturas\/\"],\"legalName\":\"MY EXPENSES SL\",\"contactPoint\":{\"@type\":\"ContactPoint\",\"telephone\":\"+34918318883\",\"contactType\":\"customer service\",\"email\":\"info@billin.eu\",\"availableLanguage\":\"es\"},\"foundingDate\":\"2015\",\"numberOfEmployees\":{\"@type\":\"QuantitativeValue\",\"minValue\":10,\"maxValue\":50},\"parentOrganization\":{\"@type\":\"Organization\",\"name\":\"TeamSystem\",\"url\":\"https:\/\/www.teamsystem.com\/\"},\"description\":\"Billin es el programa de facturaci\u00f3n online de TeamSystem para aut\u00f3nomos y pymes en Espa\u00f1a. Permite crear facturas, controlar gastos y cumplir con Verifactu.\",\"address\":{\"@type\":\"PostalAddress\",\"streetAddress\":\"Calle Arturo Soria, 336\",\"addressLocality\":\"Madrid\",\"addressRegion\":\"Madrid\",\"postalCode\":\"28033\",\"addressCountry\":\"ES\"}},{\"@type\":\"Person\",\"@id\":\"https:\/\/www.billin.net\/blog\/#\/schema\/person\/d0339ee6e869234614541b1e80a793e7\",\"name\":\"Marcos De La Cueva - CEO TeamSystem Facturas Billin\",\"image\":{\"@type\":\"ImageObject\",\"inLanguage\":\"es\",\"@id\":\"https:\/\/www.billin.net\/blog\/#\/schema\/person\/image\/\",\"url\":\"https:\/\/www.billin.net\/blog\/wp-content\/uploads\/2023\/10\/marcos-color-150x150.png\",\"contentUrl\":\"https:\/\/www.billin.net\/blog\/wp-content\/uploads\/2023\/10\/marcos-color-150x150.png\",\"caption\":\"Marcos De La Cueva - CEO TeamSystem Facturas Billin\"},\"description\":\"Licenciado en ADE por la Universidad Aut\u00f3noma de Madrid, Marcos De la Cueva es CEO y cofundador de TeamSystem Facturas Billin, un programa online que lleva m\u00e1s de 9 a\u00f1os ayudando a aut\u00f3nomos, peque\u00f1os negocios y gestor\u00edas a digitalizar sus presupuestos, facturas, tickets y gastos. \u00a0 Sobre Marcos De La Cueva \u00a0 Apasionado por el mundo empresarial y la tecnolog\u00eda, curs\u00f3 su M\u00e1ster de Finanzas en la Universidad Pontificia de Comillas y estuvo en el Programa de Cooperaci\u00f3n Educativa de la Universidad Aut\u00f3noma de Madrid. \u00a0 Marcos siempre ha tenido su objetivo claro: ayudar a la creaci\u00f3n de negocios financieramente sostenibles a trav\u00e9s de una herramienta de facturaci\u00f3n que les permita ahorrar tiempo y tener la contabilidad bajo control. \u00a0 Marcos De La Cueva en los medios \u2014 Noticia sobre Kit Digital y Ley Antifraude (VeriFactu) en El Economista. \u2014 Noticia sobre Kit Digital y factura electr\u00f3nica obligatoria en Diario Jur\u00eddico. \u2014 Noticia sobre el a\u00f1o de transici\u00f3n para la factura electr\u00f3nica en Muy Pymes. \u2014 Entrevista sobre factura electr\u00f3nica obligatoria en Canal Sur. \u2014 Noticia sobre el informe factura electr\u00f3nica de TeamSystem en Channel Partner. \u2014 Charla sobre productividad y Ley Crea y Crece en El Economista. \u2014 Charla sobre factura electr\u00f3nica obligatoria en Muy Pymes. \u2014 Charla sobre digitalizaci\u00f3n aut\u00f3nomos y productividad en esdiario. \u2014 Charla sobre productividad y factura electr\u00f3nica en La Raz\u00f3n. \u2014 Charla sobre factura electr\u00f3nica obligatoria en Aut\u00f3nomos y Emprendedores. \u2014 Entrevista sobre Ley Antifraude y Ley Crea y Crece en Expansi\u00f3n. \u2014 Entrevista sobre Ley Antifraude y Ley Crea y Crece en La Raz\u00f3n. \u2014 Entrevista sobre factura electr\u00f3nica obligatoria en El Economista. \u2014 Comunicado Billin y TeamSystem en Business Insider. \u2014 Entrevista en Econom\u00eda Digital. \u2014 Entrevista en Ideas para tu empresa de Vodafone. \u2014 Entrevista en M\u00e1sQradio. \u2014 Entrevista en Armas para emprender de El M\u00e9todo Gallardo. \u2014 Entrevista en KFund. \u2014 Entrevista en AXA Seguros Espa\u00f1a. \u2014 Entrevista en GestionaRadio. \u00a0 Marcos De La Cueva en eventos \u00a0 \u2014 Participaci\u00f3n como ponente en Accountex Espa\u00f1a 2023. \u00a0 Tem\u00e1ticas de especializaci\u00f3n \u00a0 negocios | startups | contabilidad| fiscalidad | empresas| asesor\u00edas| autonomos | emprendedores | peque\u00f1os negocios | econom\u00eda | ADE | pymes | desarrollo de negocio\u00a0\",\"sameAs\":[\"https:\/\/www.billin.net\/\",\"https:\/\/www.linkedin.com\/in\/marcos-de-la-cueva-19750ba3\/\"],\"url\":\"https:\/\/www.billin.net\/blog\/author\/marcosdelacueva\/\",\"jobTitle\":\"CEO y cofundador de TS Facturas Billin\"}]}<\/script>\n<!-- \/ Yoast SEO plugin. -->","yoast_head_json":{"title":"4 medidas para modernizar la gesti\u00f3n de tu negocio | TeamSystem Facturas Billin","description":"Te contamos una serie de aspectos que, si decides ponerlos en pr\u00e1ctica, contribuir\u00e1n muy positivamente en la modernizaci\u00f3n de tu negocio.","robots":{"index":"index","follow":"follow","max-snippet":"max-snippet:-1","max-image-preview":"max-image-preview:large","max-video-preview":"max-video-preview:-1"},"canonical":"https:\/\/www.billin.net\/blog\/4-medidas-utiles-para-modernizar-la-gestion-de-tu-negocio\/","og_locale":"es_ES","og_type":"article","og_title":"4 medidas para modernizar la gesti\u00f3n de tu negocio | TeamSystem Facturas Billin","og_description":"Te contamos una serie de aspectos que, si decides ponerlos en pr\u00e1ctica, contribuir\u00e1n muy positivamente en la modernizaci\u00f3n de tu negocio.","og_url":"https:\/\/www.billin.net\/blog\/4-medidas-utiles-para-modernizar-la-gestion-de-tu-negocio\/","og_site_name":"Blog de TeamSystem Facturas Billin","article_publisher":"https:\/\/www.facebook.com\/EsBillin","article_published_time":"2017-03-15T22:00:00+00:00","article_modified_time":"2025-09-25T19:05:48+00:00","og_image":[{"width":2048,"height":1365,"url":"https:\/\/www.billin.net\/blog\/wp-content\/uploads\/2017\/03\/hombre-negocios-dueno-empresa-oficina-scaled.jpg","type":"image\/jpeg"}],"author":"Marcos De La Cueva - CEO TeamSystem Facturas Billin","twitter_card":"summary_large_image","twitter_creator":"@Billin_ES","twitter_site":"@Billin_ES","twitter_misc":{"Escrito por":"Marcos De La Cueva - CEO TeamSystem Facturas Billin","Tiempo de lectura":"3 minutos"},"schema":{"@context":"https:\/\/schema.org","@graph":[{"@type":"Article","@id":"https:\/\/www.billin.net\/blog\/4-medidas-utiles-para-modernizar-la-gestion-de-tu-negocio\/#article","isPartOf":{"@id":"https:\/\/www.billin.net\/blog\/4-medidas-utiles-para-modernizar-la-gestion-de-tu-negocio\/"},"author":{"name":"Marcos De La Cueva - CEO TeamSystem Facturas Billin","@id":"https:\/\/www.billin.net\/blog\/#\/schema\/person\/d0339ee6e869234614541b1e80a793e7"},"headline":"4 medidas \u00fatiles para modernizar la gesti\u00f3n de tu negocio","datePublished":"2017-03-15T22:00:00+00:00","dateModified":"2025-09-25T19:05:48+00:00","mainEntityOfPage":{"@id":"https:\/\/www.billin.net\/blog\/4-medidas-utiles-para-modernizar-la-gestion-de-tu-negocio\/"},"wordCount":553,"commentCount":0,"publisher":{"@id":"https:\/\/www.billin.net\/blog\/#organization"},"image":{"@id":"https:\/\/www.billin.net\/blog\/4-medidas-utiles-para-modernizar-la-gestion-de-tu-negocio\/#primaryimage"},"thumbnailUrl":"https:\/\/www.billin.net\/blog\/wp-content\/uploads\/2017\/03\/hombre-negocios-dueno-empresa-oficina-scaled.jpg","articleSection":["Negocios"],"inLanguage":"es","potentialAction":[{"@type":"CommentAction","name":"Comment","target":["https:\/\/www.billin.net\/blog\/4-medidas-utiles-para-modernizar-la-gestion-de-tu-negocio\/#respond"]}]},{"@type":"WebPage","@id":"https:\/\/www.billin.net\/blog\/4-medidas-utiles-para-modernizar-la-gestion-de-tu-negocio\/","url":"https:\/\/www.billin.net\/blog\/4-medidas-utiles-para-modernizar-la-gestion-de-tu-negocio\/","name":"4 medidas para modernizar la gesti\u00f3n de tu negocio | TeamSystem Facturas Billin","isPartOf":{"@id":"https:\/\/www.billin.net\/blog\/#website"},"primaryImageOfPage":{"@id":"https:\/\/www.billin.net\/blog\/4-medidas-utiles-para-modernizar-la-gestion-de-tu-negocio\/#primaryimage"},"image":{"@id":"https:\/\/www.billin.net\/blog\/4-medidas-utiles-para-modernizar-la-gestion-de-tu-negocio\/#primaryimage"},"thumbnailUrl":"https:\/\/www.billin.net\/blog\/wp-content\/uploads\/2017\/03\/hombre-negocios-dueno-empresa-oficina-scaled.jpg","datePublished":"2017-03-15T22:00:00+00:00","dateModified":"2025-09-25T19:05:48+00:00","description":"Te contamos una serie de aspectos que, si decides ponerlos en pr\u00e1ctica, contribuir\u00e1n muy positivamente en la modernizaci\u00f3n de tu negocio.","breadcrumb":{"@id":"https:\/\/www.billin.net\/blog\/4-medidas-utiles-para-modernizar-la-gestion-de-tu-negocio\/#breadcrumb"},"inLanguage":"es","potentialAction":[{"@type":"ReadAction","target":["https:\/\/www.billin.net\/blog\/4-medidas-utiles-para-modernizar-la-gestion-de-tu-negocio\/"]}]},{"@type":"ImageObject","inLanguage":"es","@id":"https:\/\/www.billin.net\/blog\/4-medidas-utiles-para-modernizar-la-gestion-de-tu-negocio\/#primaryimage","url":"https:\/\/www.billin.net\/blog\/wp-content\/uploads\/2017\/03\/hombre-negocios-dueno-empresa-oficina-scaled.jpg","contentUrl":"https:\/\/www.billin.net\/blog\/wp-content\/uploads\/2017\/03\/hombre-negocios-dueno-empresa-oficina-scaled.jpg","width":2048,"height":1365,"caption":"hombre ordenador"},{"@type":"BreadcrumbList","@id":"https:\/\/www.billin.net\/blog\/4-medidas-utiles-para-modernizar-la-gestion-de-tu-negocio\/#breadcrumb","itemListElement":[{"@type":"ListItem","position":1,"name":"Blog","item":"https:\/\/www.billin.net\/blog\/"},{"@type":"ListItem","position":2,"name":"Negocios","item":"https:\/\/www.billin.net\/blog\/negocios\/"},{"@type":"ListItem","position":3,"name":"4 medidas \u00fatiles para modernizar la gesti\u00f3n de tu negocio"}]},{"@type":"WebSite","@id":"https:\/\/www.billin.net\/blog\/#website","url":"https:\/\/www.billin.net\/blog\/","name":"Blog de Billin","description":"Mantente informado con el blog de TeamSystem Facturas Billin:  facturaci\u00f3n, legislaci\u00f3n, contabilidad, management y toda la informaci\u00f3n \u00fatil para pymes y aut\u00f3nomos.","publisher":{"@id":"https:\/\/www.billin.net\/blog\/#organization"},"potentialAction":[{"@type":"SearchAction","target":{"@type":"EntryPoint","urlTemplate":"https:\/\/www.billin.net\/blog\/?s={search_term_string}"},"query-input":{"@type":"PropertyValueSpecification","valueRequired":true,"valueName":"search_term_string"}}],"inLanguage":"es"},{"@type":"Organization","@id":"https:\/\/www.billin.net\/blog\/#organization","name":"Billin","alternateName":"Blog de Billin","url":"https:\/\/www.billin.net\/blog\/","logo":{"@type":"ImageObject","inLanguage":"es","@id":"https:\/\/www.billin.net\/blog\/#\/schema\/logo\/image\/","url":"https:\/\/www.billin.net\/blog\/wp-content\/uploads\/2019\/06\/logotipo-billin-blog-1.png","contentUrl":"https:\/\/www.billin.net\/blog\/wp-content\/uploads\/2019\/06\/logotipo-billin-blog-1.png","width":126,"height":50,"caption":"Billin"},"image":{"@id":"https:\/\/www.billin.net\/blog\/#\/schema\/logo\/image\/"},"sameAs":["https:\/\/www.facebook.com\/EsBillin","https:\/\/x.com\/Billin_ES","https:\/\/www.instagram.com\/billin_es\/","https:\/\/www.linkedin.com\/company\/billin-spain","https:\/\/www.youtube.com\/c\/BillinEsintercambiodefacturas\/"],"legalName":"MY EXPENSES SL","contactPoint":{"@type":"ContactPoint","telephone":"+34918318883","contactType":"customer service","email":"info@billin.eu","availableLanguage":"es"},"foundingDate":"2015","numberOfEmployees":{"@type":"QuantitativeValue","minValue":10,"maxValue":50},"parentOrganization":{"@type":"Organization","name":"TeamSystem","url":"https:\/\/www.teamsystem.com\/"},"description":"Billin es el programa de facturaci\u00f3n online de TeamSystem para aut\u00f3nomos y pymes en Espa\u00f1a. Permite crear facturas, controlar gastos y cumplir con Verifactu.","address":{"@type":"PostalAddress","streetAddress":"Calle Arturo Soria, 336","addressLocality":"Madrid","addressRegion":"Madrid","postalCode":"28033","addressCountry":"ES"}},{"@type":"Person","@id":"https:\/\/www.billin.net\/blog\/#\/schema\/person\/d0339ee6e869234614541b1e80a793e7","name":"Marcos De La Cueva - CEO TeamSystem Facturas Billin","image":{"@type":"ImageObject","inLanguage":"es","@id":"https:\/\/www.billin.net\/blog\/#\/schema\/person\/image\/","url":"https:\/\/www.billin.net\/blog\/wp-content\/uploads\/2023\/10\/marcos-color-150x150.png","contentUrl":"https:\/\/www.billin.net\/blog\/wp-content\/uploads\/2023\/10\/marcos-color-150x150.png","caption":"Marcos De La Cueva - CEO TeamSystem Facturas Billin"},"description":"Licenciado en ADE por la Universidad Aut\u00f3noma de Madrid, Marcos De la Cueva es CEO y cofundador de TeamSystem Facturas Billin, un programa online que lleva m\u00e1s de 9 a\u00f1os ayudando a aut\u00f3nomos, peque\u00f1os negocios y gestor\u00edas a digitalizar sus presupuestos, facturas, tickets y gastos. \u00a0 Sobre Marcos De La Cueva \u00a0 Apasionado por el mundo empresarial y la tecnolog\u00eda, curs\u00f3 su M\u00e1ster de Finanzas en la Universidad Pontificia de Comillas y estuvo en el Programa de Cooperaci\u00f3n Educativa de la Universidad Aut\u00f3noma de Madrid. \u00a0 Marcos siempre ha tenido su objetivo claro: ayudar a la creaci\u00f3n de negocios financieramente sostenibles a trav\u00e9s de una herramienta de facturaci\u00f3n que les permita ahorrar tiempo y tener la contabilidad bajo control. \u00a0 Marcos De La Cueva en los medios \u2014 Noticia sobre Kit Digital y Ley Antifraude (VeriFactu) en El Economista. \u2014 Noticia sobre Kit Digital y factura electr\u00f3nica obligatoria en Diario Jur\u00eddico. \u2014 Noticia sobre el a\u00f1o de transici\u00f3n para la factura electr\u00f3nica en Muy Pymes. \u2014 Entrevista sobre factura electr\u00f3nica obligatoria en Canal Sur. \u2014 Noticia sobre el informe factura electr\u00f3nica de TeamSystem en Channel Partner. \u2014 Charla sobre productividad y Ley Crea y Crece en El Economista. \u2014 Charla sobre factura electr\u00f3nica obligatoria en Muy Pymes. \u2014 Charla sobre digitalizaci\u00f3n aut\u00f3nomos y productividad en esdiario. \u2014 Charla sobre productividad y factura electr\u00f3nica en La Raz\u00f3n. \u2014 Charla sobre factura electr\u00f3nica obligatoria en Aut\u00f3nomos y Emprendedores. \u2014 Entrevista sobre Ley Antifraude y Ley Crea y Crece en Expansi\u00f3n. \u2014 Entrevista sobre Ley Antifraude y Ley Crea y Crece en La Raz\u00f3n. \u2014 Entrevista sobre factura electr\u00f3nica obligatoria en El Economista. \u2014 Comunicado Billin y TeamSystem en Business Insider. \u2014 Entrevista en Econom\u00eda Digital. \u2014 Entrevista en Ideas para tu empresa de Vodafone. \u2014 Entrevista en M\u00e1sQradio. \u2014 Entrevista en Armas para emprender de El M\u00e9todo Gallardo. \u2014 Entrevista en KFund. \u2014 Entrevista en AXA Seguros Espa\u00f1a. \u2014 Entrevista en GestionaRadio. \u00a0 Marcos De La Cueva en eventos \u00a0 \u2014 Participaci\u00f3n como ponente en Accountex Espa\u00f1a 2023. \u00a0 Tem\u00e1ticas de especializaci\u00f3n \u00a0 negocios | startups | contabilidad| fiscalidad | empresas| asesor\u00edas| autonomos | emprendedores | peque\u00f1os negocios | econom\u00eda | ADE | pymes | desarrollo de negocio\u00a0","sameAs":["https:\/\/www.billin.net\/","https:\/\/www.linkedin.com\/in\/marcos-de-la-cueva-19750ba3\/"],"url":"https:\/\/www.billin.net\/blog\/author\/marcosdelacueva\/","jobTitle":"CEO y cofundador de TS Facturas Billin"}]}},"_links":{"self":[{"href":"https:\/\/www.billin.net\/blog\/wp-json\/wp\/v2\/posts\/10336","targetHints":{"allow":["GET"]}}],"collection":[{"href":"https:\/\/www.billin.net\/blog\/wp-json\/wp\/v2\/posts"}],"about":[{"href":"https:\/\/www.billin.net\/blog\/wp-json\/wp\/v2\/types\/post"}],"author":[{"embeddable":true,"href":"https:\/\/www.billin.net\/blog\/wp-json\/wp\/v2\/users\/20"}],"replies":[{"embeddable":true,"href":"https:\/\/www.billin.net\/blog\/wp-json\/wp\/v2\/comments?post=10336"}],"version-history":[{"count":4,"href":"https:\/\/www.billin.net\/blog\/wp-json\/wp\/v2\/posts\/10336\/revisions"}],"predecessor-version":[{"id":27606,"href":"https:\/\/www.billin.net\/blog\/wp-json\/wp\/v2\/posts\/10336\/revisions\/27606"}],"wp:featuredmedia":[{"embeddable":true,"href":"https:\/\/www.billin.net\/blog\/wp-json\/wp\/v2\/media\/21736"}],"wp:attachment":[{"href":"https:\/\/www.billin.net\/blog\/wp-json\/wp\/v2\/media?parent=10336"}],"wp:term":[{"taxonomy":"category","embeddable":true,"href":"https:\/\/www.billin.net\/blog\/wp-json\/wp\/v2\/categories?post=10336"},{"taxonomy":"post_tag","embeddable":true,"href":"https:\/\/www.billin.net\/blog\/wp-json\/wp\/v2\/tags?post=10336"}],"curies":[{"name":"wp","href":"https:\/\/api.w.org\/{rel}","templated":true}]}}