{"id":10323,"date":"2017-04-07T00:00:00","date_gmt":"2017-04-06T22:00:00","guid":{"rendered":"https:\/\/www.billin.net\/blog\/gestionar-fiscalidad-pyme\/"},"modified":"2025-09-25T21:05:24","modified_gmt":"2025-09-25T19:05:24","slug":"gestionar-fiscalidad-pyme","status":"publish","type":"post","link":"https:\/\/www.billin.net\/blog\/gestionar-fiscalidad-pyme\/","title":{"rendered":"Elementos b\u00e1sicos a tener en cuenta para gestionar la fiscalidad de tu pyme"},"content":{"rendered":"<p style=\"text-align: justify;\">Como hemos comentado en otras entradas de <a href=\"https:\/\/www.billin.net\/blog\/\">este blog<\/a>, si decides poner en marcha un nuevo proyecto empresarial, o intentas consolidar tu negocio, ser\u00e1 l\u00f3gico que concentres todos tus esfuerzos y recursos en aquellos aspectos estrat\u00e9gicos en los que eres especialista, aunque deber\u00e1s prestar atenci\u00f3n de igual forma a la generaci\u00f3n de todo un conjunto de obligaciones fiscales con las distintas administraciones p\u00fablicas competentes, dirigidas a gravar la presumible generaci\u00f3n de riqueza asociada a esta.<\/p>\n<p style=\"text-align: justify;\"><!--more--><\/p>\n<blockquote>\n<p style=\"text-align: left;\"><strong><em>\u201cSi deseas garantizar el \u00e9xito en tu negocio empresarial, ser\u00e1 esencial que prestes una especial atenci\u00f3n a la gesti\u00f3n correcta de tu fiscalidad.\u201d<\/em><\/strong><\/p>\n<\/blockquote>\n<p style=\"text-align: justify;\">Por este motivo, una vez que hace unas semanas ya tratamos en profundidad los principales impuestos a los que tienen que hacer frente los trabajadores aut\u00f3nomos y pymes, hoy vamos a tratar de profundizar con un mayor detalle en aquellas <a href=\"https:\/\/www.billin.net\/blog\/irpf-autonomos-explicado-al-detalle\/\" target=\"_blank\" rel=\"noopener noreferrer\">obligaciones fiscales asociadas al funcionamiento de tu empresa<\/a>, a partir de la diferenciaci\u00f3n existente entre los distintos tipos de estimaci\u00f3n contemplados en nuestra legislaci\u00f3n tributaria.<\/p>\n<h2 style=\"text-align: left;\">Fiscalidad a trav\u00e9s de Estimaci\u00f3n Directa<\/h2>\n<p style=\"text-align: justify;\">Es la metodolog\u00eda de estimaci\u00f3n de las obligaciones tributarias que se aplica generalmente a aquellos trabajadores aut\u00f3nomos y empresarios que no han decidido, voluntariamente, acogerse a otras modalidades alternativas que repasaremos seguidamente.<\/p>\n<p style=\"text-align: justify;\">Asimismo, ser\u00e1 la modalidad de estimaci\u00f3n aplicable en el caso de que el volumen total de tu cifra de negocio en el ejercicio anterior est\u00e9 por encima de los 600.000 euros.<\/p>\n<p style=\"text-align: justify;\">En este caso, el c\u00e1lculo del rendimiento neto de tu actividad se calcular\u00e1 a partir de la diferencia entre el total de ingresos computables y los gastos deducibles en cada tributo.<\/p>\n<h2 style=\"text-align: left;\">Fiscalidad a trav\u00e9s de Estimaci\u00f3n Directa Simplificada<\/h2>\n<p style=\"text-align: justify;\">Ser\u00e1 la tipolog\u00eda de estimaci\u00f3n que se aplicar\u00e1 a profesionales aut\u00f3nomos y empresarios en aquellos casos en los que se den los siguientes requisitos:<\/p>\n<ul style=\"text-align: justify;\">\n<li>Que sus actividades no est\u00e9n acogidas al m\u00e9todo de estimaci\u00f3n objetiva.<\/li>\n<\/ul>\n<ul style=\"text-align: justify;\">\n<li>Que, en el a\u00f1o anterior, el importe neto de la cifra de negocios para el conjunto de actividades desarrolladas no supere los 600.000 euros.<\/li>\n<\/ul>\n<ul style=\"text-align: justify;\">\n<li>Que no se haya renunciado a su aplicaci\u00f3n.<\/li>\n<\/ul>\n<ul style=\"text-align: justify;\">\n<li>Que ninguna actividad ejercida se encuentre en la modalidad normal del m\u00e9todo de estimaci\u00f3n directa.<\/li>\n<\/ul>\n<p style=\"text-align: justify;\">En esta modalidad de estimaci\u00f3n, el c\u00e1lculo del rendimiento neto se llevar\u00e1 a cabo de la misma forma que en el m\u00e9todo de estimaci\u00f3n directa, aunque teniendo presente que el registro de las facturas emitidas y gastos deducibles deber\u00e1 realizarse conforme a lo expuesto en el <em>Reglamento de Facturaci\u00f3n<\/em>, las amortizaciones de inmovilizado material se deber\u00e1n realizar mediante su c\u00e1lculo lineal y, adem\u00e1s, las provisiones deducibles y gastos de dif\u00edcil justificaci\u00f3n se deber\u00e1n cuantificar aplicando un 5% al rendimiento neto positivo.<\/p>\n<h2 style=\"text-align: left;\">Fiscalidad a trav\u00e9s de Estimaci\u00f3n Objetiva<\/h2>\n<p style=\"text-align: justify;\">Este \u00faltimo m\u00e9todo de estimaci\u00f3n de obligaciones tributarias ser\u00e1 aplicable a aquellos contribuyentes que deban tributar por su actividad profesional o empresarial siempre que cumplan los siguientes requisitos:<\/p>\n<ul style=\"text-align: justify;\">\n<li>Que cada una de sus actividades est\u00e9 incluida en el r\u00e9gimen de estimaci\u00f3n objetiva y no rebasen los l\u00edmites establecidos en la misma para cada actividad.<\/li>\n<\/ul>\n<ul style=\"text-align: justify;\">\n<li>Que el volumen de rendimientos \u00edntegros en el a\u00f1o inmediato anterior, no supere cualquiera de los siguientes importes:<\/li>\n<\/ul>\n<ul style=\"text-align: justify;\">\n<li style=\"list-style-type: none;\">\n<ul>\n<li>150.000 euros para el conjunto de actividades econ\u00f3micas, excepto las agr\u00edcolas, ganaderas y forestales. Se computar\u00e1n la totalidad de las operaciones, exista o no obligaci\u00f3n de expedir factura. Las operaciones en las que exista obligaci\u00f3n de expedir factura cuando el destinatario sea empresario, no podr\u00e1n superar 75.000 euros.<\/li>\n<\/ul>\n<\/li>\n<\/ul>\n<ul style=\"text-align: justify;\">\n<li style=\"list-style-type: none;\">\n<ul>\n<li>250.000 euros para el conjunto de actividades agr\u00edcolas y ganaderas y forestales.<\/li>\n<\/ul>\n<\/li>\n<\/ul>\n<p style=\"text-align: justify;\">De manera transitoria para el a\u00f1o 2017, las magnitudes de 150.000 y 75.000 euros para el conjunto de actividades econ\u00f3micas quedan fijadas en 250.000 y 125.000 euros, respectivamente.<\/p>\n<p style=\"text-align: justify;\">En este \u00faltimo caso, el m\u00e9todo a trav\u00e9s del cual podremos calcular el rendimiento neto se basa en la multiplicaci\u00f3n de los importes establecidos en los m\u00f3dulos del IRPF y el n\u00famero de unidades utilizadas de forma efectiva en el desarrollo de la actividad.<\/p>\n","protected":false},"excerpt":{"rendered":"<p>Como hemos comentado en otras entradas de este blog, si decides poner en marcha un nuevo proyecto empresarial, o intentas consolidar tu negocio, ser\u00e1 l\u00f3gico que concentres todos tus esfuerzos y recursos en aquellos aspectos estrat\u00e9gicos en los que eres especialista, aunque deber\u00e1s prestar atenci\u00f3n de igual forma a la generaci\u00f3n de todo un conjunto [&hellip;]<\/p>\n","protected":false},"author":20,"featured_media":4289,"comment_status":"open","ping_status":"open","sticky":false,"template":"","format":"standard","meta":{"_acf_changed":false,"_et_pb_use_builder":"","_et_pb_old_content":"","_et_gb_content_width":"","om_disable_all_campaigns":false,"inline_featured_image":false,"footnotes":""},"categories":[1014],"tags":[1381],"class_list":{"0":"post-10323","1":"post","2":"type-post","3":"status-publish","4":"format-standard","5":"has-post-thumbnail","7":"category-fiscalidad","8":"tag-pymes"},"acf":{"selector_de_usuario":"","fecha_de_revision":"20191120"},"yoast_head":"<!-- This site is optimized with the Yoast SEO plugin v27.1 - https:\/\/yoast.com\/product\/yoast-seo-wordpress\/ -->\n<title>Elementos para gestionar la fiscalidad de tu pyme | TeamSystem Facturas Billin<\/title>\n<meta name=\"description\" content=\"hoy vamos a tratar de profundizar con un mayor detalle en aquellos aspectos clave a la hora de gestionar la fiscalidad de tu pyme.\" \/>\n<meta name=\"robots\" content=\"index, follow, max-snippet:-1, max-image-preview:large, max-video-preview:-1\" \/>\n<link rel=\"canonical\" href=\"https:\/\/www.billin.net\/blog\/gestionar-fiscalidad-pyme\/\" \/>\n<meta property=\"og:locale\" content=\"es_ES\" \/>\n<meta property=\"og:type\" content=\"article\" \/>\n<meta property=\"og:title\" content=\"Elementos para gestionar la fiscalidad de tu pyme | TeamSystem Facturas Billin\" \/>\n<meta property=\"og:description\" content=\"hoy vamos a tratar de profundizar con un mayor detalle en aquellos aspectos clave a la hora de gestionar la fiscalidad de tu pyme.\" \/>\n<meta property=\"og:url\" content=\"https:\/\/www.billin.net\/blog\/gestionar-fiscalidad-pyme\/\" \/>\n<meta property=\"og:site_name\" content=\"Blog de TeamSystem Facturas Billin\" \/>\n<meta property=\"article:publisher\" content=\"https:\/\/www.facebook.com\/EsBillin\" \/>\n<meta property=\"article:published_time\" content=\"2017-04-06T22:00:00+00:00\" \/>\n<meta property=\"article:modified_time\" content=\"2025-09-25T19:05:24+00:00\" \/>\n<meta property=\"og:image\" content=\"https:\/\/www.billin.net\/blog\/wp-content\/uploads\/2017\/06\/gestionar-fiscalidad-pyme-billin-imagen-10.2.1.jpg\" \/>\n\t<meta property=\"og:image:width\" content=\"1000\" \/>\n\t<meta property=\"og:image:height\" content=\"668\" \/>\n\t<meta property=\"og:image:type\" content=\"image\/jpeg\" \/>\n<meta name=\"author\" content=\"Marcos De La Cueva - CEO TeamSystem Facturas Billin\" \/>\n<meta name=\"twitter:card\" content=\"summary_large_image\" \/>\n<meta name=\"twitter:creator\" content=\"@Billin_ES\" \/>\n<meta name=\"twitter:site\" content=\"@Billin_ES\" \/>\n<meta name=\"twitter:label1\" content=\"Escrito por\" \/>\n\t<meta name=\"twitter:data1\" content=\"Marcos De La Cueva - CEO TeamSystem Facturas Billin\" \/>\n\t<meta name=\"twitter:label2\" content=\"Tiempo de lectura\" \/>\n\t<meta name=\"twitter:data2\" content=\"3 minutos\" \/>\n<script type=\"application\/ld+json\" class=\"yoast-schema-graph\">{\"@context\":\"https:\/\/schema.org\",\"@graph\":[{\"@type\":\"Article\",\"@id\":\"https:\/\/www.billin.net\/blog\/gestionar-fiscalidad-pyme\/#article\",\"isPartOf\":{\"@id\":\"https:\/\/www.billin.net\/blog\/gestionar-fiscalidad-pyme\/\"},\"author\":{\"name\":\"Marcos De La Cueva - CEO TeamSystem Facturas Billin\",\"@id\":\"https:\/\/www.billin.net\/blog\/#\/schema\/person\/d0339ee6e869234614541b1e80a793e7\"},\"headline\":\"Elementos b\u00e1sicos a tener en cuenta para gestionar la fiscalidad de tu pyme\",\"datePublished\":\"2017-04-06T22:00:00+00:00\",\"dateModified\":\"2025-09-25T19:05:24+00:00\",\"mainEntityOfPage\":{\"@id\":\"https:\/\/www.billin.net\/blog\/gestionar-fiscalidad-pyme\/\"},\"wordCount\":711,\"commentCount\":0,\"publisher\":{\"@id\":\"https:\/\/www.billin.net\/blog\/#organization\"},\"image\":{\"@id\":\"https:\/\/www.billin.net\/blog\/gestionar-fiscalidad-pyme\/#primaryimage\"},\"thumbnailUrl\":\"https:\/\/www.billin.net\/blog\/wp-content\/uploads\/2017\/06\/gestionar-fiscalidad-pyme-billin-imagen-10.2.1.jpg\",\"keywords\":[\"Pymes\"],\"articleSection\":[\"Fiscalidad\"],\"inLanguage\":\"es\",\"potentialAction\":[{\"@type\":\"CommentAction\",\"name\":\"Comment\",\"target\":[\"https:\/\/www.billin.net\/blog\/gestionar-fiscalidad-pyme\/#respond\"]}]},{\"@type\":\"WebPage\",\"@id\":\"https:\/\/www.billin.net\/blog\/gestionar-fiscalidad-pyme\/\",\"url\":\"https:\/\/www.billin.net\/blog\/gestionar-fiscalidad-pyme\/\",\"name\":\"Elementos para gestionar la fiscalidad de tu pyme | TeamSystem Facturas Billin\",\"isPartOf\":{\"@id\":\"https:\/\/www.billin.net\/blog\/#website\"},\"primaryImageOfPage\":{\"@id\":\"https:\/\/www.billin.net\/blog\/gestionar-fiscalidad-pyme\/#primaryimage\"},\"image\":{\"@id\":\"https:\/\/www.billin.net\/blog\/gestionar-fiscalidad-pyme\/#primaryimage\"},\"thumbnailUrl\":\"https:\/\/www.billin.net\/blog\/wp-content\/uploads\/2017\/06\/gestionar-fiscalidad-pyme-billin-imagen-10.2.1.jpg\",\"datePublished\":\"2017-04-06T22:00:00+00:00\",\"dateModified\":\"2025-09-25T19:05:24+00:00\",\"description\":\"hoy vamos a tratar de profundizar con un mayor detalle en aquellos aspectos clave a la hora de gestionar la fiscalidad de tu pyme.\",\"breadcrumb\":{\"@id\":\"https:\/\/www.billin.net\/blog\/gestionar-fiscalidad-pyme\/#breadcrumb\"},\"inLanguage\":\"es\",\"potentialAction\":[{\"@type\":\"ReadAction\",\"target\":[\"https:\/\/www.billin.net\/blog\/gestionar-fiscalidad-pyme\/\"]}]},{\"@type\":\"ImageObject\",\"inLanguage\":\"es\",\"@id\":\"https:\/\/www.billin.net\/blog\/gestionar-fiscalidad-pyme\/#primaryimage\",\"url\":\"https:\/\/www.billin.net\/blog\/wp-content\/uploads\/2017\/06\/gestionar-fiscalidad-pyme-billin-imagen-10.2.1.jpg\",\"contentUrl\":\"https:\/\/www.billin.net\/blog\/wp-content\/uploads\/2017\/06\/gestionar-fiscalidad-pyme-billin-imagen-10.2.1.jpg\",\"width\":1000,\"height\":668},{\"@type\":\"BreadcrumbList\",\"@id\":\"https:\/\/www.billin.net\/blog\/gestionar-fiscalidad-pyme\/#breadcrumb\",\"itemListElement\":[{\"@type\":\"ListItem\",\"position\":1,\"name\":\"Blog\",\"item\":\"https:\/\/www.billin.net\/blog\/\"},{\"@type\":\"ListItem\",\"position\":2,\"name\":\"Fiscalidad\",\"item\":\"https:\/\/www.billin.net\/blog\/fiscalidad\/\"},{\"@type\":\"ListItem\",\"position\":3,\"name\":\"Elementos b\u00e1sicos a tener en cuenta para gestionar la fiscalidad de tu pyme\"}]},{\"@type\":\"WebSite\",\"@id\":\"https:\/\/www.billin.net\/blog\/#website\",\"url\":\"https:\/\/www.billin.net\/blog\/\",\"name\":\"Blog de Billin\",\"description\":\"Mantente informado con el blog de TeamSystem Facturas Billin:  facturaci\u00f3n, legislaci\u00f3n, contabilidad, management y toda la informaci\u00f3n \u00fatil para pymes y aut\u00f3nomos.\",\"publisher\":{\"@id\":\"https:\/\/www.billin.net\/blog\/#organization\"},\"potentialAction\":[{\"@type\":\"SearchAction\",\"target\":{\"@type\":\"EntryPoint\",\"urlTemplate\":\"https:\/\/www.billin.net\/blog\/?s={search_term_string}\"},\"query-input\":{\"@type\":\"PropertyValueSpecification\",\"valueRequired\":true,\"valueName\":\"search_term_string\"}}],\"inLanguage\":\"es\"},{\"@type\":\"Organization\",\"@id\":\"https:\/\/www.billin.net\/blog\/#organization\",\"name\":\"Billin\",\"alternateName\":\"Blog de Billin\",\"url\":\"https:\/\/www.billin.net\/blog\/\",\"logo\":{\"@type\":\"ImageObject\",\"inLanguage\":\"es\",\"@id\":\"https:\/\/www.billin.net\/blog\/#\/schema\/logo\/image\/\",\"url\":\"https:\/\/www.billin.net\/blog\/wp-content\/uploads\/2019\/06\/logotipo-billin-blog-1.png\",\"contentUrl\":\"https:\/\/www.billin.net\/blog\/wp-content\/uploads\/2019\/06\/logotipo-billin-blog-1.png\",\"width\":126,\"height\":50,\"caption\":\"Billin\"},\"image\":{\"@id\":\"https:\/\/www.billin.net\/blog\/#\/schema\/logo\/image\/\"},\"sameAs\":[\"https:\/\/www.facebook.com\/EsBillin\",\"https:\/\/x.com\/Billin_ES\",\"https:\/\/www.instagram.com\/billin_es\/\",\"https:\/\/www.linkedin.com\/company\/billin-spain\",\"https:\/\/www.youtube.com\/c\/BillinEsintercambiodefacturas\/\"],\"legalName\":\"MY EXPENSES SL\",\"contactPoint\":{\"@type\":\"ContactPoint\",\"telephone\":\"+34918318883\",\"contactType\":\"customer service\",\"email\":\"info@billin.eu\",\"availableLanguage\":\"es\"},\"foundingDate\":\"2015\",\"numberOfEmployees\":{\"@type\":\"QuantitativeValue\",\"minValue\":10,\"maxValue\":50},\"parentOrganization\":{\"@type\":\"Organization\",\"name\":\"TeamSystem\",\"url\":\"https:\/\/www.teamsystem.com\/\"},\"description\":\"Billin es el programa de facturaci\u00f3n online de TeamSystem para aut\u00f3nomos y pymes en Espa\u00f1a. Permite crear facturas, controlar gastos y cumplir con Verifactu.\",\"address\":{\"@type\":\"PostalAddress\",\"streetAddress\":\"Calle Arturo Soria, 336\",\"addressLocality\":\"Madrid\",\"addressRegion\":\"Madrid\",\"postalCode\":\"28033\",\"addressCountry\":\"ES\"}},{\"@type\":\"Person\",\"@id\":\"https:\/\/www.billin.net\/blog\/#\/schema\/person\/d0339ee6e869234614541b1e80a793e7\",\"name\":\"Marcos De La Cueva - CEO TeamSystem Facturas Billin\",\"image\":{\"@type\":\"ImageObject\",\"inLanguage\":\"es\",\"@id\":\"https:\/\/www.billin.net\/blog\/#\/schema\/person\/image\/\",\"url\":\"https:\/\/www.billin.net\/blog\/wp-content\/uploads\/2023\/10\/marcos-color-150x150.png\",\"contentUrl\":\"https:\/\/www.billin.net\/blog\/wp-content\/uploads\/2023\/10\/marcos-color-150x150.png\",\"caption\":\"Marcos De La Cueva - CEO TeamSystem Facturas Billin\"},\"description\":\"Licenciado en ADE por la Universidad Aut\u00f3noma de Madrid, Marcos De la Cueva es CEO y cofundador de TeamSystem Facturas Billin, un programa online que lleva m\u00e1s de 9 a\u00f1os ayudando a aut\u00f3nomos, peque\u00f1os negocios y gestor\u00edas a digitalizar sus presupuestos, facturas, tickets y gastos. \u00a0 Sobre Marcos De La Cueva \u00a0 Apasionado por el mundo empresarial y la tecnolog\u00eda, curs\u00f3 su M\u00e1ster de Finanzas en la Universidad Pontificia de Comillas y estuvo en el Programa de Cooperaci\u00f3n Educativa de la Universidad Aut\u00f3noma de Madrid. \u00a0 Marcos siempre ha tenido su objetivo claro: ayudar a la creaci\u00f3n de negocios financieramente sostenibles a trav\u00e9s de una herramienta de facturaci\u00f3n que les permita ahorrar tiempo y tener la contabilidad bajo control. \u00a0 Marcos De La Cueva en los medios \u2014 Noticia sobre Kit Digital y Ley Antifraude (VeriFactu) en El Economista. \u2014 Noticia sobre Kit Digital y factura electr\u00f3nica obligatoria en Diario Jur\u00eddico. \u2014 Noticia sobre el a\u00f1o de transici\u00f3n para la factura electr\u00f3nica en Muy Pymes. \u2014 Entrevista sobre factura electr\u00f3nica obligatoria en Canal Sur. \u2014 Noticia sobre el informe factura electr\u00f3nica de TeamSystem en Channel Partner. \u2014 Charla sobre productividad y Ley Crea y Crece en El Economista. \u2014 Charla sobre factura electr\u00f3nica obligatoria en Muy Pymes. \u2014 Charla sobre digitalizaci\u00f3n aut\u00f3nomos y productividad en esdiario. \u2014 Charla sobre productividad y factura electr\u00f3nica en La Raz\u00f3n. \u2014 Charla sobre factura electr\u00f3nica obligatoria en Aut\u00f3nomos y Emprendedores. \u2014 Entrevista sobre Ley Antifraude y Ley Crea y Crece en Expansi\u00f3n. \u2014 Entrevista sobre Ley Antifraude y Ley Crea y Crece en La Raz\u00f3n. \u2014 Entrevista sobre factura electr\u00f3nica obligatoria en El Economista. \u2014 Comunicado Billin y TeamSystem en Business Insider. \u2014 Entrevista en Econom\u00eda Digital. \u2014 Entrevista en Ideas para tu empresa de Vodafone. \u2014 Entrevista en M\u00e1sQradio. \u2014 Entrevista en Armas para emprender de El M\u00e9todo Gallardo. \u2014 Entrevista en KFund. \u2014 Entrevista en AXA Seguros Espa\u00f1a. \u2014 Entrevista en GestionaRadio. \u00a0 Marcos De La Cueva en eventos \u00a0 \u2014 Participaci\u00f3n como ponente en Accountex Espa\u00f1a 2023. \u00a0 Tem\u00e1ticas de especializaci\u00f3n \u00a0 negocios | startups | contabilidad| fiscalidad | empresas| asesor\u00edas| autonomos | emprendedores | peque\u00f1os negocios | econom\u00eda | ADE | pymes | desarrollo de negocio\u00a0\",\"sameAs\":[\"https:\/\/www.billin.net\/\",\"https:\/\/www.linkedin.com\/in\/marcos-de-la-cueva-19750ba3\/\"],\"url\":\"https:\/\/www.billin.net\/blog\/author\/marcosdelacueva\/\",\"jobTitle\":\"CEO y cofundador de TS Facturas Billin\"}]}<\/script>\n<!-- \/ Yoast SEO plugin. -->","yoast_head_json":{"title":"Elementos para gestionar la fiscalidad de tu pyme | TeamSystem Facturas Billin","description":"hoy vamos a tratar de profundizar con un mayor detalle en aquellos aspectos clave a la hora de gestionar la fiscalidad de tu pyme.","robots":{"index":"index","follow":"follow","max-snippet":"max-snippet:-1","max-image-preview":"max-image-preview:large","max-video-preview":"max-video-preview:-1"},"canonical":"https:\/\/www.billin.net\/blog\/gestionar-fiscalidad-pyme\/","og_locale":"es_ES","og_type":"article","og_title":"Elementos para gestionar la fiscalidad de tu pyme | TeamSystem Facturas Billin","og_description":"hoy vamos a tratar de profundizar con un mayor detalle en aquellos aspectos clave a la hora de gestionar la fiscalidad de tu pyme.","og_url":"https:\/\/www.billin.net\/blog\/gestionar-fiscalidad-pyme\/","og_site_name":"Blog de TeamSystem Facturas Billin","article_publisher":"https:\/\/www.facebook.com\/EsBillin","article_published_time":"2017-04-06T22:00:00+00:00","article_modified_time":"2025-09-25T19:05:24+00:00","og_image":[{"width":1000,"height":668,"url":"https:\/\/www.billin.net\/blog\/wp-content\/uploads\/2017\/06\/gestionar-fiscalidad-pyme-billin-imagen-10.2.1.jpg","type":"image\/jpeg"}],"author":"Marcos De La Cueva - CEO TeamSystem Facturas Billin","twitter_card":"summary_large_image","twitter_creator":"@Billin_ES","twitter_site":"@Billin_ES","twitter_misc":{"Escrito por":"Marcos De La Cueva - CEO TeamSystem Facturas Billin","Tiempo de lectura":"3 minutos"},"schema":{"@context":"https:\/\/schema.org","@graph":[{"@type":"Article","@id":"https:\/\/www.billin.net\/blog\/gestionar-fiscalidad-pyme\/#article","isPartOf":{"@id":"https:\/\/www.billin.net\/blog\/gestionar-fiscalidad-pyme\/"},"author":{"name":"Marcos De La Cueva - CEO TeamSystem Facturas Billin","@id":"https:\/\/www.billin.net\/blog\/#\/schema\/person\/d0339ee6e869234614541b1e80a793e7"},"headline":"Elementos b\u00e1sicos a tener en cuenta para gestionar la fiscalidad de tu pyme","datePublished":"2017-04-06T22:00:00+00:00","dateModified":"2025-09-25T19:05:24+00:00","mainEntityOfPage":{"@id":"https:\/\/www.billin.net\/blog\/gestionar-fiscalidad-pyme\/"},"wordCount":711,"commentCount":0,"publisher":{"@id":"https:\/\/www.billin.net\/blog\/#organization"},"image":{"@id":"https:\/\/www.billin.net\/blog\/gestionar-fiscalidad-pyme\/#primaryimage"},"thumbnailUrl":"https:\/\/www.billin.net\/blog\/wp-content\/uploads\/2017\/06\/gestionar-fiscalidad-pyme-billin-imagen-10.2.1.jpg","keywords":["Pymes"],"articleSection":["Fiscalidad"],"inLanguage":"es","potentialAction":[{"@type":"CommentAction","name":"Comment","target":["https:\/\/www.billin.net\/blog\/gestionar-fiscalidad-pyme\/#respond"]}]},{"@type":"WebPage","@id":"https:\/\/www.billin.net\/blog\/gestionar-fiscalidad-pyme\/","url":"https:\/\/www.billin.net\/blog\/gestionar-fiscalidad-pyme\/","name":"Elementos para gestionar la fiscalidad de tu pyme | TeamSystem Facturas Billin","isPartOf":{"@id":"https:\/\/www.billin.net\/blog\/#website"},"primaryImageOfPage":{"@id":"https:\/\/www.billin.net\/blog\/gestionar-fiscalidad-pyme\/#primaryimage"},"image":{"@id":"https:\/\/www.billin.net\/blog\/gestionar-fiscalidad-pyme\/#primaryimage"},"thumbnailUrl":"https:\/\/www.billin.net\/blog\/wp-content\/uploads\/2017\/06\/gestionar-fiscalidad-pyme-billin-imagen-10.2.1.jpg","datePublished":"2017-04-06T22:00:00+00:00","dateModified":"2025-09-25T19:05:24+00:00","description":"hoy vamos a tratar de profundizar con un mayor detalle en aquellos aspectos clave a la hora de gestionar la fiscalidad de tu pyme.","breadcrumb":{"@id":"https:\/\/www.billin.net\/blog\/gestionar-fiscalidad-pyme\/#breadcrumb"},"inLanguage":"es","potentialAction":[{"@type":"ReadAction","target":["https:\/\/www.billin.net\/blog\/gestionar-fiscalidad-pyme\/"]}]},{"@type":"ImageObject","inLanguage":"es","@id":"https:\/\/www.billin.net\/blog\/gestionar-fiscalidad-pyme\/#primaryimage","url":"https:\/\/www.billin.net\/blog\/wp-content\/uploads\/2017\/06\/gestionar-fiscalidad-pyme-billin-imagen-10.2.1.jpg","contentUrl":"https:\/\/www.billin.net\/blog\/wp-content\/uploads\/2017\/06\/gestionar-fiscalidad-pyme-billin-imagen-10.2.1.jpg","width":1000,"height":668},{"@type":"BreadcrumbList","@id":"https:\/\/www.billin.net\/blog\/gestionar-fiscalidad-pyme\/#breadcrumb","itemListElement":[{"@type":"ListItem","position":1,"name":"Blog","item":"https:\/\/www.billin.net\/blog\/"},{"@type":"ListItem","position":2,"name":"Fiscalidad","item":"https:\/\/www.billin.net\/blog\/fiscalidad\/"},{"@type":"ListItem","position":3,"name":"Elementos b\u00e1sicos a tener en cuenta para gestionar la fiscalidad de tu pyme"}]},{"@type":"WebSite","@id":"https:\/\/www.billin.net\/blog\/#website","url":"https:\/\/www.billin.net\/blog\/","name":"Blog de Billin","description":"Mantente informado con el blog de TeamSystem Facturas Billin:  facturaci\u00f3n, legislaci\u00f3n, contabilidad, management y toda la informaci\u00f3n \u00fatil para pymes y aut\u00f3nomos.","publisher":{"@id":"https:\/\/www.billin.net\/blog\/#organization"},"potentialAction":[{"@type":"SearchAction","target":{"@type":"EntryPoint","urlTemplate":"https:\/\/www.billin.net\/blog\/?s={search_term_string}"},"query-input":{"@type":"PropertyValueSpecification","valueRequired":true,"valueName":"search_term_string"}}],"inLanguage":"es"},{"@type":"Organization","@id":"https:\/\/www.billin.net\/blog\/#organization","name":"Billin","alternateName":"Blog de Billin","url":"https:\/\/www.billin.net\/blog\/","logo":{"@type":"ImageObject","inLanguage":"es","@id":"https:\/\/www.billin.net\/blog\/#\/schema\/logo\/image\/","url":"https:\/\/www.billin.net\/blog\/wp-content\/uploads\/2019\/06\/logotipo-billin-blog-1.png","contentUrl":"https:\/\/www.billin.net\/blog\/wp-content\/uploads\/2019\/06\/logotipo-billin-blog-1.png","width":126,"height":50,"caption":"Billin"},"image":{"@id":"https:\/\/www.billin.net\/blog\/#\/schema\/logo\/image\/"},"sameAs":["https:\/\/www.facebook.com\/EsBillin","https:\/\/x.com\/Billin_ES","https:\/\/www.instagram.com\/billin_es\/","https:\/\/www.linkedin.com\/company\/billin-spain","https:\/\/www.youtube.com\/c\/BillinEsintercambiodefacturas\/"],"legalName":"MY EXPENSES SL","contactPoint":{"@type":"ContactPoint","telephone":"+34918318883","contactType":"customer service","email":"info@billin.eu","availableLanguage":"es"},"foundingDate":"2015","numberOfEmployees":{"@type":"QuantitativeValue","minValue":10,"maxValue":50},"parentOrganization":{"@type":"Organization","name":"TeamSystem","url":"https:\/\/www.teamsystem.com\/"},"description":"Billin es el programa de facturaci\u00f3n online de TeamSystem para aut\u00f3nomos y pymes en Espa\u00f1a. Permite crear facturas, controlar gastos y cumplir con Verifactu.","address":{"@type":"PostalAddress","streetAddress":"Calle Arturo Soria, 336","addressLocality":"Madrid","addressRegion":"Madrid","postalCode":"28033","addressCountry":"ES"}},{"@type":"Person","@id":"https:\/\/www.billin.net\/blog\/#\/schema\/person\/d0339ee6e869234614541b1e80a793e7","name":"Marcos De La Cueva - CEO TeamSystem Facturas Billin","image":{"@type":"ImageObject","inLanguage":"es","@id":"https:\/\/www.billin.net\/blog\/#\/schema\/person\/image\/","url":"https:\/\/www.billin.net\/blog\/wp-content\/uploads\/2023\/10\/marcos-color-150x150.png","contentUrl":"https:\/\/www.billin.net\/blog\/wp-content\/uploads\/2023\/10\/marcos-color-150x150.png","caption":"Marcos De La Cueva - CEO TeamSystem Facturas Billin"},"description":"Licenciado en ADE por la Universidad Aut\u00f3noma de Madrid, Marcos De la Cueva es CEO y cofundador de TeamSystem Facturas Billin, un programa online que lleva m\u00e1s de 9 a\u00f1os ayudando a aut\u00f3nomos, peque\u00f1os negocios y gestor\u00edas a digitalizar sus presupuestos, facturas, tickets y gastos. \u00a0 Sobre Marcos De La Cueva \u00a0 Apasionado por el mundo empresarial y la tecnolog\u00eda, curs\u00f3 su M\u00e1ster de Finanzas en la Universidad Pontificia de Comillas y estuvo en el Programa de Cooperaci\u00f3n Educativa de la Universidad Aut\u00f3noma de Madrid. \u00a0 Marcos siempre ha tenido su objetivo claro: ayudar a la creaci\u00f3n de negocios financieramente sostenibles a trav\u00e9s de una herramienta de facturaci\u00f3n que les permita ahorrar tiempo y tener la contabilidad bajo control. \u00a0 Marcos De La Cueva en los medios \u2014 Noticia sobre Kit Digital y Ley Antifraude (VeriFactu) en El Economista. \u2014 Noticia sobre Kit Digital y factura electr\u00f3nica obligatoria en Diario Jur\u00eddico. \u2014 Noticia sobre el a\u00f1o de transici\u00f3n para la factura electr\u00f3nica en Muy Pymes. \u2014 Entrevista sobre factura electr\u00f3nica obligatoria en Canal Sur. \u2014 Noticia sobre el informe factura electr\u00f3nica de TeamSystem en Channel Partner. \u2014 Charla sobre productividad y Ley Crea y Crece en El Economista. \u2014 Charla sobre factura electr\u00f3nica obligatoria en Muy Pymes. \u2014 Charla sobre digitalizaci\u00f3n aut\u00f3nomos y productividad en esdiario. \u2014 Charla sobre productividad y factura electr\u00f3nica en La Raz\u00f3n. \u2014 Charla sobre factura electr\u00f3nica obligatoria en Aut\u00f3nomos y Emprendedores. \u2014 Entrevista sobre Ley Antifraude y Ley Crea y Crece en Expansi\u00f3n. \u2014 Entrevista sobre Ley Antifraude y Ley Crea y Crece en La Raz\u00f3n. \u2014 Entrevista sobre factura electr\u00f3nica obligatoria en El Economista. \u2014 Comunicado Billin y TeamSystem en Business Insider. \u2014 Entrevista en Econom\u00eda Digital. \u2014 Entrevista en Ideas para tu empresa de Vodafone. \u2014 Entrevista en M\u00e1sQradio. \u2014 Entrevista en Armas para emprender de El M\u00e9todo Gallardo. \u2014 Entrevista en KFund. \u2014 Entrevista en AXA Seguros Espa\u00f1a. \u2014 Entrevista en GestionaRadio. \u00a0 Marcos De La Cueva en eventos \u00a0 \u2014 Participaci\u00f3n como ponente en Accountex Espa\u00f1a 2023. \u00a0 Tem\u00e1ticas de especializaci\u00f3n \u00a0 negocios | startups | contabilidad| fiscalidad | empresas| asesor\u00edas| autonomos | emprendedores | peque\u00f1os negocios | econom\u00eda | ADE | pymes | desarrollo de negocio\u00a0","sameAs":["https:\/\/www.billin.net\/","https:\/\/www.linkedin.com\/in\/marcos-de-la-cueva-19750ba3\/"],"url":"https:\/\/www.billin.net\/blog\/author\/marcosdelacueva\/","jobTitle":"CEO y cofundador de TS Facturas Billin"}]}},"_links":{"self":[{"href":"https:\/\/www.billin.net\/blog\/wp-json\/wp\/v2\/posts\/10323","targetHints":{"allow":["GET"]}}],"collection":[{"href":"https:\/\/www.billin.net\/blog\/wp-json\/wp\/v2\/posts"}],"about":[{"href":"https:\/\/www.billin.net\/blog\/wp-json\/wp\/v2\/types\/post"}],"author":[{"embeddable":true,"href":"https:\/\/www.billin.net\/blog\/wp-json\/wp\/v2\/users\/20"}],"replies":[{"embeddable":true,"href":"https:\/\/www.billin.net\/blog\/wp-json\/wp\/v2\/comments?post=10323"}],"version-history":[{"count":6,"href":"https:\/\/www.billin.net\/blog\/wp-json\/wp\/v2\/posts\/10323\/revisions"}],"predecessor-version":[{"id":27594,"href":"https:\/\/www.billin.net\/blog\/wp-json\/wp\/v2\/posts\/10323\/revisions\/27594"}],"wp:featuredmedia":[{"embeddable":true,"href":"https:\/\/www.billin.net\/blog\/wp-json\/wp\/v2\/media\/4289"}],"wp:attachment":[{"href":"https:\/\/www.billin.net\/blog\/wp-json\/wp\/v2\/media?parent=10323"}],"wp:term":[{"taxonomy":"category","embeddable":true,"href":"https:\/\/www.billin.net\/blog\/wp-json\/wp\/v2\/categories?post=10323"},{"taxonomy":"post_tag","embeddable":true,"href":"https:\/\/www.billin.net\/blog\/wp-json\/wp\/v2\/tags?post=10323"}],"curies":[{"name":"wp","href":"https:\/\/api.w.org\/{rel}","templated":true}]}}