{"id":10320,"date":"2017-04-14T00:00:00","date_gmt":"2017-04-13T22:00:00","guid":{"rendered":"https:\/\/www.billin.net\/blog\/actividades-exentas-iva\/"},"modified":"2025-09-25T21:05:15","modified_gmt":"2025-09-25T19:05:15","slug":"actividades-exentas-iva","status":"publish","type":"post","link":"https:\/\/www.billin.net\/blog\/actividades-exentas-iva\/","title":{"rendered":"Actividades exentas de IVA"},"content":{"rendered":"<p><span style=\"font-weight: 400;\">El Impuesto sobre el Valor A\u00f1adido (<\/span><b>IVA<\/b><span style=\"font-weight: 400;\">) es un tributo que afecta a la mayor\u00eda de las actividades econ\u00f3micas en Espa\u00f1a. Sin embargo, existen ciertas actividades que est\u00e1n exentas de este impuesto, lo que genera confusi\u00f3n entre aut\u00f3nomos y empresas. <\/span><\/p>\n<p><span style=\"font-weight: 400;\">Entender qu\u00e9 actividades est\u00e1n exentas de IVA y c\u00f3mo gestionarlas correctamente es esencial para optimizar tu contabilidad y evitar problemas fiscales.\u00a0<\/span><\/p>\n<p><span style=\"font-weight: 400;\">En este art\u00edculo, <strong>vamos a analizar las actividades exentas de IVA\u00a0 y c\u00f3mo gestionar tu facturaci\u00f3n y tus obligaciones fiscales en estos casos.\u00a0<\/strong><\/span><\/p>\n<h2><b>Recordemos en qu\u00e9 consiste el IVA<\/b><\/h2>\n<p><span style=\"font-weight: 400;\">El IVA es un <\/span><b>impuesto indirecto <\/b><span style=\"font-weight: 400;\">que se aplica en la mayor\u00eda de las transacciones comerciales de bienes y servicios en Espa\u00f1a. A diferencia de los impuestos directos, como el Impuesto sobre la Renta de las Personas F\u00edsicas (<\/span><a href=\"https:\/\/www.billin.net\/blog\/calculadora-irpf-factura\/\"><span style=\"font-weight: 400;\">IRPF<\/span><\/a><span style=\"font-weight: 400;\">), que grava directamente los ingresos de una persona o empresa, el<\/span><b> IVA recae sobre el consumo<\/b><span style=\"font-weight: 400;\">. <\/span><\/p>\n<p><span style=\"font-weight: 400;\">Esto significa que, aunque lo paguen las empresas en cada fase de la cadena de producci\u00f3n y distribuci\u00f3n, el coste final del impuesto es asumido por el consumidor final.<\/span><\/p>\n<p><span style=\"font-weight: 400;\">El <\/span><b>art\u00edculo 4 de la <\/b><a href=\"https:\/\/www.boe.es\/buscar\/act.php?id=BOE-A-1992-28740\"><b>Ley 37\/1992, del IVA<\/b><\/a> <span style=\"font-weight: 400;\">fija a qu\u00e9 operaciones hay que aplicar IVA, estipulando que <\/span><i><span style=\"font-weight: 400;\">\u201cestar\u00e1n sujetas al impuesto las <\/span><\/i><b><i>entregas de bienes y prestaciones de servicios<\/i><\/b><i><span style=\"font-weight: 400;\"> realizadas en el \u00e1mbito espacial del impuesto por<\/span><\/i><b><i> empresarios o profesionales<\/i><\/b><i><span style=\"font-weight: 400;\"> a t\u00edtulo oneroso, con car\u00e1cter habitual u ocasional, <\/span><\/i><b><i>en el desarrollo de su actividad empresarial o profesional<\/i><\/b><i><span style=\"font-weight: 400;\">, incluso si se efect\u00faan en favor de los propios socios, asociados, miembros o part\u00edcipes de las entidades que las realicen\u201d.<\/span><\/i><\/p>\n<h2><b>\u00bfC\u00f3mo funciona el IVA?<\/b><\/h2>\n<p><span style=\"font-weight: 400;\">El<\/span><b> funcionamiento del IVA <\/b><span style=\"font-weight: 400;\">se basa en un sistema de cobros y deducciones. Cada empresa que interviene en el proceso de producci\u00f3n y venta de un bien o servicio cobra el IVA al siguiente en la cadena, lo que se conoce como<\/span> <a href=\"https:\/\/www.billin.net\/blog\/iva-repercutido\/\"><b>IVA repercutido<\/b><\/a><span style=\"font-weight: 400;\">. <\/span><\/p>\n<p><span style=\"font-weight: 400;\">A su vez, puede deducir el IVA que ha pagado en las compras necesarias para su actividad, conocido como<\/span><b> IVA soportado<\/b><span style=\"font-weight: 400;\">.\u00a0<\/span><\/p>\n<p><span style=\"font-weight: 400;\">La diferencia entre el IVA repercutido y el IVA soportado es lo que la empresa debe ingresar a la Agencia Tributaria a trav\u00e9s de las liquidaciones peri\u00f3dicas, de forma trimestral.<\/span><\/p>\n<p><span style=\"font-weight: 400;\">En Espa\u00f1a, existen diferentes<\/span><b> tipos de IVA<\/b><strong> seg\u00fan la naturaleza de los bienes o servicios:<\/strong><\/p>\n<ul>\n<li style=\"font-weight: 400;\" aria-level=\"1\"><b>Tipo general (21%)<\/b><span style=\"font-weight: 400;\">: se aplica a la mayor\u00eda de bienes y servicios.<\/span><\/li>\n<li style=\"font-weight: 400;\" aria-level=\"1\"><b>Tipo reducido (10%)<\/b><span style=\"font-weight: 400;\">: afecta a productos y servicios de primera necesidad como alimentos, transporte o servicios de hosteler\u00eda.<\/span><\/li>\n<li style=\"font-weight: 400;\" aria-level=\"1\"><b>Tipo superreducido (4%)<\/b><span style=\"font-weight: 400;\">: se reserva para productos de primera necesidad como el pan, la leche, medicamentos, libros y prensa.<\/span><\/li>\n<\/ul>\n<p><span style=\"font-weight: 400;\">Existen excepciones a la aplicaci\u00f3n del IVA, conocidas como <\/span><b>actividades exentas de IVA<\/b><span style=\"font-weight: 400;\"><strong>, que es lo que vamos a analizar en los apartados siguientes.<\/strong><\/span><\/p>\n<h2><b>Diferencia entre actividades exentas y no sujetas a IVA<\/b><\/h2>\n<p><span style=\"font-weight: 400;\">Entender la diferencia entre actividades exentas de IVA y aquellas no sujetas al impuesto es fundamental para gestionar correctamente tus obligaciones fiscales y evitar errores en la facturaci\u00f3n, ya que si bien, en ambos casos no se paga el IVA, los motivos son diferentes en uno y otro caso.<\/span><\/p>\n<h3><b>Actividades exentas de IVA<\/b><\/h3>\n<p><span style=\"font-weight: 400;\">Las actividades exentas de IVA son aquellas que, aunque se encuentran dentro del \u00e1mbito de aplicaci\u00f3n del impuesto, est\u00e1n <\/span><b>expresamente excluidas de su cobro por la Ley del IVA<\/b><span style=\"font-weight: 400;\">. Esto significa que, aunque estas actividades normalmente estar\u00edan gravadas con IVA, la ley establece una excepci\u00f3n por razones sociales, econ\u00f3micas o culturales.<\/span><\/p>\n<p><span style=\"font-weight: 400;\">Aunque estas actividades no deben incluir IVA en sus facturas, es obligatorio indicar que est\u00e1n exentas y referenciar el art\u00edculo correspondiente de la Ley del IVA que justifica dicha exenci\u00f3n (<\/span><b>art\u00edculo 20 de la Ley<\/b><span style=\"font-weight: 400;\">).<\/span><\/p>\n<p><span style=\"font-weight: 400;\">Adem\u00e1s, es importante se\u00f1alar que, aunque los profesionales no pueden incluir el IVA en sus facturas, s\u00ed lo tienen que soportar al adquirir los productos necesarios para comercializar sus propios bienes o servicios.<\/span><\/p>\n<h4><b>Actividades no sujetas a IVA<\/b><\/h4>\n<p><span style=\"font-weight: 400;\">Por otro lado, las actividades no sujetas a IVA, recogidas en el<\/span><b> art\u00edculo 7 de la Ley del IVA<\/b><span style=\"font-weight: 400;\">, son aquellas que, desde un principio,<\/span><b> no cumplen con los requisitos para ser gravadas<\/b><span style=\"font-weight: 400;\"> por este impuesto. <\/span><\/p>\n<p><span style=\"font-weight: 400;\">Estas actividades quedan fuera del \u00e1mbito de aplicaci\u00f3n del IVA porque no se consideran una entrega de bienes o una prestaci\u00f3n de servicios dentro del territorio de aplicaci\u00f3n del impuesto.<\/span><\/p>\n<p><strong>Algunos ejemplos de actividades no sujetas a IVA son:<\/strong><\/p>\n<ul>\n<li style=\"font-weight: 400;\" aria-level=\"1\"><span style=\"font-weight: 400;\">Entregas de bienes y prestaciones de servicios con fines de promoci\u00f3n.<\/span><\/li>\n<li style=\"font-weight: 400;\" aria-level=\"1\"><span style=\"font-weight: 400;\">La cesi\u00f3n de bienes o derechos.<\/span><\/li>\n<li style=\"font-weight: 400;\" aria-level=\"1\"><span style=\"font-weight: 400;\">Determinados autoconsumos de bienes y servicios.<\/span><\/li>\n<li style=\"font-weight: 400;\" aria-level=\"1\"><span style=\"font-weight: 400;\">Los servicios prestados por personas f\u00edsicas en r\u00e9gimen de dependencia, derivados de relaciones administrativas o laborales, ordinarias o especiales.<\/span><\/li>\n<\/ul>\n<h3><b>Actividades exentas de IVA<\/b><\/h3>\n<p><span style=\"font-weight: 400;\">Tal y como se refleja en el propio texto legal de la <\/span><b>Ley 37\/1992<\/b><span style=\"font-weight: 400;\">, de 28 de diciembre, del Impuesto sobre el Valor A\u00f1adido, concretamente en su <\/span><b>art\u00edculo 20<\/b><span style=\"font-weight: 400;\">, <strong>las siguientes actividades profesionales se encuentran exentas de tributaci\u00f3n por IVA:<\/strong><\/span><\/p>\n<h4><b>1. Servicio postal<\/b><\/h4>\n<p><span style=\"font-weight: 400;\">Las prestaciones de servicios y las entregas de bienes accesorias a ellas que constituyan el <\/span><b>servicio postal universal <\/b><span style=\"font-weight: 400;\">(servicio p\u00fablico de Correos), siempre que sean realizadas por un operador u operadores que se comprometen a prestar todo o parte del mismo. <\/span><\/p>\n<p><span style=\"font-weight: 400;\">Tambi\u00e9n est\u00e1n exentas las entregas de sellos de Correos y efectos timbrados de curso legal en Espa\u00f1a por importe no superior a su valor de emisi\u00f3n.<\/span><\/p>\n<p><span style=\"font-weight: 400;\">No est\u00e1n incluidos dentro de esta exenci\u00f3n los servicios de mensajer\u00eda personalizada.<\/span><\/p>\n<h4><b>2. Servicios sanitarios y m\u00e9dicos<\/b><\/h4>\n<p><span style=\"font-weight: 400;\">Los servicios de hospitalizaci\u00f3n y los prestados por profesionales de la salud (m\u00e9dicos, dentistas, enfermeros y fisioterapeutas) est\u00e1n exentos de IVA. <\/span><\/p>\n<p><span style=\"font-weight: 400;\">Esto incluye consultas, tratamientos m\u00e9dicos y hospitalizaci\u00f3n, siempre que se trate de servicios destinados a la prevenci\u00f3n, diagn\u00f3stico, tratamiento y rehabilitaci\u00f3n de enfermedades, incluidos los an\u00e1lisis cl\u00ednicos y exploraciones radiol\u00f3gicas<\/span><\/p>\n<p><span style=\"font-weight: 400;\">Tambi\u00e9n est\u00e1n exentas las <\/span><b>donaciones de sangre<\/b><span style=\"font-weight: 400;\">, plasma sangu\u00edneo y dem\u00e1s fluidos, tejidos y otros elementos del cuerpo humano efectuadas para fines m\u00e9dicos o de investigaci\u00f3n.<\/span><\/p>\n<p><span style=\"font-weight: 400;\">La <\/span><b>asistencia sanitaria<\/b><span style=\"font-weight: 400;\"> comprende la atenci\u00f3n a personas f\u00edsicas, as\u00ed como el <\/span><b>transporte de enfermos o heridos en ambulancias <\/b><span style=\"font-weight: 400;\">\u00a0o las prestaciones de servicios realizadas por estomat\u00f3logos, odont\u00f3logos, mec\u00e1nicos dentistas y prot\u00e9sicos dentales.<\/span><\/p>\n<p><span style=\"font-weight: 400;\">No todos los servicios sanitarios est\u00e1n exentos. <strong>La exenci\u00f3n no se extiende a las siguientes operaciones:\u00a0<\/strong><\/span><\/p>\n<ul>\n<li style=\"font-weight: 400;\" aria-level=\"1\"><span style=\"font-weight: 400;\">Las <\/span><b>operaciones de cirug\u00eda est\u00e9tica<\/b><span style=\"font-weight: 400;\"> que no se realizan por motivos m\u00e9dicos o terap\u00e9uticos est\u00e1n sujetas a IVA.\u00a0<\/span><\/li>\n<li style=\"font-weight: 400;\" aria-level=\"1\"><span style=\"font-weight: 400;\">Adem\u00e1s, los <\/span><b>servicios veterinarios<\/b><span style=\"font-weight: 400;\"> no est\u00e1n exentos y deben aplicar IVA.<\/span><\/li>\n<\/ul>\n<h4><b>3. Servicios de asistencia social<\/b><\/h4>\n<p><strong>Efectuados por entidades de Derecho P\u00fablico o establecimientos privados de car\u00e1cter social, relativos a:<\/strong><\/p>\n<ul>\n<li style=\"font-weight: 400;\" aria-level=\"1\"><span style=\"font-weight: 400;\">Protecci\u00f3n de la infancia y de la juventud<\/span><\/li>\n<li style=\"font-weight: 400;\" aria-level=\"1\"><span style=\"font-weight: 400;\">Asistencia a la tercera edad<\/span><\/li>\n<li style=\"font-weight: 400;\" aria-level=\"1\"><span style=\"font-weight: 400;\">Educaci\u00f3n especial y asistencia a personas con minusval\u00eda<\/span><\/li>\n<li style=\"font-weight: 400;\" aria-level=\"1\"><span style=\"font-weight: 400;\">Asistencia a minor\u00edas \u00e9tnicas<\/span><\/li>\n<li style=\"font-weight: 400;\" aria-level=\"1\"><span style=\"font-weight: 400;\">Asistencia a refugiados y asilados, entre otros.<\/span><\/li>\n<\/ul>\n<p><span style=\"font-weight: 400;\">La exenci\u00f3n comprende la prestaci\u00f3n de los servicios de alimentaci\u00f3n, alojamiento o transporte accesorios de los anteriores prestados por dichos establecimientos o entidades, con medios propios o ajenos.<\/span><\/p>\n<h4><b>4. Actividades educativas<\/b><\/h4>\n<p><span style=\"font-weight: 400;\">Las actividades educativas tambi\u00e9n disfrutan de exenci\u00f3n de IVA, siempre que sean impartidas por centros autorizados y se trate de ense\u00f1anza reglada o de formaci\u00f3n profesional. <\/span><\/p>\n<p><span style=\"font-weight: 400;\">Esto incluye tanto la educaci\u00f3n primaria y secundaria como la universitaria y otras ense\u00f1anzas de formaci\u00f3n como idiomas.\u00a0<\/span><\/p>\n<p><span style=\"font-weight: 400;\">La exenci\u00f3n no se aplica a todos los tipos de formaci\u00f3n. Por ejemplo, los cursos a distancia o en l\u00ednea, las clases extraescolares de deportes impartidas por empresas distintas de los centros docentes y los cursos efectuados por escuelas de conductores, entre otros.\u00a0<\/span><\/p>\n<h4><b>5. Actividades financieras y de seguros<\/b><\/h4>\n<p><span style=\"font-weight: 400;\">Los servicios de mediaci\u00f3n dirigidos a personas f\u00edsicas en el desarrollo de aquellas operaciones financieras recogidas espec\u00edficamente en la normativa vigente.<\/span><\/p>\n<p><span style=\"font-weight: 400;\">El desarrollo de servicios y actividades profesionales relacionadas con los seguros, los reaseguros y la capitalizaci\u00f3n.<\/span><\/p>\n<h4><b>6. Arrendamientos de inmuebles<\/b><\/h4>\n<p><span style=\"font-weight: 400;\">El alquiler de viviendas destinadas a ser residencia habitual est\u00e1 exento de IVA, as\u00ed como la entrega de terrenos de car\u00e1cter r\u00fastico y no urbanizable.<\/span><\/p>\n<h4><b>7. Servicios culturales<\/b><\/h4>\n<p><span style=\"font-weight: 400;\">Los servicios profesionales, incluidos aqu\u00e9llos cuya contraprestaci\u00f3n consista en derechos de autor, prestados por artistas pl\u00e1sticos, escritores, colaboradores literarios, gr\u00e1ficos y fotogr\u00e1ficos de peri\u00f3dicos y revistas, compositores musicales, autores de obras teatrales y de argumento, adaptaci\u00f3n, gui\u00f3n y di\u00e1logos de las obras audiovisuales, traductores y adaptadores.<\/span><\/p>\n<h3><b>Factura exenta de IVA<\/b><\/h3>\n<p><span style=\"font-weight: 400;\">Cuando realizas actividades exentas de IVA, es fundamental que las facturas que emitas cumplan con ciertos requisitos espec\u00edficos para reflejar adecuadamente esta exenci\u00f3n.\u00a0<\/span><\/p>\n<h3><b>Informaci\u00f3n b\u00e1sica de la factura<\/b><\/h3>\n<p><span style=\"font-weight: 400;\">Al igual que cualquier otra factura, las facturas exentas de IVA deben contener todos los <\/span><a href=\"https:\/\/www.billin.net\/blog\/como-hacer-factura\/\"><span style=\"font-weight: 400;\">elementos b\u00e1sicos<\/span><\/a><span style=\"font-weight: 400;\"> que exige la normativa. Estos elementos incluyen datos del emisor y receptor, n\u00famero de factura, fecha de emisi\u00f3n, descripci\u00f3n de los bienes y servicios, entre otros.\u00a0<\/span><\/p>\n<h3><b>Menci\u00f3n de la exenci\u00f3n del IVA<\/b><\/h3>\n<p><span style=\"font-weight: 400;\">En las facturas que correspondan a actividades exentas de IVA es imprescindible que se indique de forma expl\u00edcita que la operaci\u00f3n est\u00e1 exenta. Para ello, debes incluir una menci\u00f3n que haga referencia a la exenci\u00f3n.<\/span><\/p>\n<p><strong> Por ejemplo: <\/strong><i><span style=\"font-weight: 400;\">\u00abOperaci\u00f3n exenta de IVA seg\u00fan el art\u00edculo 20 de la Ley 37\/1992\u00bb.<\/span><\/i><\/p>\n<h3><b>Ausencia de base imponible y tipo de IVA<\/b><\/h3>\n<p><span style=\"font-weight: 400;\">En una factura exenta de IVA, no debe aparecer la base imponible ni el tipo de IVA aplicado. Por lo tanto, en lugar de <\/span><a href=\"https:\/\/www.billin.net\/calculadora-como-sacar-el-iva\/\"><span style=\"font-weight: 400;\">calcular el IVA<\/span><\/a><span style=\"font-weight: 400;\"> sobre la base imponible, la factura solo mostrar\u00e1 el <\/span><b>importe total correspondiente<\/b><span style=\"font-weight: 400;\"> al servicio o producto, sin ning\u00fan desglose adicional por IVA.<\/span><\/p>\n<h3><b>Impacto en las declaraciones fiscales<\/b><\/h3>\n<p><span style=\"font-weight: 400;\">Aunque no se aplique el IVA en la factura, es importante recordar que las operaciones exentas deben registrarse y declararse en los libros de registro correspondientes. No obstante, si todas las actividades de tu negocio est\u00e1n exentas de IVA, no estar\u00e1s obligado a presentar el <\/span><a href=\"https:\/\/www.billin.net\/blog\/como-rellenar-modelo-303\/\"><span style=\"font-weight: 400;\">modelo 303<\/span><\/a><span style=\"font-weight: 400;\"> (declaraci\u00f3n trimestral de IVA) ni el <\/span><a href=\"https:\/\/www.billin.net\/blog\/modelo-309-impuesto-valor-anadido-autoliquidacion\/\"><span style=\"font-weight: 400;\">modelo 309<\/span><\/a><span style=\"font-weight: 400;\"> (resumen anual de IVA).<\/span><\/p>\n<p><span style=\"font-weight: 400;\">Aunque las actividades exentas de IVA no permiten deducir el IVA soportado en los modelos 303 y 390, puedes deducir el gasto completo en tu declaraci\u00f3n de IRPF. <\/span><\/p>\n<p><span style=\"font-weight: 400;\">En lugar de deducir s\u00f3lo la base imponible, puedes incluir el gasto total, incluido el IVA soportado, en tu declaraci\u00f3n trimestral a trav\u00e9s del <\/span><a href=\"https:\/\/www.billin.net\/blog\/modelo-130\/\"><span style=\"font-weight: 400;\">modelo 130<\/span><\/a><span style=\"font-weight: 400;\"> (si eres aut\u00f3nomo empresarial o profesional) o al realizar la <\/span><a href=\"https:\/\/www.billin.net\/blog\/como-hacer-declaracion-renta-autonomo\/\"><span style=\"font-weight: 400;\">Declaraci\u00f3n de la Renta anual<\/span><\/a><span style=\"font-weight: 400;\">.\u00a0<\/span><\/p>\n<h3><b>Facturaci\u00f3n en casos de actividades mixtas<\/b><\/h3>\n<p><span style=\"font-weight: 400;\">Si realizas tanto actividades exentas como sujetas a IVA, deber\u00e1s emitir facturas diferenciadas para cada tipo de operaci\u00f3n. Adem\u00e1s, en estos casos, se aplicar\u00e1 un <\/span><a href=\"https:\/\/www.billin.net\/glosario\/prorrata\/#:~:text=de%20la%20prorrata-,%C2%BFQu%C3%A9%20es%20prorrata%3F,una%20parte%20del%20IVA%20soportado\"><span style=\"font-weight: 400;\">r\u00e9gimen de prorrata<\/span><\/a><span style=\"font-weight: 400;\">, lo que significa que s\u00f3lo podr\u00e1s deducir el IVA soportado en proporci\u00f3n a las actividades sujetas al impuesto.<\/span><\/p>\n<p><span style=\"font-weight: 400;\">Emitir facturas exentas de IVA de forma correcta es esencial para cumplir con la normativa fiscal y mantener una contabilidad ordenada. Asegurarte de que cada factura <strong>incluye todas las menciones obligatorias y de registrar estas operaciones de manera precisa te ayudar\u00e1 a evitar problemas con Hacienda<\/strong> y garantizar la transparencia en tu negocio.\u00a0<\/span><\/p>\n<p><span style=\"font-weight: 400;\">Para quienes gestionan tanto actividades exentas como sujetas a IVA, es crucial llevar un control riguroso del IVA soportado y deducible.<\/span><\/p>\n<p><span style=\"font-weight: 400;\">Simplifica la emisi\u00f3n y gesti\u00f3n de tus facturas exentas de IVA con el <\/span><a href=\"https:\/\/www.billin.net\/programa-facturacion-autonomos\/\"><span style=\"font-weight: 400;\">software de facturaci\u00f3n para aut\u00f3nomos<\/span><\/a> <span style=\"font-weight: 400;\">TeamSystem Facturas Billin. <\/span><\/p>\n<p><strong>\u00a1Reg\u00edstrate y optimiza tu contabilidad hoy mismo!<\/strong><\/p>\n","protected":false},"excerpt":{"rendered":"<p>El Impuesto sobre el Valor A\u00f1adido (IVA) es un tributo que afecta a la mayor\u00eda de las actividades econ\u00f3micas en Espa\u00f1a. Sin embargo, existen ciertas actividades que est\u00e1n exentas de este impuesto, lo que genera confusi\u00f3n entre aut\u00f3nomos y empresas. Entender qu\u00e9 actividades est\u00e1n exentas de IVA y c\u00f3mo gestionarlas correctamente es esencial para optimizar [&hellip;]<\/p>\n","protected":false},"author":20,"featured_media":4280,"comment_status":"open","ping_status":"open","sticky":false,"template":"","format":"standard","meta":{"_acf_changed":false,"_et_pb_use_builder":"","_et_pb_old_content":"","_et_gb_content_width":"","om_disable_all_campaigns":false,"inline_featured_image":false,"footnotes":""},"categories":[1014],"tags":[],"class_list":{"0":"post-10320","1":"post","2":"type-post","3":"status-publish","4":"format-standard","5":"has-post-thumbnail","7":"category-fiscalidad"},"acf":{"selector_de_usuario":"","fecha_de_revision":"20210218"},"yoast_head":"<!-- This site is optimized with the Yoast SEO plugin v27.1 - https:\/\/yoast.com\/product\/yoast-seo-wordpress\/ -->\n<title>\u25b7 Actividades exentas de IVA: \u00bfcu\u00e1les son?<\/title>\n<meta name=\"description\" content=\"Descubre cu\u00e1les son las actividades exentas de IVA \u2713 Aprende a gestionar facturas y obligaciones fiscales de manera sencilla \u2192 Te lo contamos todo aqu\u00ed\" \/>\n<meta name=\"robots\" content=\"index, follow, max-snippet:-1, max-image-preview:large, max-video-preview:-1\" \/>\n<link rel=\"canonical\" href=\"https:\/\/www.billin.net\/blog\/actividades-exentas-iva\/\" \/>\n<meta property=\"og:locale\" content=\"es_ES\" \/>\n<meta property=\"og:type\" content=\"article\" \/>\n<meta property=\"og:title\" content=\"\u25b7 Actividades exentas de IVA: \u00bfcu\u00e1les son?\" \/>\n<meta property=\"og:description\" content=\"Descubre cu\u00e1les son las actividades exentas de IVA \u2713 Aprende a gestionar facturas y obligaciones fiscales de manera sencilla \u2192 Te lo contamos todo aqu\u00ed\" \/>\n<meta property=\"og:url\" content=\"https:\/\/www.billin.net\/blog\/actividades-exentas-iva\/\" \/>\n<meta property=\"og:site_name\" content=\"Blog de TeamSystem Facturas Billin\" \/>\n<meta property=\"article:publisher\" content=\"https:\/\/www.facebook.com\/EsBillin\" \/>\n<meta property=\"article:published_time\" content=\"2017-04-13T22:00:00+00:00\" \/>\n<meta property=\"article:modified_time\" content=\"2025-09-25T19:05:15+00:00\" \/>\n<meta property=\"og:image\" content=\"https:\/\/www.billin.net\/blog\/wp-content\/uploads\/2017\/06\/actividades-exentas-iva-billin-imagen-11.2.1.jpg\" \/>\n\t<meta property=\"og:image:width\" content=\"1000\" \/>\n\t<meta property=\"og:image:height\" content=\"570\" \/>\n\t<meta property=\"og:image:type\" content=\"image\/jpeg\" \/>\n<meta name=\"author\" content=\"Marcos De La Cueva - CEO TeamSystem Facturas Billin\" \/>\n<meta name=\"twitter:card\" content=\"summary_large_image\" \/>\n<meta name=\"twitter:creator\" content=\"@Billin_ES\" \/>\n<meta name=\"twitter:site\" content=\"@Billin_ES\" \/>\n<meta name=\"twitter:label1\" content=\"Escrito por\" \/>\n\t<meta name=\"twitter:data1\" content=\"Marcos De La Cueva - CEO TeamSystem Facturas Billin\" \/>\n\t<meta name=\"twitter:label2\" content=\"Tiempo de lectura\" \/>\n\t<meta name=\"twitter:data2\" content=\"9 minutos\" \/>\n<script type=\"application\/ld+json\" class=\"yoast-schema-graph\">{\"@context\":\"https:\/\/schema.org\",\"@graph\":[{\"@type\":\"Article\",\"@id\":\"https:\/\/www.billin.net\/blog\/actividades-exentas-iva\/#article\",\"isPartOf\":{\"@id\":\"https:\/\/www.billin.net\/blog\/actividades-exentas-iva\/\"},\"author\":{\"name\":\"Marcos De La Cueva - CEO TeamSystem Facturas Billin\",\"@id\":\"https:\/\/www.billin.net\/blog\/#\/schema\/person\/d0339ee6e869234614541b1e80a793e7\"},\"headline\":\"Actividades exentas de IVA\",\"datePublished\":\"2017-04-13T22:00:00+00:00\",\"dateModified\":\"2025-09-25T19:05:15+00:00\",\"mainEntityOfPage\":{\"@id\":\"https:\/\/www.billin.net\/blog\/actividades-exentas-iva\/\"},\"wordCount\":1943,\"commentCount\":0,\"publisher\":{\"@id\":\"https:\/\/www.billin.net\/blog\/#organization\"},\"image\":{\"@id\":\"https:\/\/www.billin.net\/blog\/actividades-exentas-iva\/#primaryimage\"},\"thumbnailUrl\":\"https:\/\/www.billin.net\/blog\/wp-content\/uploads\/2017\/06\/actividades-exentas-iva-billin-imagen-11.2.1.jpg\",\"articleSection\":[\"Fiscalidad\"],\"inLanguage\":\"es\",\"potentialAction\":[{\"@type\":\"CommentAction\",\"name\":\"Comment\",\"target\":[\"https:\/\/www.billin.net\/blog\/actividades-exentas-iva\/#respond\"]}]},{\"@type\":\"WebPage\",\"@id\":\"https:\/\/www.billin.net\/blog\/actividades-exentas-iva\/\",\"url\":\"https:\/\/www.billin.net\/blog\/actividades-exentas-iva\/\",\"name\":\"\u25b7 Actividades exentas de IVA: \u00bfcu\u00e1les son?\",\"isPartOf\":{\"@id\":\"https:\/\/www.billin.net\/blog\/#website\"},\"primaryImageOfPage\":{\"@id\":\"https:\/\/www.billin.net\/blog\/actividades-exentas-iva\/#primaryimage\"},\"image\":{\"@id\":\"https:\/\/www.billin.net\/blog\/actividades-exentas-iva\/#primaryimage\"},\"thumbnailUrl\":\"https:\/\/www.billin.net\/blog\/wp-content\/uploads\/2017\/06\/actividades-exentas-iva-billin-imagen-11.2.1.jpg\",\"datePublished\":\"2017-04-13T22:00:00+00:00\",\"dateModified\":\"2025-09-25T19:05:15+00:00\",\"description\":\"Descubre cu\u00e1les son las actividades exentas de IVA \u2713 Aprende a gestionar facturas y obligaciones fiscales de manera sencilla \u2192 Te lo contamos todo aqu\u00ed\",\"breadcrumb\":{\"@id\":\"https:\/\/www.billin.net\/blog\/actividades-exentas-iva\/#breadcrumb\"},\"inLanguage\":\"es\",\"potentialAction\":[{\"@type\":\"ReadAction\",\"target\":[\"https:\/\/www.billin.net\/blog\/actividades-exentas-iva\/\"]}]},{\"@type\":\"ImageObject\",\"inLanguage\":\"es\",\"@id\":\"https:\/\/www.billin.net\/blog\/actividades-exentas-iva\/#primaryimage\",\"url\":\"https:\/\/www.billin.net\/blog\/wp-content\/uploads\/2017\/06\/actividades-exentas-iva-billin-imagen-11.2.1.jpg\",\"contentUrl\":\"https:\/\/www.billin.net\/blog\/wp-content\/uploads\/2017\/06\/actividades-exentas-iva-billin-imagen-11.2.1.jpg\",\"width\":1000,\"height\":570,\"caption\":\"actividades exentas de IVA\"},{\"@type\":\"BreadcrumbList\",\"@id\":\"https:\/\/www.billin.net\/blog\/actividades-exentas-iva\/#breadcrumb\",\"itemListElement\":[{\"@type\":\"ListItem\",\"position\":1,\"name\":\"Blog\",\"item\":\"https:\/\/www.billin.net\/blog\/\"},{\"@type\":\"ListItem\",\"position\":2,\"name\":\"Fiscalidad\",\"item\":\"https:\/\/www.billin.net\/blog\/fiscalidad\/\"},{\"@type\":\"ListItem\",\"position\":3,\"name\":\"Actividades exentas de IVA\"}]},{\"@type\":\"WebSite\",\"@id\":\"https:\/\/www.billin.net\/blog\/#website\",\"url\":\"https:\/\/www.billin.net\/blog\/\",\"name\":\"Blog de Billin\",\"description\":\"Mantente informado con el blog de TeamSystem Facturas Billin:  facturaci\u00f3n, legislaci\u00f3n, contabilidad, management y toda la informaci\u00f3n \u00fatil para pymes y aut\u00f3nomos.\",\"publisher\":{\"@id\":\"https:\/\/www.billin.net\/blog\/#organization\"},\"potentialAction\":[{\"@type\":\"SearchAction\",\"target\":{\"@type\":\"EntryPoint\",\"urlTemplate\":\"https:\/\/www.billin.net\/blog\/?s={search_term_string}\"},\"query-input\":{\"@type\":\"PropertyValueSpecification\",\"valueRequired\":true,\"valueName\":\"search_term_string\"}}],\"inLanguage\":\"es\"},{\"@type\":\"Organization\",\"@id\":\"https:\/\/www.billin.net\/blog\/#organization\",\"name\":\"Billin\",\"alternateName\":\"Blog de Billin\",\"url\":\"https:\/\/www.billin.net\/blog\/\",\"logo\":{\"@type\":\"ImageObject\",\"inLanguage\":\"es\",\"@id\":\"https:\/\/www.billin.net\/blog\/#\/schema\/logo\/image\/\",\"url\":\"https:\/\/www.billin.net\/blog\/wp-content\/uploads\/2019\/06\/logotipo-billin-blog-1.png\",\"contentUrl\":\"https:\/\/www.billin.net\/blog\/wp-content\/uploads\/2019\/06\/logotipo-billin-blog-1.png\",\"width\":126,\"height\":50,\"caption\":\"Billin\"},\"image\":{\"@id\":\"https:\/\/www.billin.net\/blog\/#\/schema\/logo\/image\/\"},\"sameAs\":[\"https:\/\/www.facebook.com\/EsBillin\",\"https:\/\/x.com\/Billin_ES\",\"https:\/\/www.instagram.com\/billin_es\/\",\"https:\/\/www.linkedin.com\/company\/billin-spain\",\"https:\/\/www.youtube.com\/c\/BillinEsintercambiodefacturas\/\"],\"legalName\":\"MY EXPENSES SL\",\"contactPoint\":{\"@type\":\"ContactPoint\",\"telephone\":\"+34918318883\",\"contactType\":\"customer service\",\"email\":\"info@billin.eu\",\"availableLanguage\":\"es\"},\"foundingDate\":\"2015\",\"numberOfEmployees\":{\"@type\":\"QuantitativeValue\",\"minValue\":10,\"maxValue\":50},\"parentOrganization\":{\"@type\":\"Organization\",\"name\":\"TeamSystem\",\"url\":\"https:\/\/www.teamsystem.com\/\"},\"description\":\"Billin es el programa de facturaci\u00f3n online de TeamSystem para aut\u00f3nomos y pymes en Espa\u00f1a. Permite crear facturas, controlar gastos y cumplir con Verifactu.\",\"address\":{\"@type\":\"PostalAddress\",\"streetAddress\":\"Calle Arturo Soria, 336\",\"addressLocality\":\"Madrid\",\"addressRegion\":\"Madrid\",\"postalCode\":\"28033\",\"addressCountry\":\"ES\"}},{\"@type\":\"Person\",\"@id\":\"https:\/\/www.billin.net\/blog\/#\/schema\/person\/d0339ee6e869234614541b1e80a793e7\",\"name\":\"Marcos De La Cueva - CEO TeamSystem Facturas Billin\",\"image\":{\"@type\":\"ImageObject\",\"inLanguage\":\"es\",\"@id\":\"https:\/\/www.billin.net\/blog\/#\/schema\/person\/image\/\",\"url\":\"https:\/\/www.billin.net\/blog\/wp-content\/uploads\/2023\/10\/marcos-color-150x150.png\",\"contentUrl\":\"https:\/\/www.billin.net\/blog\/wp-content\/uploads\/2023\/10\/marcos-color-150x150.png\",\"caption\":\"Marcos De La Cueva - CEO TeamSystem Facturas Billin\"},\"description\":\"Licenciado en ADE por la Universidad Aut\u00f3noma de Madrid, Marcos De la Cueva es CEO y cofundador de TeamSystem Facturas Billin, un programa online que lleva m\u00e1s de 9 a\u00f1os ayudando a aut\u00f3nomos, peque\u00f1os negocios y gestor\u00edas a digitalizar sus presupuestos, facturas, tickets y gastos. \u00a0 Sobre Marcos De La Cueva \u00a0 Apasionado por el mundo empresarial y la tecnolog\u00eda, curs\u00f3 su M\u00e1ster de Finanzas en la Universidad Pontificia de Comillas y estuvo en el Programa de Cooperaci\u00f3n Educativa de la Universidad Aut\u00f3noma de Madrid. \u00a0 Marcos siempre ha tenido su objetivo claro: ayudar a la creaci\u00f3n de negocios financieramente sostenibles a trav\u00e9s de una herramienta de facturaci\u00f3n que les permita ahorrar tiempo y tener la contabilidad bajo control. \u00a0 Marcos De La Cueva en los medios \u2014 Noticia sobre Kit Digital y Ley Antifraude (VeriFactu) en El Economista. \u2014 Noticia sobre Kit Digital y factura electr\u00f3nica obligatoria en Diario Jur\u00eddico. \u2014 Noticia sobre el a\u00f1o de transici\u00f3n para la factura electr\u00f3nica en Muy Pymes. \u2014 Entrevista sobre factura electr\u00f3nica obligatoria en Canal Sur. \u2014 Noticia sobre el informe factura electr\u00f3nica de TeamSystem en Channel Partner. \u2014 Charla sobre productividad y Ley Crea y Crece en El Economista. \u2014 Charla sobre factura electr\u00f3nica obligatoria en Muy Pymes. \u2014 Charla sobre digitalizaci\u00f3n aut\u00f3nomos y productividad en esdiario. \u2014 Charla sobre productividad y factura electr\u00f3nica en La Raz\u00f3n. \u2014 Charla sobre factura electr\u00f3nica obligatoria en Aut\u00f3nomos y Emprendedores. \u2014 Entrevista sobre Ley Antifraude y Ley Crea y Crece en Expansi\u00f3n. \u2014 Entrevista sobre Ley Antifraude y Ley Crea y Crece en La Raz\u00f3n. \u2014 Entrevista sobre factura electr\u00f3nica obligatoria en El Economista. \u2014 Comunicado Billin y TeamSystem en Business Insider. \u2014 Entrevista en Econom\u00eda Digital. \u2014 Entrevista en Ideas para tu empresa de Vodafone. \u2014 Entrevista en M\u00e1sQradio. \u2014 Entrevista en Armas para emprender de El M\u00e9todo Gallardo. \u2014 Entrevista en KFund. \u2014 Entrevista en AXA Seguros Espa\u00f1a. \u2014 Entrevista en GestionaRadio. \u00a0 Marcos De La Cueva en eventos \u00a0 \u2014 Participaci\u00f3n como ponente en Accountex Espa\u00f1a 2023. \u00a0 Tem\u00e1ticas de especializaci\u00f3n \u00a0 negocios | startups | contabilidad| fiscalidad | empresas| asesor\u00edas| autonomos | emprendedores | peque\u00f1os negocios | econom\u00eda | ADE | pymes | desarrollo de negocio\u00a0\",\"sameAs\":[\"https:\/\/www.billin.net\/\",\"https:\/\/www.linkedin.com\/in\/marcos-de-la-cueva-19750ba3\/\"],\"url\":\"https:\/\/www.billin.net\/blog\/author\/marcosdelacueva\/\",\"jobTitle\":\"CEO y cofundador de TS Facturas Billin\"}]}<\/script>\n<!-- \/ Yoast SEO plugin. -->","yoast_head_json":{"title":"\u25b7 Actividades exentas de IVA: \u00bfcu\u00e1les son?","description":"Descubre cu\u00e1les son las actividades exentas de IVA \u2713 Aprende a gestionar facturas y obligaciones fiscales de manera sencilla \u2192 Te lo contamos todo aqu\u00ed","robots":{"index":"index","follow":"follow","max-snippet":"max-snippet:-1","max-image-preview":"max-image-preview:large","max-video-preview":"max-video-preview:-1"},"canonical":"https:\/\/www.billin.net\/blog\/actividades-exentas-iva\/","og_locale":"es_ES","og_type":"article","og_title":"\u25b7 Actividades exentas de IVA: \u00bfcu\u00e1les son?","og_description":"Descubre cu\u00e1les son las actividades exentas de IVA \u2713 Aprende a gestionar facturas y obligaciones fiscales de manera sencilla \u2192 Te lo contamos todo aqu\u00ed","og_url":"https:\/\/www.billin.net\/blog\/actividades-exentas-iva\/","og_site_name":"Blog de TeamSystem Facturas Billin","article_publisher":"https:\/\/www.facebook.com\/EsBillin","article_published_time":"2017-04-13T22:00:00+00:00","article_modified_time":"2025-09-25T19:05:15+00:00","og_image":[{"width":1000,"height":570,"url":"https:\/\/www.billin.net\/blog\/wp-content\/uploads\/2017\/06\/actividades-exentas-iva-billin-imagen-11.2.1.jpg","type":"image\/jpeg"}],"author":"Marcos De La Cueva - CEO TeamSystem Facturas Billin","twitter_card":"summary_large_image","twitter_creator":"@Billin_ES","twitter_site":"@Billin_ES","twitter_misc":{"Escrito por":"Marcos De La Cueva - CEO TeamSystem Facturas Billin","Tiempo de lectura":"9 minutos"},"schema":{"@context":"https:\/\/schema.org","@graph":[{"@type":"Article","@id":"https:\/\/www.billin.net\/blog\/actividades-exentas-iva\/#article","isPartOf":{"@id":"https:\/\/www.billin.net\/blog\/actividades-exentas-iva\/"},"author":{"name":"Marcos De La Cueva - CEO TeamSystem Facturas Billin","@id":"https:\/\/www.billin.net\/blog\/#\/schema\/person\/d0339ee6e869234614541b1e80a793e7"},"headline":"Actividades exentas de IVA","datePublished":"2017-04-13T22:00:00+00:00","dateModified":"2025-09-25T19:05:15+00:00","mainEntityOfPage":{"@id":"https:\/\/www.billin.net\/blog\/actividades-exentas-iva\/"},"wordCount":1943,"commentCount":0,"publisher":{"@id":"https:\/\/www.billin.net\/blog\/#organization"},"image":{"@id":"https:\/\/www.billin.net\/blog\/actividades-exentas-iva\/#primaryimage"},"thumbnailUrl":"https:\/\/www.billin.net\/blog\/wp-content\/uploads\/2017\/06\/actividades-exentas-iva-billin-imagen-11.2.1.jpg","articleSection":["Fiscalidad"],"inLanguage":"es","potentialAction":[{"@type":"CommentAction","name":"Comment","target":["https:\/\/www.billin.net\/blog\/actividades-exentas-iva\/#respond"]}]},{"@type":"WebPage","@id":"https:\/\/www.billin.net\/blog\/actividades-exentas-iva\/","url":"https:\/\/www.billin.net\/blog\/actividades-exentas-iva\/","name":"\u25b7 Actividades exentas de IVA: \u00bfcu\u00e1les son?","isPartOf":{"@id":"https:\/\/www.billin.net\/blog\/#website"},"primaryImageOfPage":{"@id":"https:\/\/www.billin.net\/blog\/actividades-exentas-iva\/#primaryimage"},"image":{"@id":"https:\/\/www.billin.net\/blog\/actividades-exentas-iva\/#primaryimage"},"thumbnailUrl":"https:\/\/www.billin.net\/blog\/wp-content\/uploads\/2017\/06\/actividades-exentas-iva-billin-imagen-11.2.1.jpg","datePublished":"2017-04-13T22:00:00+00:00","dateModified":"2025-09-25T19:05:15+00:00","description":"Descubre cu\u00e1les son las actividades exentas de IVA \u2713 Aprende a gestionar facturas y obligaciones fiscales de manera sencilla \u2192 Te lo contamos todo aqu\u00ed","breadcrumb":{"@id":"https:\/\/www.billin.net\/blog\/actividades-exentas-iva\/#breadcrumb"},"inLanguage":"es","potentialAction":[{"@type":"ReadAction","target":["https:\/\/www.billin.net\/blog\/actividades-exentas-iva\/"]}]},{"@type":"ImageObject","inLanguage":"es","@id":"https:\/\/www.billin.net\/blog\/actividades-exentas-iva\/#primaryimage","url":"https:\/\/www.billin.net\/blog\/wp-content\/uploads\/2017\/06\/actividades-exentas-iva-billin-imagen-11.2.1.jpg","contentUrl":"https:\/\/www.billin.net\/blog\/wp-content\/uploads\/2017\/06\/actividades-exentas-iva-billin-imagen-11.2.1.jpg","width":1000,"height":570,"caption":"actividades exentas de IVA"},{"@type":"BreadcrumbList","@id":"https:\/\/www.billin.net\/blog\/actividades-exentas-iva\/#breadcrumb","itemListElement":[{"@type":"ListItem","position":1,"name":"Blog","item":"https:\/\/www.billin.net\/blog\/"},{"@type":"ListItem","position":2,"name":"Fiscalidad","item":"https:\/\/www.billin.net\/blog\/fiscalidad\/"},{"@type":"ListItem","position":3,"name":"Actividades exentas de IVA"}]},{"@type":"WebSite","@id":"https:\/\/www.billin.net\/blog\/#website","url":"https:\/\/www.billin.net\/blog\/","name":"Blog de Billin","description":"Mantente informado con el blog de TeamSystem Facturas Billin:  facturaci\u00f3n, legislaci\u00f3n, contabilidad, management y toda la informaci\u00f3n \u00fatil para pymes y aut\u00f3nomos.","publisher":{"@id":"https:\/\/www.billin.net\/blog\/#organization"},"potentialAction":[{"@type":"SearchAction","target":{"@type":"EntryPoint","urlTemplate":"https:\/\/www.billin.net\/blog\/?s={search_term_string}"},"query-input":{"@type":"PropertyValueSpecification","valueRequired":true,"valueName":"search_term_string"}}],"inLanguage":"es"},{"@type":"Organization","@id":"https:\/\/www.billin.net\/blog\/#organization","name":"Billin","alternateName":"Blog de Billin","url":"https:\/\/www.billin.net\/blog\/","logo":{"@type":"ImageObject","inLanguage":"es","@id":"https:\/\/www.billin.net\/blog\/#\/schema\/logo\/image\/","url":"https:\/\/www.billin.net\/blog\/wp-content\/uploads\/2019\/06\/logotipo-billin-blog-1.png","contentUrl":"https:\/\/www.billin.net\/blog\/wp-content\/uploads\/2019\/06\/logotipo-billin-blog-1.png","width":126,"height":50,"caption":"Billin"},"image":{"@id":"https:\/\/www.billin.net\/blog\/#\/schema\/logo\/image\/"},"sameAs":["https:\/\/www.facebook.com\/EsBillin","https:\/\/x.com\/Billin_ES","https:\/\/www.instagram.com\/billin_es\/","https:\/\/www.linkedin.com\/company\/billin-spain","https:\/\/www.youtube.com\/c\/BillinEsintercambiodefacturas\/"],"legalName":"MY EXPENSES SL","contactPoint":{"@type":"ContactPoint","telephone":"+34918318883","contactType":"customer service","email":"info@billin.eu","availableLanguage":"es"},"foundingDate":"2015","numberOfEmployees":{"@type":"QuantitativeValue","minValue":10,"maxValue":50},"parentOrganization":{"@type":"Organization","name":"TeamSystem","url":"https:\/\/www.teamsystem.com\/"},"description":"Billin es el programa de facturaci\u00f3n online de TeamSystem para aut\u00f3nomos y pymes en Espa\u00f1a. Permite crear facturas, controlar gastos y cumplir con Verifactu.","address":{"@type":"PostalAddress","streetAddress":"Calle Arturo Soria, 336","addressLocality":"Madrid","addressRegion":"Madrid","postalCode":"28033","addressCountry":"ES"}},{"@type":"Person","@id":"https:\/\/www.billin.net\/blog\/#\/schema\/person\/d0339ee6e869234614541b1e80a793e7","name":"Marcos De La Cueva - CEO TeamSystem Facturas Billin","image":{"@type":"ImageObject","inLanguage":"es","@id":"https:\/\/www.billin.net\/blog\/#\/schema\/person\/image\/","url":"https:\/\/www.billin.net\/blog\/wp-content\/uploads\/2023\/10\/marcos-color-150x150.png","contentUrl":"https:\/\/www.billin.net\/blog\/wp-content\/uploads\/2023\/10\/marcos-color-150x150.png","caption":"Marcos De La Cueva - CEO TeamSystem Facturas Billin"},"description":"Licenciado en ADE por la Universidad Aut\u00f3noma de Madrid, Marcos De la Cueva es CEO y cofundador de TeamSystem Facturas Billin, un programa online que lleva m\u00e1s de 9 a\u00f1os ayudando a aut\u00f3nomos, peque\u00f1os negocios y gestor\u00edas a digitalizar sus presupuestos, facturas, tickets y gastos. \u00a0 Sobre Marcos De La Cueva \u00a0 Apasionado por el mundo empresarial y la tecnolog\u00eda, curs\u00f3 su M\u00e1ster de Finanzas en la Universidad Pontificia de Comillas y estuvo en el Programa de Cooperaci\u00f3n Educativa de la Universidad Aut\u00f3noma de Madrid. \u00a0 Marcos siempre ha tenido su objetivo claro: ayudar a la creaci\u00f3n de negocios financieramente sostenibles a trav\u00e9s de una herramienta de facturaci\u00f3n que les permita ahorrar tiempo y tener la contabilidad bajo control. \u00a0 Marcos De La Cueva en los medios \u2014 Noticia sobre Kit Digital y Ley Antifraude (VeriFactu) en El Economista. \u2014 Noticia sobre Kit Digital y factura electr\u00f3nica obligatoria en Diario Jur\u00eddico. \u2014 Noticia sobre el a\u00f1o de transici\u00f3n para la factura electr\u00f3nica en Muy Pymes. \u2014 Entrevista sobre factura electr\u00f3nica obligatoria en Canal Sur. \u2014 Noticia sobre el informe factura electr\u00f3nica de TeamSystem en Channel Partner. \u2014 Charla sobre productividad y Ley Crea y Crece en El Economista. \u2014 Charla sobre factura electr\u00f3nica obligatoria en Muy Pymes. \u2014 Charla sobre digitalizaci\u00f3n aut\u00f3nomos y productividad en esdiario. \u2014 Charla sobre productividad y factura electr\u00f3nica en La Raz\u00f3n. \u2014 Charla sobre factura electr\u00f3nica obligatoria en Aut\u00f3nomos y Emprendedores. \u2014 Entrevista sobre Ley Antifraude y Ley Crea y Crece en Expansi\u00f3n. \u2014 Entrevista sobre Ley Antifraude y Ley Crea y Crece en La Raz\u00f3n. \u2014 Entrevista sobre factura electr\u00f3nica obligatoria en El Economista. \u2014 Comunicado Billin y TeamSystem en Business Insider. \u2014 Entrevista en Econom\u00eda Digital. \u2014 Entrevista en Ideas para tu empresa de Vodafone. \u2014 Entrevista en M\u00e1sQradio. \u2014 Entrevista en Armas para emprender de El M\u00e9todo Gallardo. \u2014 Entrevista en KFund. \u2014 Entrevista en AXA Seguros Espa\u00f1a. \u2014 Entrevista en GestionaRadio. \u00a0 Marcos De La Cueva en eventos \u00a0 \u2014 Participaci\u00f3n como ponente en Accountex Espa\u00f1a 2023. \u00a0 Tem\u00e1ticas de especializaci\u00f3n \u00a0 negocios | startups | contabilidad| fiscalidad | empresas| asesor\u00edas| autonomos | emprendedores | peque\u00f1os negocios | econom\u00eda | ADE | pymes | desarrollo de negocio\u00a0","sameAs":["https:\/\/www.billin.net\/","https:\/\/www.linkedin.com\/in\/marcos-de-la-cueva-19750ba3\/"],"url":"https:\/\/www.billin.net\/blog\/author\/marcosdelacueva\/","jobTitle":"CEO y cofundador de TS Facturas Billin"}]}},"_links":{"self":[{"href":"https:\/\/www.billin.net\/blog\/wp-json\/wp\/v2\/posts\/10320","targetHints":{"allow":["GET"]}}],"collection":[{"href":"https:\/\/www.billin.net\/blog\/wp-json\/wp\/v2\/posts"}],"about":[{"href":"https:\/\/www.billin.net\/blog\/wp-json\/wp\/v2\/types\/post"}],"author":[{"embeddable":true,"href":"https:\/\/www.billin.net\/blog\/wp-json\/wp\/v2\/users\/20"}],"replies":[{"embeddable":true,"href":"https:\/\/www.billin.net\/blog\/wp-json\/wp\/v2\/comments?post=10320"}],"version-history":[{"count":16,"href":"https:\/\/www.billin.net\/blog\/wp-json\/wp\/v2\/posts\/10320\/revisions"}],"predecessor-version":[{"id":27896,"href":"https:\/\/www.billin.net\/blog\/wp-json\/wp\/v2\/posts\/10320\/revisions\/27896"}],"wp:featuredmedia":[{"embeddable":true,"href":"https:\/\/www.billin.net\/blog\/wp-json\/wp\/v2\/media\/4280"}],"wp:attachment":[{"href":"https:\/\/www.billin.net\/blog\/wp-json\/wp\/v2\/media?parent=10320"}],"wp:term":[{"taxonomy":"category","embeddable":true,"href":"https:\/\/www.billin.net\/blog\/wp-json\/wp\/v2\/categories?post=10320"},{"taxonomy":"post_tag","embeddable":true,"href":"https:\/\/www.billin.net\/blog\/wp-json\/wp\/v2\/tags?post=10320"}],"curies":[{"name":"wp","href":"https:\/\/api.w.org\/{rel}","templated":true}]}}