{"id":10302,"date":"2017-05-20T00:00:00","date_gmt":"2017-05-19T22:00:00","guid":{"rendered":"https:\/\/www.billin.net\/blog\/descubrir-vocacion-profesional\/"},"modified":"2025-09-25T21:04:27","modified_gmt":"2025-09-25T19:04:27","slug":"descubrir-vocacion-profesional","status":"publish","type":"post","link":"https:\/\/www.billin.net\/blog\/descubrir-vocacion-profesional\/","title":{"rendered":"\u00bfC\u00f3mo descubrir tu vocaci\u00f3n profesional a la hora de emprender?"},"content":{"rendered":"<p style=\"text-align: justify;\">En el desarrollo de nuestra vida diaria ser\u00e1 conveniente que tomemos conciencia de que una parte importante de nuestra vida diaria la estamos dedicando, o vamos a dedicar en el futuro, a la realizaci\u00f3n de una actividad profesional remunerada.<\/p>\n<p style=\"text-align: justify;\"><!--more--><\/p>\n<p style=\"text-align: justify;\">Por este motivo, es m\u00e1s importante de lo que parece a primera vista conseguir que esta actividad, a la que ofrecemos una parte tan importante de nuestro tiempo nos permita sentirnos felices y satisfechos.<\/p>\n<p style=\"text-align: justify;\">En este sentido, a pesar de que este razonamiento es bastante l\u00f3gico, no somos capaces de definir con claridad cu\u00e1l es nuestra vocaci\u00f3n profesional, ya que su detecci\u00f3n implica la necesidad de llevar a cabo una reflexi\u00f3n vital sobre cu\u00e1les son realmente nuestras inquietudes y motivaciones a corto, medio y largo plazo.<\/p>\n<p style=\"text-align: justify;\">Por eso, hoy queremos aprovechar el espacio que nos concede este blog para ofrecerte una serie de cuestiones dirigidas a facilitarte la identificaci\u00f3n de aquellos \u00e1mbitos que constituyen para ti una verdadera vocaci\u00f3n profesional, con el fin de que puedas decidir si merece la pena reenfocar tu trayectoria profesional hacia estas actividades o si, al menos, pueden servirte para dedicarles una parte de tu tiempo libre, y as\u00ed conseguir una mayor desconexi\u00f3n de los elementos que conforman tu rutina diaria.<\/p>\n<p style=\"text-align: justify;\">En l\u00edneas generales, si est\u00e1s interesado en descubrir tu verdadera vocaci\u00f3n profesional ser\u00e1 necesario que te hagas a ti mismo las preguntas que te ofrecemos a continuaci\u00f3n.<\/p>\n<h2 style=\"text-align: left;\">\u00bfQu\u00e9 es lo que m\u00e1s te gusta hacer?<\/h2>\n<p style=\"text-align: justify;\">Para identificar tu vocaci\u00f3n profesional, el primer paso a seguir deber\u00e1 estar relacionado con que reflexiones sobre aquellas actividades cuya ejecuci\u00f3n te suponga una mayor satisfacci\u00f3n personal en s\u00ed mismas, incluso cuando no obtienes una contraprestaci\u00f3n econ\u00f3mica a cambio.<\/p>\n<p style=\"text-align: justify;\">Responder a esta pregunta ser\u00e1 de gran utilidad para conocer el \u00e1mbito al que realmente te gustar\u00eda enfocar tu vida y, a\u00fan m\u00e1s, en el que presentas una mayor autoconfianza y capacidad de superaci\u00f3n frente a los obst\u00e1culos que se puedan presentar.<\/p>\n<p style=\"text-align: justify;\">\n<h2 style=\"text-align: left;\">\u00bfEn qu\u00e9 \u00e1mbitos consideran los dem\u00e1s que tienes un don?<\/h2>\n<p style=\"text-align: justify;\">Una vez hayas dado respuesta a la cuesti\u00f3n anterior, ser\u00e1 el momento de preguntar a las personas que conforman tu entorno de confianza sobre aquellas actividades en las que ellos piensan que eres realmente bueno, destacando por encima de los dem\u00e1s.<\/p>\n<p style=\"text-align: justify;\">Esta medida te ofrecer\u00e1 una informaci\u00f3n de gran valor para la detecci\u00f3n de tu verdadera vocaci\u00f3n profesional, ya que obtendr\u00e1s un cierto toque realista que complemente tu visi\u00f3n idealista de la vida, porque los que se encuentran a nuestro alrededor perciben determinados aspectos sobre tu personalidad que t\u00fa no eres capaz de identificar por ti mismo.<\/p>\n<h2 style=\"text-align: left;\">\u00bfQu\u00e9 te gustar\u00eda hacer o experimentar en el futuro?<\/h2>\n<p style=\"text-align: justify;\">Como \u00faltimo paso para conocer tu vocaci\u00f3n profesional, ser\u00e1 conveniente que reflexiones sobre las metas y objetivos que te gustar\u00eda alcanzar a medio y largo plazo, ya que este aspecto ser\u00e1 muy \u00fatil para establecer las acciones concretas que te llevar\u00e1n a conseguirlos.<\/p>\n","protected":false},"excerpt":{"rendered":"<p>En el desarrollo de nuestra vida diaria ser\u00e1 conveniente que tomemos conciencia de que una parte importante de nuestra vida diaria la estamos dedicando, o vamos a dedicar en el futuro, a la realizaci\u00f3n de una actividad profesional remunerada.<\/p>\n","protected":false},"author":20,"featured_media":4220,"comment_status":"open","ping_status":"open","sticky":false,"template":"","format":"standard","meta":{"_acf_changed":false,"_et_pb_use_builder":"","_et_pb_old_content":"","_et_gb_content_width":"","om_disable_all_campaigns":false,"inline_featured_image":false,"footnotes":""},"categories":[1023],"tags":[],"class_list":{"0":"post-10302","1":"post","2":"type-post","3":"status-publish","4":"format-standard","5":"has-post-thumbnail","7":"category-negocios"},"acf":{"selector_de_usuario":null,"fecha_de_revision":"20190212"},"yoast_head":"<!-- This site is optimized with the Yoast SEO plugin v27.1 - https:\/\/yoast.com\/product\/yoast-seo-wordpress\/ -->\n<title>Descubre tu vocaci\u00f3n profesional a la hora de emprender | TeamSystem Facturas Billin<\/title>\n<meta name=\"description\" content=\"Para descubrir tu verdadera vocaci\u00f3n profesional, desde TeamSystem Facturas Billin te recomendamos que te plantees las tres cuestiones que te mostramos a continuaci\u00f3n.\" \/>\n<meta name=\"robots\" content=\"index, follow, max-snippet:-1, max-image-preview:large, max-video-preview:-1\" \/>\n<link rel=\"canonical\" href=\"https:\/\/www.billin.net\/blog\/descubrir-vocacion-profesional\/\" \/>\n<meta property=\"og:locale\" content=\"es_ES\" \/>\n<meta property=\"og:type\" content=\"article\" \/>\n<meta property=\"og:title\" content=\"Descubre tu vocaci\u00f3n profesional a la hora de emprender | TeamSystem Facturas Billin\" \/>\n<meta property=\"og:description\" content=\"Para descubrir tu verdadera vocaci\u00f3n profesional, desde TeamSystem Facturas Billin te recomendamos que te plantees las tres cuestiones que te mostramos a continuaci\u00f3n.\" \/>\n<meta property=\"og:url\" content=\"https:\/\/www.billin.net\/blog\/descubrir-vocacion-profesional\/\" \/>\n<meta property=\"og:site_name\" content=\"Blog de TeamSystem Facturas Billin\" \/>\n<meta property=\"article:publisher\" content=\"https:\/\/www.facebook.com\/EsBillin\" \/>\n<meta property=\"article:published_time\" content=\"2017-05-19T22:00:00+00:00\" \/>\n<meta property=\"article:modified_time\" content=\"2025-09-25T19:04:27+00:00\" \/>\n<meta property=\"og:image\" content=\"https:\/\/www.billin.net\/blog\/wp-content\/uploads\/2017\/06\/exito-como-emprendedor-billin-imagen-16.3.1.jpg\" \/>\n\t<meta property=\"og:image:width\" content=\"1000\" \/>\n\t<meta property=\"og:image:height\" content=\"667\" \/>\n\t<meta property=\"og:image:type\" content=\"image\/jpeg\" \/>\n<meta name=\"author\" content=\"Marcos De La Cueva - CEO TeamSystem Facturas Billin\" \/>\n<meta name=\"twitter:card\" content=\"summary_large_image\" \/>\n<meta name=\"twitter:creator\" content=\"@Billin_ES\" \/>\n<meta name=\"twitter:site\" content=\"@Billin_ES\" \/>\n<meta name=\"twitter:label1\" content=\"Escrito por\" \/>\n\t<meta name=\"twitter:data1\" content=\"Marcos De La Cueva - CEO TeamSystem Facturas Billin\" \/>\n\t<meta name=\"twitter:label2\" content=\"Tiempo de lectura\" \/>\n\t<meta name=\"twitter:data2\" content=\"3 minutos\" \/>\n<script type=\"application\/ld+json\" class=\"yoast-schema-graph\">{\"@context\":\"https:\/\/schema.org\",\"@graph\":[{\"@type\":\"Article\",\"@id\":\"https:\/\/www.billin.net\/blog\/descubrir-vocacion-profesional\/#article\",\"isPartOf\":{\"@id\":\"https:\/\/www.billin.net\/blog\/descubrir-vocacion-profesional\/\"},\"author\":{\"name\":\"Marcos De La Cueva - CEO TeamSystem Facturas Billin\",\"@id\":\"https:\/\/www.billin.net\/blog\/#\/schema\/person\/d0339ee6e869234614541b1e80a793e7\"},\"headline\":\"\u00bfC\u00f3mo descubrir tu vocaci\u00f3n profesional a la hora de emprender?\",\"datePublished\":\"2017-05-19T22:00:00+00:00\",\"dateModified\":\"2025-09-25T19:04:27+00:00\",\"mainEntityOfPage\":{\"@id\":\"https:\/\/www.billin.net\/blog\/descubrir-vocacion-profesional\/\"},\"wordCount\":530,\"commentCount\":0,\"publisher\":{\"@id\":\"https:\/\/www.billin.net\/blog\/#organization\"},\"image\":{\"@id\":\"https:\/\/www.billin.net\/blog\/descubrir-vocacion-profesional\/#primaryimage\"},\"thumbnailUrl\":\"https:\/\/www.billin.net\/blog\/wp-content\/uploads\/2017\/06\/exito-como-emprendedor-billin-imagen-16.3.1.jpg\",\"articleSection\":[\"Negocios\"],\"inLanguage\":\"es\",\"potentialAction\":[{\"@type\":\"CommentAction\",\"name\":\"Comment\",\"target\":[\"https:\/\/www.billin.net\/blog\/descubrir-vocacion-profesional\/#respond\"]}]},{\"@type\":\"WebPage\",\"@id\":\"https:\/\/www.billin.net\/blog\/descubrir-vocacion-profesional\/\",\"url\":\"https:\/\/www.billin.net\/blog\/descubrir-vocacion-profesional\/\",\"name\":\"Descubre tu vocaci\u00f3n profesional a la hora de emprender | TeamSystem Facturas Billin\",\"isPartOf\":{\"@id\":\"https:\/\/www.billin.net\/blog\/#website\"},\"primaryImageOfPage\":{\"@id\":\"https:\/\/www.billin.net\/blog\/descubrir-vocacion-profesional\/#primaryimage\"},\"image\":{\"@id\":\"https:\/\/www.billin.net\/blog\/descubrir-vocacion-profesional\/#primaryimage\"},\"thumbnailUrl\":\"https:\/\/www.billin.net\/blog\/wp-content\/uploads\/2017\/06\/exito-como-emprendedor-billin-imagen-16.3.1.jpg\",\"datePublished\":\"2017-05-19T22:00:00+00:00\",\"dateModified\":\"2025-09-25T19:04:27+00:00\",\"description\":\"Para descubrir tu verdadera vocaci\u00f3n profesional, desde TeamSystem Facturas Billin te recomendamos que te plantees las tres cuestiones que te mostramos a continuaci\u00f3n.\",\"breadcrumb\":{\"@id\":\"https:\/\/www.billin.net\/blog\/descubrir-vocacion-profesional\/#breadcrumb\"},\"inLanguage\":\"es\",\"potentialAction\":[{\"@type\":\"ReadAction\",\"target\":[\"https:\/\/www.billin.net\/blog\/descubrir-vocacion-profesional\/\"]}]},{\"@type\":\"ImageObject\",\"inLanguage\":\"es\",\"@id\":\"https:\/\/www.billin.net\/blog\/descubrir-vocacion-profesional\/#primaryimage\",\"url\":\"https:\/\/www.billin.net\/blog\/wp-content\/uploads\/2017\/06\/exito-como-emprendedor-billin-imagen-16.3.1.jpg\",\"contentUrl\":\"https:\/\/www.billin.net\/blog\/wp-content\/uploads\/2017\/06\/exito-como-emprendedor-billin-imagen-16.3.1.jpg\",\"width\":1000,\"height\":667},{\"@type\":\"BreadcrumbList\",\"@id\":\"https:\/\/www.billin.net\/blog\/descubrir-vocacion-profesional\/#breadcrumb\",\"itemListElement\":[{\"@type\":\"ListItem\",\"position\":1,\"name\":\"Blog\",\"item\":\"https:\/\/www.billin.net\/blog\/\"},{\"@type\":\"ListItem\",\"position\":2,\"name\":\"Negocios\",\"item\":\"https:\/\/www.billin.net\/blog\/negocios\/\"},{\"@type\":\"ListItem\",\"position\":3,\"name\":\"\u00bfC\u00f3mo descubrir tu vocaci\u00f3n profesional a la hora de emprender?\"}]},{\"@type\":\"WebSite\",\"@id\":\"https:\/\/www.billin.net\/blog\/#website\",\"url\":\"https:\/\/www.billin.net\/blog\/\",\"name\":\"Blog de Billin\",\"description\":\"Mantente informado con el blog de TeamSystem Facturas Billin:  facturaci\u00f3n, legislaci\u00f3n, contabilidad, management y toda la informaci\u00f3n \u00fatil para pymes y aut\u00f3nomos.\",\"publisher\":{\"@id\":\"https:\/\/www.billin.net\/blog\/#organization\"},\"potentialAction\":[{\"@type\":\"SearchAction\",\"target\":{\"@type\":\"EntryPoint\",\"urlTemplate\":\"https:\/\/www.billin.net\/blog\/?s={search_term_string}\"},\"query-input\":{\"@type\":\"PropertyValueSpecification\",\"valueRequired\":true,\"valueName\":\"search_term_string\"}}],\"inLanguage\":\"es\"},{\"@type\":\"Organization\",\"@id\":\"https:\/\/www.billin.net\/blog\/#organization\",\"name\":\"Billin\",\"alternateName\":\"Blog de Billin\",\"url\":\"https:\/\/www.billin.net\/blog\/\",\"logo\":{\"@type\":\"ImageObject\",\"inLanguage\":\"es\",\"@id\":\"https:\/\/www.billin.net\/blog\/#\/schema\/logo\/image\/\",\"url\":\"https:\/\/www.billin.net\/blog\/wp-content\/uploads\/2019\/06\/logotipo-billin-blog-1.png\",\"contentUrl\":\"https:\/\/www.billin.net\/blog\/wp-content\/uploads\/2019\/06\/logotipo-billin-blog-1.png\",\"width\":126,\"height\":50,\"caption\":\"Billin\"},\"image\":{\"@id\":\"https:\/\/www.billin.net\/blog\/#\/schema\/logo\/image\/\"},\"sameAs\":[\"https:\/\/www.facebook.com\/EsBillin\",\"https:\/\/x.com\/Billin_ES\",\"https:\/\/www.instagram.com\/billin_es\/\",\"https:\/\/www.linkedin.com\/company\/billin-spain\",\"https:\/\/www.youtube.com\/c\/BillinEsintercambiodefacturas\/\"],\"legalName\":\"MY EXPENSES SL\",\"contactPoint\":{\"@type\":\"ContactPoint\",\"telephone\":\"+34918318883\",\"contactType\":\"customer service\",\"email\":\"info@billin.eu\",\"availableLanguage\":\"es\"},\"foundingDate\":\"2015\",\"numberOfEmployees\":{\"@type\":\"QuantitativeValue\",\"minValue\":10,\"maxValue\":50},\"parentOrganization\":{\"@type\":\"Organization\",\"name\":\"TeamSystem\",\"url\":\"https:\/\/www.teamsystem.com\/\"},\"description\":\"Billin es el programa de facturaci\u00f3n online de TeamSystem para aut\u00f3nomos y pymes en Espa\u00f1a. Permite crear facturas, controlar gastos y cumplir con Verifactu.\",\"address\":{\"@type\":\"PostalAddress\",\"streetAddress\":\"Calle Arturo Soria, 336\",\"addressLocality\":\"Madrid\",\"addressRegion\":\"Madrid\",\"postalCode\":\"28033\",\"addressCountry\":\"ES\"}},{\"@type\":\"Person\",\"@id\":\"https:\/\/www.billin.net\/blog\/#\/schema\/person\/d0339ee6e869234614541b1e80a793e7\",\"name\":\"Marcos De La Cueva - CEO TeamSystem Facturas Billin\",\"image\":{\"@type\":\"ImageObject\",\"inLanguage\":\"es\",\"@id\":\"https:\/\/www.billin.net\/blog\/#\/schema\/person\/image\/\",\"url\":\"https:\/\/www.billin.net\/blog\/wp-content\/uploads\/2023\/10\/marcos-color-150x150.png\",\"contentUrl\":\"https:\/\/www.billin.net\/blog\/wp-content\/uploads\/2023\/10\/marcos-color-150x150.png\",\"caption\":\"Marcos De La Cueva - CEO TeamSystem Facturas Billin\"},\"description\":\"Licenciado en ADE por la Universidad Aut\u00f3noma de Madrid, Marcos De la Cueva es CEO y cofundador de TeamSystem Facturas Billin, un programa online que lleva m\u00e1s de 9 a\u00f1os ayudando a aut\u00f3nomos, peque\u00f1os negocios y gestor\u00edas a digitalizar sus presupuestos, facturas, tickets y gastos. \u00a0 Sobre Marcos De La Cueva \u00a0 Apasionado por el mundo empresarial y la tecnolog\u00eda, curs\u00f3 su M\u00e1ster de Finanzas en la Universidad Pontificia de Comillas y estuvo en el Programa de Cooperaci\u00f3n Educativa de la Universidad Aut\u00f3noma de Madrid. \u00a0 Marcos siempre ha tenido su objetivo claro: ayudar a la creaci\u00f3n de negocios financieramente sostenibles a trav\u00e9s de una herramienta de facturaci\u00f3n que les permita ahorrar tiempo y tener la contabilidad bajo control. \u00a0 Marcos De La Cueva en los medios \u2014 Noticia sobre Kit Digital y Ley Antifraude (VeriFactu) en El Economista. \u2014 Noticia sobre Kit Digital y factura electr\u00f3nica obligatoria en Diario Jur\u00eddico. \u2014 Noticia sobre el a\u00f1o de transici\u00f3n para la factura electr\u00f3nica en Muy Pymes. \u2014 Entrevista sobre factura electr\u00f3nica obligatoria en Canal Sur. \u2014 Noticia sobre el informe factura electr\u00f3nica de TeamSystem en Channel Partner. \u2014 Charla sobre productividad y Ley Crea y Crece en El Economista. \u2014 Charla sobre factura electr\u00f3nica obligatoria en Muy Pymes. \u2014 Charla sobre digitalizaci\u00f3n aut\u00f3nomos y productividad en esdiario. \u2014 Charla sobre productividad y factura electr\u00f3nica en La Raz\u00f3n. \u2014 Charla sobre factura electr\u00f3nica obligatoria en Aut\u00f3nomos y Emprendedores. \u2014 Entrevista sobre Ley Antifraude y Ley Crea y Crece en Expansi\u00f3n. \u2014 Entrevista sobre Ley Antifraude y Ley Crea y Crece en La Raz\u00f3n. \u2014 Entrevista sobre factura electr\u00f3nica obligatoria en El Economista. \u2014 Comunicado Billin y TeamSystem en Business Insider. \u2014 Entrevista en Econom\u00eda Digital. \u2014 Entrevista en Ideas para tu empresa de Vodafone. \u2014 Entrevista en M\u00e1sQradio. \u2014 Entrevista en Armas para emprender de El M\u00e9todo Gallardo. \u2014 Entrevista en KFund. \u2014 Entrevista en AXA Seguros Espa\u00f1a. \u2014 Entrevista en GestionaRadio. \u00a0 Marcos De La Cueva en eventos \u00a0 \u2014 Participaci\u00f3n como ponente en Accountex Espa\u00f1a 2023. \u00a0 Tem\u00e1ticas de especializaci\u00f3n \u00a0 negocios | startups | contabilidad| fiscalidad | empresas| asesor\u00edas| autonomos | emprendedores | peque\u00f1os negocios | econom\u00eda | ADE | pymes | desarrollo de negocio\u00a0\",\"sameAs\":[\"https:\/\/www.billin.net\/\",\"https:\/\/www.linkedin.com\/in\/marcos-de-la-cueva-19750ba3\/\"],\"url\":\"https:\/\/www.billin.net\/blog\/author\/marcosdelacueva\/\",\"jobTitle\":\"CEO y cofundador de TS Facturas Billin\"}]}<\/script>\n<!-- \/ Yoast SEO plugin. -->","yoast_head_json":{"title":"Descubre tu vocaci\u00f3n profesional a la hora de emprender | TeamSystem Facturas Billin","description":"Para descubrir tu verdadera vocaci\u00f3n profesional, desde TeamSystem Facturas Billin te recomendamos que te plantees las tres cuestiones que te mostramos a continuaci\u00f3n.","robots":{"index":"index","follow":"follow","max-snippet":"max-snippet:-1","max-image-preview":"max-image-preview:large","max-video-preview":"max-video-preview:-1"},"canonical":"https:\/\/www.billin.net\/blog\/descubrir-vocacion-profesional\/","og_locale":"es_ES","og_type":"article","og_title":"Descubre tu vocaci\u00f3n profesional a la hora de emprender | TeamSystem Facturas Billin","og_description":"Para descubrir tu verdadera vocaci\u00f3n profesional, desde TeamSystem Facturas Billin te recomendamos que te plantees las tres cuestiones que te mostramos a continuaci\u00f3n.","og_url":"https:\/\/www.billin.net\/blog\/descubrir-vocacion-profesional\/","og_site_name":"Blog de TeamSystem Facturas Billin","article_publisher":"https:\/\/www.facebook.com\/EsBillin","article_published_time":"2017-05-19T22:00:00+00:00","article_modified_time":"2025-09-25T19:04:27+00:00","og_image":[{"width":1000,"height":667,"url":"https:\/\/www.billin.net\/blog\/wp-content\/uploads\/2017\/06\/exito-como-emprendedor-billin-imagen-16.3.1.jpg","type":"image\/jpeg"}],"author":"Marcos De La Cueva - CEO TeamSystem Facturas Billin","twitter_card":"summary_large_image","twitter_creator":"@Billin_ES","twitter_site":"@Billin_ES","twitter_misc":{"Escrito por":"Marcos De La Cueva - CEO TeamSystem Facturas Billin","Tiempo de lectura":"3 minutos"},"schema":{"@context":"https:\/\/schema.org","@graph":[{"@type":"Article","@id":"https:\/\/www.billin.net\/blog\/descubrir-vocacion-profesional\/#article","isPartOf":{"@id":"https:\/\/www.billin.net\/blog\/descubrir-vocacion-profesional\/"},"author":{"name":"Marcos De La Cueva - CEO TeamSystem Facturas Billin","@id":"https:\/\/www.billin.net\/blog\/#\/schema\/person\/d0339ee6e869234614541b1e80a793e7"},"headline":"\u00bfC\u00f3mo descubrir tu vocaci\u00f3n profesional a la hora de emprender?","datePublished":"2017-05-19T22:00:00+00:00","dateModified":"2025-09-25T19:04:27+00:00","mainEntityOfPage":{"@id":"https:\/\/www.billin.net\/blog\/descubrir-vocacion-profesional\/"},"wordCount":530,"commentCount":0,"publisher":{"@id":"https:\/\/www.billin.net\/blog\/#organization"},"image":{"@id":"https:\/\/www.billin.net\/blog\/descubrir-vocacion-profesional\/#primaryimage"},"thumbnailUrl":"https:\/\/www.billin.net\/blog\/wp-content\/uploads\/2017\/06\/exito-como-emprendedor-billin-imagen-16.3.1.jpg","articleSection":["Negocios"],"inLanguage":"es","potentialAction":[{"@type":"CommentAction","name":"Comment","target":["https:\/\/www.billin.net\/blog\/descubrir-vocacion-profesional\/#respond"]}]},{"@type":"WebPage","@id":"https:\/\/www.billin.net\/blog\/descubrir-vocacion-profesional\/","url":"https:\/\/www.billin.net\/blog\/descubrir-vocacion-profesional\/","name":"Descubre tu vocaci\u00f3n profesional a la hora de emprender | TeamSystem Facturas Billin","isPartOf":{"@id":"https:\/\/www.billin.net\/blog\/#website"},"primaryImageOfPage":{"@id":"https:\/\/www.billin.net\/blog\/descubrir-vocacion-profesional\/#primaryimage"},"image":{"@id":"https:\/\/www.billin.net\/blog\/descubrir-vocacion-profesional\/#primaryimage"},"thumbnailUrl":"https:\/\/www.billin.net\/blog\/wp-content\/uploads\/2017\/06\/exito-como-emprendedor-billin-imagen-16.3.1.jpg","datePublished":"2017-05-19T22:00:00+00:00","dateModified":"2025-09-25T19:04:27+00:00","description":"Para descubrir tu verdadera vocaci\u00f3n profesional, desde TeamSystem Facturas Billin te recomendamos que te plantees las tres cuestiones que te mostramos a continuaci\u00f3n.","breadcrumb":{"@id":"https:\/\/www.billin.net\/blog\/descubrir-vocacion-profesional\/#breadcrumb"},"inLanguage":"es","potentialAction":[{"@type":"ReadAction","target":["https:\/\/www.billin.net\/blog\/descubrir-vocacion-profesional\/"]}]},{"@type":"ImageObject","inLanguage":"es","@id":"https:\/\/www.billin.net\/blog\/descubrir-vocacion-profesional\/#primaryimage","url":"https:\/\/www.billin.net\/blog\/wp-content\/uploads\/2017\/06\/exito-como-emprendedor-billin-imagen-16.3.1.jpg","contentUrl":"https:\/\/www.billin.net\/blog\/wp-content\/uploads\/2017\/06\/exito-como-emprendedor-billin-imagen-16.3.1.jpg","width":1000,"height":667},{"@type":"BreadcrumbList","@id":"https:\/\/www.billin.net\/blog\/descubrir-vocacion-profesional\/#breadcrumb","itemListElement":[{"@type":"ListItem","position":1,"name":"Blog","item":"https:\/\/www.billin.net\/blog\/"},{"@type":"ListItem","position":2,"name":"Negocios","item":"https:\/\/www.billin.net\/blog\/negocios\/"},{"@type":"ListItem","position":3,"name":"\u00bfC\u00f3mo descubrir tu vocaci\u00f3n profesional a la hora de emprender?"}]},{"@type":"WebSite","@id":"https:\/\/www.billin.net\/blog\/#website","url":"https:\/\/www.billin.net\/blog\/","name":"Blog de Billin","description":"Mantente informado con el blog de TeamSystem Facturas Billin:  facturaci\u00f3n, legislaci\u00f3n, contabilidad, management y toda la informaci\u00f3n \u00fatil para pymes y aut\u00f3nomos.","publisher":{"@id":"https:\/\/www.billin.net\/blog\/#organization"},"potentialAction":[{"@type":"SearchAction","target":{"@type":"EntryPoint","urlTemplate":"https:\/\/www.billin.net\/blog\/?s={search_term_string}"},"query-input":{"@type":"PropertyValueSpecification","valueRequired":true,"valueName":"search_term_string"}}],"inLanguage":"es"},{"@type":"Organization","@id":"https:\/\/www.billin.net\/blog\/#organization","name":"Billin","alternateName":"Blog de Billin","url":"https:\/\/www.billin.net\/blog\/","logo":{"@type":"ImageObject","inLanguage":"es","@id":"https:\/\/www.billin.net\/blog\/#\/schema\/logo\/image\/","url":"https:\/\/www.billin.net\/blog\/wp-content\/uploads\/2019\/06\/logotipo-billin-blog-1.png","contentUrl":"https:\/\/www.billin.net\/blog\/wp-content\/uploads\/2019\/06\/logotipo-billin-blog-1.png","width":126,"height":50,"caption":"Billin"},"image":{"@id":"https:\/\/www.billin.net\/blog\/#\/schema\/logo\/image\/"},"sameAs":["https:\/\/www.facebook.com\/EsBillin","https:\/\/x.com\/Billin_ES","https:\/\/www.instagram.com\/billin_es\/","https:\/\/www.linkedin.com\/company\/billin-spain","https:\/\/www.youtube.com\/c\/BillinEsintercambiodefacturas\/"],"legalName":"MY EXPENSES SL","contactPoint":{"@type":"ContactPoint","telephone":"+34918318883","contactType":"customer service","email":"info@billin.eu","availableLanguage":"es"},"foundingDate":"2015","numberOfEmployees":{"@type":"QuantitativeValue","minValue":10,"maxValue":50},"parentOrganization":{"@type":"Organization","name":"TeamSystem","url":"https:\/\/www.teamsystem.com\/"},"description":"Billin es el programa de facturaci\u00f3n online de TeamSystem para aut\u00f3nomos y pymes en Espa\u00f1a. Permite crear facturas, controlar gastos y cumplir con Verifactu.","address":{"@type":"PostalAddress","streetAddress":"Calle Arturo Soria, 336","addressLocality":"Madrid","addressRegion":"Madrid","postalCode":"28033","addressCountry":"ES"}},{"@type":"Person","@id":"https:\/\/www.billin.net\/blog\/#\/schema\/person\/d0339ee6e869234614541b1e80a793e7","name":"Marcos De La Cueva - CEO TeamSystem Facturas Billin","image":{"@type":"ImageObject","inLanguage":"es","@id":"https:\/\/www.billin.net\/blog\/#\/schema\/person\/image\/","url":"https:\/\/www.billin.net\/blog\/wp-content\/uploads\/2023\/10\/marcos-color-150x150.png","contentUrl":"https:\/\/www.billin.net\/blog\/wp-content\/uploads\/2023\/10\/marcos-color-150x150.png","caption":"Marcos De La Cueva - CEO TeamSystem Facturas Billin"},"description":"Licenciado en ADE por la Universidad Aut\u00f3noma de Madrid, Marcos De la Cueva es CEO y cofundador de TeamSystem Facturas Billin, un programa online que lleva m\u00e1s de 9 a\u00f1os ayudando a aut\u00f3nomos, peque\u00f1os negocios y gestor\u00edas a digitalizar sus presupuestos, facturas, tickets y gastos. \u00a0 Sobre Marcos De La Cueva \u00a0 Apasionado por el mundo empresarial y la tecnolog\u00eda, curs\u00f3 su M\u00e1ster de Finanzas en la Universidad Pontificia de Comillas y estuvo en el Programa de Cooperaci\u00f3n Educativa de la Universidad Aut\u00f3noma de Madrid. \u00a0 Marcos siempre ha tenido su objetivo claro: ayudar a la creaci\u00f3n de negocios financieramente sostenibles a trav\u00e9s de una herramienta de facturaci\u00f3n que les permita ahorrar tiempo y tener la contabilidad bajo control. \u00a0 Marcos De La Cueva en los medios \u2014 Noticia sobre Kit Digital y Ley Antifraude (VeriFactu) en El Economista. \u2014 Noticia sobre Kit Digital y factura electr\u00f3nica obligatoria en Diario Jur\u00eddico. \u2014 Noticia sobre el a\u00f1o de transici\u00f3n para la factura electr\u00f3nica en Muy Pymes. \u2014 Entrevista sobre factura electr\u00f3nica obligatoria en Canal Sur. \u2014 Noticia sobre el informe factura electr\u00f3nica de TeamSystem en Channel Partner. \u2014 Charla sobre productividad y Ley Crea y Crece en El Economista. \u2014 Charla sobre factura electr\u00f3nica obligatoria en Muy Pymes. \u2014 Charla sobre digitalizaci\u00f3n aut\u00f3nomos y productividad en esdiario. \u2014 Charla sobre productividad y factura electr\u00f3nica en La Raz\u00f3n. \u2014 Charla sobre factura electr\u00f3nica obligatoria en Aut\u00f3nomos y Emprendedores. \u2014 Entrevista sobre Ley Antifraude y Ley Crea y Crece en Expansi\u00f3n. \u2014 Entrevista sobre Ley Antifraude y Ley Crea y Crece en La Raz\u00f3n. \u2014 Entrevista sobre factura electr\u00f3nica obligatoria en El Economista. \u2014 Comunicado Billin y TeamSystem en Business Insider. \u2014 Entrevista en Econom\u00eda Digital. \u2014 Entrevista en Ideas para tu empresa de Vodafone. \u2014 Entrevista en M\u00e1sQradio. \u2014 Entrevista en Armas para emprender de El M\u00e9todo Gallardo. \u2014 Entrevista en KFund. \u2014 Entrevista en AXA Seguros Espa\u00f1a. \u2014 Entrevista en GestionaRadio. \u00a0 Marcos De La Cueva en eventos \u00a0 \u2014 Participaci\u00f3n como ponente en Accountex Espa\u00f1a 2023. \u00a0 Tem\u00e1ticas de especializaci\u00f3n \u00a0 negocios | startups | contabilidad| fiscalidad | empresas| asesor\u00edas| autonomos | emprendedores | peque\u00f1os negocios | econom\u00eda | ADE | pymes | desarrollo de negocio\u00a0","sameAs":["https:\/\/www.billin.net\/","https:\/\/www.linkedin.com\/in\/marcos-de-la-cueva-19750ba3\/"],"url":"https:\/\/www.billin.net\/blog\/author\/marcosdelacueva\/","jobTitle":"CEO y cofundador de TS Facturas Billin"}]}},"_links":{"self":[{"href":"https:\/\/www.billin.net\/blog\/wp-json\/wp\/v2\/posts\/10302","targetHints":{"allow":["GET"]}}],"collection":[{"href":"https:\/\/www.billin.net\/blog\/wp-json\/wp\/v2\/posts"}],"about":[{"href":"https:\/\/www.billin.net\/blog\/wp-json\/wp\/v2\/types\/post"}],"author":[{"embeddable":true,"href":"https:\/\/www.billin.net\/blog\/wp-json\/wp\/v2\/users\/20"}],"replies":[{"embeddable":true,"href":"https:\/\/www.billin.net\/blog\/wp-json\/wp\/v2\/comments?post=10302"}],"version-history":[{"count":4,"href":"https:\/\/www.billin.net\/blog\/wp-json\/wp\/v2\/posts\/10302\/revisions"}],"predecessor-version":[{"id":27569,"href":"https:\/\/www.billin.net\/blog\/wp-json\/wp\/v2\/posts\/10302\/revisions\/27569"}],"wp:featuredmedia":[{"embeddable":true,"href":"https:\/\/www.billin.net\/blog\/wp-json\/wp\/v2\/media\/4220"}],"wp:attachment":[{"href":"https:\/\/www.billin.net\/blog\/wp-json\/wp\/v2\/media?parent=10302"}],"wp:term":[{"taxonomy":"category","embeddable":true,"href":"https:\/\/www.billin.net\/blog\/wp-json\/wp\/v2\/categories?post=10302"},{"taxonomy":"post_tag","embeddable":true,"href":"https:\/\/www.billin.net\/blog\/wp-json\/wp\/v2\/tags?post=10302"}],"curies":[{"name":"wp","href":"https:\/\/api.w.org\/{rel}","templated":true}]}}