{"id":10298,"date":"2017-05-23T00:00:00","date_gmt":"2017-05-22T22:00:00","guid":{"rendered":"https:\/\/www.billin.net\/blog\/incrementar-motivacion-trabajadores-pyme\/"},"modified":"2025-09-25T21:04:23","modified_gmt":"2025-09-25T19:04:23","slug":"incrementar-motivacion-trabajadores-pyme","status":"publish","type":"post","link":"https:\/\/www.billin.net\/blog\/incrementar-motivacion-trabajadores-pyme\/","title":{"rendered":"Medidas \u00fatiles para incrementar la motivaci\u00f3n de los trabajadores de tu pyme"},"content":{"rendered":"<p style=\"text-align: justify;\">Aunque a simple vista pueda parecer algo sumamente obvio, es bastante habitual que nos olvidemos del protagonismo fundamental que tiene la motivaci\u00f3n de nuestros trabajadores en relaci\u00f3n a su nivel de productividad en el desarrollo de sus tareas.<\/p>\n<p style=\"text-align: justify;\"><!--more--><\/p>\n<p style=\"text-align: justify;\">En este sentido, debemos ser conscientes de que, para cualquier trabajador, el desarrollo de su jornada laboral supone la asunci\u00f3n de un n\u00famero de retos e imprevistos a los que deber\u00e1 enfrentarse a diario, y en los que lo ideal ser\u00e1 afrontarlos con los m\u00e1ximos niveles de motivaci\u00f3n, ya que esta ejercer\u00e1 como motor para la superaci\u00f3n de las dificultades y la b\u00fasqueda de soluciones que contribuyan a la consecuci\u00f3n de los objetivos estrat\u00e9gicos y operativos planteados para toda la organizaci\u00f3n en su conjunto.<\/p>\n<p style=\"text-align: justify;\">Por este motivo, hoy hemos decidido llevar a cabo un repaso de las diferentes medidas que puedes poner en marcha dentro de tu pyme para fomentar el incremento de la motivaci\u00f3n de tus trabajadores, con el fin de ofrecerte las herramientas necesarias para analizar si actualmente se est\u00e1n desarrollando de una forma efectiva dentro de tu empresa y, en caso contrario, puedas plantearte qu\u00e9 acciones son las m\u00e1s recomendables para su desarrollo.<\/p>\n<h2 style=\"text-align: left;\">Motivaci\u00f3n a trav\u00e9s de la implicaci\u00f3n con los objetivos<\/h2>\n<p style=\"text-align: justify;\">Contribuye diariamente a conseguir mejorar la integraci\u00f3n e implicaci\u00f3n de cada uno de los trabajadores que conforman tu empresa con la filosof\u00eda y los objetivos de la organizaci\u00f3n.<\/p>\n<p style=\"text-align: justify;\">Si bien es cierto que todos y cada uno de nosotros trabajamos a cambio de un salario, existen otros factores que influyen la percepci\u00f3n que cada trabajador tiene en relaci\u00f3n a su protagonismo dentro de la empresa, y que influir\u00e1 notablemente en su nivel de productividad y rendimiento profesional.<\/p>\n<p style=\"text-align: justify;\">En base a esta idea, en la medida en que un trabajador considere que su aportaci\u00f3n laboral es fundamental para el \u00e9xito global de la organizaci\u00f3n, mayor ser\u00e1 su esfuerzo por alcanzar sus objetivos personales.<\/p>\n<h2 style=\"text-align: left;\">Motivaci\u00f3n a trav\u00e9s de la asunci\u00f3n de responsabilidades<\/h2>\n<p style=\"text-align: justify;\">Este aspecto guarda una estrecha relaci\u00f3n con el punto anterior, ya que independientemente del nivel de cualificaci\u00f3n que presente un trabajador respecto a para las funciones y tareas propias de su puesto, su nivel de motivaci\u00f3n se incrementar\u00e1 notablemente a medida que aumente su satisfacci\u00f3n personal en relaci\u00f3n al trabajo que desempe\u00f1a dentro de la organizaci\u00f3n.<\/p>\n<p style=\"text-align: justify;\">En este sentido, desde este blog te recomendamos que prestes atenci\u00f3n a las inquietudes y objetivos profesionales de cada uno de los trabajadores que conforman tu empresa, ya que este aspecto te permitir\u00e1 detectar aquellos que est\u00e1n interesados por obtener una mayor responsabilidad y, de igual forma, aquellos otros que prefieren permanecer en una posici\u00f3n m\u00e1s secundaria, relacionada principalmente con el desarrollo de tareas de apoyo.<\/p>\n<h2 style=\"text-align: left;\">Motivaci\u00f3n a trav\u00e9s de las condiciones laborales del puesto<\/h2>\n<p style=\"text-align: justify;\">Otro aspecto de vital importancia para garantizar la motivaci\u00f3n de los trabajadores de tu empresa reside en la necesidad de dotar a cada trabajador de los medios y herramientas necesarias para que desarrolle sus tareas de la mejor forma posible.<\/p>\n<p style=\"text-align: justify;\">De esta forma conseguir\u00e1s incrementar la productividad de tu empresa de una forma exponencial, ya que a la mejora en las infraestructuras y equipos que conforman tu empresa, habr\u00e1 que a\u00f1adir el incremento en la satisfacci\u00f3n del trabajador al poder desarrollar su trabajo de una forma correcta.<\/p>\n<h2 style=\"text-align: left;\">Motivaci\u00f3n a trav\u00e9s del clima laboral<\/h2>\n<p style=\"text-align: justify;\">En la medida en que contribuyas a la creaci\u00f3n de un clima laboral positivo, y que se genere en la organizaci\u00f3n un ambiente que promueva el trabajo en equipo, se estar\u00e1 trabajando por incrementar la motivaci\u00f3n de tus trabajadores.<\/p>\n<p style=\"text-align: justify;\">En este sentido es preciso destacar que un gran n\u00famero de empresas suelen apostar err\u00f3neamente por la creaci\u00f3n de un clima competitivo dentro de la organizaci\u00f3n, que, si bien a corto plazo puede generar unos mejores resultados, acabar\u00e1 desembocando en un notable empeoramiento del clima y la productividad laboral a largo plazo.<\/p>\n<p style=\"text-align: justify;\">\n<h2 style=\"text-align: left;\">Motivaci\u00f3n a trav\u00e9s de la formaci\u00f3n<\/h2>\n<p style=\"text-align: justify;\">En la medida en que seas consciente de la importancia de la formaci\u00f3n como factor de enorme importancia para fomentar la motivaci\u00f3n de tus trabajadores, y les aportes las facilidades necesarias para incrementar su cualificaci\u00f3n y aplicar sus nuevos conocimientos en su puesto de trabajo, estar\u00e1s creando un v\u00ednculo emocional entre ellos y la organizaci\u00f3n<\/p>\n<h2 style=\"text-align: left;\">Motivaci\u00f3n a trav\u00e9s de la comunicaci\u00f3n<\/h2>\n<p style=\"text-align: justify;\">Pon en pr\u00e1ctica las medidas necesarias para mejorar los canales de comunicaci\u00f3n internos dentro de tu empresa, para que as\u00ed tus trabajadores puedan conocer f\u00e1cilmente su nivel de rendimiento y poner de su parte para aumentar estos resultados.<\/p>\n<h2 style=\"text-align: left;\">Motivaci\u00f3n a trav\u00e9s de la fijaci\u00f3n de objetivos individuales<\/h2>\n<p style=\"text-align: justify;\">Debes tener en cuenta que, en el caso de que decidas establecer objetivos individuales de desempe\u00f1o para cada trabajador, ser\u00e1 fundamental que tengas previsto una gratificaci\u00f3n por alcanzar dicho logro, ya sea a trav\u00e9s de compensaciones econ\u00f3micas o mediante el reconocimiento p\u00fablico de su trabajo.<\/p>\n<h2 style=\"text-align: left;\">Motivaci\u00f3n a trav\u00e9s de la conciliaci\u00f3n<\/h2>\n<p style=\"text-align: justify;\">Debes tener presente que tus trabajadores tienen una vida y unas responsabilidades m\u00e1s all\u00e1 de su trabajo, por lo que ser\u00e1 conveniente que te plantees los beneficios asociados a fomentar la conciliaci\u00f3n de su vida laboral y personal, como medio para incrementar su motivaci\u00f3n por seguir formando parte de tu empresa.<\/p>\n<h2 style=\"text-align: left;\">Motivaci\u00f3n a trav\u00e9s de la estabilidad<\/h2>\n<p style=\"text-align: justify;\">Para finalizar, consideramos necesario complementar el punto anterior haciendo referencia a la importancia que tus trabajadores otorgar\u00e1n, a buen seguro, a otros aspectos beneficios sociales ajenos a su salario, como son la apuesta por su estabilidad laboral y disponibilidad de complementos en especie, como la contrataci\u00f3n de seguros de salud colectivos, y m\u00e1s a\u00fan si estos son extensibles al resto de miembros de su familia.<\/p>\n","protected":false},"excerpt":{"rendered":"<p>Aunque a simple vista pueda parecer algo sumamente obvio, es bastante habitual que nos olvidemos del protagonismo fundamental que tiene la motivaci\u00f3n de nuestros trabajadores en relaci\u00f3n a su nivel de productividad en el desarrollo de sus tareas.<\/p>\n","protected":false},"author":20,"featured_media":4208,"comment_status":"open","ping_status":"open","sticky":false,"template":"","format":"standard","meta":{"_acf_changed":false,"_et_pb_use_builder":"","_et_pb_old_content":"","_et_gb_content_width":"","om_disable_all_campaigns":false,"inline_featured_image":false,"footnotes":""},"categories":[1026],"tags":[1381],"class_list":{"0":"post-10298","1":"post","2":"type-post","3":"status-publish","4":"format-standard","5":"has-post-thumbnail","7":"category-recursos-humanos","8":"tag-pymes"},"acf":{"selector_de_usuario":null,"fecha_de_revision":"20190212"},"yoast_head":"<!-- This site is optimized with the Yoast SEO plugin v27.1 - https:\/\/yoast.com\/product\/yoast-seo-wordpress\/ -->\n<title>\u00bfC\u00f3mo incrementar la motivaci\u00f3n laboral en tu pyme? | TeamSystem Facturas Billin<\/title>\n<meta name=\"description\" content=\"Vamos a realizar un repaso de aquellas medidas que puedes poner en pr\u00e1ctica para incrementar la motivaci\u00f3n de las personas que conforman tu empresa.\" \/>\n<meta name=\"robots\" content=\"index, follow, max-snippet:-1, max-image-preview:large, max-video-preview:-1\" \/>\n<link rel=\"canonical\" href=\"https:\/\/www.billin.net\/blog\/incrementar-motivacion-trabajadores-pyme\/\" \/>\n<meta property=\"og:locale\" content=\"es_ES\" \/>\n<meta property=\"og:type\" content=\"article\" \/>\n<meta property=\"og:title\" content=\"\u00bfC\u00f3mo incrementar la motivaci\u00f3n laboral en tu pyme? | TeamSystem Facturas Billin\" \/>\n<meta property=\"og:description\" content=\"Vamos a realizar un repaso de aquellas medidas que puedes poner en pr\u00e1ctica para incrementar la motivaci\u00f3n de las personas que conforman tu empresa.\" \/>\n<meta property=\"og:url\" content=\"https:\/\/www.billin.net\/blog\/incrementar-motivacion-trabajadores-pyme\/\" \/>\n<meta property=\"og:site_name\" content=\"Blog de TeamSystem Facturas Billin\" \/>\n<meta property=\"article:publisher\" content=\"https:\/\/www.facebook.com\/EsBillin\" \/>\n<meta property=\"article:published_time\" content=\"2017-05-22T22:00:00+00:00\" \/>\n<meta property=\"article:modified_time\" content=\"2025-09-25T19:04:23+00:00\" \/>\n<meta property=\"og:image\" content=\"https:\/\/www.billin.net\/blog\/wp-content\/uploads\/2017\/06\/motivacion-trabajadores-pyme-billin-imagen-17.3.1.jpg\" \/>\n\t<meta property=\"og:image:width\" content=\"1000\" \/>\n\t<meta property=\"og:image:height\" content=\"667\" \/>\n\t<meta property=\"og:image:type\" content=\"image\/jpeg\" \/>\n<meta name=\"author\" content=\"Marcos De La Cueva - CEO TeamSystem Facturas Billin\" \/>\n<meta name=\"twitter:card\" content=\"summary_large_image\" \/>\n<meta name=\"twitter:creator\" content=\"@Billin_ES\" \/>\n<meta name=\"twitter:site\" content=\"@Billin_ES\" \/>\n<meta name=\"twitter:label1\" content=\"Escrito por\" \/>\n\t<meta name=\"twitter:data1\" content=\"Marcos De La Cueva - CEO TeamSystem Facturas Billin\" \/>\n\t<meta name=\"twitter:label2\" content=\"Tiempo de lectura\" \/>\n\t<meta name=\"twitter:data2\" content=\"5 minutos\" \/>\n<script type=\"application\/ld+json\" class=\"yoast-schema-graph\">{\"@context\":\"https:\/\/schema.org\",\"@graph\":[{\"@type\":\"Article\",\"@id\":\"https:\/\/www.billin.net\/blog\/incrementar-motivacion-trabajadores-pyme\/#article\",\"isPartOf\":{\"@id\":\"https:\/\/www.billin.net\/blog\/incrementar-motivacion-trabajadores-pyme\/\"},\"author\":{\"name\":\"Marcos De La Cueva - CEO TeamSystem Facturas Billin\",\"@id\":\"https:\/\/www.billin.net\/blog\/#\/schema\/person\/d0339ee6e869234614541b1e80a793e7\"},\"headline\":\"Medidas \u00fatiles para incrementar la motivaci\u00f3n de los trabajadores de tu pyme\",\"datePublished\":\"2017-05-22T22:00:00+00:00\",\"dateModified\":\"2025-09-25T19:04:23+00:00\",\"mainEntityOfPage\":{\"@id\":\"https:\/\/www.billin.net\/blog\/incrementar-motivacion-trabajadores-pyme\/\"},\"wordCount\":1027,\"commentCount\":0,\"publisher\":{\"@id\":\"https:\/\/www.billin.net\/blog\/#organization\"},\"image\":{\"@id\":\"https:\/\/www.billin.net\/blog\/incrementar-motivacion-trabajadores-pyme\/#primaryimage\"},\"thumbnailUrl\":\"https:\/\/www.billin.net\/blog\/wp-content\/uploads\/2017\/06\/motivacion-trabajadores-pyme-billin-imagen-17.3.1.jpg\",\"keywords\":[\"Pymes\"],\"articleSection\":[\"Recursos humanos\"],\"inLanguage\":\"es\",\"potentialAction\":[{\"@type\":\"CommentAction\",\"name\":\"Comment\",\"target\":[\"https:\/\/www.billin.net\/blog\/incrementar-motivacion-trabajadores-pyme\/#respond\"]}]},{\"@type\":\"WebPage\",\"@id\":\"https:\/\/www.billin.net\/blog\/incrementar-motivacion-trabajadores-pyme\/\",\"url\":\"https:\/\/www.billin.net\/blog\/incrementar-motivacion-trabajadores-pyme\/\",\"name\":\"\u00bfC\u00f3mo incrementar la motivaci\u00f3n laboral en tu pyme? | TeamSystem Facturas Billin\",\"isPartOf\":{\"@id\":\"https:\/\/www.billin.net\/blog\/#website\"},\"primaryImageOfPage\":{\"@id\":\"https:\/\/www.billin.net\/blog\/incrementar-motivacion-trabajadores-pyme\/#primaryimage\"},\"image\":{\"@id\":\"https:\/\/www.billin.net\/blog\/incrementar-motivacion-trabajadores-pyme\/#primaryimage\"},\"thumbnailUrl\":\"https:\/\/www.billin.net\/blog\/wp-content\/uploads\/2017\/06\/motivacion-trabajadores-pyme-billin-imagen-17.3.1.jpg\",\"datePublished\":\"2017-05-22T22:00:00+00:00\",\"dateModified\":\"2025-09-25T19:04:23+00:00\",\"description\":\"Vamos a realizar un repaso de aquellas medidas que puedes poner en pr\u00e1ctica para incrementar la motivaci\u00f3n de las personas que conforman tu empresa.\",\"breadcrumb\":{\"@id\":\"https:\/\/www.billin.net\/blog\/incrementar-motivacion-trabajadores-pyme\/#breadcrumb\"},\"inLanguage\":\"es\",\"potentialAction\":[{\"@type\":\"ReadAction\",\"target\":[\"https:\/\/www.billin.net\/blog\/incrementar-motivacion-trabajadores-pyme\/\"]}]},{\"@type\":\"ImageObject\",\"inLanguage\":\"es\",\"@id\":\"https:\/\/www.billin.net\/blog\/incrementar-motivacion-trabajadores-pyme\/#primaryimage\",\"url\":\"https:\/\/www.billin.net\/blog\/wp-content\/uploads\/2017\/06\/motivacion-trabajadores-pyme-billin-imagen-17.3.1.jpg\",\"contentUrl\":\"https:\/\/www.billin.net\/blog\/wp-content\/uploads\/2017\/06\/motivacion-trabajadores-pyme-billin-imagen-17.3.1.jpg\",\"width\":1000,\"height\":667},{\"@type\":\"BreadcrumbList\",\"@id\":\"https:\/\/www.billin.net\/blog\/incrementar-motivacion-trabajadores-pyme\/#breadcrumb\",\"itemListElement\":[{\"@type\":\"ListItem\",\"position\":1,\"name\":\"Blog\",\"item\":\"https:\/\/www.billin.net\/blog\/\"},{\"@type\":\"ListItem\",\"position\":2,\"name\":\"Recursos humanos\",\"item\":\"https:\/\/www.billin.net\/blog\/recursos-humanos\/\"},{\"@type\":\"ListItem\",\"position\":3,\"name\":\"Medidas \u00fatiles para incrementar la motivaci\u00f3n de los trabajadores de tu pyme\"}]},{\"@type\":\"WebSite\",\"@id\":\"https:\/\/www.billin.net\/blog\/#website\",\"url\":\"https:\/\/www.billin.net\/blog\/\",\"name\":\"Blog de Billin\",\"description\":\"Mantente informado con el blog de TeamSystem Facturas Billin:  facturaci\u00f3n, legislaci\u00f3n, contabilidad, management y toda la informaci\u00f3n \u00fatil para pymes y aut\u00f3nomos.\",\"publisher\":{\"@id\":\"https:\/\/www.billin.net\/blog\/#organization\"},\"potentialAction\":[{\"@type\":\"SearchAction\",\"target\":{\"@type\":\"EntryPoint\",\"urlTemplate\":\"https:\/\/www.billin.net\/blog\/?s={search_term_string}\"},\"query-input\":{\"@type\":\"PropertyValueSpecification\",\"valueRequired\":true,\"valueName\":\"search_term_string\"}}],\"inLanguage\":\"es\"},{\"@type\":\"Organization\",\"@id\":\"https:\/\/www.billin.net\/blog\/#organization\",\"name\":\"Billin\",\"alternateName\":\"Blog de Billin\",\"url\":\"https:\/\/www.billin.net\/blog\/\",\"logo\":{\"@type\":\"ImageObject\",\"inLanguage\":\"es\",\"@id\":\"https:\/\/www.billin.net\/blog\/#\/schema\/logo\/image\/\",\"url\":\"https:\/\/www.billin.net\/blog\/wp-content\/uploads\/2019\/06\/logotipo-billin-blog-1.png\",\"contentUrl\":\"https:\/\/www.billin.net\/blog\/wp-content\/uploads\/2019\/06\/logotipo-billin-blog-1.png\",\"width\":126,\"height\":50,\"caption\":\"Billin\"},\"image\":{\"@id\":\"https:\/\/www.billin.net\/blog\/#\/schema\/logo\/image\/\"},\"sameAs\":[\"https:\/\/www.facebook.com\/EsBillin\",\"https:\/\/x.com\/Billin_ES\",\"https:\/\/www.instagram.com\/billin_es\/\",\"https:\/\/www.linkedin.com\/company\/billin-spain\",\"https:\/\/www.youtube.com\/c\/BillinEsintercambiodefacturas\/\"],\"legalName\":\"MY EXPENSES SL\",\"contactPoint\":{\"@type\":\"ContactPoint\",\"telephone\":\"+34918318883\",\"contactType\":\"customer service\",\"email\":\"info@billin.eu\",\"availableLanguage\":\"es\"},\"foundingDate\":\"2015\",\"numberOfEmployees\":{\"@type\":\"QuantitativeValue\",\"minValue\":10,\"maxValue\":50},\"parentOrganization\":{\"@type\":\"Organization\",\"name\":\"TeamSystem\",\"url\":\"https:\/\/www.teamsystem.com\/\"},\"description\":\"Billin es el programa de facturaci\u00f3n online de TeamSystem para aut\u00f3nomos y pymes en Espa\u00f1a. Permite crear facturas, controlar gastos y cumplir con Verifactu.\",\"address\":{\"@type\":\"PostalAddress\",\"streetAddress\":\"Calle Arturo Soria, 336\",\"addressLocality\":\"Madrid\",\"addressRegion\":\"Madrid\",\"postalCode\":\"28033\",\"addressCountry\":\"ES\"}},{\"@type\":\"Person\",\"@id\":\"https:\/\/www.billin.net\/blog\/#\/schema\/person\/d0339ee6e869234614541b1e80a793e7\",\"name\":\"Marcos De La Cueva - CEO TeamSystem Facturas Billin\",\"image\":{\"@type\":\"ImageObject\",\"inLanguage\":\"es\",\"@id\":\"https:\/\/www.billin.net\/blog\/#\/schema\/person\/image\/\",\"url\":\"https:\/\/www.billin.net\/blog\/wp-content\/uploads\/2023\/10\/marcos-color-150x150.png\",\"contentUrl\":\"https:\/\/www.billin.net\/blog\/wp-content\/uploads\/2023\/10\/marcos-color-150x150.png\",\"caption\":\"Marcos De La Cueva - CEO TeamSystem Facturas Billin\"},\"description\":\"Licenciado en ADE por la Universidad Aut\u00f3noma de Madrid, Marcos De la Cueva es CEO y cofundador de TeamSystem Facturas Billin, un programa online que lleva m\u00e1s de 9 a\u00f1os ayudando a aut\u00f3nomos, peque\u00f1os negocios y gestor\u00edas a digitalizar sus presupuestos, facturas, tickets y gastos. \u00a0 Sobre Marcos De La Cueva \u00a0 Apasionado por el mundo empresarial y la tecnolog\u00eda, curs\u00f3 su M\u00e1ster de Finanzas en la Universidad Pontificia de Comillas y estuvo en el Programa de Cooperaci\u00f3n Educativa de la Universidad Aut\u00f3noma de Madrid. \u00a0 Marcos siempre ha tenido su objetivo claro: ayudar a la creaci\u00f3n de negocios financieramente sostenibles a trav\u00e9s de una herramienta de facturaci\u00f3n que les permita ahorrar tiempo y tener la contabilidad bajo control. \u00a0 Marcos De La Cueva en los medios \u2014 Noticia sobre Kit Digital y Ley Antifraude (VeriFactu) en El Economista. \u2014 Noticia sobre Kit Digital y factura electr\u00f3nica obligatoria en Diario Jur\u00eddico. \u2014 Noticia sobre el a\u00f1o de transici\u00f3n para la factura electr\u00f3nica en Muy Pymes. \u2014 Entrevista sobre factura electr\u00f3nica obligatoria en Canal Sur. \u2014 Noticia sobre el informe factura electr\u00f3nica de TeamSystem en Channel Partner. \u2014 Charla sobre productividad y Ley Crea y Crece en El Economista. \u2014 Charla sobre factura electr\u00f3nica obligatoria en Muy Pymes. \u2014 Charla sobre digitalizaci\u00f3n aut\u00f3nomos y productividad en esdiario. \u2014 Charla sobre productividad y factura electr\u00f3nica en La Raz\u00f3n. \u2014 Charla sobre factura electr\u00f3nica obligatoria en Aut\u00f3nomos y Emprendedores. \u2014 Entrevista sobre Ley Antifraude y Ley Crea y Crece en Expansi\u00f3n. \u2014 Entrevista sobre Ley Antifraude y Ley Crea y Crece en La Raz\u00f3n. \u2014 Entrevista sobre factura electr\u00f3nica obligatoria en El Economista. \u2014 Comunicado Billin y TeamSystem en Business Insider. \u2014 Entrevista en Econom\u00eda Digital. \u2014 Entrevista en Ideas para tu empresa de Vodafone. \u2014 Entrevista en M\u00e1sQradio. \u2014 Entrevista en Armas para emprender de El M\u00e9todo Gallardo. \u2014 Entrevista en KFund. \u2014 Entrevista en AXA Seguros Espa\u00f1a. \u2014 Entrevista en GestionaRadio. \u00a0 Marcos De La Cueva en eventos \u00a0 \u2014 Participaci\u00f3n como ponente en Accountex Espa\u00f1a 2023. \u00a0 Tem\u00e1ticas de especializaci\u00f3n \u00a0 negocios | startups | contabilidad| fiscalidad | empresas| asesor\u00edas| autonomos | emprendedores | peque\u00f1os negocios | econom\u00eda | ADE | pymes | desarrollo de negocio\u00a0\",\"sameAs\":[\"https:\/\/www.billin.net\/\",\"https:\/\/www.linkedin.com\/in\/marcos-de-la-cueva-19750ba3\/\"],\"url\":\"https:\/\/www.billin.net\/blog\/author\/marcosdelacueva\/\",\"jobTitle\":\"CEO y cofundador de TS Facturas Billin\"}]}<\/script>\n<!-- \/ Yoast SEO plugin. -->","yoast_head_json":{"title":"\u00bfC\u00f3mo incrementar la motivaci\u00f3n laboral en tu pyme? | TeamSystem Facturas Billin","description":"Vamos a realizar un repaso de aquellas medidas que puedes poner en pr\u00e1ctica para incrementar la motivaci\u00f3n de las personas que conforman tu empresa.","robots":{"index":"index","follow":"follow","max-snippet":"max-snippet:-1","max-image-preview":"max-image-preview:large","max-video-preview":"max-video-preview:-1"},"canonical":"https:\/\/www.billin.net\/blog\/incrementar-motivacion-trabajadores-pyme\/","og_locale":"es_ES","og_type":"article","og_title":"\u00bfC\u00f3mo incrementar la motivaci\u00f3n laboral en tu pyme? | TeamSystem Facturas Billin","og_description":"Vamos a realizar un repaso de aquellas medidas que puedes poner en pr\u00e1ctica para incrementar la motivaci\u00f3n de las personas que conforman tu empresa.","og_url":"https:\/\/www.billin.net\/blog\/incrementar-motivacion-trabajadores-pyme\/","og_site_name":"Blog de TeamSystem Facturas Billin","article_publisher":"https:\/\/www.facebook.com\/EsBillin","article_published_time":"2017-05-22T22:00:00+00:00","article_modified_time":"2025-09-25T19:04:23+00:00","og_image":[{"width":1000,"height":667,"url":"https:\/\/www.billin.net\/blog\/wp-content\/uploads\/2017\/06\/motivacion-trabajadores-pyme-billin-imagen-17.3.1.jpg","type":"image\/jpeg"}],"author":"Marcos De La Cueva - CEO TeamSystem Facturas Billin","twitter_card":"summary_large_image","twitter_creator":"@Billin_ES","twitter_site":"@Billin_ES","twitter_misc":{"Escrito por":"Marcos De La Cueva - CEO TeamSystem Facturas Billin","Tiempo de lectura":"5 minutos"},"schema":{"@context":"https:\/\/schema.org","@graph":[{"@type":"Article","@id":"https:\/\/www.billin.net\/blog\/incrementar-motivacion-trabajadores-pyme\/#article","isPartOf":{"@id":"https:\/\/www.billin.net\/blog\/incrementar-motivacion-trabajadores-pyme\/"},"author":{"name":"Marcos De La Cueva - CEO TeamSystem Facturas Billin","@id":"https:\/\/www.billin.net\/blog\/#\/schema\/person\/d0339ee6e869234614541b1e80a793e7"},"headline":"Medidas \u00fatiles para incrementar la motivaci\u00f3n de los trabajadores de tu pyme","datePublished":"2017-05-22T22:00:00+00:00","dateModified":"2025-09-25T19:04:23+00:00","mainEntityOfPage":{"@id":"https:\/\/www.billin.net\/blog\/incrementar-motivacion-trabajadores-pyme\/"},"wordCount":1027,"commentCount":0,"publisher":{"@id":"https:\/\/www.billin.net\/blog\/#organization"},"image":{"@id":"https:\/\/www.billin.net\/blog\/incrementar-motivacion-trabajadores-pyme\/#primaryimage"},"thumbnailUrl":"https:\/\/www.billin.net\/blog\/wp-content\/uploads\/2017\/06\/motivacion-trabajadores-pyme-billin-imagen-17.3.1.jpg","keywords":["Pymes"],"articleSection":["Recursos humanos"],"inLanguage":"es","potentialAction":[{"@type":"CommentAction","name":"Comment","target":["https:\/\/www.billin.net\/blog\/incrementar-motivacion-trabajadores-pyme\/#respond"]}]},{"@type":"WebPage","@id":"https:\/\/www.billin.net\/blog\/incrementar-motivacion-trabajadores-pyme\/","url":"https:\/\/www.billin.net\/blog\/incrementar-motivacion-trabajadores-pyme\/","name":"\u00bfC\u00f3mo incrementar la motivaci\u00f3n laboral en tu pyme? | TeamSystem Facturas Billin","isPartOf":{"@id":"https:\/\/www.billin.net\/blog\/#website"},"primaryImageOfPage":{"@id":"https:\/\/www.billin.net\/blog\/incrementar-motivacion-trabajadores-pyme\/#primaryimage"},"image":{"@id":"https:\/\/www.billin.net\/blog\/incrementar-motivacion-trabajadores-pyme\/#primaryimage"},"thumbnailUrl":"https:\/\/www.billin.net\/blog\/wp-content\/uploads\/2017\/06\/motivacion-trabajadores-pyme-billin-imagen-17.3.1.jpg","datePublished":"2017-05-22T22:00:00+00:00","dateModified":"2025-09-25T19:04:23+00:00","description":"Vamos a realizar un repaso de aquellas medidas que puedes poner en pr\u00e1ctica para incrementar la motivaci\u00f3n de las personas que conforman tu empresa.","breadcrumb":{"@id":"https:\/\/www.billin.net\/blog\/incrementar-motivacion-trabajadores-pyme\/#breadcrumb"},"inLanguage":"es","potentialAction":[{"@type":"ReadAction","target":["https:\/\/www.billin.net\/blog\/incrementar-motivacion-trabajadores-pyme\/"]}]},{"@type":"ImageObject","inLanguage":"es","@id":"https:\/\/www.billin.net\/blog\/incrementar-motivacion-trabajadores-pyme\/#primaryimage","url":"https:\/\/www.billin.net\/blog\/wp-content\/uploads\/2017\/06\/motivacion-trabajadores-pyme-billin-imagen-17.3.1.jpg","contentUrl":"https:\/\/www.billin.net\/blog\/wp-content\/uploads\/2017\/06\/motivacion-trabajadores-pyme-billin-imagen-17.3.1.jpg","width":1000,"height":667},{"@type":"BreadcrumbList","@id":"https:\/\/www.billin.net\/blog\/incrementar-motivacion-trabajadores-pyme\/#breadcrumb","itemListElement":[{"@type":"ListItem","position":1,"name":"Blog","item":"https:\/\/www.billin.net\/blog\/"},{"@type":"ListItem","position":2,"name":"Recursos humanos","item":"https:\/\/www.billin.net\/blog\/recursos-humanos\/"},{"@type":"ListItem","position":3,"name":"Medidas \u00fatiles para incrementar la motivaci\u00f3n de los trabajadores de tu pyme"}]},{"@type":"WebSite","@id":"https:\/\/www.billin.net\/blog\/#website","url":"https:\/\/www.billin.net\/blog\/","name":"Blog de Billin","description":"Mantente informado con el blog de TeamSystem Facturas Billin:  facturaci\u00f3n, legislaci\u00f3n, contabilidad, management y toda la informaci\u00f3n \u00fatil para pymes y aut\u00f3nomos.","publisher":{"@id":"https:\/\/www.billin.net\/blog\/#organization"},"potentialAction":[{"@type":"SearchAction","target":{"@type":"EntryPoint","urlTemplate":"https:\/\/www.billin.net\/blog\/?s={search_term_string}"},"query-input":{"@type":"PropertyValueSpecification","valueRequired":true,"valueName":"search_term_string"}}],"inLanguage":"es"},{"@type":"Organization","@id":"https:\/\/www.billin.net\/blog\/#organization","name":"Billin","alternateName":"Blog de Billin","url":"https:\/\/www.billin.net\/blog\/","logo":{"@type":"ImageObject","inLanguage":"es","@id":"https:\/\/www.billin.net\/blog\/#\/schema\/logo\/image\/","url":"https:\/\/www.billin.net\/blog\/wp-content\/uploads\/2019\/06\/logotipo-billin-blog-1.png","contentUrl":"https:\/\/www.billin.net\/blog\/wp-content\/uploads\/2019\/06\/logotipo-billin-blog-1.png","width":126,"height":50,"caption":"Billin"},"image":{"@id":"https:\/\/www.billin.net\/blog\/#\/schema\/logo\/image\/"},"sameAs":["https:\/\/www.facebook.com\/EsBillin","https:\/\/x.com\/Billin_ES","https:\/\/www.instagram.com\/billin_es\/","https:\/\/www.linkedin.com\/company\/billin-spain","https:\/\/www.youtube.com\/c\/BillinEsintercambiodefacturas\/"],"legalName":"MY EXPENSES SL","contactPoint":{"@type":"ContactPoint","telephone":"+34918318883","contactType":"customer service","email":"info@billin.eu","availableLanguage":"es"},"foundingDate":"2015","numberOfEmployees":{"@type":"QuantitativeValue","minValue":10,"maxValue":50},"parentOrganization":{"@type":"Organization","name":"TeamSystem","url":"https:\/\/www.teamsystem.com\/"},"description":"Billin es el programa de facturaci\u00f3n online de TeamSystem para aut\u00f3nomos y pymes en Espa\u00f1a. Permite crear facturas, controlar gastos y cumplir con Verifactu.","address":{"@type":"PostalAddress","streetAddress":"Calle Arturo Soria, 336","addressLocality":"Madrid","addressRegion":"Madrid","postalCode":"28033","addressCountry":"ES"}},{"@type":"Person","@id":"https:\/\/www.billin.net\/blog\/#\/schema\/person\/d0339ee6e869234614541b1e80a793e7","name":"Marcos De La Cueva - CEO TeamSystem Facturas Billin","image":{"@type":"ImageObject","inLanguage":"es","@id":"https:\/\/www.billin.net\/blog\/#\/schema\/person\/image\/","url":"https:\/\/www.billin.net\/blog\/wp-content\/uploads\/2023\/10\/marcos-color-150x150.png","contentUrl":"https:\/\/www.billin.net\/blog\/wp-content\/uploads\/2023\/10\/marcos-color-150x150.png","caption":"Marcos De La Cueva - CEO TeamSystem Facturas Billin"},"description":"Licenciado en ADE por la Universidad Aut\u00f3noma de Madrid, Marcos De la Cueva es CEO y cofundador de TeamSystem Facturas Billin, un programa online que lleva m\u00e1s de 9 a\u00f1os ayudando a aut\u00f3nomos, peque\u00f1os negocios y gestor\u00edas a digitalizar sus presupuestos, facturas, tickets y gastos. \u00a0 Sobre Marcos De La Cueva \u00a0 Apasionado por el mundo empresarial y la tecnolog\u00eda, curs\u00f3 su M\u00e1ster de Finanzas en la Universidad Pontificia de Comillas y estuvo en el Programa de Cooperaci\u00f3n Educativa de la Universidad Aut\u00f3noma de Madrid. \u00a0 Marcos siempre ha tenido su objetivo claro: ayudar a la creaci\u00f3n de negocios financieramente sostenibles a trav\u00e9s de una herramienta de facturaci\u00f3n que les permita ahorrar tiempo y tener la contabilidad bajo control. \u00a0 Marcos De La Cueva en los medios \u2014 Noticia sobre Kit Digital y Ley Antifraude (VeriFactu) en El Economista. \u2014 Noticia sobre Kit Digital y factura electr\u00f3nica obligatoria en Diario Jur\u00eddico. \u2014 Noticia sobre el a\u00f1o de transici\u00f3n para la factura electr\u00f3nica en Muy Pymes. \u2014 Entrevista sobre factura electr\u00f3nica obligatoria en Canal Sur. \u2014 Noticia sobre el informe factura electr\u00f3nica de TeamSystem en Channel Partner. \u2014 Charla sobre productividad y Ley Crea y Crece en El Economista. \u2014 Charla sobre factura electr\u00f3nica obligatoria en Muy Pymes. \u2014 Charla sobre digitalizaci\u00f3n aut\u00f3nomos y productividad en esdiario. \u2014 Charla sobre productividad y factura electr\u00f3nica en La Raz\u00f3n. \u2014 Charla sobre factura electr\u00f3nica obligatoria en Aut\u00f3nomos y Emprendedores. \u2014 Entrevista sobre Ley Antifraude y Ley Crea y Crece en Expansi\u00f3n. \u2014 Entrevista sobre Ley Antifraude y Ley Crea y Crece en La Raz\u00f3n. \u2014 Entrevista sobre factura electr\u00f3nica obligatoria en El Economista. \u2014 Comunicado Billin y TeamSystem en Business Insider. \u2014 Entrevista en Econom\u00eda Digital. \u2014 Entrevista en Ideas para tu empresa de Vodafone. \u2014 Entrevista en M\u00e1sQradio. \u2014 Entrevista en Armas para emprender de El M\u00e9todo Gallardo. \u2014 Entrevista en KFund. \u2014 Entrevista en AXA Seguros Espa\u00f1a. \u2014 Entrevista en GestionaRadio. \u00a0 Marcos De La Cueva en eventos \u00a0 \u2014 Participaci\u00f3n como ponente en Accountex Espa\u00f1a 2023. \u00a0 Tem\u00e1ticas de especializaci\u00f3n \u00a0 negocios | startups | contabilidad| fiscalidad | empresas| asesor\u00edas| autonomos | emprendedores | peque\u00f1os negocios | econom\u00eda | ADE | pymes | desarrollo de negocio\u00a0","sameAs":["https:\/\/www.billin.net\/","https:\/\/www.linkedin.com\/in\/marcos-de-la-cueva-19750ba3\/"],"url":"https:\/\/www.billin.net\/blog\/author\/marcosdelacueva\/","jobTitle":"CEO y cofundador de TS Facturas Billin"}]}},"_links":{"self":[{"href":"https:\/\/www.billin.net\/blog\/wp-json\/wp\/v2\/posts\/10298","targetHints":{"allow":["GET"]}}],"collection":[{"href":"https:\/\/www.billin.net\/blog\/wp-json\/wp\/v2\/posts"}],"about":[{"href":"https:\/\/www.billin.net\/blog\/wp-json\/wp\/v2\/types\/post"}],"author":[{"embeddable":true,"href":"https:\/\/www.billin.net\/blog\/wp-json\/wp\/v2\/users\/20"}],"replies":[{"embeddable":true,"href":"https:\/\/www.billin.net\/blog\/wp-json\/wp\/v2\/comments?post=10298"}],"version-history":[{"count":4,"href":"https:\/\/www.billin.net\/blog\/wp-json\/wp\/v2\/posts\/10298\/revisions"}],"predecessor-version":[{"id":27567,"href":"https:\/\/www.billin.net\/blog\/wp-json\/wp\/v2\/posts\/10298\/revisions\/27567"}],"wp:featuredmedia":[{"embeddable":true,"href":"https:\/\/www.billin.net\/blog\/wp-json\/wp\/v2\/media\/4208"}],"wp:attachment":[{"href":"https:\/\/www.billin.net\/blog\/wp-json\/wp\/v2\/media?parent=10298"}],"wp:term":[{"taxonomy":"category","embeddable":true,"href":"https:\/\/www.billin.net\/blog\/wp-json\/wp\/v2\/categories?post=10298"},{"taxonomy":"post_tag","embeddable":true,"href":"https:\/\/www.billin.net\/blog\/wp-json\/wp\/v2\/tags?post=10298"}],"curies":[{"name":"wp","href":"https:\/\/api.w.org\/{rel}","templated":true}]}}