{"id":10295,"date":"2017-05-31T00:00:00","date_gmt":"2017-05-30T22:00:00","guid":{"rendered":"https:\/\/www.billin.net\/blog\/autonomos-transformacion-en-sociedad\/"},"modified":"2025-09-25T21:04:15","modified_gmt":"2025-09-25T19:04:15","slug":"autonomos-transformacion-en-sociedad","status":"publish","type":"post","link":"https:\/\/www.billin.net\/blog\/autonomos-transformacion-en-sociedad\/","title":{"rendered":"\u00bfCu\u00e1ndo deben los aut\u00f3nomos plantearse su transformaci\u00f3n en sociedad?"},"content":{"rendered":"<p style=\"text-align: justify;\">Es totalmente normal, y hasta en cierto sentido bastante l\u00f3gico, que cuando consideramos la idea de emprender nuestra trayectoria profesional de forma independiente, nuestra primera idea est\u00e9 asociada a la correspondiente inscripci\u00f3n en el R\u00e9gimen Especial de Trabajadores Aut\u00f3nomos.<\/p>\n<p style=\"text-align: justify;\"><!--more--><\/p>\n<p style=\"text-align: justify;\">En este sentido, el desarrollo de nuestro proyecto empresarial partir\u00e1 con una serie de limitaciones en cuento a infraestructura y recursos, lo que contribuir\u00e1 a que consideres preferible llevar a cabo esta opci\u00f3n, ya que implica una reducci\u00f3n notable de la inversi\u00f3n necesaria para poner en marcha tu nuevo negocio.<\/p>\n<p style=\"text-align: justify;\">No obstante, una vez que tu trayectoria profesional se ha consolidado ser\u00e1 conveniente que te replantees en qu\u00e9 momento dar el paso para modificar tu personalidad jur\u00eddica y transformarte en una sociedad.<\/p>\n<p style=\"text-align: justify;\">Bas\u00e1ndonos en esta idea, desde <a href=\"https:\/\/www.billin.net\"><strong>Bill<\/strong><strong>in<\/strong> <\/a>queremos aprovechar este espacio para ofrecerte una serie de pautas que te ayudar\u00e1n a detectar si <a href=\"https:\/\/www.billin.net\/land\/trabajador-autonomo\/\" target=\"_blank\" rel=\"noopener noreferrer\">es preferible para tus intereses profesionales mantener tu posici\u00f3n como trabajador aut\u00f3nomo<\/a> o si, por el contrario, ser\u00eda m\u00e1s rentable para ti realizar los tr\u00e1mites necesarios para constituirte como empresa.<\/p>\n<p style=\"text-align: justify;\">En l\u00edneas generales, pasamos a comentarte a continuaci\u00f3n los aspectos esenciales a la hora de tomar esta decisi\u00f3n trascendental para el futuro de tu negocio.<\/p>\n<h2 style=\"text-align: left;\">Volumen de facturaci\u00f3n<\/h2>\n<p style=\"text-align: justify;\">En condiciones normales, una vez que vayas incrementando tu presencia en el mercado y tu cartera de clientes aumente, gracias a tu profesionalidad y a la confianza que ellos depositan en ti, tu volumen de facturaci\u00f3n online\u00a0experimentar\u00e1 un notable crecimiento.<\/p>\n<p style=\"text-align: justify;\">En este sentido debes de tener en cuenta que, si tu volumen de facturaci\u00f3n supera los 150.000 euros anuales, estar\u00e1s obligado a acogerte a un nuevo tramo fiscal en tu declaraci\u00f3n del IRPF, lo que supone unas menores ventajas que si te constituyeras como sociedad y pudieras tributar tus ingresos a trav\u00e9s del Impuesto sobre Sociedades.<\/p>\n<p style=\"text-align: justify;\">Asimismo, la Agencia Tributaria suele plantear menos problemas en la deducci\u00f3n de gastos directamente afectos a tu actividad cuando esta medida es solicitada por una empresa en lugar de por un trabajador aut\u00f3nomo.<\/p>\n<p style=\"text-align: justify;\">Si quieres tener m\u00e1s claro este concepto, en el caso de que tu tipo marginal del Impuesto sobre la Renta de las Personas F\u00edsicas se incremente hasta un 30%, ser\u00e1 preferible que reduzcas tu carga fiscal transformando tu negocio en una sociedad mercantil.<\/p>\n<h2 style=\"text-align: left;\">Inter\u00e9s por la contrataci\u00f3n de personal<\/h2>\n<p style=\"text-align: justify;\">A nivel interno, tambi\u00e9n debes tener en cuenta que, si decides contratar personas a tu cargo, para su apoyo en el desarrollo de tu actividad profesional, obtendr\u00e1s unos mayores beneficios fiscales si tributas por el Impuesto sobre Sociedades, ya que se considera como una inversi\u00f3n con derecho a desgravaci\u00f3n.<\/p>\n<p style=\"text-align: justify;\">Por el contrario, si tomas la decisi\u00f3n de llevar a cabo esta contrataci\u00f3n como trabajador aut\u00f3nomo \u00fanicamente podr\u00e1s computar tus gastos de personal como una parte de los gastos relacionados con el desarrollo de tu actividad profesional.<\/p>\n<p style=\"text-align: justify;\"><a href=\"https:\/\/www.billin.net\/blog\/wp-content\/uploads\/2017\/06\/autonomos-constitucion-sociedad-billin-imagen-18.1.2.jpg\"><img loading=\"lazy\" decoding=\"async\" class=\"aligncenter size-full wp-image-3476\" src=\"https:\/\/www.billin.net\/blog\/wp-content\/uploads\/2017\/06\/autonomos-constitucion-sociedad-billin-imagen-18.1.2.jpg\" alt=\"billin aut\u00f3nomos constituci\u00f3n como sociedad contrataci\u00f3n de personal\" width=\"600\" height=\"400\" \/><\/a><\/p>\n<h2 style=\"text-align: left;\">Ventajas asociadas a la separaci\u00f3n de patrimonios<\/h2>\n<p style=\"text-align: justify;\">Aunque sea un aspecto que, en ocasiones, no solemos apreciar con la importancia que merece, cuando ejerces como trabajador aut\u00f3nomo tu patrimonio personal y familiar podr\u00eda verse afectado por tus obligaciones frente a deudas e impagos.<\/p>\n<p style=\"text-align: justify;\">En cambio, el hecho de constituirte como una sociedad mercantil supondr\u00e1 la creaci\u00f3n de un nuevo ente con personalidad jur\u00eddica propia, preservando as\u00ed tu solvencia a nivel personal.<\/p>\n<h2 style=\"text-align: left;\">Imagen de marca<\/h2>\n<p style=\"text-align: justify;\">Hoy en d\u00eda no supone un aspecto de decisi\u00f3n trascendental para decidir la forma jur\u00eddica m\u00e1s adecuada para el desarrollo de tu negocio, pero s\u00ed que es cierto que, si decides inscribirte como una sociedad gozar\u00e1s de una mejor imagen entre tus clientes y proveedores, ya que, de una forma inconsciente, se suele asociar esta figura a una mayor estabilidad.<\/p>\n<p style=\"text-align: justify;\">Del mismo modo, esta mejora en tu imagen de marca ser\u00e1 de gran utilidad si decides buscar fuentes de financiaci\u00f3n externas, dado que tanto las entidades financieras como las propias administraciones p\u00fablicas dispone de l\u00edneas de cr\u00e9ditos espec\u00edficas para aquellos profesionales que deciden constituir una nueva sociedad mercantil.<\/p>\n","protected":false},"excerpt":{"rendered":"<p>Es totalmente normal, y hasta en cierto sentido bastante l\u00f3gico, que cuando consideramos la idea de emprender nuestra trayectoria profesional de forma independiente, nuestra primera idea est\u00e9 asociada a la correspondiente inscripci\u00f3n en el R\u00e9gimen Especial de Trabajadores Aut\u00f3nomos.<\/p>\n","protected":false},"author":20,"featured_media":4199,"comment_status":"open","ping_status":"open","sticky":false,"template":"","format":"standard","meta":{"_acf_changed":false,"_et_pb_use_builder":"","_et_pb_old_content":"","_et_gb_content_width":"","om_disable_all_campaigns":false,"inline_featured_image":false,"footnotes":""},"categories":[1023],"tags":[1380],"class_list":{"0":"post-10295","1":"post","2":"type-post","3":"status-publish","4":"format-standard","5":"has-post-thumbnail","7":"category-negocios","8":"tag-autonomos"},"acf":{"selector_de_usuario":"","fecha_de_revision":"20230829"},"yoast_head":"<!-- This site is optimized with the Yoast SEO plugin v27.1 - https:\/\/yoast.com\/product\/yoast-seo-wordpress\/ -->\n<title>\u00bfCu\u00e1ndo constituirte como sociedad mercantil? | TeamSystem Facturas Billin<\/title>\n<meta name=\"description\" content=\"Si desarrollas tu actividad profesional como aut\u00f3nomo, vamos a aclararte en qu\u00e9 supuestos ser\u00e1 preferible tu constituci\u00f3n como sociedad mercantil.\" \/>\n<meta name=\"robots\" content=\"index, follow, max-snippet:-1, max-image-preview:large, max-video-preview:-1\" \/>\n<link rel=\"canonical\" href=\"https:\/\/www.billin.net\/blog\/autonomos-transformacion-en-sociedad\/\" \/>\n<meta property=\"og:locale\" content=\"es_ES\" \/>\n<meta property=\"og:type\" content=\"article\" \/>\n<meta property=\"og:title\" content=\"\u00bfCu\u00e1ndo constituirte como sociedad mercantil? | TeamSystem Facturas Billin\" \/>\n<meta property=\"og:description\" content=\"Si desarrollas tu actividad profesional como aut\u00f3nomo, vamos a aclararte en qu\u00e9 supuestos ser\u00e1 preferible tu constituci\u00f3n como sociedad mercantil.\" \/>\n<meta property=\"og:url\" content=\"https:\/\/www.billin.net\/blog\/autonomos-transformacion-en-sociedad\/\" \/>\n<meta property=\"og:site_name\" content=\"Blog de TeamSystem Facturas Billin\" \/>\n<meta property=\"article:publisher\" content=\"https:\/\/www.facebook.com\/EsBillin\" \/>\n<meta property=\"article:published_time\" content=\"2017-05-30T22:00:00+00:00\" \/>\n<meta property=\"article:modified_time\" content=\"2025-09-25T19:04:15+00:00\" \/>\n<meta property=\"og:image\" content=\"https:\/\/www.billin.net\/blog\/wp-content\/uploads\/2017\/06\/autonomos-constitucion-sociedad-billin-imagen-18.1.1.jpg\" \/>\n\t<meta property=\"og:image:width\" content=\"1000\" \/>\n\t<meta property=\"og:image:height\" content=\"667\" \/>\n\t<meta property=\"og:image:type\" content=\"image\/jpeg\" \/>\n<meta name=\"author\" content=\"Marcos De La Cueva - CEO TeamSystem Facturas Billin\" \/>\n<meta name=\"twitter:card\" content=\"summary_large_image\" \/>\n<meta name=\"twitter:creator\" content=\"@Billin_ES\" \/>\n<meta name=\"twitter:site\" content=\"@Billin_ES\" \/>\n<meta name=\"twitter:label1\" content=\"Escrito por\" \/>\n\t<meta name=\"twitter:data1\" content=\"Marcos De La Cueva - CEO TeamSystem Facturas Billin\" \/>\n\t<meta name=\"twitter:label2\" content=\"Tiempo de lectura\" \/>\n\t<meta name=\"twitter:data2\" content=\"4 minutos\" \/>\n<script type=\"application\/ld+json\" class=\"yoast-schema-graph\">{\"@context\":\"https:\/\/schema.org\",\"@graph\":[{\"@type\":\"Article\",\"@id\":\"https:\/\/www.billin.net\/blog\/autonomos-transformacion-en-sociedad\/#article\",\"isPartOf\":{\"@id\":\"https:\/\/www.billin.net\/blog\/autonomos-transformacion-en-sociedad\/\"},\"author\":{\"name\":\"Marcos De La Cueva - CEO TeamSystem Facturas Billin\",\"@id\":\"https:\/\/www.billin.net\/blog\/#\/schema\/person\/d0339ee6e869234614541b1e80a793e7\"},\"headline\":\"\u00bfCu\u00e1ndo deben los aut\u00f3nomos plantearse su transformaci\u00f3n en sociedad?\",\"datePublished\":\"2017-05-30T22:00:00+00:00\",\"dateModified\":\"2025-09-25T19:04:15+00:00\",\"mainEntityOfPage\":{\"@id\":\"https:\/\/www.billin.net\/blog\/autonomos-transformacion-en-sociedad\/\"},\"wordCount\":712,\"commentCount\":0,\"publisher\":{\"@id\":\"https:\/\/www.billin.net\/blog\/#organization\"},\"image\":{\"@id\":\"https:\/\/www.billin.net\/blog\/autonomos-transformacion-en-sociedad\/#primaryimage\"},\"thumbnailUrl\":\"https:\/\/www.billin.net\/blog\/wp-content\/uploads\/2017\/06\/autonomos-constitucion-sociedad-billin-imagen-18.1.1.jpg\",\"keywords\":[\"Aut\u00f3nomos\"],\"articleSection\":[\"Negocios\"],\"inLanguage\":\"es\",\"potentialAction\":[{\"@type\":\"CommentAction\",\"name\":\"Comment\",\"target\":[\"https:\/\/www.billin.net\/blog\/autonomos-transformacion-en-sociedad\/#respond\"]}]},{\"@type\":\"WebPage\",\"@id\":\"https:\/\/www.billin.net\/blog\/autonomos-transformacion-en-sociedad\/\",\"url\":\"https:\/\/www.billin.net\/blog\/autonomos-transformacion-en-sociedad\/\",\"name\":\"\u00bfCu\u00e1ndo constituirte como sociedad mercantil? | TeamSystem Facturas Billin\",\"isPartOf\":{\"@id\":\"https:\/\/www.billin.net\/blog\/#website\"},\"primaryImageOfPage\":{\"@id\":\"https:\/\/www.billin.net\/blog\/autonomos-transformacion-en-sociedad\/#primaryimage\"},\"image\":{\"@id\":\"https:\/\/www.billin.net\/blog\/autonomos-transformacion-en-sociedad\/#primaryimage\"},\"thumbnailUrl\":\"https:\/\/www.billin.net\/blog\/wp-content\/uploads\/2017\/06\/autonomos-constitucion-sociedad-billin-imagen-18.1.1.jpg\",\"datePublished\":\"2017-05-30T22:00:00+00:00\",\"dateModified\":\"2025-09-25T19:04:15+00:00\",\"description\":\"Si desarrollas tu actividad profesional como aut\u00f3nomo, vamos a aclararte en qu\u00e9 supuestos ser\u00e1 preferible tu constituci\u00f3n como sociedad mercantil.\",\"breadcrumb\":{\"@id\":\"https:\/\/www.billin.net\/blog\/autonomos-transformacion-en-sociedad\/#breadcrumb\"},\"inLanguage\":\"es\",\"potentialAction\":[{\"@type\":\"ReadAction\",\"target\":[\"https:\/\/www.billin.net\/blog\/autonomos-transformacion-en-sociedad\/\"]}]},{\"@type\":\"ImageObject\",\"inLanguage\":\"es\",\"@id\":\"https:\/\/www.billin.net\/blog\/autonomos-transformacion-en-sociedad\/#primaryimage\",\"url\":\"https:\/\/www.billin.net\/blog\/wp-content\/uploads\/2017\/06\/autonomos-constitucion-sociedad-billin-imagen-18.1.1.jpg\",\"contentUrl\":\"https:\/\/www.billin.net\/blog\/wp-content\/uploads\/2017\/06\/autonomos-constitucion-sociedad-billin-imagen-18.1.1.jpg\",\"width\":1000,\"height\":667},{\"@type\":\"BreadcrumbList\",\"@id\":\"https:\/\/www.billin.net\/blog\/autonomos-transformacion-en-sociedad\/#breadcrumb\",\"itemListElement\":[{\"@type\":\"ListItem\",\"position\":1,\"name\":\"Blog\",\"item\":\"https:\/\/www.billin.net\/blog\/\"},{\"@type\":\"ListItem\",\"position\":2,\"name\":\"Negocios\",\"item\":\"https:\/\/www.billin.net\/blog\/negocios\/\"},{\"@type\":\"ListItem\",\"position\":3,\"name\":\"\u00bfCu\u00e1ndo deben los aut\u00f3nomos plantearse su transformaci\u00f3n en sociedad?\"}]},{\"@type\":\"WebSite\",\"@id\":\"https:\/\/www.billin.net\/blog\/#website\",\"url\":\"https:\/\/www.billin.net\/blog\/\",\"name\":\"Blog de Billin\",\"description\":\"Mantente informado con el blog de TeamSystem Facturas Billin:  facturaci\u00f3n, legislaci\u00f3n, contabilidad, management y toda la informaci\u00f3n \u00fatil para pymes y aut\u00f3nomos.\",\"publisher\":{\"@id\":\"https:\/\/www.billin.net\/blog\/#organization\"},\"potentialAction\":[{\"@type\":\"SearchAction\",\"target\":{\"@type\":\"EntryPoint\",\"urlTemplate\":\"https:\/\/www.billin.net\/blog\/?s={search_term_string}\"},\"query-input\":{\"@type\":\"PropertyValueSpecification\",\"valueRequired\":true,\"valueName\":\"search_term_string\"}}],\"inLanguage\":\"es\"},{\"@type\":\"Organization\",\"@id\":\"https:\/\/www.billin.net\/blog\/#organization\",\"name\":\"Billin\",\"alternateName\":\"Blog de Billin\",\"url\":\"https:\/\/www.billin.net\/blog\/\",\"logo\":{\"@type\":\"ImageObject\",\"inLanguage\":\"es\",\"@id\":\"https:\/\/www.billin.net\/blog\/#\/schema\/logo\/image\/\",\"url\":\"https:\/\/www.billin.net\/blog\/wp-content\/uploads\/2019\/06\/logotipo-billin-blog-1.png\",\"contentUrl\":\"https:\/\/www.billin.net\/blog\/wp-content\/uploads\/2019\/06\/logotipo-billin-blog-1.png\",\"width\":126,\"height\":50,\"caption\":\"Billin\"},\"image\":{\"@id\":\"https:\/\/www.billin.net\/blog\/#\/schema\/logo\/image\/\"},\"sameAs\":[\"https:\/\/www.facebook.com\/EsBillin\",\"https:\/\/x.com\/Billin_ES\",\"https:\/\/www.instagram.com\/billin_es\/\",\"https:\/\/www.linkedin.com\/company\/billin-spain\",\"https:\/\/www.youtube.com\/c\/BillinEsintercambiodefacturas\/\"],\"legalName\":\"MY EXPENSES SL\",\"contactPoint\":{\"@type\":\"ContactPoint\",\"telephone\":\"+34918318883\",\"contactType\":\"customer service\",\"email\":\"info@billin.eu\",\"availableLanguage\":\"es\"},\"foundingDate\":\"2015\",\"numberOfEmployees\":{\"@type\":\"QuantitativeValue\",\"minValue\":10,\"maxValue\":50},\"parentOrganization\":{\"@type\":\"Organization\",\"name\":\"TeamSystem\",\"url\":\"https:\/\/www.teamsystem.com\/\"},\"description\":\"Billin es el programa de facturaci\u00f3n online de TeamSystem para aut\u00f3nomos y pymes en Espa\u00f1a. Permite crear facturas, controlar gastos y cumplir con Verifactu.\",\"address\":{\"@type\":\"PostalAddress\",\"streetAddress\":\"Calle Arturo Soria, 336\",\"addressLocality\":\"Madrid\",\"addressRegion\":\"Madrid\",\"postalCode\":\"28033\",\"addressCountry\":\"ES\"}},{\"@type\":\"Person\",\"@id\":\"https:\/\/www.billin.net\/blog\/#\/schema\/person\/d0339ee6e869234614541b1e80a793e7\",\"name\":\"Marcos De La Cueva - CEO TeamSystem Facturas Billin\",\"image\":{\"@type\":\"ImageObject\",\"inLanguage\":\"es\",\"@id\":\"https:\/\/www.billin.net\/blog\/#\/schema\/person\/image\/\",\"url\":\"https:\/\/www.billin.net\/blog\/wp-content\/uploads\/2023\/10\/marcos-color-150x150.png\",\"contentUrl\":\"https:\/\/www.billin.net\/blog\/wp-content\/uploads\/2023\/10\/marcos-color-150x150.png\",\"caption\":\"Marcos De La Cueva - CEO TeamSystem Facturas Billin\"},\"description\":\"Licenciado en ADE por la Universidad Aut\u00f3noma de Madrid, Marcos De la Cueva es CEO y cofundador de TeamSystem Facturas Billin, un programa online que lleva m\u00e1s de 9 a\u00f1os ayudando a aut\u00f3nomos, peque\u00f1os negocios y gestor\u00edas a digitalizar sus presupuestos, facturas, tickets y gastos. \u00a0 Sobre Marcos De La Cueva \u00a0 Apasionado por el mundo empresarial y la tecnolog\u00eda, curs\u00f3 su M\u00e1ster de Finanzas en la Universidad Pontificia de Comillas y estuvo en el Programa de Cooperaci\u00f3n Educativa de la Universidad Aut\u00f3noma de Madrid. \u00a0 Marcos siempre ha tenido su objetivo claro: ayudar a la creaci\u00f3n de negocios financieramente sostenibles a trav\u00e9s de una herramienta de facturaci\u00f3n que les permita ahorrar tiempo y tener la contabilidad bajo control. \u00a0 Marcos De La Cueva en los medios \u2014 Noticia sobre Kit Digital y Ley Antifraude (VeriFactu) en El Economista. \u2014 Noticia sobre Kit Digital y factura electr\u00f3nica obligatoria en Diario Jur\u00eddico. \u2014 Noticia sobre el a\u00f1o de transici\u00f3n para la factura electr\u00f3nica en Muy Pymes. \u2014 Entrevista sobre factura electr\u00f3nica obligatoria en Canal Sur. \u2014 Noticia sobre el informe factura electr\u00f3nica de TeamSystem en Channel Partner. \u2014 Charla sobre productividad y Ley Crea y Crece en El Economista. \u2014 Charla sobre factura electr\u00f3nica obligatoria en Muy Pymes. \u2014 Charla sobre digitalizaci\u00f3n aut\u00f3nomos y productividad en esdiario. \u2014 Charla sobre productividad y factura electr\u00f3nica en La Raz\u00f3n. \u2014 Charla sobre factura electr\u00f3nica obligatoria en Aut\u00f3nomos y Emprendedores. \u2014 Entrevista sobre Ley Antifraude y Ley Crea y Crece en Expansi\u00f3n. \u2014 Entrevista sobre Ley Antifraude y Ley Crea y Crece en La Raz\u00f3n. \u2014 Entrevista sobre factura electr\u00f3nica obligatoria en El Economista. \u2014 Comunicado Billin y TeamSystem en Business Insider. \u2014 Entrevista en Econom\u00eda Digital. \u2014 Entrevista en Ideas para tu empresa de Vodafone. \u2014 Entrevista en M\u00e1sQradio. \u2014 Entrevista en Armas para emprender de El M\u00e9todo Gallardo. \u2014 Entrevista en KFund. \u2014 Entrevista en AXA Seguros Espa\u00f1a. \u2014 Entrevista en GestionaRadio. \u00a0 Marcos De La Cueva en eventos \u00a0 \u2014 Participaci\u00f3n como ponente en Accountex Espa\u00f1a 2023. \u00a0 Tem\u00e1ticas de especializaci\u00f3n \u00a0 negocios | startups | contabilidad| fiscalidad | empresas| asesor\u00edas| autonomos | emprendedores | peque\u00f1os negocios | econom\u00eda | ADE | pymes | desarrollo de negocio\u00a0\",\"sameAs\":[\"https:\/\/www.billin.net\/\",\"https:\/\/www.linkedin.com\/in\/marcos-de-la-cueva-19750ba3\/\"],\"url\":\"https:\/\/www.billin.net\/blog\/author\/marcosdelacueva\/\",\"jobTitle\":\"CEO y cofundador de TS Facturas Billin\"}]}<\/script>\n<!-- \/ Yoast SEO plugin. -->","yoast_head_json":{"title":"\u00bfCu\u00e1ndo constituirte como sociedad mercantil? | TeamSystem Facturas Billin","description":"Si desarrollas tu actividad profesional como aut\u00f3nomo, vamos a aclararte en qu\u00e9 supuestos ser\u00e1 preferible tu constituci\u00f3n como sociedad mercantil.","robots":{"index":"index","follow":"follow","max-snippet":"max-snippet:-1","max-image-preview":"max-image-preview:large","max-video-preview":"max-video-preview:-1"},"canonical":"https:\/\/www.billin.net\/blog\/autonomos-transformacion-en-sociedad\/","og_locale":"es_ES","og_type":"article","og_title":"\u00bfCu\u00e1ndo constituirte como sociedad mercantil? | TeamSystem Facturas Billin","og_description":"Si desarrollas tu actividad profesional como aut\u00f3nomo, vamos a aclararte en qu\u00e9 supuestos ser\u00e1 preferible tu constituci\u00f3n como sociedad mercantil.","og_url":"https:\/\/www.billin.net\/blog\/autonomos-transformacion-en-sociedad\/","og_site_name":"Blog de TeamSystem Facturas Billin","article_publisher":"https:\/\/www.facebook.com\/EsBillin","article_published_time":"2017-05-30T22:00:00+00:00","article_modified_time":"2025-09-25T19:04:15+00:00","og_image":[{"width":1000,"height":667,"url":"https:\/\/www.billin.net\/blog\/wp-content\/uploads\/2017\/06\/autonomos-constitucion-sociedad-billin-imagen-18.1.1.jpg","type":"image\/jpeg"}],"author":"Marcos De La Cueva - CEO TeamSystem Facturas Billin","twitter_card":"summary_large_image","twitter_creator":"@Billin_ES","twitter_site":"@Billin_ES","twitter_misc":{"Escrito por":"Marcos De La Cueva - CEO TeamSystem Facturas Billin","Tiempo de lectura":"4 minutos"},"schema":{"@context":"https:\/\/schema.org","@graph":[{"@type":"Article","@id":"https:\/\/www.billin.net\/blog\/autonomos-transformacion-en-sociedad\/#article","isPartOf":{"@id":"https:\/\/www.billin.net\/blog\/autonomos-transformacion-en-sociedad\/"},"author":{"name":"Marcos De La Cueva - CEO TeamSystem Facturas Billin","@id":"https:\/\/www.billin.net\/blog\/#\/schema\/person\/d0339ee6e869234614541b1e80a793e7"},"headline":"\u00bfCu\u00e1ndo deben los aut\u00f3nomos plantearse su transformaci\u00f3n en sociedad?","datePublished":"2017-05-30T22:00:00+00:00","dateModified":"2025-09-25T19:04:15+00:00","mainEntityOfPage":{"@id":"https:\/\/www.billin.net\/blog\/autonomos-transformacion-en-sociedad\/"},"wordCount":712,"commentCount":0,"publisher":{"@id":"https:\/\/www.billin.net\/blog\/#organization"},"image":{"@id":"https:\/\/www.billin.net\/blog\/autonomos-transformacion-en-sociedad\/#primaryimage"},"thumbnailUrl":"https:\/\/www.billin.net\/blog\/wp-content\/uploads\/2017\/06\/autonomos-constitucion-sociedad-billin-imagen-18.1.1.jpg","keywords":["Aut\u00f3nomos"],"articleSection":["Negocios"],"inLanguage":"es","potentialAction":[{"@type":"CommentAction","name":"Comment","target":["https:\/\/www.billin.net\/blog\/autonomos-transformacion-en-sociedad\/#respond"]}]},{"@type":"WebPage","@id":"https:\/\/www.billin.net\/blog\/autonomos-transformacion-en-sociedad\/","url":"https:\/\/www.billin.net\/blog\/autonomos-transformacion-en-sociedad\/","name":"\u00bfCu\u00e1ndo constituirte como sociedad mercantil? | TeamSystem Facturas Billin","isPartOf":{"@id":"https:\/\/www.billin.net\/blog\/#website"},"primaryImageOfPage":{"@id":"https:\/\/www.billin.net\/blog\/autonomos-transformacion-en-sociedad\/#primaryimage"},"image":{"@id":"https:\/\/www.billin.net\/blog\/autonomos-transformacion-en-sociedad\/#primaryimage"},"thumbnailUrl":"https:\/\/www.billin.net\/blog\/wp-content\/uploads\/2017\/06\/autonomos-constitucion-sociedad-billin-imagen-18.1.1.jpg","datePublished":"2017-05-30T22:00:00+00:00","dateModified":"2025-09-25T19:04:15+00:00","description":"Si desarrollas tu actividad profesional como aut\u00f3nomo, vamos a aclararte en qu\u00e9 supuestos ser\u00e1 preferible tu constituci\u00f3n como sociedad mercantil.","breadcrumb":{"@id":"https:\/\/www.billin.net\/blog\/autonomos-transformacion-en-sociedad\/#breadcrumb"},"inLanguage":"es","potentialAction":[{"@type":"ReadAction","target":["https:\/\/www.billin.net\/blog\/autonomos-transformacion-en-sociedad\/"]}]},{"@type":"ImageObject","inLanguage":"es","@id":"https:\/\/www.billin.net\/blog\/autonomos-transformacion-en-sociedad\/#primaryimage","url":"https:\/\/www.billin.net\/blog\/wp-content\/uploads\/2017\/06\/autonomos-constitucion-sociedad-billin-imagen-18.1.1.jpg","contentUrl":"https:\/\/www.billin.net\/blog\/wp-content\/uploads\/2017\/06\/autonomos-constitucion-sociedad-billin-imagen-18.1.1.jpg","width":1000,"height":667},{"@type":"BreadcrumbList","@id":"https:\/\/www.billin.net\/blog\/autonomos-transformacion-en-sociedad\/#breadcrumb","itemListElement":[{"@type":"ListItem","position":1,"name":"Blog","item":"https:\/\/www.billin.net\/blog\/"},{"@type":"ListItem","position":2,"name":"Negocios","item":"https:\/\/www.billin.net\/blog\/negocios\/"},{"@type":"ListItem","position":3,"name":"\u00bfCu\u00e1ndo deben los aut\u00f3nomos plantearse su transformaci\u00f3n en sociedad?"}]},{"@type":"WebSite","@id":"https:\/\/www.billin.net\/blog\/#website","url":"https:\/\/www.billin.net\/blog\/","name":"Blog de Billin","description":"Mantente informado con el blog de TeamSystem Facturas Billin:  facturaci\u00f3n, legislaci\u00f3n, contabilidad, management y toda la informaci\u00f3n \u00fatil para pymes y aut\u00f3nomos.","publisher":{"@id":"https:\/\/www.billin.net\/blog\/#organization"},"potentialAction":[{"@type":"SearchAction","target":{"@type":"EntryPoint","urlTemplate":"https:\/\/www.billin.net\/blog\/?s={search_term_string}"},"query-input":{"@type":"PropertyValueSpecification","valueRequired":true,"valueName":"search_term_string"}}],"inLanguage":"es"},{"@type":"Organization","@id":"https:\/\/www.billin.net\/blog\/#organization","name":"Billin","alternateName":"Blog de Billin","url":"https:\/\/www.billin.net\/blog\/","logo":{"@type":"ImageObject","inLanguage":"es","@id":"https:\/\/www.billin.net\/blog\/#\/schema\/logo\/image\/","url":"https:\/\/www.billin.net\/blog\/wp-content\/uploads\/2019\/06\/logotipo-billin-blog-1.png","contentUrl":"https:\/\/www.billin.net\/blog\/wp-content\/uploads\/2019\/06\/logotipo-billin-blog-1.png","width":126,"height":50,"caption":"Billin"},"image":{"@id":"https:\/\/www.billin.net\/blog\/#\/schema\/logo\/image\/"},"sameAs":["https:\/\/www.facebook.com\/EsBillin","https:\/\/x.com\/Billin_ES","https:\/\/www.instagram.com\/billin_es\/","https:\/\/www.linkedin.com\/company\/billin-spain","https:\/\/www.youtube.com\/c\/BillinEsintercambiodefacturas\/"],"legalName":"MY EXPENSES SL","contactPoint":{"@type":"ContactPoint","telephone":"+34918318883","contactType":"customer service","email":"info@billin.eu","availableLanguage":"es"},"foundingDate":"2015","numberOfEmployees":{"@type":"QuantitativeValue","minValue":10,"maxValue":50},"parentOrganization":{"@type":"Organization","name":"TeamSystem","url":"https:\/\/www.teamsystem.com\/"},"description":"Billin es el programa de facturaci\u00f3n online de TeamSystem para aut\u00f3nomos y pymes en Espa\u00f1a. Permite crear facturas, controlar gastos y cumplir con Verifactu.","address":{"@type":"PostalAddress","streetAddress":"Calle Arturo Soria, 336","addressLocality":"Madrid","addressRegion":"Madrid","postalCode":"28033","addressCountry":"ES"}},{"@type":"Person","@id":"https:\/\/www.billin.net\/blog\/#\/schema\/person\/d0339ee6e869234614541b1e80a793e7","name":"Marcos De La Cueva - CEO TeamSystem Facturas Billin","image":{"@type":"ImageObject","inLanguage":"es","@id":"https:\/\/www.billin.net\/blog\/#\/schema\/person\/image\/","url":"https:\/\/www.billin.net\/blog\/wp-content\/uploads\/2023\/10\/marcos-color-150x150.png","contentUrl":"https:\/\/www.billin.net\/blog\/wp-content\/uploads\/2023\/10\/marcos-color-150x150.png","caption":"Marcos De La Cueva - CEO TeamSystem Facturas Billin"},"description":"Licenciado en ADE por la Universidad Aut\u00f3noma de Madrid, Marcos De la Cueva es CEO y cofundador de TeamSystem Facturas Billin, un programa online que lleva m\u00e1s de 9 a\u00f1os ayudando a aut\u00f3nomos, peque\u00f1os negocios y gestor\u00edas a digitalizar sus presupuestos, facturas, tickets y gastos. \u00a0 Sobre Marcos De La Cueva \u00a0 Apasionado por el mundo empresarial y la tecnolog\u00eda, curs\u00f3 su M\u00e1ster de Finanzas en la Universidad Pontificia de Comillas y estuvo en el Programa de Cooperaci\u00f3n Educativa de la Universidad Aut\u00f3noma de Madrid. \u00a0 Marcos siempre ha tenido su objetivo claro: ayudar a la creaci\u00f3n de negocios financieramente sostenibles a trav\u00e9s de una herramienta de facturaci\u00f3n que les permita ahorrar tiempo y tener la contabilidad bajo control. \u00a0 Marcos De La Cueva en los medios \u2014 Noticia sobre Kit Digital y Ley Antifraude (VeriFactu) en El Economista. \u2014 Noticia sobre Kit Digital y factura electr\u00f3nica obligatoria en Diario Jur\u00eddico. \u2014 Noticia sobre el a\u00f1o de transici\u00f3n para la factura electr\u00f3nica en Muy Pymes. \u2014 Entrevista sobre factura electr\u00f3nica obligatoria en Canal Sur. \u2014 Noticia sobre el informe factura electr\u00f3nica de TeamSystem en Channel Partner. \u2014 Charla sobre productividad y Ley Crea y Crece en El Economista. \u2014 Charla sobre factura electr\u00f3nica obligatoria en Muy Pymes. \u2014 Charla sobre digitalizaci\u00f3n aut\u00f3nomos y productividad en esdiario. \u2014 Charla sobre productividad y factura electr\u00f3nica en La Raz\u00f3n. \u2014 Charla sobre factura electr\u00f3nica obligatoria en Aut\u00f3nomos y Emprendedores. \u2014 Entrevista sobre Ley Antifraude y Ley Crea y Crece en Expansi\u00f3n. \u2014 Entrevista sobre Ley Antifraude y Ley Crea y Crece en La Raz\u00f3n. \u2014 Entrevista sobre factura electr\u00f3nica obligatoria en El Economista. \u2014 Comunicado Billin y TeamSystem en Business Insider. \u2014 Entrevista en Econom\u00eda Digital. \u2014 Entrevista en Ideas para tu empresa de Vodafone. \u2014 Entrevista en M\u00e1sQradio. \u2014 Entrevista en Armas para emprender de El M\u00e9todo Gallardo. \u2014 Entrevista en KFund. \u2014 Entrevista en AXA Seguros Espa\u00f1a. \u2014 Entrevista en GestionaRadio. \u00a0 Marcos De La Cueva en eventos \u00a0 \u2014 Participaci\u00f3n como ponente en Accountex Espa\u00f1a 2023. \u00a0 Tem\u00e1ticas de especializaci\u00f3n \u00a0 negocios | startups | contabilidad| fiscalidad | empresas| asesor\u00edas| autonomos | emprendedores | peque\u00f1os negocios | econom\u00eda | ADE | pymes | desarrollo de negocio\u00a0","sameAs":["https:\/\/www.billin.net\/","https:\/\/www.linkedin.com\/in\/marcos-de-la-cueva-19750ba3\/"],"url":"https:\/\/www.billin.net\/blog\/author\/marcosdelacueva\/","jobTitle":"CEO y cofundador de TS Facturas Billin"}]}},"_links":{"self":[{"href":"https:\/\/www.billin.net\/blog\/wp-json\/wp\/v2\/posts\/10295","targetHints":{"allow":["GET"]}}],"collection":[{"href":"https:\/\/www.billin.net\/blog\/wp-json\/wp\/v2\/posts"}],"about":[{"href":"https:\/\/www.billin.net\/blog\/wp-json\/wp\/v2\/types\/post"}],"author":[{"embeddable":true,"href":"https:\/\/www.billin.net\/blog\/wp-json\/wp\/v2\/users\/20"}],"replies":[{"embeddable":true,"href":"https:\/\/www.billin.net\/blog\/wp-json\/wp\/v2\/comments?post=10295"}],"version-history":[{"count":7,"href":"https:\/\/www.billin.net\/blog\/wp-json\/wp\/v2\/posts\/10295\/revisions"}],"predecessor-version":[{"id":27563,"href":"https:\/\/www.billin.net\/blog\/wp-json\/wp\/v2\/posts\/10295\/revisions\/27563"}],"wp:featuredmedia":[{"embeddable":true,"href":"https:\/\/www.billin.net\/blog\/wp-json\/wp\/v2\/media\/4199"}],"wp:attachment":[{"href":"https:\/\/www.billin.net\/blog\/wp-json\/wp\/v2\/media?parent=10295"}],"wp:term":[{"taxonomy":"category","embeddable":true,"href":"https:\/\/www.billin.net\/blog\/wp-json\/wp\/v2\/categories?post=10295"},{"taxonomy":"post_tag","embeddable":true,"href":"https:\/\/www.billin.net\/blog\/wp-json\/wp\/v2\/tags?post=10295"}],"curies":[{"name":"wp","href":"https:\/\/api.w.org\/{rel}","templated":true}]}}