{"id":10293,"date":"2017-05-30T00:00:00","date_gmt":"2017-05-29T22:00:00","guid":{"rendered":"https:\/\/www.billin.net\/blog\/corresponsabilidad-trabajadores-pyme\/"},"modified":"2025-09-25T21:04:17","modified_gmt":"2025-09-25T19:04:17","slug":"corresponsabilidad-trabajadores-pyme","status":"publish","type":"post","link":"https:\/\/www.billin.net\/blog\/corresponsabilidad-trabajadores-pyme\/","title":{"rendered":"La corresponsabilidad como complemento necesario para una conciliaci\u00f3n laboral efectiva"},"content":{"rendered":"<p style=\"text-align: justify;\">Para completar la informaci\u00f3n aportada en nuestra anterior entrada, sobre los medios m\u00e1s adecuados para incrementar la motivaci\u00f3n de los trabajadores de tu pyme, desde este blog consideramos necesario completar esta informaci\u00f3n con una menci\u00f3n especial a la necesidad de facilitar al personal que conforma tu empresa, y siempre en la medida de tus posibilidades, unas mayores posibilidades de ejercer la corresponsabilidad en su \u00e1mbito familiar.<\/p>\n<p style=\"text-align: justify;\"><!--more--><\/p>\n<p style=\"text-align: justify;\">Cuando hablamos de <strong>corresponsabilidad<\/strong> nos estamos refiriendo a la necesaria implicaci\u00f3n de todos los miembros de un hogar en el desarrollo de una adecuada distribuci\u00f3n de las responsabilidades y tareas familiares y dom\u00e9sticas.<\/p>\n<p style=\"text-align: justify;\">En este sentido, la aplicaci\u00f3n a nivel empresarial de medidas dirigidas a mejorar la conciliaci\u00f3n de la vida personal y familiar de las personas que desarrollan su actividad en un negocio est\u00e1 estrechamente relacionada con la idea de que, gracias a estos beneficios que la empresa les ofrece, ellos puedan dedicar su tiempo libre a la gesti\u00f3n efectiva de dichas tareas, y de una forma equitativa con su c\u00f3nyuge.<\/p>\n<p style=\"text-align: justify;\">A pesar de que, en un principio podemos llegar a pensar que la consecuci\u00f3n de la corresponsabilidad dentro del n\u00facleo familiar requiere de la necesaria concienciaci\u00f3n por parte de los cabezas de familia que la conforman, desde las empresas, y sobre todo las pymes, se pueden llevar a cabo diferentes medidas para fomentar la corresponsabilidad de sus trabajadores, como las que vamos a comentar a continuaci\u00f3n.<\/p>\n<h2 style=\"text-align: left;\">Medidas \u00fatiles para el fomento de la corresponsabilidad en las pymes<\/h2>\n<p style=\"text-align: justify;\">Si est\u00e1s interesado en contribuir al desarrollo de la corresponsabilidad entre los recursos humanos que forman parte de tu empresa, desde este blog te recomendamos que estudies la puesta en pr\u00e1ctica de las siguientes actuaciones:<\/p>\n<ul style=\"text-align: justify;\">\n<li>Estudia, a nivel interno y si es posible caso a caso, la posible influencia de la situaci\u00f3n personal y familiar de tus trabajadores en su rendimiento actual conforme a las tareas asociadas a su puesto.<\/li>\n<\/ul>\n<ul style=\"text-align: justify;\">\n<li>Analiza la posibilidad de contar con aquellos recursos que permitan un aumento de la productividad de tus trabajadores, reduciendo as\u00ed la necesidad de que extiendan su jornada laboral m\u00e1s all\u00e1 de lo estipulado por contrato.<\/li>\n<\/ul>\n<ul style=\"text-align: justify;\">\n<li>Promueve la racionalizaci\u00f3n de los horarios de trabajo, tratando de ser flexible a las necesidades personales y familiares de tus trabajadores.<\/li>\n<\/ul>\n<p style=\"text-align: justify;\">\n<ul>\n<li style=\"text-align: justify;\">Analiza la posibilidad de implementar sistemas alternativos de trabajo para aquellos perfiles que presenten unas mayores dificultades para conciliar su vida personal y laboral<\/li>\n<\/ul>\n<ul>\n<li style=\"text-align: justify;\">Promueve la promoci\u00f3n profesional, en cuanto a acceso a formaci\u00f3n y ascensos, respetando un adecuado equilibrio entre hombres y mujeres.<\/li>\n<\/ul>\n<ul>\n<li style=\"text-align: justify;\">Para finalizar, ser\u00e1 de gran ayuda que fomentes el inter\u00e9s de tus trabajadores por la conciliaci\u00f3n y la corresponsabilidad a trav\u00e9s de acciones informativas relacionadas con estos aspectos<\/li>\n<\/ul>\n<p>Descubre nuestro post de:&nbsp;<strong><a class=\"row-title\" href=\"https:\/\/www.billin.net\/blog\/incrementar-motivacion-trabajadores-pyme\/\" aria-label=\"\u201cMedidas \u00fatiles para incrementar la motivaci\u00f3n de los trabajadores de tu pyme\u201d (Editar)\">Medidas \u00fatiles para incrementar la motivaci\u00f3n de los trabajadores de tu pyme<\/a><\/strong><\/p>\n","protected":false},"excerpt":{"rendered":"<p>Para completar la informaci\u00f3n aportada en nuestra anterior entrada, sobre los medios m\u00e1s adecuados para incrementar la motivaci\u00f3n de los trabajadores de tu pyme, desde este blog consideramos necesario completar esta informaci\u00f3n con una menci\u00f3n especial a la necesidad de facilitar al personal que conforma tu empresa, y siempre en la medida de tus posibilidades, [&hellip;]<\/p>\n","protected":false},"author":20,"featured_media":4193,"comment_status":"open","ping_status":"open","sticky":false,"template":"","format":"standard","meta":{"_acf_changed":false,"_et_pb_use_builder":"","_et_pb_old_content":"","_et_gb_content_width":"","om_disable_all_campaigns":false,"inline_featured_image":false,"footnotes":""},"categories":[1026],"tags":[],"class_list":{"0":"post-10293","1":"post","2":"type-post","3":"status-publish","4":"format-standard","5":"has-post-thumbnail","7":"category-recursos-humanos"},"acf":{"selector_de_usuario":null,"fecha_de_revision":"20191120"},"yoast_head":"<!-- This site is optimized with the Yoast SEO plugin v27.1 - https:\/\/yoast.com\/product\/yoast-seo-wordpress\/ -->\n<title>\u00bfC\u00f3mo fomentar la corresponsabilidad en tu pyme? | TeamSystem Facturas Billin<\/title>\n<meta name=\"description\" content=\"Para contribuir al desarrollo de la corresponsabilidad entre los trabajadores de tu pyme, te recomendamos que pongas en pr\u00e1ctica estas actuaciones.\" \/>\n<meta name=\"robots\" content=\"index, follow, max-snippet:-1, max-image-preview:large, max-video-preview:-1\" \/>\n<link rel=\"canonical\" href=\"https:\/\/www.billin.net\/blog\/corresponsabilidad-trabajadores-pyme\/\" \/>\n<meta property=\"og:locale\" content=\"es_ES\" \/>\n<meta property=\"og:type\" content=\"article\" \/>\n<meta property=\"og:title\" content=\"\u00bfC\u00f3mo fomentar la corresponsabilidad en tu pyme? | TeamSystem Facturas Billin\" \/>\n<meta property=\"og:description\" content=\"Para contribuir al desarrollo de la corresponsabilidad entre los trabajadores de tu pyme, te recomendamos que pongas en pr\u00e1ctica estas actuaciones.\" \/>\n<meta property=\"og:url\" content=\"https:\/\/www.billin.net\/blog\/corresponsabilidad-trabajadores-pyme\/\" \/>\n<meta property=\"og:site_name\" content=\"Blog de TeamSystem Facturas Billin\" \/>\n<meta property=\"article:publisher\" content=\"https:\/\/www.facebook.com\/EsBillin\" \/>\n<meta property=\"article:published_time\" content=\"2017-05-29T22:00:00+00:00\" \/>\n<meta property=\"article:modified_time\" content=\"2025-09-25T19:04:17+00:00\" \/>\n<meta property=\"og:image\" content=\"https:\/\/www.billin.net\/blog\/wp-content\/uploads\/2017\/06\/corresponsabilidad-billin-imagen-18.2.1.jpg\" \/>\n\t<meta property=\"og:image:width\" content=\"1000\" \/>\n\t<meta property=\"og:image:height\" content=\"666\" \/>\n\t<meta property=\"og:image:type\" content=\"image\/jpeg\" \/>\n<meta name=\"author\" content=\"Marcos De La Cueva - CEO TeamSystem Facturas Billin\" \/>\n<meta name=\"twitter:card\" content=\"summary_large_image\" \/>\n<meta name=\"twitter:creator\" content=\"@Billin_ES\" \/>\n<meta name=\"twitter:site\" content=\"@Billin_ES\" \/>\n<meta name=\"twitter:label1\" content=\"Escrito por\" \/>\n\t<meta name=\"twitter:data1\" content=\"Marcos De La Cueva - CEO TeamSystem Facturas Billin\" \/>\n\t<meta name=\"twitter:label2\" content=\"Tiempo de lectura\" \/>\n\t<meta name=\"twitter:data2\" content=\"2 minutos\" \/>\n<script type=\"application\/ld+json\" class=\"yoast-schema-graph\">{\"@context\":\"https:\/\/schema.org\",\"@graph\":[{\"@type\":\"Article\",\"@id\":\"https:\/\/www.billin.net\/blog\/corresponsabilidad-trabajadores-pyme\/#article\",\"isPartOf\":{\"@id\":\"https:\/\/www.billin.net\/blog\/corresponsabilidad-trabajadores-pyme\/\"},\"author\":{\"name\":\"Marcos De La Cueva - CEO TeamSystem Facturas Billin\",\"@id\":\"https:\/\/www.billin.net\/blog\/#\/schema\/person\/d0339ee6e869234614541b1e80a793e7\"},\"headline\":\"La corresponsabilidad como complemento necesario para una conciliaci\u00f3n laboral efectiva\",\"datePublished\":\"2017-05-29T22:00:00+00:00\",\"dateModified\":\"2025-09-25T19:04:17+00:00\",\"mainEntityOfPage\":{\"@id\":\"https:\/\/www.billin.net\/blog\/corresponsabilidad-trabajadores-pyme\/\"},\"wordCount\":498,\"commentCount\":0,\"publisher\":{\"@id\":\"https:\/\/www.billin.net\/blog\/#organization\"},\"image\":{\"@id\":\"https:\/\/www.billin.net\/blog\/corresponsabilidad-trabajadores-pyme\/#primaryimage\"},\"thumbnailUrl\":\"https:\/\/www.billin.net\/blog\/wp-content\/uploads\/2017\/06\/corresponsabilidad-billin-imagen-18.2.1.jpg\",\"articleSection\":[\"Recursos humanos\"],\"inLanguage\":\"es\",\"potentialAction\":[{\"@type\":\"CommentAction\",\"name\":\"Comment\",\"target\":[\"https:\/\/www.billin.net\/blog\/corresponsabilidad-trabajadores-pyme\/#respond\"]}]},{\"@type\":\"WebPage\",\"@id\":\"https:\/\/www.billin.net\/blog\/corresponsabilidad-trabajadores-pyme\/\",\"url\":\"https:\/\/www.billin.net\/blog\/corresponsabilidad-trabajadores-pyme\/\",\"name\":\"\u00bfC\u00f3mo fomentar la corresponsabilidad en tu pyme? | TeamSystem Facturas Billin\",\"isPartOf\":{\"@id\":\"https:\/\/www.billin.net\/blog\/#website\"},\"primaryImageOfPage\":{\"@id\":\"https:\/\/www.billin.net\/blog\/corresponsabilidad-trabajadores-pyme\/#primaryimage\"},\"image\":{\"@id\":\"https:\/\/www.billin.net\/blog\/corresponsabilidad-trabajadores-pyme\/#primaryimage\"},\"thumbnailUrl\":\"https:\/\/www.billin.net\/blog\/wp-content\/uploads\/2017\/06\/corresponsabilidad-billin-imagen-18.2.1.jpg\",\"datePublished\":\"2017-05-29T22:00:00+00:00\",\"dateModified\":\"2025-09-25T19:04:17+00:00\",\"description\":\"Para contribuir al desarrollo de la corresponsabilidad entre los trabajadores de tu pyme, te recomendamos que pongas en pr\u00e1ctica estas actuaciones.\",\"breadcrumb\":{\"@id\":\"https:\/\/www.billin.net\/blog\/corresponsabilidad-trabajadores-pyme\/#breadcrumb\"},\"inLanguage\":\"es\",\"potentialAction\":[{\"@type\":\"ReadAction\",\"target\":[\"https:\/\/www.billin.net\/blog\/corresponsabilidad-trabajadores-pyme\/\"]}]},{\"@type\":\"ImageObject\",\"inLanguage\":\"es\",\"@id\":\"https:\/\/www.billin.net\/blog\/corresponsabilidad-trabajadores-pyme\/#primaryimage\",\"url\":\"https:\/\/www.billin.net\/blog\/wp-content\/uploads\/2017\/06\/corresponsabilidad-billin-imagen-18.2.1.jpg\",\"contentUrl\":\"https:\/\/www.billin.net\/blog\/wp-content\/uploads\/2017\/06\/corresponsabilidad-billin-imagen-18.2.1.jpg\",\"width\":1000,\"height\":666},{\"@type\":\"BreadcrumbList\",\"@id\":\"https:\/\/www.billin.net\/blog\/corresponsabilidad-trabajadores-pyme\/#breadcrumb\",\"itemListElement\":[{\"@type\":\"ListItem\",\"position\":1,\"name\":\"Blog\",\"item\":\"https:\/\/www.billin.net\/blog\/\"},{\"@type\":\"ListItem\",\"position\":2,\"name\":\"Recursos humanos\",\"item\":\"https:\/\/www.billin.net\/blog\/recursos-humanos\/\"},{\"@type\":\"ListItem\",\"position\":3,\"name\":\"La corresponsabilidad como complemento necesario para una conciliaci\u00f3n laboral efectiva\"}]},{\"@type\":\"WebSite\",\"@id\":\"https:\/\/www.billin.net\/blog\/#website\",\"url\":\"https:\/\/www.billin.net\/blog\/\",\"name\":\"Blog de Billin\",\"description\":\"Mantente informado con el blog de TeamSystem Facturas Billin:  facturaci\u00f3n, legislaci\u00f3n, contabilidad, management y toda la informaci\u00f3n \u00fatil para pymes y aut\u00f3nomos.\",\"publisher\":{\"@id\":\"https:\/\/www.billin.net\/blog\/#organization\"},\"potentialAction\":[{\"@type\":\"SearchAction\",\"target\":{\"@type\":\"EntryPoint\",\"urlTemplate\":\"https:\/\/www.billin.net\/blog\/?s={search_term_string}\"},\"query-input\":{\"@type\":\"PropertyValueSpecification\",\"valueRequired\":true,\"valueName\":\"search_term_string\"}}],\"inLanguage\":\"es\"},{\"@type\":\"Organization\",\"@id\":\"https:\/\/www.billin.net\/blog\/#organization\",\"name\":\"Billin\",\"alternateName\":\"Blog de Billin\",\"url\":\"https:\/\/www.billin.net\/blog\/\",\"logo\":{\"@type\":\"ImageObject\",\"inLanguage\":\"es\",\"@id\":\"https:\/\/www.billin.net\/blog\/#\/schema\/logo\/image\/\",\"url\":\"https:\/\/www.billin.net\/blog\/wp-content\/uploads\/2019\/06\/logotipo-billin-blog-1.png\",\"contentUrl\":\"https:\/\/www.billin.net\/blog\/wp-content\/uploads\/2019\/06\/logotipo-billin-blog-1.png\",\"width\":126,\"height\":50,\"caption\":\"Billin\"},\"image\":{\"@id\":\"https:\/\/www.billin.net\/blog\/#\/schema\/logo\/image\/\"},\"sameAs\":[\"https:\/\/www.facebook.com\/EsBillin\",\"https:\/\/x.com\/Billin_ES\",\"https:\/\/www.instagram.com\/billin_es\/\",\"https:\/\/www.linkedin.com\/company\/billin-spain\",\"https:\/\/www.youtube.com\/c\/BillinEsintercambiodefacturas\/\"],\"legalName\":\"MY EXPENSES SL\",\"contactPoint\":{\"@type\":\"ContactPoint\",\"telephone\":\"+34918318883\",\"contactType\":\"customer service\",\"email\":\"info@billin.eu\",\"availableLanguage\":\"es\"},\"foundingDate\":\"2015\",\"numberOfEmployees\":{\"@type\":\"QuantitativeValue\",\"minValue\":10,\"maxValue\":50},\"parentOrganization\":{\"@type\":\"Organization\",\"name\":\"TeamSystem\",\"url\":\"https:\/\/www.teamsystem.com\/\"},\"description\":\"Billin es el programa de facturaci\u00f3n online de TeamSystem para aut\u00f3nomos y pymes en Espa\u00f1a. Permite crear facturas, controlar gastos y cumplir con Verifactu.\",\"address\":{\"@type\":\"PostalAddress\",\"streetAddress\":\"Calle Arturo Soria, 336\",\"addressLocality\":\"Madrid\",\"addressRegion\":\"Madrid\",\"postalCode\":\"28033\",\"addressCountry\":\"ES\"}},{\"@type\":\"Person\",\"@id\":\"https:\/\/www.billin.net\/blog\/#\/schema\/person\/d0339ee6e869234614541b1e80a793e7\",\"name\":\"Marcos De La Cueva - CEO TeamSystem Facturas Billin\",\"image\":{\"@type\":\"ImageObject\",\"inLanguage\":\"es\",\"@id\":\"https:\/\/www.billin.net\/blog\/#\/schema\/person\/image\/\",\"url\":\"https:\/\/www.billin.net\/blog\/wp-content\/uploads\/2023\/10\/marcos-color-150x150.png\",\"contentUrl\":\"https:\/\/www.billin.net\/blog\/wp-content\/uploads\/2023\/10\/marcos-color-150x150.png\",\"caption\":\"Marcos De La Cueva - CEO TeamSystem Facturas Billin\"},\"description\":\"Licenciado en ADE por la Universidad Aut\u00f3noma de Madrid, Marcos De la Cueva es CEO y cofundador de TeamSystem Facturas Billin, un programa online que lleva m\u00e1s de 9 a\u00f1os ayudando a aut\u00f3nomos, peque\u00f1os negocios y gestor\u00edas a digitalizar sus presupuestos, facturas, tickets y gastos. \u00a0 Sobre Marcos De La Cueva \u00a0 Apasionado por el mundo empresarial y la tecnolog\u00eda, curs\u00f3 su M\u00e1ster de Finanzas en la Universidad Pontificia de Comillas y estuvo en el Programa de Cooperaci\u00f3n Educativa de la Universidad Aut\u00f3noma de Madrid. \u00a0 Marcos siempre ha tenido su objetivo claro: ayudar a la creaci\u00f3n de negocios financieramente sostenibles a trav\u00e9s de una herramienta de facturaci\u00f3n que les permita ahorrar tiempo y tener la contabilidad bajo control. \u00a0 Marcos De La Cueva en los medios \u2014 Noticia sobre Kit Digital y Ley Antifraude (VeriFactu) en El Economista. \u2014 Noticia sobre Kit Digital y factura electr\u00f3nica obligatoria en Diario Jur\u00eddico. \u2014 Noticia sobre el a\u00f1o de transici\u00f3n para la factura electr\u00f3nica en Muy Pymes. \u2014 Entrevista sobre factura electr\u00f3nica obligatoria en Canal Sur. \u2014 Noticia sobre el informe factura electr\u00f3nica de TeamSystem en Channel Partner. \u2014 Charla sobre productividad y Ley Crea y Crece en El Economista. \u2014 Charla sobre factura electr\u00f3nica obligatoria en Muy Pymes. \u2014 Charla sobre digitalizaci\u00f3n aut\u00f3nomos y productividad en esdiario. \u2014 Charla sobre productividad y factura electr\u00f3nica en La Raz\u00f3n. \u2014 Charla sobre factura electr\u00f3nica obligatoria en Aut\u00f3nomos y Emprendedores. \u2014 Entrevista sobre Ley Antifraude y Ley Crea y Crece en Expansi\u00f3n. \u2014 Entrevista sobre Ley Antifraude y Ley Crea y Crece en La Raz\u00f3n. \u2014 Entrevista sobre factura electr\u00f3nica obligatoria en El Economista. \u2014 Comunicado Billin y TeamSystem en Business Insider. \u2014 Entrevista en Econom\u00eda Digital. \u2014 Entrevista en Ideas para tu empresa de Vodafone. \u2014 Entrevista en M\u00e1sQradio. \u2014 Entrevista en Armas para emprender de El M\u00e9todo Gallardo. \u2014 Entrevista en KFund. \u2014 Entrevista en AXA Seguros Espa\u00f1a. \u2014 Entrevista en GestionaRadio. \u00a0 Marcos De La Cueva en eventos \u00a0 \u2014 Participaci\u00f3n como ponente en Accountex Espa\u00f1a 2023. \u00a0 Tem\u00e1ticas de especializaci\u00f3n \u00a0 negocios | startups | contabilidad| fiscalidad | empresas| asesor\u00edas| autonomos | emprendedores | peque\u00f1os negocios | econom\u00eda | ADE | pymes | desarrollo de negocio\u00a0\",\"sameAs\":[\"https:\/\/www.billin.net\/\",\"https:\/\/www.linkedin.com\/in\/marcos-de-la-cueva-19750ba3\/\"],\"url\":\"https:\/\/www.billin.net\/blog\/author\/marcosdelacueva\/\",\"jobTitle\":\"CEO y cofundador de TS Facturas Billin\"}]}<\/script>\n<!-- \/ Yoast SEO plugin. -->","yoast_head_json":{"title":"\u00bfC\u00f3mo fomentar la corresponsabilidad en tu pyme? | TeamSystem Facturas Billin","description":"Para contribuir al desarrollo de la corresponsabilidad entre los trabajadores de tu pyme, te recomendamos que pongas en pr\u00e1ctica estas actuaciones.","robots":{"index":"index","follow":"follow","max-snippet":"max-snippet:-1","max-image-preview":"max-image-preview:large","max-video-preview":"max-video-preview:-1"},"canonical":"https:\/\/www.billin.net\/blog\/corresponsabilidad-trabajadores-pyme\/","og_locale":"es_ES","og_type":"article","og_title":"\u00bfC\u00f3mo fomentar la corresponsabilidad en tu pyme? | TeamSystem Facturas Billin","og_description":"Para contribuir al desarrollo de la corresponsabilidad entre los trabajadores de tu pyme, te recomendamos que pongas en pr\u00e1ctica estas actuaciones.","og_url":"https:\/\/www.billin.net\/blog\/corresponsabilidad-trabajadores-pyme\/","og_site_name":"Blog de TeamSystem Facturas Billin","article_publisher":"https:\/\/www.facebook.com\/EsBillin","article_published_time":"2017-05-29T22:00:00+00:00","article_modified_time":"2025-09-25T19:04:17+00:00","og_image":[{"width":1000,"height":666,"url":"https:\/\/www.billin.net\/blog\/wp-content\/uploads\/2017\/06\/corresponsabilidad-billin-imagen-18.2.1.jpg","type":"image\/jpeg"}],"author":"Marcos De La Cueva - CEO TeamSystem Facturas Billin","twitter_card":"summary_large_image","twitter_creator":"@Billin_ES","twitter_site":"@Billin_ES","twitter_misc":{"Escrito por":"Marcos De La Cueva - CEO TeamSystem Facturas Billin","Tiempo de lectura":"2 minutos"},"schema":{"@context":"https:\/\/schema.org","@graph":[{"@type":"Article","@id":"https:\/\/www.billin.net\/blog\/corresponsabilidad-trabajadores-pyme\/#article","isPartOf":{"@id":"https:\/\/www.billin.net\/blog\/corresponsabilidad-trabajadores-pyme\/"},"author":{"name":"Marcos De La Cueva - CEO TeamSystem Facturas Billin","@id":"https:\/\/www.billin.net\/blog\/#\/schema\/person\/d0339ee6e869234614541b1e80a793e7"},"headline":"La corresponsabilidad como complemento necesario para una conciliaci\u00f3n laboral efectiva","datePublished":"2017-05-29T22:00:00+00:00","dateModified":"2025-09-25T19:04:17+00:00","mainEntityOfPage":{"@id":"https:\/\/www.billin.net\/blog\/corresponsabilidad-trabajadores-pyme\/"},"wordCount":498,"commentCount":0,"publisher":{"@id":"https:\/\/www.billin.net\/blog\/#organization"},"image":{"@id":"https:\/\/www.billin.net\/blog\/corresponsabilidad-trabajadores-pyme\/#primaryimage"},"thumbnailUrl":"https:\/\/www.billin.net\/blog\/wp-content\/uploads\/2017\/06\/corresponsabilidad-billin-imagen-18.2.1.jpg","articleSection":["Recursos humanos"],"inLanguage":"es","potentialAction":[{"@type":"CommentAction","name":"Comment","target":["https:\/\/www.billin.net\/blog\/corresponsabilidad-trabajadores-pyme\/#respond"]}]},{"@type":"WebPage","@id":"https:\/\/www.billin.net\/blog\/corresponsabilidad-trabajadores-pyme\/","url":"https:\/\/www.billin.net\/blog\/corresponsabilidad-trabajadores-pyme\/","name":"\u00bfC\u00f3mo fomentar la corresponsabilidad en tu pyme? | TeamSystem Facturas Billin","isPartOf":{"@id":"https:\/\/www.billin.net\/blog\/#website"},"primaryImageOfPage":{"@id":"https:\/\/www.billin.net\/blog\/corresponsabilidad-trabajadores-pyme\/#primaryimage"},"image":{"@id":"https:\/\/www.billin.net\/blog\/corresponsabilidad-trabajadores-pyme\/#primaryimage"},"thumbnailUrl":"https:\/\/www.billin.net\/blog\/wp-content\/uploads\/2017\/06\/corresponsabilidad-billin-imagen-18.2.1.jpg","datePublished":"2017-05-29T22:00:00+00:00","dateModified":"2025-09-25T19:04:17+00:00","description":"Para contribuir al desarrollo de la corresponsabilidad entre los trabajadores de tu pyme, te recomendamos que pongas en pr\u00e1ctica estas actuaciones.","breadcrumb":{"@id":"https:\/\/www.billin.net\/blog\/corresponsabilidad-trabajadores-pyme\/#breadcrumb"},"inLanguage":"es","potentialAction":[{"@type":"ReadAction","target":["https:\/\/www.billin.net\/blog\/corresponsabilidad-trabajadores-pyme\/"]}]},{"@type":"ImageObject","inLanguage":"es","@id":"https:\/\/www.billin.net\/blog\/corresponsabilidad-trabajadores-pyme\/#primaryimage","url":"https:\/\/www.billin.net\/blog\/wp-content\/uploads\/2017\/06\/corresponsabilidad-billin-imagen-18.2.1.jpg","contentUrl":"https:\/\/www.billin.net\/blog\/wp-content\/uploads\/2017\/06\/corresponsabilidad-billin-imagen-18.2.1.jpg","width":1000,"height":666},{"@type":"BreadcrumbList","@id":"https:\/\/www.billin.net\/blog\/corresponsabilidad-trabajadores-pyme\/#breadcrumb","itemListElement":[{"@type":"ListItem","position":1,"name":"Blog","item":"https:\/\/www.billin.net\/blog\/"},{"@type":"ListItem","position":2,"name":"Recursos humanos","item":"https:\/\/www.billin.net\/blog\/recursos-humanos\/"},{"@type":"ListItem","position":3,"name":"La corresponsabilidad como complemento necesario para una conciliaci\u00f3n laboral efectiva"}]},{"@type":"WebSite","@id":"https:\/\/www.billin.net\/blog\/#website","url":"https:\/\/www.billin.net\/blog\/","name":"Blog de Billin","description":"Mantente informado con el blog de TeamSystem Facturas Billin:  facturaci\u00f3n, legislaci\u00f3n, contabilidad, management y toda la informaci\u00f3n \u00fatil para pymes y aut\u00f3nomos.","publisher":{"@id":"https:\/\/www.billin.net\/blog\/#organization"},"potentialAction":[{"@type":"SearchAction","target":{"@type":"EntryPoint","urlTemplate":"https:\/\/www.billin.net\/blog\/?s={search_term_string}"},"query-input":{"@type":"PropertyValueSpecification","valueRequired":true,"valueName":"search_term_string"}}],"inLanguage":"es"},{"@type":"Organization","@id":"https:\/\/www.billin.net\/blog\/#organization","name":"Billin","alternateName":"Blog de Billin","url":"https:\/\/www.billin.net\/blog\/","logo":{"@type":"ImageObject","inLanguage":"es","@id":"https:\/\/www.billin.net\/blog\/#\/schema\/logo\/image\/","url":"https:\/\/www.billin.net\/blog\/wp-content\/uploads\/2019\/06\/logotipo-billin-blog-1.png","contentUrl":"https:\/\/www.billin.net\/blog\/wp-content\/uploads\/2019\/06\/logotipo-billin-blog-1.png","width":126,"height":50,"caption":"Billin"},"image":{"@id":"https:\/\/www.billin.net\/blog\/#\/schema\/logo\/image\/"},"sameAs":["https:\/\/www.facebook.com\/EsBillin","https:\/\/x.com\/Billin_ES","https:\/\/www.instagram.com\/billin_es\/","https:\/\/www.linkedin.com\/company\/billin-spain","https:\/\/www.youtube.com\/c\/BillinEsintercambiodefacturas\/"],"legalName":"MY EXPENSES SL","contactPoint":{"@type":"ContactPoint","telephone":"+34918318883","contactType":"customer service","email":"info@billin.eu","availableLanguage":"es"},"foundingDate":"2015","numberOfEmployees":{"@type":"QuantitativeValue","minValue":10,"maxValue":50},"parentOrganization":{"@type":"Organization","name":"TeamSystem","url":"https:\/\/www.teamsystem.com\/"},"description":"Billin es el programa de facturaci\u00f3n online de TeamSystem para aut\u00f3nomos y pymes en Espa\u00f1a. Permite crear facturas, controlar gastos y cumplir con Verifactu.","address":{"@type":"PostalAddress","streetAddress":"Calle Arturo Soria, 336","addressLocality":"Madrid","addressRegion":"Madrid","postalCode":"28033","addressCountry":"ES"}},{"@type":"Person","@id":"https:\/\/www.billin.net\/blog\/#\/schema\/person\/d0339ee6e869234614541b1e80a793e7","name":"Marcos De La Cueva - CEO TeamSystem Facturas Billin","image":{"@type":"ImageObject","inLanguage":"es","@id":"https:\/\/www.billin.net\/blog\/#\/schema\/person\/image\/","url":"https:\/\/www.billin.net\/blog\/wp-content\/uploads\/2023\/10\/marcos-color-150x150.png","contentUrl":"https:\/\/www.billin.net\/blog\/wp-content\/uploads\/2023\/10\/marcos-color-150x150.png","caption":"Marcos De La Cueva - CEO TeamSystem Facturas Billin"},"description":"Licenciado en ADE por la Universidad Aut\u00f3noma de Madrid, Marcos De la Cueva es CEO y cofundador de TeamSystem Facturas Billin, un programa online que lleva m\u00e1s de 9 a\u00f1os ayudando a aut\u00f3nomos, peque\u00f1os negocios y gestor\u00edas a digitalizar sus presupuestos, facturas, tickets y gastos. \u00a0 Sobre Marcos De La Cueva \u00a0 Apasionado por el mundo empresarial y la tecnolog\u00eda, curs\u00f3 su M\u00e1ster de Finanzas en la Universidad Pontificia de Comillas y estuvo en el Programa de Cooperaci\u00f3n Educativa de la Universidad Aut\u00f3noma de Madrid. \u00a0 Marcos siempre ha tenido su objetivo claro: ayudar a la creaci\u00f3n de negocios financieramente sostenibles a trav\u00e9s de una herramienta de facturaci\u00f3n que les permita ahorrar tiempo y tener la contabilidad bajo control. \u00a0 Marcos De La Cueva en los medios \u2014 Noticia sobre Kit Digital y Ley Antifraude (VeriFactu) en El Economista. \u2014 Noticia sobre Kit Digital y factura electr\u00f3nica obligatoria en Diario Jur\u00eddico. \u2014 Noticia sobre el a\u00f1o de transici\u00f3n para la factura electr\u00f3nica en Muy Pymes. \u2014 Entrevista sobre factura electr\u00f3nica obligatoria en Canal Sur. \u2014 Noticia sobre el informe factura electr\u00f3nica de TeamSystem en Channel Partner. \u2014 Charla sobre productividad y Ley Crea y Crece en El Economista. \u2014 Charla sobre factura electr\u00f3nica obligatoria en Muy Pymes. \u2014 Charla sobre digitalizaci\u00f3n aut\u00f3nomos y productividad en esdiario. \u2014 Charla sobre productividad y factura electr\u00f3nica en La Raz\u00f3n. \u2014 Charla sobre factura electr\u00f3nica obligatoria en Aut\u00f3nomos y Emprendedores. \u2014 Entrevista sobre Ley Antifraude y Ley Crea y Crece en Expansi\u00f3n. \u2014 Entrevista sobre Ley Antifraude y Ley Crea y Crece en La Raz\u00f3n. \u2014 Entrevista sobre factura electr\u00f3nica obligatoria en El Economista. \u2014 Comunicado Billin y TeamSystem en Business Insider. \u2014 Entrevista en Econom\u00eda Digital. \u2014 Entrevista en Ideas para tu empresa de Vodafone. \u2014 Entrevista en M\u00e1sQradio. \u2014 Entrevista en Armas para emprender de El M\u00e9todo Gallardo. \u2014 Entrevista en KFund. \u2014 Entrevista en AXA Seguros Espa\u00f1a. \u2014 Entrevista en GestionaRadio. \u00a0 Marcos De La Cueva en eventos \u00a0 \u2014 Participaci\u00f3n como ponente en Accountex Espa\u00f1a 2023. \u00a0 Tem\u00e1ticas de especializaci\u00f3n \u00a0 negocios | startups | contabilidad| fiscalidad | empresas| asesor\u00edas| autonomos | emprendedores | peque\u00f1os negocios | econom\u00eda | ADE | pymes | desarrollo de negocio\u00a0","sameAs":["https:\/\/www.billin.net\/","https:\/\/www.linkedin.com\/in\/marcos-de-la-cueva-19750ba3\/"],"url":"https:\/\/www.billin.net\/blog\/author\/marcosdelacueva\/","jobTitle":"CEO y cofundador de TS Facturas Billin"}]}},"_links":{"self":[{"href":"https:\/\/www.billin.net\/blog\/wp-json\/wp\/v2\/posts\/10293","targetHints":{"allow":["GET"]}}],"collection":[{"href":"https:\/\/www.billin.net\/blog\/wp-json\/wp\/v2\/posts"}],"about":[{"href":"https:\/\/www.billin.net\/blog\/wp-json\/wp\/v2\/types\/post"}],"author":[{"embeddable":true,"href":"https:\/\/www.billin.net\/blog\/wp-json\/wp\/v2\/users\/20"}],"replies":[{"embeddable":true,"href":"https:\/\/www.billin.net\/blog\/wp-json\/wp\/v2\/comments?post=10293"}],"version-history":[{"count":5,"href":"https:\/\/www.billin.net\/blog\/wp-json\/wp\/v2\/posts\/10293\/revisions"}],"predecessor-version":[{"id":27564,"href":"https:\/\/www.billin.net\/blog\/wp-json\/wp\/v2\/posts\/10293\/revisions\/27564"}],"wp:featuredmedia":[{"embeddable":true,"href":"https:\/\/www.billin.net\/blog\/wp-json\/wp\/v2\/media\/4193"}],"wp:attachment":[{"href":"https:\/\/www.billin.net\/blog\/wp-json\/wp\/v2\/media?parent=10293"}],"wp:term":[{"taxonomy":"category","embeddable":true,"href":"https:\/\/www.billin.net\/blog\/wp-json\/wp\/v2\/categories?post=10293"},{"taxonomy":"post_tag","embeddable":true,"href":"https:\/\/www.billin.net\/blog\/wp-json\/wp\/v2\/tags?post=10293"}],"curies":[{"name":"wp","href":"https:\/\/api.w.org\/{rel}","templated":true}]}}