{"id":10278,"date":"2017-03-14T00:00:00","date_gmt":"2017-03-13T22:00:00","guid":{"rendered":"https:\/\/www.billin.net\/blog\/causas-denegacion-subvenciones\/"},"modified":"2025-09-25T21:05:52","modified_gmt":"2025-09-25T19:05:52","slug":"causas-denegacion-subvenciones","status":"publish","type":"post","link":"https:\/\/www.billin.net\/blog\/causas-denegacion-subvenciones\/","title":{"rendered":"\u00bfCu\u00e1les son las principales causas de denegaci\u00f3n de subvenciones?"},"content":{"rendered":"<p style=\"text-align: justify;\">A pesar de la reducci\u00f3n general en el volumen de subvenciones p\u00fablicas desarrolladas por las diferentes instituciones, todav\u00eda es posible solicitar subvenciones relativas a diversos programas concretos para el desarrollo del trabajo aut\u00f3nomo y la creaci\u00f3n de empresas, tales como subvenciones para inversi\u00f3n en inmovilizado, inversi\u00f3n dirigida a la transformaci\u00f3n tecnol\u00f3gica, fomento de la formaci\u00f3n, etc.<\/p>\n<p style=\"text-align: justify;\"><!--more--><\/p>\n<p style=\"text-align: justify;\">Asimismo, es preciso tener presente que el futuro de nuestro proyecto de emprendimiento no puede estar condicionado exclusivamente a la consecuci\u00f3n favorable de subvenciones p\u00fablicas, dado el dilatado plazo con el que cuentan las administraciones para su resoluci\u00f3n y desembolso.<\/p>\n<blockquote>\n<p style=\"text-align: justify;\"><strong><em><em>\u201cNo es recomendable que el \u00e9xito de tu proyecto empresarial est\u00e9 condicionado a la obtenci\u00f3n de subvenciones p\u00fablicas.\u201d<\/em><\/em><\/strong><\/p>\n<\/blockquote>\n<p style=\"text-align: justify;\">Pero es que, adem\u00e1s, esta tipolog\u00eda de ayudas suele contar con la existencia de unos requisitos bastante exigentes, que es esencial cumplir para que no sea denegada o, en caso de cobro indebido, se nos pueda reclamar su devoluci\u00f3n en el futuro.<\/p>\n<p style=\"text-align: justify;\">En este sentido, consideramos necesario ofrecerte una serie de aspectos a tener en cuenta para evitar que se produzca una denegaci\u00f3n de tu solicitud de subvenciones por defectos de fondo o forma.<\/p>\n<h2 style=\"text-align: left;\">Revisa en profundidad los requisitos para la obtenci\u00f3n de subvenciones<\/h2>\n<p style=\"text-align: justify;\">En primer lugar, te recomendamos que prestes una especial atenci\u00f3n a las condiciones exigidas para la solicitud de una subvenci\u00f3n, que suelen estar asociadas a la entrega de la documentaci\u00f3n de constituci\u00f3n de la empresa, la justificaci\u00f3n contable y financiera del \u00faltimo ejercicio, la cumplimentaci\u00f3n de una memoria t\u00e9cnica y el pertinente plan de negocio al que se pretende dedicar el montante de la subvenci\u00f3n.<\/p>\n<h2 style=\"text-align: left;\">S\u00e9 organizado en la preparaci\u00f3n y archivo de tu documentaci\u00f3n administrativa<\/h2>\n<p style=\"text-align: justify;\">En relaci\u00f3n al punto anterior, ser\u00e1 muy recomendable que dispongas de toda tu documentaci\u00f3n empresarial de una forma ordenada y que cuentes previamente con toda la informaci\u00f3n posible tanto de tus resultados pasados como de las expectativas o previsi\u00f3n de evoluci\u00f3n futura.<\/p>\n<p style=\"text-align: justify;\">Este aspecto es crucial, dado que <a href=\"https:\/\/www.billin.net\/glosario\/definicion-subvencion\/\">la solicitud de subvenciones<\/a> suele llevar aparejada la presentaci\u00f3n de un gran volumen de documentaci\u00f3n administrativa, y cualquier descuido puede ocasionar la denegaci\u00f3n o desestimaci\u00f3n de la misma.<\/p>\n<h2 style=\"text-align: left;\">No dediques recursos y esfuerzo a subvenciones que no se ajustan a tu perfil<\/h2>\n<p style=\"text-align: justify;\">Debes ser conscientes de que <a href=\"https:\/\/www.billin.net\/blog\/solicitud-subvenciones-publicas\/\">las subvenciones p\u00fablicas<\/a> establecen criterios de concesi\u00f3n meramente objetivos con objeto de medir de la forma m\u00e1s fehaciente y neutral posible a todas las candidaturas presentadas.<\/p>\n<p style=\"text-align: justify;\">Por ello, en la pr\u00e1ctica totalidad de los casos en los que veamos que no cumplimos las condiciones, ser\u00e1 preferible no realizar un esfuerzo in\u00fatil, evitando moldear los requisitos en funci\u00f3n de lo que nos gustar\u00eda que dijese.<\/p>\n<p style=\"text-align: justify;\">\n<h2 style=\"text-align: left;\">Presta especial atenci\u00f3n al plazo de presentaci\u00f3n de solicitudes<\/h2>\n<p style=\"text-align: justify;\">Otro aspecto esencial en una solicitud de subvenci\u00f3n es el plazo de presentaci\u00f3n de la misma, lo que implicar\u00e1 el dise\u00f1o y cumplimiento exhaustivo de una planificaci\u00f3n temporal que permita su cumplimiento, dado que, por mucho que cumplas todos los requisitos de concesi\u00f3n, las administraciones son totalmente inflexibles para la admisi\u00f3n de solicitudes fuera de plazo.<\/p>\n<h2 style=\"text-align: left;\">Tu esfuerzo no finaliza con la concesi\u00f3n de una subvenci\u00f3n<\/h2>\n<p style=\"text-align: justify;\">M\u00e1s all\u00e1 de todo lo expuesto anteriormente, te recomendamos que, en caso de aprobaci\u00f3n de tu solicitud de subvenci\u00f3n, pongas todos los medios para cumplir todos los puntos reflejados en la memoria explicativa que presentaste en su momento, ya que esta servir\u00e1 de referencia para la evaluaci\u00f3n final de tu proyecto.<\/p>\n<p style=\"text-align: justify;\">Piensa que lo m\u00e1s complicado es que se produzca la concesi\u00f3n de una subvenci\u00f3n, por lo que ser\u00eda una pena tener que devolver parcial o totalmente los recursos obtenidos por no cumplir, en plazo, aquello a lo que te hab\u00edas comprometido.<\/p>\n","protected":false},"excerpt":{"rendered":"<p>A pesar de la reducci\u00f3n general en el volumen de subvenciones p\u00fablicas desarrolladas por las diferentes instituciones, todav\u00eda es posible solicitar subvenciones relativas a diversos programas concretos para el desarrollo del trabajo aut\u00f3nomo y la creaci\u00f3n de empresas, tales como subvenciones para inversi\u00f3n en inmovilizado, inversi\u00f3n dirigida a la transformaci\u00f3n tecnol\u00f3gica, fomento de la formaci\u00f3n, [&hellip;]<\/p>\n","protected":false},"author":20,"featured_media":4123,"comment_status":"open","ping_status":"open","sticky":false,"template":"","format":"standard","meta":{"_acf_changed":false,"_et_pb_use_builder":"","_et_pb_old_content":"","_et_gb_content_width":"","om_disable_all_campaigns":false,"inline_featured_image":false,"footnotes":""},"categories":[1021],"tags":[],"class_list":{"0":"post-10278","1":"post","2":"type-post","3":"status-publish","4":"format-standard","5":"has-post-thumbnail","7":"category-ayudas"},"acf":{"selector_de_usuario":null,"fecha_de_revision":"20190830"},"yoast_head":"<!-- This site is optimized with the Yoast SEO plugin v27.1 - https:\/\/yoast.com\/product\/yoast-seo-wordpress\/ -->\n<title>Principales causas de denegaci\u00f3n de subvenciones - TeamSystem Facturas Billin<\/title>\n<meta name=\"description\" content=\"Desde TeamSystem Facturas Billin te ofrecemos una serie de aspectos a tener en cuenta para evitar la denegaci\u00f3n de tu solicitud de subvenciones por defectos de fondo o forma.\" \/>\n<meta name=\"robots\" content=\"index, follow, max-snippet:-1, max-image-preview:large, max-video-preview:-1\" \/>\n<link rel=\"canonical\" href=\"https:\/\/www.billin.net\/blog\/causas-denegacion-subvenciones\/\" \/>\n<meta property=\"og:locale\" content=\"es_ES\" \/>\n<meta property=\"og:type\" content=\"article\" \/>\n<meta property=\"og:title\" content=\"Principales causas de denegaci\u00f3n de subvenciones - TeamSystem Facturas Billin\" \/>\n<meta property=\"og:description\" content=\"Desde TeamSystem Facturas Billin te ofrecemos una serie de aspectos a tener en cuenta para evitar la denegaci\u00f3n de tu solicitud de subvenciones por defectos de fondo o forma.\" \/>\n<meta property=\"og:url\" content=\"https:\/\/www.billin.net\/blog\/causas-denegacion-subvenciones\/\" \/>\n<meta property=\"og:site_name\" content=\"Blog de TeamSystem Facturas Billin\" \/>\n<meta property=\"article:publisher\" content=\"https:\/\/www.facebook.com\/EsBillin\" \/>\n<meta property=\"article:published_time\" content=\"2017-03-13T22:00:00+00:00\" \/>\n<meta property=\"article:modified_time\" content=\"2025-09-25T19:05:52+00:00\" \/>\n<meta property=\"og:image\" content=\"https:\/\/www.billin.net\/blog\/wp-content\/uploads\/2017\/06\/causas-denegacion-subvenciones-billin-imagen-7.3.1.jpg\" \/>\n\t<meta property=\"og:image:width\" content=\"1000\" \/>\n\t<meta property=\"og:image:height\" content=\"668\" \/>\n\t<meta property=\"og:image:type\" content=\"image\/jpeg\" \/>\n<meta name=\"author\" content=\"Marcos De La Cueva - CEO TeamSystem Facturas Billin\" \/>\n<meta name=\"twitter:card\" content=\"summary_large_image\" \/>\n<meta name=\"twitter:creator\" content=\"@Billin_ES\" \/>\n<meta name=\"twitter:site\" content=\"@Billin_ES\" \/>\n<meta name=\"twitter:label1\" content=\"Escrito por\" \/>\n\t<meta name=\"twitter:data1\" content=\"Marcos De La Cueva - CEO TeamSystem Facturas Billin\" \/>\n\t<meta name=\"twitter:label2\" content=\"Tiempo de lectura\" \/>\n\t<meta name=\"twitter:data2\" content=\"3 minutos\" \/>\n<script type=\"application\/ld+json\" class=\"yoast-schema-graph\">{\"@context\":\"https:\/\/schema.org\",\"@graph\":[{\"@type\":\"Article\",\"@id\":\"https:\/\/www.billin.net\/blog\/causas-denegacion-subvenciones\/#article\",\"isPartOf\":{\"@id\":\"https:\/\/www.billin.net\/blog\/causas-denegacion-subvenciones\/\"},\"author\":{\"name\":\"Marcos De La Cueva - CEO TeamSystem Facturas Billin\",\"@id\":\"https:\/\/www.billin.net\/blog\/#\/schema\/person\/d0339ee6e869234614541b1e80a793e7\"},\"headline\":\"\u00bfCu\u00e1les son las principales causas de denegaci\u00f3n de subvenciones?\",\"datePublished\":\"2017-03-13T22:00:00+00:00\",\"dateModified\":\"2025-09-25T19:05:52+00:00\",\"mainEntityOfPage\":{\"@id\":\"https:\/\/www.billin.net\/blog\/causas-denegacion-subvenciones\/\"},\"wordCount\":676,\"commentCount\":4,\"publisher\":{\"@id\":\"https:\/\/www.billin.net\/blog\/#organization\"},\"image\":{\"@id\":\"https:\/\/www.billin.net\/blog\/causas-denegacion-subvenciones\/#primaryimage\"},\"thumbnailUrl\":\"https:\/\/www.billin.net\/blog\/wp-content\/uploads\/2017\/06\/causas-denegacion-subvenciones-billin-imagen-7.3.1.jpg\",\"articleSection\":[\"Ayudas\"],\"inLanguage\":\"es\",\"potentialAction\":[{\"@type\":\"CommentAction\",\"name\":\"Comment\",\"target\":[\"https:\/\/www.billin.net\/blog\/causas-denegacion-subvenciones\/#respond\"]}]},{\"@type\":\"WebPage\",\"@id\":\"https:\/\/www.billin.net\/blog\/causas-denegacion-subvenciones\/\",\"url\":\"https:\/\/www.billin.net\/blog\/causas-denegacion-subvenciones\/\",\"name\":\"Principales causas de denegaci\u00f3n de subvenciones - TeamSystem Facturas Billin\",\"isPartOf\":{\"@id\":\"https:\/\/www.billin.net\/blog\/#website\"},\"primaryImageOfPage\":{\"@id\":\"https:\/\/www.billin.net\/blog\/causas-denegacion-subvenciones\/#primaryimage\"},\"image\":{\"@id\":\"https:\/\/www.billin.net\/blog\/causas-denegacion-subvenciones\/#primaryimage\"},\"thumbnailUrl\":\"https:\/\/www.billin.net\/blog\/wp-content\/uploads\/2017\/06\/causas-denegacion-subvenciones-billin-imagen-7.3.1.jpg\",\"datePublished\":\"2017-03-13T22:00:00+00:00\",\"dateModified\":\"2025-09-25T19:05:52+00:00\",\"description\":\"Desde TeamSystem Facturas Billin te ofrecemos una serie de aspectos a tener en cuenta para evitar la denegaci\u00f3n de tu solicitud de subvenciones por defectos de fondo o forma.\",\"breadcrumb\":{\"@id\":\"https:\/\/www.billin.net\/blog\/causas-denegacion-subvenciones\/#breadcrumb\"},\"inLanguage\":\"es\",\"potentialAction\":[{\"@type\":\"ReadAction\",\"target\":[\"https:\/\/www.billin.net\/blog\/causas-denegacion-subvenciones\/\"]}]},{\"@type\":\"ImageObject\",\"inLanguage\":\"es\",\"@id\":\"https:\/\/www.billin.net\/blog\/causas-denegacion-subvenciones\/#primaryimage\",\"url\":\"https:\/\/www.billin.net\/blog\/wp-content\/uploads\/2017\/06\/causas-denegacion-subvenciones-billin-imagen-7.3.1.jpg\",\"contentUrl\":\"https:\/\/www.billin.net\/blog\/wp-content\/uploads\/2017\/06\/causas-denegacion-subvenciones-billin-imagen-7.3.1.jpg\",\"width\":1000,\"height\":668},{\"@type\":\"BreadcrumbList\",\"@id\":\"https:\/\/www.billin.net\/blog\/causas-denegacion-subvenciones\/#breadcrumb\",\"itemListElement\":[{\"@type\":\"ListItem\",\"position\":1,\"name\":\"Blog\",\"item\":\"https:\/\/www.billin.net\/blog\/\"},{\"@type\":\"ListItem\",\"position\":2,\"name\":\"Ayudas\",\"item\":\"https:\/\/www.billin.net\/blog\/ayudas\/\"},{\"@type\":\"ListItem\",\"position\":3,\"name\":\"\u00bfCu\u00e1les son las principales causas de denegaci\u00f3n de subvenciones?\"}]},{\"@type\":\"WebSite\",\"@id\":\"https:\/\/www.billin.net\/blog\/#website\",\"url\":\"https:\/\/www.billin.net\/blog\/\",\"name\":\"Blog de Billin\",\"description\":\"Mantente informado con el blog de TeamSystem Facturas Billin:  facturaci\u00f3n, legislaci\u00f3n, contabilidad, management y toda la informaci\u00f3n \u00fatil para pymes y aut\u00f3nomos.\",\"publisher\":{\"@id\":\"https:\/\/www.billin.net\/blog\/#organization\"},\"potentialAction\":[{\"@type\":\"SearchAction\",\"target\":{\"@type\":\"EntryPoint\",\"urlTemplate\":\"https:\/\/www.billin.net\/blog\/?s={search_term_string}\"},\"query-input\":{\"@type\":\"PropertyValueSpecification\",\"valueRequired\":true,\"valueName\":\"search_term_string\"}}],\"inLanguage\":\"es\"},{\"@type\":\"Organization\",\"@id\":\"https:\/\/www.billin.net\/blog\/#organization\",\"name\":\"Billin\",\"alternateName\":\"Blog de Billin\",\"url\":\"https:\/\/www.billin.net\/blog\/\",\"logo\":{\"@type\":\"ImageObject\",\"inLanguage\":\"es\",\"@id\":\"https:\/\/www.billin.net\/blog\/#\/schema\/logo\/image\/\",\"url\":\"https:\/\/www.billin.net\/blog\/wp-content\/uploads\/2019\/06\/logotipo-billin-blog-1.png\",\"contentUrl\":\"https:\/\/www.billin.net\/blog\/wp-content\/uploads\/2019\/06\/logotipo-billin-blog-1.png\",\"width\":126,\"height\":50,\"caption\":\"Billin\"},\"image\":{\"@id\":\"https:\/\/www.billin.net\/blog\/#\/schema\/logo\/image\/\"},\"sameAs\":[\"https:\/\/www.facebook.com\/EsBillin\",\"https:\/\/x.com\/Billin_ES\",\"https:\/\/www.instagram.com\/billin_es\/\",\"https:\/\/www.linkedin.com\/company\/billin-spain\",\"https:\/\/www.youtube.com\/c\/BillinEsintercambiodefacturas\/\"],\"legalName\":\"MY EXPENSES SL\",\"contactPoint\":{\"@type\":\"ContactPoint\",\"telephone\":\"+34918318883\",\"contactType\":\"customer service\",\"email\":\"info@billin.eu\",\"availableLanguage\":\"es\"},\"foundingDate\":\"2015\",\"numberOfEmployees\":{\"@type\":\"QuantitativeValue\",\"minValue\":10,\"maxValue\":50},\"parentOrganization\":{\"@type\":\"Organization\",\"name\":\"TeamSystem\",\"url\":\"https:\/\/www.teamsystem.com\/\"},\"description\":\"Billin es el programa de facturaci\u00f3n online de TeamSystem para aut\u00f3nomos y pymes en Espa\u00f1a. Permite crear facturas, controlar gastos y cumplir con Verifactu.\",\"address\":{\"@type\":\"PostalAddress\",\"streetAddress\":\"Calle Arturo Soria, 336\",\"addressLocality\":\"Madrid\",\"addressRegion\":\"Madrid\",\"postalCode\":\"28033\",\"addressCountry\":\"ES\"}},{\"@type\":\"Person\",\"@id\":\"https:\/\/www.billin.net\/blog\/#\/schema\/person\/d0339ee6e869234614541b1e80a793e7\",\"name\":\"Marcos De La Cueva - CEO TeamSystem Facturas Billin\",\"image\":{\"@type\":\"ImageObject\",\"inLanguage\":\"es\",\"@id\":\"https:\/\/www.billin.net\/blog\/#\/schema\/person\/image\/\",\"url\":\"https:\/\/www.billin.net\/blog\/wp-content\/uploads\/2023\/10\/marcos-color-150x150.png\",\"contentUrl\":\"https:\/\/www.billin.net\/blog\/wp-content\/uploads\/2023\/10\/marcos-color-150x150.png\",\"caption\":\"Marcos De La Cueva - CEO TeamSystem Facturas Billin\"},\"description\":\"Licenciado en ADE por la Universidad Aut\u00f3noma de Madrid, Marcos De la Cueva es CEO y cofundador de TeamSystem Facturas Billin, un programa online que lleva m\u00e1s de 9 a\u00f1os ayudando a aut\u00f3nomos, peque\u00f1os negocios y gestor\u00edas a digitalizar sus presupuestos, facturas, tickets y gastos. \u00a0 Sobre Marcos De La Cueva \u00a0 Apasionado por el mundo empresarial y la tecnolog\u00eda, curs\u00f3 su M\u00e1ster de Finanzas en la Universidad Pontificia de Comillas y estuvo en el Programa de Cooperaci\u00f3n Educativa de la Universidad Aut\u00f3noma de Madrid. \u00a0 Marcos siempre ha tenido su objetivo claro: ayudar a la creaci\u00f3n de negocios financieramente sostenibles a trav\u00e9s de una herramienta de facturaci\u00f3n que les permita ahorrar tiempo y tener la contabilidad bajo control. \u00a0 Marcos De La Cueva en los medios \u2014 Noticia sobre Kit Digital y Ley Antifraude (VeriFactu) en El Economista. \u2014 Noticia sobre Kit Digital y factura electr\u00f3nica obligatoria en Diario Jur\u00eddico. \u2014 Noticia sobre el a\u00f1o de transici\u00f3n para la factura electr\u00f3nica en Muy Pymes. \u2014 Entrevista sobre factura electr\u00f3nica obligatoria en Canal Sur. \u2014 Noticia sobre el informe factura electr\u00f3nica de TeamSystem en Channel Partner. \u2014 Charla sobre productividad y Ley Crea y Crece en El Economista. \u2014 Charla sobre factura electr\u00f3nica obligatoria en Muy Pymes. \u2014 Charla sobre digitalizaci\u00f3n aut\u00f3nomos y productividad en esdiario. \u2014 Charla sobre productividad y factura electr\u00f3nica en La Raz\u00f3n. \u2014 Charla sobre factura electr\u00f3nica obligatoria en Aut\u00f3nomos y Emprendedores. \u2014 Entrevista sobre Ley Antifraude y Ley Crea y Crece en Expansi\u00f3n. \u2014 Entrevista sobre Ley Antifraude y Ley Crea y Crece en La Raz\u00f3n. \u2014 Entrevista sobre factura electr\u00f3nica obligatoria en El Economista. \u2014 Comunicado Billin y TeamSystem en Business Insider. \u2014 Entrevista en Econom\u00eda Digital. \u2014 Entrevista en Ideas para tu empresa de Vodafone. \u2014 Entrevista en M\u00e1sQradio. \u2014 Entrevista en Armas para emprender de El M\u00e9todo Gallardo. \u2014 Entrevista en KFund. \u2014 Entrevista en AXA Seguros Espa\u00f1a. \u2014 Entrevista en GestionaRadio. \u00a0 Marcos De La Cueva en eventos \u00a0 \u2014 Participaci\u00f3n como ponente en Accountex Espa\u00f1a 2023. \u00a0 Tem\u00e1ticas de especializaci\u00f3n \u00a0 negocios | startups | contabilidad| fiscalidad | empresas| asesor\u00edas| autonomos | emprendedores | peque\u00f1os negocios | econom\u00eda | ADE | pymes | desarrollo de negocio\u00a0\",\"sameAs\":[\"https:\/\/www.billin.net\/\",\"https:\/\/www.linkedin.com\/in\/marcos-de-la-cueva-19750ba3\/\"],\"url\":\"https:\/\/www.billin.net\/blog\/author\/marcosdelacueva\/\",\"jobTitle\":\"CEO y cofundador de TS Facturas Billin\"}]}<\/script>\n<!-- \/ Yoast SEO plugin. -->","yoast_head_json":{"title":"Principales causas de denegaci\u00f3n de subvenciones - TeamSystem Facturas Billin","description":"Desde TeamSystem Facturas Billin te ofrecemos una serie de aspectos a tener en cuenta para evitar la denegaci\u00f3n de tu solicitud de subvenciones por defectos de fondo o forma.","robots":{"index":"index","follow":"follow","max-snippet":"max-snippet:-1","max-image-preview":"max-image-preview:large","max-video-preview":"max-video-preview:-1"},"canonical":"https:\/\/www.billin.net\/blog\/causas-denegacion-subvenciones\/","og_locale":"es_ES","og_type":"article","og_title":"Principales causas de denegaci\u00f3n de subvenciones - TeamSystem Facturas Billin","og_description":"Desde TeamSystem Facturas Billin te ofrecemos una serie de aspectos a tener en cuenta para evitar la denegaci\u00f3n de tu solicitud de subvenciones por defectos de fondo o forma.","og_url":"https:\/\/www.billin.net\/blog\/causas-denegacion-subvenciones\/","og_site_name":"Blog de TeamSystem Facturas Billin","article_publisher":"https:\/\/www.facebook.com\/EsBillin","article_published_time":"2017-03-13T22:00:00+00:00","article_modified_time":"2025-09-25T19:05:52+00:00","og_image":[{"width":1000,"height":668,"url":"https:\/\/www.billin.net\/blog\/wp-content\/uploads\/2017\/06\/causas-denegacion-subvenciones-billin-imagen-7.3.1.jpg","type":"image\/jpeg"}],"author":"Marcos De La Cueva - CEO TeamSystem Facturas Billin","twitter_card":"summary_large_image","twitter_creator":"@Billin_ES","twitter_site":"@Billin_ES","twitter_misc":{"Escrito por":"Marcos De La Cueva - CEO TeamSystem Facturas Billin","Tiempo de lectura":"3 minutos"},"schema":{"@context":"https:\/\/schema.org","@graph":[{"@type":"Article","@id":"https:\/\/www.billin.net\/blog\/causas-denegacion-subvenciones\/#article","isPartOf":{"@id":"https:\/\/www.billin.net\/blog\/causas-denegacion-subvenciones\/"},"author":{"name":"Marcos De La Cueva - CEO TeamSystem Facturas Billin","@id":"https:\/\/www.billin.net\/blog\/#\/schema\/person\/d0339ee6e869234614541b1e80a793e7"},"headline":"\u00bfCu\u00e1les son las principales causas de denegaci\u00f3n de subvenciones?","datePublished":"2017-03-13T22:00:00+00:00","dateModified":"2025-09-25T19:05:52+00:00","mainEntityOfPage":{"@id":"https:\/\/www.billin.net\/blog\/causas-denegacion-subvenciones\/"},"wordCount":676,"commentCount":4,"publisher":{"@id":"https:\/\/www.billin.net\/blog\/#organization"},"image":{"@id":"https:\/\/www.billin.net\/blog\/causas-denegacion-subvenciones\/#primaryimage"},"thumbnailUrl":"https:\/\/www.billin.net\/blog\/wp-content\/uploads\/2017\/06\/causas-denegacion-subvenciones-billin-imagen-7.3.1.jpg","articleSection":["Ayudas"],"inLanguage":"es","potentialAction":[{"@type":"CommentAction","name":"Comment","target":["https:\/\/www.billin.net\/blog\/causas-denegacion-subvenciones\/#respond"]}]},{"@type":"WebPage","@id":"https:\/\/www.billin.net\/blog\/causas-denegacion-subvenciones\/","url":"https:\/\/www.billin.net\/blog\/causas-denegacion-subvenciones\/","name":"Principales causas de denegaci\u00f3n de subvenciones - TeamSystem Facturas Billin","isPartOf":{"@id":"https:\/\/www.billin.net\/blog\/#website"},"primaryImageOfPage":{"@id":"https:\/\/www.billin.net\/blog\/causas-denegacion-subvenciones\/#primaryimage"},"image":{"@id":"https:\/\/www.billin.net\/blog\/causas-denegacion-subvenciones\/#primaryimage"},"thumbnailUrl":"https:\/\/www.billin.net\/blog\/wp-content\/uploads\/2017\/06\/causas-denegacion-subvenciones-billin-imagen-7.3.1.jpg","datePublished":"2017-03-13T22:00:00+00:00","dateModified":"2025-09-25T19:05:52+00:00","description":"Desde TeamSystem Facturas Billin te ofrecemos una serie de aspectos a tener en cuenta para evitar la denegaci\u00f3n de tu solicitud de subvenciones por defectos de fondo o forma.","breadcrumb":{"@id":"https:\/\/www.billin.net\/blog\/causas-denegacion-subvenciones\/#breadcrumb"},"inLanguage":"es","potentialAction":[{"@type":"ReadAction","target":["https:\/\/www.billin.net\/blog\/causas-denegacion-subvenciones\/"]}]},{"@type":"ImageObject","inLanguage":"es","@id":"https:\/\/www.billin.net\/blog\/causas-denegacion-subvenciones\/#primaryimage","url":"https:\/\/www.billin.net\/blog\/wp-content\/uploads\/2017\/06\/causas-denegacion-subvenciones-billin-imagen-7.3.1.jpg","contentUrl":"https:\/\/www.billin.net\/blog\/wp-content\/uploads\/2017\/06\/causas-denegacion-subvenciones-billin-imagen-7.3.1.jpg","width":1000,"height":668},{"@type":"BreadcrumbList","@id":"https:\/\/www.billin.net\/blog\/causas-denegacion-subvenciones\/#breadcrumb","itemListElement":[{"@type":"ListItem","position":1,"name":"Blog","item":"https:\/\/www.billin.net\/blog\/"},{"@type":"ListItem","position":2,"name":"Ayudas","item":"https:\/\/www.billin.net\/blog\/ayudas\/"},{"@type":"ListItem","position":3,"name":"\u00bfCu\u00e1les son las principales causas de denegaci\u00f3n de subvenciones?"}]},{"@type":"WebSite","@id":"https:\/\/www.billin.net\/blog\/#website","url":"https:\/\/www.billin.net\/blog\/","name":"Blog de Billin","description":"Mantente informado con el blog de TeamSystem Facturas Billin:  facturaci\u00f3n, legislaci\u00f3n, contabilidad, management y toda la informaci\u00f3n \u00fatil para pymes y aut\u00f3nomos.","publisher":{"@id":"https:\/\/www.billin.net\/blog\/#organization"},"potentialAction":[{"@type":"SearchAction","target":{"@type":"EntryPoint","urlTemplate":"https:\/\/www.billin.net\/blog\/?s={search_term_string}"},"query-input":{"@type":"PropertyValueSpecification","valueRequired":true,"valueName":"search_term_string"}}],"inLanguage":"es"},{"@type":"Organization","@id":"https:\/\/www.billin.net\/blog\/#organization","name":"Billin","alternateName":"Blog de Billin","url":"https:\/\/www.billin.net\/blog\/","logo":{"@type":"ImageObject","inLanguage":"es","@id":"https:\/\/www.billin.net\/blog\/#\/schema\/logo\/image\/","url":"https:\/\/www.billin.net\/blog\/wp-content\/uploads\/2019\/06\/logotipo-billin-blog-1.png","contentUrl":"https:\/\/www.billin.net\/blog\/wp-content\/uploads\/2019\/06\/logotipo-billin-blog-1.png","width":126,"height":50,"caption":"Billin"},"image":{"@id":"https:\/\/www.billin.net\/blog\/#\/schema\/logo\/image\/"},"sameAs":["https:\/\/www.facebook.com\/EsBillin","https:\/\/x.com\/Billin_ES","https:\/\/www.instagram.com\/billin_es\/","https:\/\/www.linkedin.com\/company\/billin-spain","https:\/\/www.youtube.com\/c\/BillinEsintercambiodefacturas\/"],"legalName":"MY EXPENSES SL","contactPoint":{"@type":"ContactPoint","telephone":"+34918318883","contactType":"customer service","email":"info@billin.eu","availableLanguage":"es"},"foundingDate":"2015","numberOfEmployees":{"@type":"QuantitativeValue","minValue":10,"maxValue":50},"parentOrganization":{"@type":"Organization","name":"TeamSystem","url":"https:\/\/www.teamsystem.com\/"},"description":"Billin es el programa de facturaci\u00f3n online de TeamSystem para aut\u00f3nomos y pymes en Espa\u00f1a. Permite crear facturas, controlar gastos y cumplir con Verifactu.","address":{"@type":"PostalAddress","streetAddress":"Calle Arturo Soria, 336","addressLocality":"Madrid","addressRegion":"Madrid","postalCode":"28033","addressCountry":"ES"}},{"@type":"Person","@id":"https:\/\/www.billin.net\/blog\/#\/schema\/person\/d0339ee6e869234614541b1e80a793e7","name":"Marcos De La Cueva - CEO TeamSystem Facturas Billin","image":{"@type":"ImageObject","inLanguage":"es","@id":"https:\/\/www.billin.net\/blog\/#\/schema\/person\/image\/","url":"https:\/\/www.billin.net\/blog\/wp-content\/uploads\/2023\/10\/marcos-color-150x150.png","contentUrl":"https:\/\/www.billin.net\/blog\/wp-content\/uploads\/2023\/10\/marcos-color-150x150.png","caption":"Marcos De La Cueva - CEO TeamSystem Facturas Billin"},"description":"Licenciado en ADE por la Universidad Aut\u00f3noma de Madrid, Marcos De la Cueva es CEO y cofundador de TeamSystem Facturas Billin, un programa online que lleva m\u00e1s de 9 a\u00f1os ayudando a aut\u00f3nomos, peque\u00f1os negocios y gestor\u00edas a digitalizar sus presupuestos, facturas, tickets y gastos. \u00a0 Sobre Marcos De La Cueva \u00a0 Apasionado por el mundo empresarial y la tecnolog\u00eda, curs\u00f3 su M\u00e1ster de Finanzas en la Universidad Pontificia de Comillas y estuvo en el Programa de Cooperaci\u00f3n Educativa de la Universidad Aut\u00f3noma de Madrid. \u00a0 Marcos siempre ha tenido su objetivo claro: ayudar a la creaci\u00f3n de negocios financieramente sostenibles a trav\u00e9s de una herramienta de facturaci\u00f3n que les permita ahorrar tiempo y tener la contabilidad bajo control. \u00a0 Marcos De La Cueva en los medios \u2014 Noticia sobre Kit Digital y Ley Antifraude (VeriFactu) en El Economista. \u2014 Noticia sobre Kit Digital y factura electr\u00f3nica obligatoria en Diario Jur\u00eddico. \u2014 Noticia sobre el a\u00f1o de transici\u00f3n para la factura electr\u00f3nica en Muy Pymes. \u2014 Entrevista sobre factura electr\u00f3nica obligatoria en Canal Sur. \u2014 Noticia sobre el informe factura electr\u00f3nica de TeamSystem en Channel Partner. \u2014 Charla sobre productividad y Ley Crea y Crece en El Economista. \u2014 Charla sobre factura electr\u00f3nica obligatoria en Muy Pymes. \u2014 Charla sobre digitalizaci\u00f3n aut\u00f3nomos y productividad en esdiario. \u2014 Charla sobre productividad y factura electr\u00f3nica en La Raz\u00f3n. \u2014 Charla sobre factura electr\u00f3nica obligatoria en Aut\u00f3nomos y Emprendedores. \u2014 Entrevista sobre Ley Antifraude y Ley Crea y Crece en Expansi\u00f3n. \u2014 Entrevista sobre Ley Antifraude y Ley Crea y Crece en La Raz\u00f3n. \u2014 Entrevista sobre factura electr\u00f3nica obligatoria en El Economista. \u2014 Comunicado Billin y TeamSystem en Business Insider. \u2014 Entrevista en Econom\u00eda Digital. \u2014 Entrevista en Ideas para tu empresa de Vodafone. \u2014 Entrevista en M\u00e1sQradio. \u2014 Entrevista en Armas para emprender de El M\u00e9todo Gallardo. \u2014 Entrevista en KFund. \u2014 Entrevista en AXA Seguros Espa\u00f1a. \u2014 Entrevista en GestionaRadio. \u00a0 Marcos De La Cueva en eventos \u00a0 \u2014 Participaci\u00f3n como ponente en Accountex Espa\u00f1a 2023. \u00a0 Tem\u00e1ticas de especializaci\u00f3n \u00a0 negocios | startups | contabilidad| fiscalidad | empresas| asesor\u00edas| autonomos | emprendedores | peque\u00f1os negocios | econom\u00eda | ADE | pymes | desarrollo de negocio\u00a0","sameAs":["https:\/\/www.billin.net\/","https:\/\/www.linkedin.com\/in\/marcos-de-la-cueva-19750ba3\/"],"url":"https:\/\/www.billin.net\/blog\/author\/marcosdelacueva\/","jobTitle":"CEO y cofundador de TS Facturas Billin"}]}},"_links":{"self":[{"href":"https:\/\/www.billin.net\/blog\/wp-json\/wp\/v2\/posts\/10278","targetHints":{"allow":["GET"]}}],"collection":[{"href":"https:\/\/www.billin.net\/blog\/wp-json\/wp\/v2\/posts"}],"about":[{"href":"https:\/\/www.billin.net\/blog\/wp-json\/wp\/v2\/types\/post"}],"author":[{"embeddable":true,"href":"https:\/\/www.billin.net\/blog\/wp-json\/wp\/v2\/users\/20"}],"replies":[{"embeddable":true,"href":"https:\/\/www.billin.net\/blog\/wp-json\/wp\/v2\/comments?post=10278"}],"version-history":[{"count":4,"href":"https:\/\/www.billin.net\/blog\/wp-json\/wp\/v2\/posts\/10278\/revisions"}],"predecessor-version":[{"id":27608,"href":"https:\/\/www.billin.net\/blog\/wp-json\/wp\/v2\/posts\/10278\/revisions\/27608"}],"wp:featuredmedia":[{"embeddable":true,"href":"https:\/\/www.billin.net\/blog\/wp-json\/wp\/v2\/media\/4123"}],"wp:attachment":[{"href":"https:\/\/www.billin.net\/blog\/wp-json\/wp\/v2\/media?parent=10278"}],"wp:term":[{"taxonomy":"category","embeddable":true,"href":"https:\/\/www.billin.net\/blog\/wp-json\/wp\/v2\/categories?post=10278"},{"taxonomy":"post_tag","embeddable":true,"href":"https:\/\/www.billin.net\/blog\/wp-json\/wp\/v2\/tags?post=10278"}],"curies":[{"name":"wp","href":"https:\/\/api.w.org\/{rel}","templated":true}]}}