{"id":10222,"date":"2016-04-21T00:00:00","date_gmt":"2016-04-20T22:00:00","guid":{"rendered":"https:\/\/www.billin.net\/blog\/propiedad-industrial-la-proteccion-para-tu-negocio\/"},"modified":"2025-09-25T21:07:39","modified_gmt":"2025-09-25T19:07:39","slug":"propiedad-industrial-la-proteccion-para-tu-negocio","status":"publish","type":"post","link":"https:\/\/www.billin.net\/blog\/propiedad-industrial-la-proteccion-para-tu-negocio\/","title":{"rendered":"\u00bfQu\u00e9 es la Propiedad Industrial y qu\u00e9 se puede proteger?"},"content":{"rendered":"<p>Cuando pones un gran esfuerzo en sacar adelante una idea y convertirlo en parte del \u00e9xito de tu negocio es necesario proteger cada detalle frente a la competencia y la manera de hacerlo es a trav\u00e9s de la <strong>Propiedad Industrial<\/strong>.<\/p>\n<p><!--more--><\/p>\n<h2>\u00bfQu\u00e9 es la propiedad industrial?<\/h2>\n<p>La <strong>Propiedad Industrial<\/strong> otorgar\u00e1 a tu <a href=\"https:\/\/www.billin.net\/blog\/microempresa\/\" target=\"_blank\" rel=\"noopener\">peque\u00f1a empresa<\/a> derechos exclusivos sobre el producto que has registrado para poder comercializarlo bajo tu identidad generando en el cliente una sensaci\u00f3n de seguridad y fidelidad.<\/p>\n<p>En Espa\u00f1a la <strong>Propiedad Industrial<\/strong> protege marcas y nombres comerciales, invenciones industriales, dise\u00f1os industriales y topograf\u00edas de productos semiconductores (circuitos integrados electr\u00f3nicos).<\/p>\n<h2>\u00bfCu\u00e1les son los derechos que protege la propiedad industrial?<\/h2>\n<h3>Protege el nombre de tu negocio<\/h3>\n<p>El nombre de tu empresa ser\u00e1 lo que te distinga de la competencia y por lo tanto es conveniente protegerlo para que no haya otro negocio con el mismo nombre que pueda perjudicar la imagen que tiene tu actividad en el mercado. Adem\u00e1s englobar productos bajo un mismo nombre dar\u00e1 estabilidad y seguridad a los compradores.<br \/>\nEn este apartado, relativo a la protecci\u00f3n de tu empresa, hay dos puntos a tener en cuenta: <strong>Nombre Comercial<\/strong> y <strong>Dominio<\/strong>.<\/p>\n<ul>\n<li>El <strong>Nombre Comercial\u00a0<\/strong>ser\u00e1 la identificaci\u00f3n de tu empresa. Es el nombre bajo el que comercializar\u00e1s tus productos o servicios y por tanto todo aquello que pongas a la venta o a disposici\u00f3n del p\u00fablico ser\u00e1 identificado con esa denominaci\u00f3n.<\/li>\n<li>El<strong> Dominio\u00a0<\/strong>es la direcci\u00f3n a trav\u00e9s de la que tus clientes llegar\u00e1n a la web de tu empresa. Hoy en d\u00eda vivimos en un mundo digital y por tanto tener una web donde mostrar y dar a conocer nuestros productos o servicios es pr\u00e1cticamente imprescindible. En internet, el nombre de tu empresa ir\u00e1 acompa\u00f1ado del dominio que puede ser gen\u00e9rico (.com, .net y .org) o territorial (.es, .cat, .gal, etc.).<\/li>\n<\/ul>\n<h3>Protege tus creaciones<\/h3>\n<p>Para respaldar tus productos o servicios en el mercado la propiedad industrial te ofrece una serie de protecciones para que todo aquello que vayas a poner a la venta, tanto el dise\u00f1o como el producto final est\u00e9 diferenciado ante la competencia y tenga tu identidad y propiedad.<\/p>\n<p>En este apartado, en relaci\u00f3n con todo aquello que pondr\u00e1s al servicio del consumidor o usuario, hay tres puntos a tener en cuenta: <strong>Dise\u00f1o Industrial<\/strong>, <strong>Marca<\/strong> y <strong>Patente<\/strong>.<\/p>\n<ol>\n<li>El<strong> Dise\u00f1o Industrial\u00a0<\/strong>tiene que ver con lo que ser\u00e1 tu producto. Es decir, son las formas (bidimensionales o tridimensionales) que forman la apariencia que tendr\u00e1 tu producto. A trav\u00e9s del dise\u00f1o industrial podr\u00e1s proteger por ejemplo, veh\u00edculos, l\u00edneas de objetos, mobiliario, etc.<\/li>\n<li>La<strong> Marca\u00a0<\/strong>ser\u00e1 el nombre que le des a cada l\u00ednea de producto que fabriques para diferenciar unos de otros en caso de que vayas a crear una gama. El <a href=\"https:\/\/www.billin.net\/blog\/como-resgistrar-marca\/\" target=\"_blank\" rel=\"noopener\">registro de la Marca<\/a> impedir\u00e1 a otros productos utilizar ese mismo nombre.<\/li>\n<li>Por su parte, la<strong> Patente\u00a0<\/strong>proteger\u00e1 las invenciones novedosas y que tengan aplicaci\u00f3n industrial, es decir que tenga un uso pr\u00e1ctico para la sociedad. Con el registro de la Patente evitar\u00e1s que otros puedan fabricar, distribuir o vender la invenci\u00f3n sin contar con tu consentimiento previo.<\/li>\n<\/ol>\n<p>Respecto a las Patentes debes tener en cuenta las <strong>ayudas<\/strong>\u00a0que la <a href=\"https:\/\/www.billin.net\/blog\/oficinas-espanola-patentes-marcas\/\" target=\"_blank\" rel=\"noopener\"><strong>Oficina Espa\u00f1ola de Patentes y Marcas<\/strong><\/a> est\u00e1 convocando durante este ejercicio con el fin de fomentar que las empresas espa\u00f1olas utilicen la propiedad industrial para acceder a mercados internacionales. Las solicitudes se realizan por v\u00eda telem\u00e1tica a trav\u00e9s de la Sede Electr\u00f3nica de la OEMP\u00a0 y el plazo de presentaci\u00f3n finaliza el 30 de abril generalmente.<\/p>\n<p>La propiedad industrial es una forma de protegerte y ofrecer m\u00e1s fiabilidad a los clientes. Tenla en cuenta para tu negocio si lo ves necesario porque puede marcar la diferencia.<\/p>\n","protected":false},"excerpt":{"rendered":"<p>Cuando pones un gran esfuerzo en sacar adelante una idea y convertirlo en parte del \u00e9xito de tu negocio es necesario proteger cada detalle frente a la competencia y la manera de hacerlo es a trav\u00e9s de la Propiedad Industrial.<\/p>\n","protected":false},"author":20,"featured_media":3959,"comment_status":"open","ping_status":"open","sticky":false,"template":"","format":"standard","meta":{"_acf_changed":false,"_et_pb_use_builder":"","_et_pb_old_content":"","_et_gb_content_width":"","om_disable_all_campaigns":false,"inline_featured_image":false,"footnotes":""},"categories":[1023],"tags":[],"class_list":{"0":"post-10222","1":"post","2":"type-post","3":"status-publish","4":"format-standard","5":"has-post-thumbnail","7":"category-negocios"},"acf":{"selector_de_usuario":null,"fecha_de_revision":"20210923"},"yoast_head":"<!-- This site is optimized with the Yoast SEO plugin v27.1 - https:\/\/yoast.com\/product\/yoast-seo-wordpress\/ -->\n<title>\u00bfQu\u00e9 es la propiedad industrial y que protege? - TeamSystem Facturas Billin<\/title>\n<meta name=\"description\" content=\"Proteger cada detalle frente a la competencia es importante y la manera de hacerlo es a trav\u00e9s de la Propiedad Industrial.\" \/>\n<meta name=\"robots\" content=\"index, follow, max-snippet:-1, max-image-preview:large, max-video-preview:-1\" \/>\n<link rel=\"canonical\" href=\"https:\/\/www.billin.net\/blog\/propiedad-industrial-la-proteccion-para-tu-negocio\/\" \/>\n<meta property=\"og:locale\" content=\"es_ES\" \/>\n<meta property=\"og:type\" content=\"article\" \/>\n<meta property=\"og:title\" content=\"\u00bfQu\u00e9 es la propiedad industrial y que protege? - TeamSystem Facturas Billin\" \/>\n<meta property=\"og:description\" content=\"Proteger cada detalle frente a la competencia es importante y la manera de hacerlo es a trav\u00e9s de la Propiedad Industrial.\" \/>\n<meta property=\"og:url\" content=\"https:\/\/www.billin.net\/blog\/propiedad-industrial-la-proteccion-para-tu-negocio\/\" \/>\n<meta property=\"og:site_name\" content=\"Blog de TeamSystem Facturas Billin\" \/>\n<meta property=\"article:publisher\" content=\"https:\/\/www.facebook.com\/EsBillin\" \/>\n<meta property=\"article:published_time\" content=\"2016-04-20T22:00:00+00:00\" \/>\n<meta property=\"article:modified_time\" content=\"2025-09-25T19:07:39+00:00\" \/>\n<meta property=\"og:image\" content=\"https:\/\/www.billin.net\/blog\/wp-content\/uploads\/2017\/06\/Propiedad-industrial-proteccion-para-tu-negocio-e1461230931828.jpg\" \/>\n\t<meta property=\"og:image:width\" content=\"1200\" \/>\n\t<meta property=\"og:image:height\" content=\"800\" \/>\n\t<meta property=\"og:image:type\" content=\"image\/jpeg\" \/>\n<meta name=\"author\" content=\"Marcos De La Cueva - CEO TeamSystem Facturas Billin\" \/>\n<meta name=\"twitter:card\" content=\"summary_large_image\" \/>\n<meta name=\"twitter:creator\" content=\"@Billin_ES\" \/>\n<meta name=\"twitter:site\" content=\"@Billin_ES\" \/>\n<meta name=\"twitter:label1\" content=\"Escrito por\" \/>\n\t<meta name=\"twitter:data1\" content=\"Marcos De La Cueva - CEO TeamSystem Facturas Billin\" \/>\n\t<meta name=\"twitter:label2\" content=\"Tiempo de lectura\" \/>\n\t<meta name=\"twitter:data2\" content=\"3 minutos\" \/>\n<script type=\"application\/ld+json\" class=\"yoast-schema-graph\">{\"@context\":\"https:\/\/schema.org\",\"@graph\":[{\"@type\":\"Article\",\"@id\":\"https:\/\/www.billin.net\/blog\/propiedad-industrial-la-proteccion-para-tu-negocio\/#article\",\"isPartOf\":{\"@id\":\"https:\/\/www.billin.net\/blog\/propiedad-industrial-la-proteccion-para-tu-negocio\/\"},\"author\":{\"name\":\"Marcos De La Cueva - CEO TeamSystem Facturas Billin\",\"@id\":\"https:\/\/www.billin.net\/blog\/#\/schema\/person\/d0339ee6e869234614541b1e80a793e7\"},\"headline\":\"\u00bfQu\u00e9 es la Propiedad Industrial y qu\u00e9 se puede proteger?\",\"datePublished\":\"2016-04-20T22:00:00+00:00\",\"dateModified\":\"2025-09-25T19:07:39+00:00\",\"mainEntityOfPage\":{\"@id\":\"https:\/\/www.billin.net\/blog\/propiedad-industrial-la-proteccion-para-tu-negocio\/\"},\"wordCount\":663,\"commentCount\":0,\"publisher\":{\"@id\":\"https:\/\/www.billin.net\/blog\/#organization\"},\"image\":{\"@id\":\"https:\/\/www.billin.net\/blog\/propiedad-industrial-la-proteccion-para-tu-negocio\/#primaryimage\"},\"thumbnailUrl\":\"https:\/\/www.billin.net\/blog\/wp-content\/uploads\/2017\/06\/Propiedad-industrial-proteccion-para-tu-negocio-e1461230931828.jpg\",\"articleSection\":[\"Negocios\"],\"inLanguage\":\"es\",\"potentialAction\":[{\"@type\":\"CommentAction\",\"name\":\"Comment\",\"target\":[\"https:\/\/www.billin.net\/blog\/propiedad-industrial-la-proteccion-para-tu-negocio\/#respond\"]}]},{\"@type\":\"WebPage\",\"@id\":\"https:\/\/www.billin.net\/blog\/propiedad-industrial-la-proteccion-para-tu-negocio\/\",\"url\":\"https:\/\/www.billin.net\/blog\/propiedad-industrial-la-proteccion-para-tu-negocio\/\",\"name\":\"\u00bfQu\u00e9 es la propiedad industrial y que protege? - TeamSystem Facturas Billin\",\"isPartOf\":{\"@id\":\"https:\/\/www.billin.net\/blog\/#website\"},\"primaryImageOfPage\":{\"@id\":\"https:\/\/www.billin.net\/blog\/propiedad-industrial-la-proteccion-para-tu-negocio\/#primaryimage\"},\"image\":{\"@id\":\"https:\/\/www.billin.net\/blog\/propiedad-industrial-la-proteccion-para-tu-negocio\/#primaryimage\"},\"thumbnailUrl\":\"https:\/\/www.billin.net\/blog\/wp-content\/uploads\/2017\/06\/Propiedad-industrial-proteccion-para-tu-negocio-e1461230931828.jpg\",\"datePublished\":\"2016-04-20T22:00:00+00:00\",\"dateModified\":\"2025-09-25T19:07:39+00:00\",\"description\":\"Proteger cada detalle frente a la competencia es importante y la manera de hacerlo es a trav\u00e9s de la Propiedad Industrial.\",\"breadcrumb\":{\"@id\":\"https:\/\/www.billin.net\/blog\/propiedad-industrial-la-proteccion-para-tu-negocio\/#breadcrumb\"},\"inLanguage\":\"es\",\"potentialAction\":[{\"@type\":\"ReadAction\",\"target\":[\"https:\/\/www.billin.net\/blog\/propiedad-industrial-la-proteccion-para-tu-negocio\/\"]}]},{\"@type\":\"ImageObject\",\"inLanguage\":\"es\",\"@id\":\"https:\/\/www.billin.net\/blog\/propiedad-industrial-la-proteccion-para-tu-negocio\/#primaryimage\",\"url\":\"https:\/\/www.billin.net\/blog\/wp-content\/uploads\/2017\/06\/Propiedad-industrial-proteccion-para-tu-negocio-e1461230931828.jpg\",\"contentUrl\":\"https:\/\/www.billin.net\/blog\/wp-content\/uploads\/2017\/06\/Propiedad-industrial-proteccion-para-tu-negocio-e1461230931828.jpg\",\"width\":1200,\"height\":800,\"caption\":\"propiedad industrial\"},{\"@type\":\"BreadcrumbList\",\"@id\":\"https:\/\/www.billin.net\/blog\/propiedad-industrial-la-proteccion-para-tu-negocio\/#breadcrumb\",\"itemListElement\":[{\"@type\":\"ListItem\",\"position\":1,\"name\":\"Blog\",\"item\":\"https:\/\/www.billin.net\/blog\/\"},{\"@type\":\"ListItem\",\"position\":2,\"name\":\"Negocios\",\"item\":\"https:\/\/www.billin.net\/blog\/negocios\/\"},{\"@type\":\"ListItem\",\"position\":3,\"name\":\"\u00bfQu\u00e9 es la Propiedad Industrial y qu\u00e9 se puede proteger?\"}]},{\"@type\":\"WebSite\",\"@id\":\"https:\/\/www.billin.net\/blog\/#website\",\"url\":\"https:\/\/www.billin.net\/blog\/\",\"name\":\"Blog de Billin\",\"description\":\"Mantente informado con el blog de TeamSystem Facturas Billin:  facturaci\u00f3n, legislaci\u00f3n, contabilidad, management y toda la informaci\u00f3n \u00fatil para pymes y aut\u00f3nomos.\",\"publisher\":{\"@id\":\"https:\/\/www.billin.net\/blog\/#organization\"},\"potentialAction\":[{\"@type\":\"SearchAction\",\"target\":{\"@type\":\"EntryPoint\",\"urlTemplate\":\"https:\/\/www.billin.net\/blog\/?s={search_term_string}\"},\"query-input\":{\"@type\":\"PropertyValueSpecification\",\"valueRequired\":true,\"valueName\":\"search_term_string\"}}],\"inLanguage\":\"es\"},{\"@type\":\"Organization\",\"@id\":\"https:\/\/www.billin.net\/blog\/#organization\",\"name\":\"Billin\",\"alternateName\":\"Blog de Billin\",\"url\":\"https:\/\/www.billin.net\/blog\/\",\"logo\":{\"@type\":\"ImageObject\",\"inLanguage\":\"es\",\"@id\":\"https:\/\/www.billin.net\/blog\/#\/schema\/logo\/image\/\",\"url\":\"https:\/\/www.billin.net\/blog\/wp-content\/uploads\/2019\/06\/logotipo-billin-blog-1.png\",\"contentUrl\":\"https:\/\/www.billin.net\/blog\/wp-content\/uploads\/2019\/06\/logotipo-billin-blog-1.png\",\"width\":126,\"height\":50,\"caption\":\"Billin\"},\"image\":{\"@id\":\"https:\/\/www.billin.net\/blog\/#\/schema\/logo\/image\/\"},\"sameAs\":[\"https:\/\/www.facebook.com\/EsBillin\",\"https:\/\/x.com\/Billin_ES\",\"https:\/\/www.instagram.com\/billin_es\/\",\"https:\/\/www.linkedin.com\/company\/billin-spain\",\"https:\/\/www.youtube.com\/c\/BillinEsintercambiodefacturas\/\"],\"legalName\":\"MY EXPENSES SL\",\"contactPoint\":{\"@type\":\"ContactPoint\",\"telephone\":\"+34918318883\",\"contactType\":\"customer service\",\"email\":\"info@billin.eu\",\"availableLanguage\":\"es\"},\"foundingDate\":\"2015\",\"numberOfEmployees\":{\"@type\":\"QuantitativeValue\",\"minValue\":10,\"maxValue\":50},\"parentOrganization\":{\"@type\":\"Organization\",\"name\":\"TeamSystem\",\"url\":\"https:\/\/www.teamsystem.com\/\"},\"description\":\"Billin es el programa de facturaci\u00f3n online de TeamSystem para aut\u00f3nomos y pymes en Espa\u00f1a. Permite crear facturas, controlar gastos y cumplir con Verifactu.\",\"address\":{\"@type\":\"PostalAddress\",\"streetAddress\":\"Calle Arturo Soria, 336\",\"addressLocality\":\"Madrid\",\"addressRegion\":\"Madrid\",\"postalCode\":\"28033\",\"addressCountry\":\"ES\"}},{\"@type\":\"Person\",\"@id\":\"https:\/\/www.billin.net\/blog\/#\/schema\/person\/d0339ee6e869234614541b1e80a793e7\",\"name\":\"Marcos De La Cueva - CEO TeamSystem Facturas Billin\",\"image\":{\"@type\":\"ImageObject\",\"inLanguage\":\"es\",\"@id\":\"https:\/\/www.billin.net\/blog\/#\/schema\/person\/image\/\",\"url\":\"https:\/\/www.billin.net\/blog\/wp-content\/uploads\/2023\/10\/marcos-color-150x150.png\",\"contentUrl\":\"https:\/\/www.billin.net\/blog\/wp-content\/uploads\/2023\/10\/marcos-color-150x150.png\",\"caption\":\"Marcos De La Cueva - CEO TeamSystem Facturas Billin\"},\"description\":\"Licenciado en ADE por la Universidad Aut\u00f3noma de Madrid, Marcos De la Cueva es CEO y cofundador de TeamSystem Facturas Billin, un programa online que lleva m\u00e1s de 9 a\u00f1os ayudando a aut\u00f3nomos, peque\u00f1os negocios y gestor\u00edas a digitalizar sus presupuestos, facturas, tickets y gastos. \u00a0 Sobre Marcos De La Cueva \u00a0 Apasionado por el mundo empresarial y la tecnolog\u00eda, curs\u00f3 su M\u00e1ster de Finanzas en la Universidad Pontificia de Comillas y estuvo en el Programa de Cooperaci\u00f3n Educativa de la Universidad Aut\u00f3noma de Madrid. \u00a0 Marcos siempre ha tenido su objetivo claro: ayudar a la creaci\u00f3n de negocios financieramente sostenibles a trav\u00e9s de una herramienta de facturaci\u00f3n que les permita ahorrar tiempo y tener la contabilidad bajo control. \u00a0 Marcos De La Cueva en los medios \u2014 Noticia sobre Kit Digital y Ley Antifraude (VeriFactu) en El Economista. \u2014 Noticia sobre Kit Digital y factura electr\u00f3nica obligatoria en Diario Jur\u00eddico. \u2014 Noticia sobre el a\u00f1o de transici\u00f3n para la factura electr\u00f3nica en Muy Pymes. \u2014 Entrevista sobre factura electr\u00f3nica obligatoria en Canal Sur. \u2014 Noticia sobre el informe factura electr\u00f3nica de TeamSystem en Channel Partner. \u2014 Charla sobre productividad y Ley Crea y Crece en El Economista. \u2014 Charla sobre factura electr\u00f3nica obligatoria en Muy Pymes. \u2014 Charla sobre digitalizaci\u00f3n aut\u00f3nomos y productividad en esdiario. \u2014 Charla sobre productividad y factura electr\u00f3nica en La Raz\u00f3n. \u2014 Charla sobre factura electr\u00f3nica obligatoria en Aut\u00f3nomos y Emprendedores. \u2014 Entrevista sobre Ley Antifraude y Ley Crea y Crece en Expansi\u00f3n. \u2014 Entrevista sobre Ley Antifraude y Ley Crea y Crece en La Raz\u00f3n. \u2014 Entrevista sobre factura electr\u00f3nica obligatoria en El Economista. \u2014 Comunicado Billin y TeamSystem en Business Insider. \u2014 Entrevista en Econom\u00eda Digital. \u2014 Entrevista en Ideas para tu empresa de Vodafone. \u2014 Entrevista en M\u00e1sQradio. \u2014 Entrevista en Armas para emprender de El M\u00e9todo Gallardo. \u2014 Entrevista en KFund. \u2014 Entrevista en AXA Seguros Espa\u00f1a. \u2014 Entrevista en GestionaRadio. \u00a0 Marcos De La Cueva en eventos \u00a0 \u2014 Participaci\u00f3n como ponente en Accountex Espa\u00f1a 2023. \u00a0 Tem\u00e1ticas de especializaci\u00f3n \u00a0 negocios | startups | contabilidad| fiscalidad | empresas| asesor\u00edas| autonomos | emprendedores | peque\u00f1os negocios | econom\u00eda | ADE | pymes | desarrollo de negocio\u00a0\",\"sameAs\":[\"https:\/\/www.billin.net\/\",\"https:\/\/www.linkedin.com\/in\/marcos-de-la-cueva-19750ba3\/\"],\"url\":\"https:\/\/www.billin.net\/blog\/author\/marcosdelacueva\/\",\"jobTitle\":\"CEO y cofundador de TS Facturas Billin\"}]}<\/script>\n<!-- \/ Yoast SEO plugin. -->","yoast_head_json":{"title":"\u00bfQu\u00e9 es la propiedad industrial y que protege? - TeamSystem Facturas Billin","description":"Proteger cada detalle frente a la competencia es importante y la manera de hacerlo es a trav\u00e9s de la Propiedad Industrial.","robots":{"index":"index","follow":"follow","max-snippet":"max-snippet:-1","max-image-preview":"max-image-preview:large","max-video-preview":"max-video-preview:-1"},"canonical":"https:\/\/www.billin.net\/blog\/propiedad-industrial-la-proteccion-para-tu-negocio\/","og_locale":"es_ES","og_type":"article","og_title":"\u00bfQu\u00e9 es la propiedad industrial y que protege? - TeamSystem Facturas Billin","og_description":"Proteger cada detalle frente a la competencia es importante y la manera de hacerlo es a trav\u00e9s de la Propiedad Industrial.","og_url":"https:\/\/www.billin.net\/blog\/propiedad-industrial-la-proteccion-para-tu-negocio\/","og_site_name":"Blog de TeamSystem Facturas Billin","article_publisher":"https:\/\/www.facebook.com\/EsBillin","article_published_time":"2016-04-20T22:00:00+00:00","article_modified_time":"2025-09-25T19:07:39+00:00","og_image":[{"width":1200,"height":800,"url":"https:\/\/www.billin.net\/blog\/wp-content\/uploads\/2017\/06\/Propiedad-industrial-proteccion-para-tu-negocio-e1461230931828.jpg","type":"image\/jpeg"}],"author":"Marcos De La Cueva - CEO TeamSystem Facturas Billin","twitter_card":"summary_large_image","twitter_creator":"@Billin_ES","twitter_site":"@Billin_ES","twitter_misc":{"Escrito por":"Marcos De La Cueva - CEO TeamSystem Facturas Billin","Tiempo de lectura":"3 minutos"},"schema":{"@context":"https:\/\/schema.org","@graph":[{"@type":"Article","@id":"https:\/\/www.billin.net\/blog\/propiedad-industrial-la-proteccion-para-tu-negocio\/#article","isPartOf":{"@id":"https:\/\/www.billin.net\/blog\/propiedad-industrial-la-proteccion-para-tu-negocio\/"},"author":{"name":"Marcos De La Cueva - CEO TeamSystem Facturas Billin","@id":"https:\/\/www.billin.net\/blog\/#\/schema\/person\/d0339ee6e869234614541b1e80a793e7"},"headline":"\u00bfQu\u00e9 es la Propiedad Industrial y qu\u00e9 se puede proteger?","datePublished":"2016-04-20T22:00:00+00:00","dateModified":"2025-09-25T19:07:39+00:00","mainEntityOfPage":{"@id":"https:\/\/www.billin.net\/blog\/propiedad-industrial-la-proteccion-para-tu-negocio\/"},"wordCount":663,"commentCount":0,"publisher":{"@id":"https:\/\/www.billin.net\/blog\/#organization"},"image":{"@id":"https:\/\/www.billin.net\/blog\/propiedad-industrial-la-proteccion-para-tu-negocio\/#primaryimage"},"thumbnailUrl":"https:\/\/www.billin.net\/blog\/wp-content\/uploads\/2017\/06\/Propiedad-industrial-proteccion-para-tu-negocio-e1461230931828.jpg","articleSection":["Negocios"],"inLanguage":"es","potentialAction":[{"@type":"CommentAction","name":"Comment","target":["https:\/\/www.billin.net\/blog\/propiedad-industrial-la-proteccion-para-tu-negocio\/#respond"]}]},{"@type":"WebPage","@id":"https:\/\/www.billin.net\/blog\/propiedad-industrial-la-proteccion-para-tu-negocio\/","url":"https:\/\/www.billin.net\/blog\/propiedad-industrial-la-proteccion-para-tu-negocio\/","name":"\u00bfQu\u00e9 es la propiedad industrial y que protege? - TeamSystem Facturas Billin","isPartOf":{"@id":"https:\/\/www.billin.net\/blog\/#website"},"primaryImageOfPage":{"@id":"https:\/\/www.billin.net\/blog\/propiedad-industrial-la-proteccion-para-tu-negocio\/#primaryimage"},"image":{"@id":"https:\/\/www.billin.net\/blog\/propiedad-industrial-la-proteccion-para-tu-negocio\/#primaryimage"},"thumbnailUrl":"https:\/\/www.billin.net\/blog\/wp-content\/uploads\/2017\/06\/Propiedad-industrial-proteccion-para-tu-negocio-e1461230931828.jpg","datePublished":"2016-04-20T22:00:00+00:00","dateModified":"2025-09-25T19:07:39+00:00","description":"Proteger cada detalle frente a la competencia es importante y la manera de hacerlo es a trav\u00e9s de la Propiedad Industrial.","breadcrumb":{"@id":"https:\/\/www.billin.net\/blog\/propiedad-industrial-la-proteccion-para-tu-negocio\/#breadcrumb"},"inLanguage":"es","potentialAction":[{"@type":"ReadAction","target":["https:\/\/www.billin.net\/blog\/propiedad-industrial-la-proteccion-para-tu-negocio\/"]}]},{"@type":"ImageObject","inLanguage":"es","@id":"https:\/\/www.billin.net\/blog\/propiedad-industrial-la-proteccion-para-tu-negocio\/#primaryimage","url":"https:\/\/www.billin.net\/blog\/wp-content\/uploads\/2017\/06\/Propiedad-industrial-proteccion-para-tu-negocio-e1461230931828.jpg","contentUrl":"https:\/\/www.billin.net\/blog\/wp-content\/uploads\/2017\/06\/Propiedad-industrial-proteccion-para-tu-negocio-e1461230931828.jpg","width":1200,"height":800,"caption":"propiedad industrial"},{"@type":"BreadcrumbList","@id":"https:\/\/www.billin.net\/blog\/propiedad-industrial-la-proteccion-para-tu-negocio\/#breadcrumb","itemListElement":[{"@type":"ListItem","position":1,"name":"Blog","item":"https:\/\/www.billin.net\/blog\/"},{"@type":"ListItem","position":2,"name":"Negocios","item":"https:\/\/www.billin.net\/blog\/negocios\/"},{"@type":"ListItem","position":3,"name":"\u00bfQu\u00e9 es la Propiedad Industrial y qu\u00e9 se puede proteger?"}]},{"@type":"WebSite","@id":"https:\/\/www.billin.net\/blog\/#website","url":"https:\/\/www.billin.net\/blog\/","name":"Blog de Billin","description":"Mantente informado con el blog de TeamSystem Facturas Billin:  facturaci\u00f3n, legislaci\u00f3n, contabilidad, management y toda la informaci\u00f3n \u00fatil para pymes y aut\u00f3nomos.","publisher":{"@id":"https:\/\/www.billin.net\/blog\/#organization"},"potentialAction":[{"@type":"SearchAction","target":{"@type":"EntryPoint","urlTemplate":"https:\/\/www.billin.net\/blog\/?s={search_term_string}"},"query-input":{"@type":"PropertyValueSpecification","valueRequired":true,"valueName":"search_term_string"}}],"inLanguage":"es"},{"@type":"Organization","@id":"https:\/\/www.billin.net\/blog\/#organization","name":"Billin","alternateName":"Blog de Billin","url":"https:\/\/www.billin.net\/blog\/","logo":{"@type":"ImageObject","inLanguage":"es","@id":"https:\/\/www.billin.net\/blog\/#\/schema\/logo\/image\/","url":"https:\/\/www.billin.net\/blog\/wp-content\/uploads\/2019\/06\/logotipo-billin-blog-1.png","contentUrl":"https:\/\/www.billin.net\/blog\/wp-content\/uploads\/2019\/06\/logotipo-billin-blog-1.png","width":126,"height":50,"caption":"Billin"},"image":{"@id":"https:\/\/www.billin.net\/blog\/#\/schema\/logo\/image\/"},"sameAs":["https:\/\/www.facebook.com\/EsBillin","https:\/\/x.com\/Billin_ES","https:\/\/www.instagram.com\/billin_es\/","https:\/\/www.linkedin.com\/company\/billin-spain","https:\/\/www.youtube.com\/c\/BillinEsintercambiodefacturas\/"],"legalName":"MY EXPENSES SL","contactPoint":{"@type":"ContactPoint","telephone":"+34918318883","contactType":"customer service","email":"info@billin.eu","availableLanguage":"es"},"foundingDate":"2015","numberOfEmployees":{"@type":"QuantitativeValue","minValue":10,"maxValue":50},"parentOrganization":{"@type":"Organization","name":"TeamSystem","url":"https:\/\/www.teamsystem.com\/"},"description":"Billin es el programa de facturaci\u00f3n online de TeamSystem para aut\u00f3nomos y pymes en Espa\u00f1a. Permite crear facturas, controlar gastos y cumplir con Verifactu.","address":{"@type":"PostalAddress","streetAddress":"Calle Arturo Soria, 336","addressLocality":"Madrid","addressRegion":"Madrid","postalCode":"28033","addressCountry":"ES"}},{"@type":"Person","@id":"https:\/\/www.billin.net\/blog\/#\/schema\/person\/d0339ee6e869234614541b1e80a793e7","name":"Marcos De La Cueva - CEO TeamSystem Facturas Billin","image":{"@type":"ImageObject","inLanguage":"es","@id":"https:\/\/www.billin.net\/blog\/#\/schema\/person\/image\/","url":"https:\/\/www.billin.net\/blog\/wp-content\/uploads\/2023\/10\/marcos-color-150x150.png","contentUrl":"https:\/\/www.billin.net\/blog\/wp-content\/uploads\/2023\/10\/marcos-color-150x150.png","caption":"Marcos De La Cueva - CEO TeamSystem Facturas Billin"},"description":"Licenciado en ADE por la Universidad Aut\u00f3noma de Madrid, Marcos De la Cueva es CEO y cofundador de TeamSystem Facturas Billin, un programa online que lleva m\u00e1s de 9 a\u00f1os ayudando a aut\u00f3nomos, peque\u00f1os negocios y gestor\u00edas a digitalizar sus presupuestos, facturas, tickets y gastos. \u00a0 Sobre Marcos De La Cueva \u00a0 Apasionado por el mundo empresarial y la tecnolog\u00eda, curs\u00f3 su M\u00e1ster de Finanzas en la Universidad Pontificia de Comillas y estuvo en el Programa de Cooperaci\u00f3n Educativa de la Universidad Aut\u00f3noma de Madrid. \u00a0 Marcos siempre ha tenido su objetivo claro: ayudar a la creaci\u00f3n de negocios financieramente sostenibles a trav\u00e9s de una herramienta de facturaci\u00f3n que les permita ahorrar tiempo y tener la contabilidad bajo control. \u00a0 Marcos De La Cueva en los medios \u2014 Noticia sobre Kit Digital y Ley Antifraude (VeriFactu) en El Economista. \u2014 Noticia sobre Kit Digital y factura electr\u00f3nica obligatoria en Diario Jur\u00eddico. \u2014 Noticia sobre el a\u00f1o de transici\u00f3n para la factura electr\u00f3nica en Muy Pymes. \u2014 Entrevista sobre factura electr\u00f3nica obligatoria en Canal Sur. \u2014 Noticia sobre el informe factura electr\u00f3nica de TeamSystem en Channel Partner. \u2014 Charla sobre productividad y Ley Crea y Crece en El Economista. \u2014 Charla sobre factura electr\u00f3nica obligatoria en Muy Pymes. \u2014 Charla sobre digitalizaci\u00f3n aut\u00f3nomos y productividad en esdiario. \u2014 Charla sobre productividad y factura electr\u00f3nica en La Raz\u00f3n. \u2014 Charla sobre factura electr\u00f3nica obligatoria en Aut\u00f3nomos y Emprendedores. \u2014 Entrevista sobre Ley Antifraude y Ley Crea y Crece en Expansi\u00f3n. \u2014 Entrevista sobre Ley Antifraude y Ley Crea y Crece en La Raz\u00f3n. \u2014 Entrevista sobre factura electr\u00f3nica obligatoria en El Economista. \u2014 Comunicado Billin y TeamSystem en Business Insider. \u2014 Entrevista en Econom\u00eda Digital. \u2014 Entrevista en Ideas para tu empresa de Vodafone. \u2014 Entrevista en M\u00e1sQradio. \u2014 Entrevista en Armas para emprender de El M\u00e9todo Gallardo. \u2014 Entrevista en KFund. \u2014 Entrevista en AXA Seguros Espa\u00f1a. \u2014 Entrevista en GestionaRadio. \u00a0 Marcos De La Cueva en eventos \u00a0 \u2014 Participaci\u00f3n como ponente en Accountex Espa\u00f1a 2023. \u00a0 Tem\u00e1ticas de especializaci\u00f3n \u00a0 negocios | startups | contabilidad| fiscalidad | empresas| asesor\u00edas| autonomos | emprendedores | peque\u00f1os negocios | econom\u00eda | ADE | pymes | desarrollo de negocio\u00a0","sameAs":["https:\/\/www.billin.net\/","https:\/\/www.linkedin.com\/in\/marcos-de-la-cueva-19750ba3\/"],"url":"https:\/\/www.billin.net\/blog\/author\/marcosdelacueva\/","jobTitle":"CEO y cofundador de TS Facturas Billin"}]}},"_links":{"self":[{"href":"https:\/\/www.billin.net\/blog\/wp-json\/wp\/v2\/posts\/10222","targetHints":{"allow":["GET"]}}],"collection":[{"href":"https:\/\/www.billin.net\/blog\/wp-json\/wp\/v2\/posts"}],"about":[{"href":"https:\/\/www.billin.net\/blog\/wp-json\/wp\/v2\/types\/post"}],"author":[{"embeddable":true,"href":"https:\/\/www.billin.net\/blog\/wp-json\/wp\/v2\/users\/20"}],"replies":[{"embeddable":true,"href":"https:\/\/www.billin.net\/blog\/wp-json\/wp\/v2\/comments?post=10222"}],"version-history":[{"count":8,"href":"https:\/\/www.billin.net\/blog\/wp-json\/wp\/v2\/posts\/10222\/revisions"}],"predecessor-version":[{"id":27657,"href":"https:\/\/www.billin.net\/blog\/wp-json\/wp\/v2\/posts\/10222\/revisions\/27657"}],"wp:featuredmedia":[{"embeddable":true,"href":"https:\/\/www.billin.net\/blog\/wp-json\/wp\/v2\/media\/3959"}],"wp:attachment":[{"href":"https:\/\/www.billin.net\/blog\/wp-json\/wp\/v2\/media?parent=10222"}],"wp:term":[{"taxonomy":"category","embeddable":true,"href":"https:\/\/www.billin.net\/blog\/wp-json\/wp\/v2\/categories?post=10222"},{"taxonomy":"post_tag","embeddable":true,"href":"https:\/\/www.billin.net\/blog\/wp-json\/wp\/v2\/tags?post=10222"}],"curies":[{"name":"wp","href":"https:\/\/api.w.org\/{rel}","templated":true}]}}