{"id":10184,"date":"2015-12-18T00:00:00","date_gmt":"2015-12-17T22:00:00","guid":{"rendered":"https:\/\/www.billin.net\/blog\/modificaciones-y-aplicacion-del-nuevo-plan-general-contable-2016\/"},"modified":"2025-09-25T21:08:22","modified_gmt":"2025-09-25T19:08:22","slug":"modificaciones-y-aplicacion-del-nuevo-plan-general-contable-2016","status":"publish","type":"post","link":"https:\/\/www.billin.net\/blog\/modificaciones-y-aplicacion-del-nuevo-plan-general-contable-2016\/","title":{"rendered":"Modificaciones y aplicaci\u00f3n del nuevo Plan General Contable"},"content":{"rendered":"<p>El anuncio de la entrada en vigor del <strong>Nuevo Plan General Contable<\/strong> est\u00e1 como muchos de vosotros sab\u00e9is a la vuelta de la esquina, s\u00f3lo a la espera de la aprobaci\u00f3n del borrador definitivo por parte del <span style=\"text-decoration: underline;\">Instituto de Contabilidad y Auditor\u00eda de Cuentas<\/span> (ICAC) que depende del Ministerio de Econom\u00eda y Competitividad.<\/p>\n<h2><strong>\u00bfQu\u00e9 es el Plan Contable?\u00a0<\/strong><\/h2>\n<p>El <span style=\"text-decoration: underline;\">plan contable<\/span> es el conjunto de normas que establecen los procedimientos y m\u00e9todos necesarios para el registro de la actividad econ\u00f3mica de una empresa y agrupa toda la informaci\u00f3n sobre la gesti\u00f3n de las operaciones financieras realizadas en la compa\u00f1\u00eda.<\/p>\n<h2><span style=\"color: #000000;\"><strong>\u00bfQu\u00e9 incluye el nuevo Plan Contable?<\/strong><\/span><\/h2>\n<p>Existe una estructura bastante amplia y para algunos compleja, al respecto de las \u201ccuentas\u201d <strong>que incluye el nuevo plan contable<\/strong>.\u00a0 Aqu\u00ed os presentamos las cuentas b\u00e1sicas y comunes a la mayor\u00eda de empresas:<\/p>\n<ul>\n<li><strong>Caja:<\/strong> contiene el dinero en efectivo disponible en la empresa<\/li>\n<li><strong>Bancos e instituciones de cr\u00e9dito:<\/strong> son las entidades financieras donde la compa\u00f1\u00eda deposita los recursos de los que dispone.<\/li>\n<li><strong>Mercader\u00edas o mercanc\u00edas:<\/strong> son los bienes para la venta que tiene la empresa en su almac\u00e9n<\/li>\n<li><strong>Edificios y otras construcciones:<\/strong> espacios f\u00edsicos de los que dispone la empresa (almacenes, oficinas, dep\u00f3sitos)<\/li>\n<li><strong>Terrenos y bienes naturales: <\/strong>propiedades de la empresa que no est\u00e1n en un edificio comercial, como una finca o una parcela<\/li>\n<li><strong>Transporte:<\/strong> son las unidades m\u00f3viles que tiene la empresa para el despacho de la mercanc\u00eda o el traslado de sus empleados (veh\u00edculos, motos, bicicletas, camionetas, camiones)<\/li>\n<li><strong>Equipos para procesar informaci\u00f3n:<\/strong> incluye todos los equipos f\u00edsicos necesarios para registrar y tratar datos y contenidos (ordenadores, impresoras, fotocopiadoras, esc\u00e1ner)<\/li>\n<li><strong>Mobiliario: <\/strong>son los enseres del interior de la empresa (muebles de oficina, sillas, mesas, estanter\u00edas, archivadores, escritorios, armarios, cuadros)<\/li>\n<li><strong>Deudas con entidades de cr\u00e9dito:<\/strong> en esta categor\u00eda se registra todo lo que se le dabe al banco o a otra instituci\u00f3n financiera (pr\u00e9stamos, hipotecas)<\/li>\n<li><strong>Proveedores:<\/strong> refleja las deudas contra\u00eddas con los proveedores, tanto de materias primas para funcionar como de los art\u00edculos para la venta<\/li>\n<\/ul>\n<p>En el <strong>informe contable<\/strong> existe una estructura general establecida por la normativa en vigor y aplicable a todos los segmentos de empresas, la cual engloba los principios, conceptos y fundamentos b\u00e1sicos del plan contable; algunos de ellos son:<\/p>\n<ul>\n<li>El principio de empresa en funcionamiento<\/li>\n<li>El principio de devengo<\/li>\n<li>El principio de uniformidad<\/li>\n<li>El principio de prudencia<\/li>\n<li>El principio de no compensaci\u00f3n<\/li>\n<li>El principio de importancia relativa<\/li>\n<li>Las normas de registro y valoraci\u00f3n, que incluyen los criterios y las normas aplicables a las distintas operaciones financieras, como pueden ser los impuestos, tipo de moneda, subvenciones, donaciones, legados, activos financieros, pr\u00e9stamos, arrendamientos e inversiones inmobiliarias, entre otros<\/li>\n<li>Las cuentas anuales: que incluyen la situaci\u00f3n financiera de la empresa: activos, pasivos, renta, ingresos, gastos, flujos de fondos, entradas y salidas de dinero<\/li>\n<li>Las cuentas anuales, incluyen, adem\u00e1s:<\/li>\n<li>La cuenta de p\u00e9rdidas y ganancias que es el resumen todos los ingresos y gastos de la empresa<\/li>\n<li>El balance general, que refleja los activos, las deudas y el capital de una compa\u00f1\u00eda en un per\u00edodo contable determinado<\/li>\n<li>La memoria contable, donde se detallan los logros, resultados, hechos y objetivos de inter\u00e9s para los accionistas<\/li>\n<li>El estado de cambios en el patrimonio neto, que contiene el estado de ingresos, los gastos reconocidos y el estado total de cambios en el patrimonio neto<\/li>\n<li>El estado de flujo de efectivo, que hace referencia a las variaciones y movimientos de efectivo en un tiempo espec\u00edfico<\/li>\n<li>El cuadro de cuentas, que est\u00e1 constituido por las cuentas b\u00e1sicas que mencionamos al inicio.<\/li>\n<\/ul>\n<p>Si quieres conocer con detalle todos los elementos que aplican al <span style=\"text-decoration: underline;\">plan contable vigente en 2015<\/span>, \u00a0te recomendamos consultar la \u00faltima versi\u00f3n publicada por el ministerio de Hacienda.<\/p>\n<h2><strong>\u00bfCu\u00e1l es la Normativa Contable que est\u00e1 en vigor?<\/strong><\/h2>\n<p>En Espa\u00f1a est\u00e1 vigente el <span style=\"text-decoration: underline;\">Plan General Contable de 2007<\/span> y modificado en el 2010.\u00a0 Sin embargo, la Uni\u00f3n Europea a trav\u00e9s de su <span style=\"text-decoration: underline;\">Directiva Europea 2013\/34 UE, del 26 de junio de 2013<\/span> ha legislado para armonizar el funcionamiento contable entre los Estados Miembros, y ha introducido algunas simplificaciones para que los tr\u00e1mites administrativos y contables que realizan los empresarios, est\u00e9n mucho m\u00e1s acordes a las realidades econ\u00f3micas y a la evoluci\u00f3n de las grandes empresas, las pymes y las microempresas.<\/p>\n<p>En la actualidad, la UE ve desmesurado que las peque\u00f1as y medianas empresas tengan que realizar los mismos tr\u00e1mites que una gran empresa, y teniendo en cuenta que el 95% de las empresas espa\u00f1olas son PYMES, el Ministerio de Econom\u00eda y Competitividad ha decidido que la mejor forma de adoptar la normativa europea, es mediante la elaboraci\u00f3n de un Nuevo Plan General Contable para Pymes, \u00a0que simplifique los tr\u00e1mites a la hora de presentar las cuentas anuales.<\/p>\n<h2><strong>\u00bfCu\u00e1l es la relevancia del Nuevo Plan General Contable?<\/strong><\/h2>\n<p>Si bien, el Instituto de Contabilidad y Auditor\u00eda de Cuentas a\u00fan no ha publicado el documento definitivo del <strong>Nuevo Plan General Contable 2016<\/strong>, s\u00ed que se conocen ya muchos de los criterios que ser\u00e1n de aplicaci\u00f3n definitiva, y a modo orientativo (reiteramos, que no definitivo), el nuevo Plan General Contable para Pymes de 2016 incluir\u00e1 las siguientes modificaciones:<\/p>\n<ul>\n<li>En primer lugar, <strong>se revisa y modifican el concepto de peque\u00f1a, mediana empresa y microempresa.<\/strong> Entendiendo que \u00e9sta modificaci\u00f3n ya ser\u00e1 de aplicaci\u00f3n, tal y como se refleja en la nueva Ley de Auditor\u00eda de Cuentas 22\/2015, de 20\/07 que en los apartados 9 y 10 del art\u00edculo 3 adaptan los conceptos de entidades peque\u00f1as y medianas al art\u00edculo 3 de la Directiva Comunitaria.<\/li>\n<\/ul>\n<p><em>Son\u00a0entidades peque\u00f1as y medianas, las que durante dos ejercicios consecutivos no superen, a la fecha de cierre de cada uno de ellos, al menos dos de las circunstancias siguientes<\/em>:<\/p>\n<ul>\n<li>En funci\u00f3n de esta nueva clasificaci\u00f3n, se establecen unas nuevas bases que <strong>simplifican la presentaci\u00f3n de las cuentas anuales<\/strong>, ya que las notas explicativas de \u00e9stas cuentas, recogidas en la Memoria, se transformar\u00e1n en una relaci\u00f3n de \u201c<strong>Notas a los Estados Financieros<\/strong>\u201d en la que se establecer\u00e1n aproximadamente de 10 a 15 apartados fundamentales.\u00a0 Es altamente probable, que se llegue a eximir por completo de este tr\u00e1mite a las microempresas, a cambio de que a pie de balance se realicen ciertas anotaciones sobre los compromisos financieros contra\u00eddos o algunas operaciones vinculadas<\/li>\n<li>Para las peque\u00f1as empresas, se plantea la <strong>liberaci\u00f3n de presentar informe de gesti\u00f3n o de la publicaci\u00f3n de la cuenta de p\u00e9rdidas y ganancias<\/strong>, al mismo tiempo que la <strong>desaparici\u00f3n del Estado de Cambios en el Patrimonio Neto<\/strong>; lo cual ya ha quedado contemplado por la Ley 22\/2015 de Auditor\u00eda de Cuentas que, en la Disposici\u00f3n Final 4\u00aa, suprime esta obligaci\u00f3n cuando se pueda realizar el Balance de Situaci\u00f3n en Modelo Abreviado<\/li>\n<li>En la misma l\u00ednea se articula la <strong>no obligaci\u00f3n de presentar informe de auditor\u00eda<\/strong> a las microempresas y peque\u00f1as empresas excepto si son consideradas de inter\u00e9s p\u00fablico<\/li>\n<li>En cuanto a <strong>los grupos de empresas<\/strong>, la novedad viene por la <strong>exenci\u00f3n de elaborar estados financieros consolidados <\/strong>por parte de los grupos peque\u00f1os, salvo en aquellos casos en que una empresa filial sea una entidad de inter\u00e9s p\u00fablico<\/li>\n<li>Se establecer\u00e1 <strong>el precio de adquisici\u00f3n de activos financieros <\/strong>(para aquello que se compre y se vaya a vender en el corto plazo) <strong>o el coste de producci\u00f3n <\/strong>como \u00fanico criterio de valoraci\u00f3n, abandonando as\u00ed el concepto de \u201cvalor razonable\u201d tan complejo de entender para las microempresas y peque\u00f1os negocios. Se except\u00faan, algunos instrumentos financieros que se valorar\u00e1n a valor razonable, estando a la espera de la posible aceptaci\u00f3n del m\u00e9todo LIFO para valorar las existencias (<em>Last in \u2013 First Out<\/em> las \u00faltimas en entrar \u2013 las primeras en salir, por sus siglas en ingl\u00e9s)<\/li>\n<li><strong>No ser\u00e1 necesario registrar los pr\u00e9stamos<\/strong> y otros pasivos por el coste amortizado sino por el valor nominal<\/li>\n<li>El <strong>fondo de comercio<\/strong> se amortizar\u00e1 con un plazo de 10 a\u00f1os, eliminando los test de deterioro<\/li>\n<li>Se tiene en cuenta la aplicaci\u00f3n de la Ley de Emprendedores y de \u00e9sta forma, al respecto de la creaci\u00f3n de las sociedades, los gastos y aportaci\u00f3n del capital social podr\u00e1n realizarse en un plazo m\u00e1ximo de 5 a\u00f1os.<\/li>\n<\/ul>\n<p>Una vez conocidos todos estos cambios s\u00f3lo queda esperar a fecha de aplicaci\u00f3n del <strong>Nuevo Plan General Contable 2016<\/strong> y comprobar c\u00f3mo estas medidas beneficiar\u00e1n a las peque\u00f1as y medianas empresas y c\u00f3mo reducir\u00e1n su carga administrativa \u00a0o si por el contrario, les supondr\u00e1 m\u00e1s inquietudes por los costes de adaptaci\u00f3n que conllevar\u00e1 su aplicaci\u00f3n.<\/p>\n<p>Desde TeamSystem Facturas Billin te invitamos a probar nuestra <strong><a href=\"https:\/\/www.billin.net\/programa-facturacion-gratuito\/\" target=\"_blank\" rel=\"noopener noreferrer\">p<\/a><a href=\"https:\/\/www.billin.net\/programa-facturacion-gratuito\/\">rograma de facturaci\u00f3n gratuito<\/a> para crear, enviar, recibir y gestionar correctamente tus facturas<\/strong> y que compares con <a href=\"https:\/\/www.billin.net\/billin-vs-contasimple\/\" target=\"_blank\" rel=\"noopener noreferrer\">Contasimple<\/a>\u00a0y de \u00e9sta forma, ayudarte a simplificar este proceso en tu negocio y optimizar la gesti\u00f3n empresarial.<\/p>\n","protected":false},"excerpt":{"rendered":"<p>El anuncio de la entrada en vigor del Nuevo Plan General Contable est\u00e1 como muchos de vosotros sab\u00e9is a la vuelta de la esquina, s\u00f3lo a la espera de la aprobaci\u00f3n del borrador definitivo por parte del Instituto de Contabilidad y Auditor\u00eda de Cuentas (ICAC) que depende del Ministerio de Econom\u00eda y Competitividad. \u00bfQu\u00e9 es [&hellip;]<\/p>\n","protected":false},"author":20,"featured_media":3866,"comment_status":"open","ping_status":"open","sticky":false,"template":"","format":"standard","meta":{"_acf_changed":false,"_et_pb_use_builder":"","_et_pb_old_content":"","_et_gb_content_width":"","om_disable_all_campaigns":false,"inline_featured_image":false,"footnotes":""},"categories":[1020],"tags":[],"class_list":{"0":"post-10184","1":"post","2":"type-post","3":"status-publish","4":"format-standard","5":"has-post-thumbnail","7":"category-contabilidad"},"acf":{"selector_de_usuario":null,"fecha_de_revision":"20210226"},"yoast_head":"<!-- This site is optimized with the Yoast SEO plugin v27.1 - https:\/\/yoast.com\/product\/yoast-seo-wordpress\/ -->\n<title>Nuevo plan contable 2016 - Blog - TeamSystem Facturas Billin<\/title>\n<meta name=\"description\" content=\"Te avanzamos cuales ser\u00e1n las novedades que trae el Nuevo Plan General Contable 2016 para las pymes y microempresas. Descubre el nuevo plan contable aqu\u00ed.\" \/>\n<meta name=\"robots\" content=\"index, follow, max-snippet:-1, max-image-preview:large, max-video-preview:-1\" \/>\n<link rel=\"canonical\" href=\"https:\/\/www.billin.net\/blog\/modificaciones-y-aplicacion-del-nuevo-plan-general-contable-2016\/\" \/>\n<meta property=\"og:locale\" content=\"es_ES\" \/>\n<meta property=\"og:type\" content=\"article\" \/>\n<meta property=\"og:title\" content=\"Nuevo plan contable 2016 - Blog - TeamSystem Facturas Billin\" \/>\n<meta property=\"og:description\" content=\"Te avanzamos cuales ser\u00e1n las novedades que trae el Nuevo Plan General Contable 2016 para las pymes y microempresas. Descubre el nuevo plan contable aqu\u00ed.\" \/>\n<meta property=\"og:url\" content=\"https:\/\/www.billin.net\/blog\/modificaciones-y-aplicacion-del-nuevo-plan-general-contable-2016\/\" \/>\n<meta property=\"og:site_name\" content=\"Blog de TeamSystem Facturas Billin\" \/>\n<meta property=\"article:publisher\" content=\"https:\/\/www.facebook.com\/EsBillin\" \/>\n<meta property=\"article:published_time\" content=\"2015-12-17T22:00:00+00:00\" \/>\n<meta property=\"article:modified_time\" content=\"2025-09-25T19:08:22+00:00\" \/>\n<meta property=\"og:image\" content=\"https:\/\/www.billin.net\/blog\/wp-content\/uploads\/2017\/06\/Nuevo-Plan-General-Contable.jpg\" \/>\n\t<meta property=\"og:image:width\" content=\"800\" \/>\n\t<meta property=\"og:image:height\" content=\"450\" \/>\n\t<meta property=\"og:image:type\" content=\"image\/jpeg\" \/>\n<meta name=\"author\" content=\"Marcos De La Cueva - CEO TeamSystem Facturas Billin\" \/>\n<meta name=\"twitter:card\" content=\"summary_large_image\" \/>\n<meta name=\"twitter:creator\" content=\"@Billin_ES\" \/>\n<meta name=\"twitter:site\" content=\"@Billin_ES\" \/>\n<meta name=\"twitter:label1\" content=\"Escrito por\" \/>\n\t<meta name=\"twitter:data1\" content=\"Marcos De La Cueva - CEO TeamSystem Facturas Billin\" \/>\n\t<meta name=\"twitter:label2\" content=\"Tiempo de lectura\" \/>\n\t<meta name=\"twitter:data2\" content=\"8 minutos\" \/>\n<script type=\"application\/ld+json\" class=\"yoast-schema-graph\">{\"@context\":\"https:\/\/schema.org\",\"@graph\":[{\"@type\":\"Article\",\"@id\":\"https:\/\/www.billin.net\/blog\/modificaciones-y-aplicacion-del-nuevo-plan-general-contable-2016\/#article\",\"isPartOf\":{\"@id\":\"https:\/\/www.billin.net\/blog\/modificaciones-y-aplicacion-del-nuevo-plan-general-contable-2016\/\"},\"author\":{\"name\":\"Marcos De La Cueva - CEO TeamSystem Facturas Billin\",\"@id\":\"https:\/\/www.billin.net\/blog\/#\/schema\/person\/d0339ee6e869234614541b1e80a793e7\"},\"headline\":\"Modificaciones y aplicaci\u00f3n del nuevo Plan General Contable\",\"datePublished\":\"2015-12-17T22:00:00+00:00\",\"dateModified\":\"2025-09-25T19:08:22+00:00\",\"mainEntityOfPage\":{\"@id\":\"https:\/\/www.billin.net\/blog\/modificaciones-y-aplicacion-del-nuevo-plan-general-contable-2016\/\"},\"wordCount\":1553,\"commentCount\":0,\"publisher\":{\"@id\":\"https:\/\/www.billin.net\/blog\/#organization\"},\"image\":{\"@id\":\"https:\/\/www.billin.net\/blog\/modificaciones-y-aplicacion-del-nuevo-plan-general-contable-2016\/#primaryimage\"},\"thumbnailUrl\":\"https:\/\/www.billin.net\/blog\/wp-content\/uploads\/2017\/06\/Nuevo-Plan-General-Contable.jpg\",\"articleSection\":[\"Contabilidad\"],\"inLanguage\":\"es\",\"potentialAction\":[{\"@type\":\"CommentAction\",\"name\":\"Comment\",\"target\":[\"https:\/\/www.billin.net\/blog\/modificaciones-y-aplicacion-del-nuevo-plan-general-contable-2016\/#respond\"]}]},{\"@type\":\"WebPage\",\"@id\":\"https:\/\/www.billin.net\/blog\/modificaciones-y-aplicacion-del-nuevo-plan-general-contable-2016\/\",\"url\":\"https:\/\/www.billin.net\/blog\/modificaciones-y-aplicacion-del-nuevo-plan-general-contable-2016\/\",\"name\":\"Nuevo plan contable 2016 - Blog - TeamSystem Facturas Billin\",\"isPartOf\":{\"@id\":\"https:\/\/www.billin.net\/blog\/#website\"},\"primaryImageOfPage\":{\"@id\":\"https:\/\/www.billin.net\/blog\/modificaciones-y-aplicacion-del-nuevo-plan-general-contable-2016\/#primaryimage\"},\"image\":{\"@id\":\"https:\/\/www.billin.net\/blog\/modificaciones-y-aplicacion-del-nuevo-plan-general-contable-2016\/#primaryimage\"},\"thumbnailUrl\":\"https:\/\/www.billin.net\/blog\/wp-content\/uploads\/2017\/06\/Nuevo-Plan-General-Contable.jpg\",\"datePublished\":\"2015-12-17T22:00:00+00:00\",\"dateModified\":\"2025-09-25T19:08:22+00:00\",\"description\":\"Te avanzamos cuales ser\u00e1n las novedades que trae el Nuevo Plan General Contable 2016 para las pymes y microempresas. Descubre el nuevo plan contable aqu\u00ed.\",\"breadcrumb\":{\"@id\":\"https:\/\/www.billin.net\/blog\/modificaciones-y-aplicacion-del-nuevo-plan-general-contable-2016\/#breadcrumb\"},\"inLanguage\":\"es\",\"potentialAction\":[{\"@type\":\"ReadAction\",\"target\":[\"https:\/\/www.billin.net\/blog\/modificaciones-y-aplicacion-del-nuevo-plan-general-contable-2016\/\"]}]},{\"@type\":\"ImageObject\",\"inLanguage\":\"es\",\"@id\":\"https:\/\/www.billin.net\/blog\/modificaciones-y-aplicacion-del-nuevo-plan-general-contable-2016\/#primaryimage\",\"url\":\"https:\/\/www.billin.net\/blog\/wp-content\/uploads\/2017\/06\/Nuevo-Plan-General-Contable.jpg\",\"contentUrl\":\"https:\/\/www.billin.net\/blog\/wp-content\/uploads\/2017\/06\/Nuevo-Plan-General-Contable.jpg\",\"width\":800,\"height\":450},{\"@type\":\"BreadcrumbList\",\"@id\":\"https:\/\/www.billin.net\/blog\/modificaciones-y-aplicacion-del-nuevo-plan-general-contable-2016\/#breadcrumb\",\"itemListElement\":[{\"@type\":\"ListItem\",\"position\":1,\"name\":\"Blog\",\"item\":\"https:\/\/www.billin.net\/blog\/\"},{\"@type\":\"ListItem\",\"position\":2,\"name\":\"Contabilidad\",\"item\":\"https:\/\/www.billin.net\/blog\/contabilidad\/\"},{\"@type\":\"ListItem\",\"position\":3,\"name\":\"Modificaciones y aplicaci\u00f3n del nuevo Plan General Contable\"}]},{\"@type\":\"WebSite\",\"@id\":\"https:\/\/www.billin.net\/blog\/#website\",\"url\":\"https:\/\/www.billin.net\/blog\/\",\"name\":\"Blog de Billin\",\"description\":\"Mantente informado con el blog de TeamSystem Facturas Billin:  facturaci\u00f3n, legislaci\u00f3n, contabilidad, management y toda la informaci\u00f3n \u00fatil para pymes y aut\u00f3nomos.\",\"publisher\":{\"@id\":\"https:\/\/www.billin.net\/blog\/#organization\"},\"potentialAction\":[{\"@type\":\"SearchAction\",\"target\":{\"@type\":\"EntryPoint\",\"urlTemplate\":\"https:\/\/www.billin.net\/blog\/?s={search_term_string}\"},\"query-input\":{\"@type\":\"PropertyValueSpecification\",\"valueRequired\":true,\"valueName\":\"search_term_string\"}}],\"inLanguage\":\"es\"},{\"@type\":\"Organization\",\"@id\":\"https:\/\/www.billin.net\/blog\/#organization\",\"name\":\"Billin\",\"alternateName\":\"Blog de Billin\",\"url\":\"https:\/\/www.billin.net\/blog\/\",\"logo\":{\"@type\":\"ImageObject\",\"inLanguage\":\"es\",\"@id\":\"https:\/\/www.billin.net\/blog\/#\/schema\/logo\/image\/\",\"url\":\"https:\/\/www.billin.net\/blog\/wp-content\/uploads\/2019\/06\/logotipo-billin-blog-1.png\",\"contentUrl\":\"https:\/\/www.billin.net\/blog\/wp-content\/uploads\/2019\/06\/logotipo-billin-blog-1.png\",\"width\":126,\"height\":50,\"caption\":\"Billin\"},\"image\":{\"@id\":\"https:\/\/www.billin.net\/blog\/#\/schema\/logo\/image\/\"},\"sameAs\":[\"https:\/\/www.facebook.com\/EsBillin\",\"https:\/\/x.com\/Billin_ES\",\"https:\/\/www.instagram.com\/billin_es\/\",\"https:\/\/www.linkedin.com\/company\/billin-spain\",\"https:\/\/www.youtube.com\/c\/BillinEsintercambiodefacturas\/\"],\"legalName\":\"MY EXPENSES SL\",\"contactPoint\":{\"@type\":\"ContactPoint\",\"telephone\":\"+34918318883\",\"contactType\":\"customer service\",\"email\":\"info@billin.eu\",\"availableLanguage\":\"es\"},\"foundingDate\":\"2015\",\"numberOfEmployees\":{\"@type\":\"QuantitativeValue\",\"minValue\":10,\"maxValue\":50},\"parentOrganization\":{\"@type\":\"Organization\",\"name\":\"TeamSystem\",\"url\":\"https:\/\/www.teamsystem.com\/\"},\"description\":\"Billin es el programa de facturaci\u00f3n online de TeamSystem para aut\u00f3nomos y pymes en Espa\u00f1a. Permite crear facturas, controlar gastos y cumplir con Verifactu.\",\"address\":{\"@type\":\"PostalAddress\",\"streetAddress\":\"Calle Arturo Soria, 336\",\"addressLocality\":\"Madrid\",\"addressRegion\":\"Madrid\",\"postalCode\":\"28033\",\"addressCountry\":\"ES\"}},{\"@type\":\"Person\",\"@id\":\"https:\/\/www.billin.net\/blog\/#\/schema\/person\/d0339ee6e869234614541b1e80a793e7\",\"name\":\"Marcos De La Cueva - CEO TeamSystem Facturas Billin\",\"image\":{\"@type\":\"ImageObject\",\"inLanguage\":\"es\",\"@id\":\"https:\/\/www.billin.net\/blog\/#\/schema\/person\/image\/\",\"url\":\"https:\/\/www.billin.net\/blog\/wp-content\/uploads\/2023\/10\/marcos-color-150x150.png\",\"contentUrl\":\"https:\/\/www.billin.net\/blog\/wp-content\/uploads\/2023\/10\/marcos-color-150x150.png\",\"caption\":\"Marcos De La Cueva - CEO TeamSystem Facturas Billin\"},\"description\":\"Licenciado en ADE por la Universidad Aut\u00f3noma de Madrid, Marcos De la Cueva es CEO y cofundador de TeamSystem Facturas Billin, un programa online que lleva m\u00e1s de 9 a\u00f1os ayudando a aut\u00f3nomos, peque\u00f1os negocios y gestor\u00edas a digitalizar sus presupuestos, facturas, tickets y gastos. \u00a0 Sobre Marcos De La Cueva \u00a0 Apasionado por el mundo empresarial y la tecnolog\u00eda, curs\u00f3 su M\u00e1ster de Finanzas en la Universidad Pontificia de Comillas y estuvo en el Programa de Cooperaci\u00f3n Educativa de la Universidad Aut\u00f3noma de Madrid. \u00a0 Marcos siempre ha tenido su objetivo claro: ayudar a la creaci\u00f3n de negocios financieramente sostenibles a trav\u00e9s de una herramienta de facturaci\u00f3n que les permita ahorrar tiempo y tener la contabilidad bajo control. \u00a0 Marcos De La Cueva en los medios \u2014 Noticia sobre Kit Digital y Ley Antifraude (VeriFactu) en El Economista. \u2014 Noticia sobre Kit Digital y factura electr\u00f3nica obligatoria en Diario Jur\u00eddico. \u2014 Noticia sobre el a\u00f1o de transici\u00f3n para la factura electr\u00f3nica en Muy Pymes. \u2014 Entrevista sobre factura electr\u00f3nica obligatoria en Canal Sur. \u2014 Noticia sobre el informe factura electr\u00f3nica de TeamSystem en Channel Partner. \u2014 Charla sobre productividad y Ley Crea y Crece en El Economista. \u2014 Charla sobre factura electr\u00f3nica obligatoria en Muy Pymes. \u2014 Charla sobre digitalizaci\u00f3n aut\u00f3nomos y productividad en esdiario. \u2014 Charla sobre productividad y factura electr\u00f3nica en La Raz\u00f3n. \u2014 Charla sobre factura electr\u00f3nica obligatoria en Aut\u00f3nomos y Emprendedores. \u2014 Entrevista sobre Ley Antifraude y Ley Crea y Crece en Expansi\u00f3n. \u2014 Entrevista sobre Ley Antifraude y Ley Crea y Crece en La Raz\u00f3n. \u2014 Entrevista sobre factura electr\u00f3nica obligatoria en El Economista. \u2014 Comunicado Billin y TeamSystem en Business Insider. \u2014 Entrevista en Econom\u00eda Digital. \u2014 Entrevista en Ideas para tu empresa de Vodafone. \u2014 Entrevista en M\u00e1sQradio. \u2014 Entrevista en Armas para emprender de El M\u00e9todo Gallardo. \u2014 Entrevista en KFund. \u2014 Entrevista en AXA Seguros Espa\u00f1a. \u2014 Entrevista en GestionaRadio. \u00a0 Marcos De La Cueva en eventos \u00a0 \u2014 Participaci\u00f3n como ponente en Accountex Espa\u00f1a 2023. \u00a0 Tem\u00e1ticas de especializaci\u00f3n \u00a0 negocios | startups | contabilidad| fiscalidad | empresas| asesor\u00edas| autonomos | emprendedores | peque\u00f1os negocios | econom\u00eda | ADE | pymes | desarrollo de negocio\u00a0\",\"sameAs\":[\"https:\/\/www.billin.net\/\",\"https:\/\/www.linkedin.com\/in\/marcos-de-la-cueva-19750ba3\/\"],\"url\":\"https:\/\/www.billin.net\/blog\/author\/marcosdelacueva\/\",\"jobTitle\":\"CEO y cofundador de TS Facturas Billin\"}]}<\/script>\n<!-- \/ Yoast SEO plugin. -->","yoast_head_json":{"title":"Nuevo plan contable 2016 - Blog - TeamSystem Facturas Billin","description":"Te avanzamos cuales ser\u00e1n las novedades que trae el Nuevo Plan General Contable 2016 para las pymes y microempresas. Descubre el nuevo plan contable aqu\u00ed.","robots":{"index":"index","follow":"follow","max-snippet":"max-snippet:-1","max-image-preview":"max-image-preview:large","max-video-preview":"max-video-preview:-1"},"canonical":"https:\/\/www.billin.net\/blog\/modificaciones-y-aplicacion-del-nuevo-plan-general-contable-2016\/","og_locale":"es_ES","og_type":"article","og_title":"Nuevo plan contable 2016 - Blog - TeamSystem Facturas Billin","og_description":"Te avanzamos cuales ser\u00e1n las novedades que trae el Nuevo Plan General Contable 2016 para las pymes y microempresas. Descubre el nuevo plan contable aqu\u00ed.","og_url":"https:\/\/www.billin.net\/blog\/modificaciones-y-aplicacion-del-nuevo-plan-general-contable-2016\/","og_site_name":"Blog de TeamSystem Facturas Billin","article_publisher":"https:\/\/www.facebook.com\/EsBillin","article_published_time":"2015-12-17T22:00:00+00:00","article_modified_time":"2025-09-25T19:08:22+00:00","og_image":[{"width":800,"height":450,"url":"https:\/\/www.billin.net\/blog\/wp-content\/uploads\/2017\/06\/Nuevo-Plan-General-Contable.jpg","type":"image\/jpeg"}],"author":"Marcos De La Cueva - CEO TeamSystem Facturas Billin","twitter_card":"summary_large_image","twitter_creator":"@Billin_ES","twitter_site":"@Billin_ES","twitter_misc":{"Escrito por":"Marcos De La Cueva - CEO TeamSystem Facturas Billin","Tiempo de lectura":"8 minutos"},"schema":{"@context":"https:\/\/schema.org","@graph":[{"@type":"Article","@id":"https:\/\/www.billin.net\/blog\/modificaciones-y-aplicacion-del-nuevo-plan-general-contable-2016\/#article","isPartOf":{"@id":"https:\/\/www.billin.net\/blog\/modificaciones-y-aplicacion-del-nuevo-plan-general-contable-2016\/"},"author":{"name":"Marcos De La Cueva - CEO TeamSystem Facturas Billin","@id":"https:\/\/www.billin.net\/blog\/#\/schema\/person\/d0339ee6e869234614541b1e80a793e7"},"headline":"Modificaciones y aplicaci\u00f3n del nuevo Plan General Contable","datePublished":"2015-12-17T22:00:00+00:00","dateModified":"2025-09-25T19:08:22+00:00","mainEntityOfPage":{"@id":"https:\/\/www.billin.net\/blog\/modificaciones-y-aplicacion-del-nuevo-plan-general-contable-2016\/"},"wordCount":1553,"commentCount":0,"publisher":{"@id":"https:\/\/www.billin.net\/blog\/#organization"},"image":{"@id":"https:\/\/www.billin.net\/blog\/modificaciones-y-aplicacion-del-nuevo-plan-general-contable-2016\/#primaryimage"},"thumbnailUrl":"https:\/\/www.billin.net\/blog\/wp-content\/uploads\/2017\/06\/Nuevo-Plan-General-Contable.jpg","articleSection":["Contabilidad"],"inLanguage":"es","potentialAction":[{"@type":"CommentAction","name":"Comment","target":["https:\/\/www.billin.net\/blog\/modificaciones-y-aplicacion-del-nuevo-plan-general-contable-2016\/#respond"]}]},{"@type":"WebPage","@id":"https:\/\/www.billin.net\/blog\/modificaciones-y-aplicacion-del-nuevo-plan-general-contable-2016\/","url":"https:\/\/www.billin.net\/blog\/modificaciones-y-aplicacion-del-nuevo-plan-general-contable-2016\/","name":"Nuevo plan contable 2016 - Blog - TeamSystem Facturas Billin","isPartOf":{"@id":"https:\/\/www.billin.net\/blog\/#website"},"primaryImageOfPage":{"@id":"https:\/\/www.billin.net\/blog\/modificaciones-y-aplicacion-del-nuevo-plan-general-contable-2016\/#primaryimage"},"image":{"@id":"https:\/\/www.billin.net\/blog\/modificaciones-y-aplicacion-del-nuevo-plan-general-contable-2016\/#primaryimage"},"thumbnailUrl":"https:\/\/www.billin.net\/blog\/wp-content\/uploads\/2017\/06\/Nuevo-Plan-General-Contable.jpg","datePublished":"2015-12-17T22:00:00+00:00","dateModified":"2025-09-25T19:08:22+00:00","description":"Te avanzamos cuales ser\u00e1n las novedades que trae el Nuevo Plan General Contable 2016 para las pymes y microempresas. Descubre el nuevo plan contable aqu\u00ed.","breadcrumb":{"@id":"https:\/\/www.billin.net\/blog\/modificaciones-y-aplicacion-del-nuevo-plan-general-contable-2016\/#breadcrumb"},"inLanguage":"es","potentialAction":[{"@type":"ReadAction","target":["https:\/\/www.billin.net\/blog\/modificaciones-y-aplicacion-del-nuevo-plan-general-contable-2016\/"]}]},{"@type":"ImageObject","inLanguage":"es","@id":"https:\/\/www.billin.net\/blog\/modificaciones-y-aplicacion-del-nuevo-plan-general-contable-2016\/#primaryimage","url":"https:\/\/www.billin.net\/blog\/wp-content\/uploads\/2017\/06\/Nuevo-Plan-General-Contable.jpg","contentUrl":"https:\/\/www.billin.net\/blog\/wp-content\/uploads\/2017\/06\/Nuevo-Plan-General-Contable.jpg","width":800,"height":450},{"@type":"BreadcrumbList","@id":"https:\/\/www.billin.net\/blog\/modificaciones-y-aplicacion-del-nuevo-plan-general-contable-2016\/#breadcrumb","itemListElement":[{"@type":"ListItem","position":1,"name":"Blog","item":"https:\/\/www.billin.net\/blog\/"},{"@type":"ListItem","position":2,"name":"Contabilidad","item":"https:\/\/www.billin.net\/blog\/contabilidad\/"},{"@type":"ListItem","position":3,"name":"Modificaciones y aplicaci\u00f3n del nuevo Plan General Contable"}]},{"@type":"WebSite","@id":"https:\/\/www.billin.net\/blog\/#website","url":"https:\/\/www.billin.net\/blog\/","name":"Blog de Billin","description":"Mantente informado con el blog de TeamSystem Facturas Billin:  facturaci\u00f3n, legislaci\u00f3n, contabilidad, management y toda la informaci\u00f3n \u00fatil para pymes y aut\u00f3nomos.","publisher":{"@id":"https:\/\/www.billin.net\/blog\/#organization"},"potentialAction":[{"@type":"SearchAction","target":{"@type":"EntryPoint","urlTemplate":"https:\/\/www.billin.net\/blog\/?s={search_term_string}"},"query-input":{"@type":"PropertyValueSpecification","valueRequired":true,"valueName":"search_term_string"}}],"inLanguage":"es"},{"@type":"Organization","@id":"https:\/\/www.billin.net\/blog\/#organization","name":"Billin","alternateName":"Blog de Billin","url":"https:\/\/www.billin.net\/blog\/","logo":{"@type":"ImageObject","inLanguage":"es","@id":"https:\/\/www.billin.net\/blog\/#\/schema\/logo\/image\/","url":"https:\/\/www.billin.net\/blog\/wp-content\/uploads\/2019\/06\/logotipo-billin-blog-1.png","contentUrl":"https:\/\/www.billin.net\/blog\/wp-content\/uploads\/2019\/06\/logotipo-billin-blog-1.png","width":126,"height":50,"caption":"Billin"},"image":{"@id":"https:\/\/www.billin.net\/blog\/#\/schema\/logo\/image\/"},"sameAs":["https:\/\/www.facebook.com\/EsBillin","https:\/\/x.com\/Billin_ES","https:\/\/www.instagram.com\/billin_es\/","https:\/\/www.linkedin.com\/company\/billin-spain","https:\/\/www.youtube.com\/c\/BillinEsintercambiodefacturas\/"],"legalName":"MY EXPENSES SL","contactPoint":{"@type":"ContactPoint","telephone":"+34918318883","contactType":"customer service","email":"info@billin.eu","availableLanguage":"es"},"foundingDate":"2015","numberOfEmployees":{"@type":"QuantitativeValue","minValue":10,"maxValue":50},"parentOrganization":{"@type":"Organization","name":"TeamSystem","url":"https:\/\/www.teamsystem.com\/"},"description":"Billin es el programa de facturaci\u00f3n online de TeamSystem para aut\u00f3nomos y pymes en Espa\u00f1a. Permite crear facturas, controlar gastos y cumplir con Verifactu.","address":{"@type":"PostalAddress","streetAddress":"Calle Arturo Soria, 336","addressLocality":"Madrid","addressRegion":"Madrid","postalCode":"28033","addressCountry":"ES"}},{"@type":"Person","@id":"https:\/\/www.billin.net\/blog\/#\/schema\/person\/d0339ee6e869234614541b1e80a793e7","name":"Marcos De La Cueva - CEO TeamSystem Facturas Billin","image":{"@type":"ImageObject","inLanguage":"es","@id":"https:\/\/www.billin.net\/blog\/#\/schema\/person\/image\/","url":"https:\/\/www.billin.net\/blog\/wp-content\/uploads\/2023\/10\/marcos-color-150x150.png","contentUrl":"https:\/\/www.billin.net\/blog\/wp-content\/uploads\/2023\/10\/marcos-color-150x150.png","caption":"Marcos De La Cueva - CEO TeamSystem Facturas Billin"},"description":"Licenciado en ADE por la Universidad Aut\u00f3noma de Madrid, Marcos De la Cueva es CEO y cofundador de TeamSystem Facturas Billin, un programa online que lleva m\u00e1s de 9 a\u00f1os ayudando a aut\u00f3nomos, peque\u00f1os negocios y gestor\u00edas a digitalizar sus presupuestos, facturas, tickets y gastos. \u00a0 Sobre Marcos De La Cueva \u00a0 Apasionado por el mundo empresarial y la tecnolog\u00eda, curs\u00f3 su M\u00e1ster de Finanzas en la Universidad Pontificia de Comillas y estuvo en el Programa de Cooperaci\u00f3n Educativa de la Universidad Aut\u00f3noma de Madrid. \u00a0 Marcos siempre ha tenido su objetivo claro: ayudar a la creaci\u00f3n de negocios financieramente sostenibles a trav\u00e9s de una herramienta de facturaci\u00f3n que les permita ahorrar tiempo y tener la contabilidad bajo control. \u00a0 Marcos De La Cueva en los medios \u2014 Noticia sobre Kit Digital y Ley Antifraude (VeriFactu) en El Economista. \u2014 Noticia sobre Kit Digital y factura electr\u00f3nica obligatoria en Diario Jur\u00eddico. \u2014 Noticia sobre el a\u00f1o de transici\u00f3n para la factura electr\u00f3nica en Muy Pymes. \u2014 Entrevista sobre factura electr\u00f3nica obligatoria en Canal Sur. \u2014 Noticia sobre el informe factura electr\u00f3nica de TeamSystem en Channel Partner. \u2014 Charla sobre productividad y Ley Crea y Crece en El Economista. \u2014 Charla sobre factura electr\u00f3nica obligatoria en Muy Pymes. \u2014 Charla sobre digitalizaci\u00f3n aut\u00f3nomos y productividad en esdiario. \u2014 Charla sobre productividad y factura electr\u00f3nica en La Raz\u00f3n. \u2014 Charla sobre factura electr\u00f3nica obligatoria en Aut\u00f3nomos y Emprendedores. \u2014 Entrevista sobre Ley Antifraude y Ley Crea y Crece en Expansi\u00f3n. \u2014 Entrevista sobre Ley Antifraude y Ley Crea y Crece en La Raz\u00f3n. \u2014 Entrevista sobre factura electr\u00f3nica obligatoria en El Economista. \u2014 Comunicado Billin y TeamSystem en Business Insider. \u2014 Entrevista en Econom\u00eda Digital. \u2014 Entrevista en Ideas para tu empresa de Vodafone. \u2014 Entrevista en M\u00e1sQradio. \u2014 Entrevista en Armas para emprender de El M\u00e9todo Gallardo. \u2014 Entrevista en KFund. \u2014 Entrevista en AXA Seguros Espa\u00f1a. \u2014 Entrevista en GestionaRadio. \u00a0 Marcos De La Cueva en eventos \u00a0 \u2014 Participaci\u00f3n como ponente en Accountex Espa\u00f1a 2023. \u00a0 Tem\u00e1ticas de especializaci\u00f3n \u00a0 negocios | startups | contabilidad| fiscalidad | empresas| asesor\u00edas| autonomos | emprendedores | peque\u00f1os negocios | econom\u00eda | ADE | pymes | desarrollo de negocio\u00a0","sameAs":["https:\/\/www.billin.net\/","https:\/\/www.linkedin.com\/in\/marcos-de-la-cueva-19750ba3\/"],"url":"https:\/\/www.billin.net\/blog\/author\/marcosdelacueva\/","jobTitle":"CEO y cofundador de TS Facturas Billin"}]}},"_links":{"self":[{"href":"https:\/\/www.billin.net\/blog\/wp-json\/wp\/v2\/posts\/10184","targetHints":{"allow":["GET"]}}],"collection":[{"href":"https:\/\/www.billin.net\/blog\/wp-json\/wp\/v2\/posts"}],"about":[{"href":"https:\/\/www.billin.net\/blog\/wp-json\/wp\/v2\/types\/post"}],"author":[{"embeddable":true,"href":"https:\/\/www.billin.net\/blog\/wp-json\/wp\/v2\/users\/20"}],"replies":[{"embeddable":true,"href":"https:\/\/www.billin.net\/blog\/wp-json\/wp\/v2\/comments?post=10184"}],"version-history":[{"count":12,"href":"https:\/\/www.billin.net\/blog\/wp-json\/wp\/v2\/posts\/10184\/revisions"}],"predecessor-version":[{"id":27918,"href":"https:\/\/www.billin.net\/blog\/wp-json\/wp\/v2\/posts\/10184\/revisions\/27918"}],"wp:featuredmedia":[{"embeddable":true,"href":"https:\/\/www.billin.net\/blog\/wp-json\/wp\/v2\/media\/3866"}],"wp:attachment":[{"href":"https:\/\/www.billin.net\/blog\/wp-json\/wp\/v2\/media?parent=10184"}],"wp:term":[{"taxonomy":"category","embeddable":true,"href":"https:\/\/www.billin.net\/blog\/wp-json\/wp\/v2\/categories?post=10184"},{"taxonomy":"post_tag","embeddable":true,"href":"https:\/\/www.billin.net\/blog\/wp-json\/wp\/v2\/tags?post=10184"}],"curies":[{"name":"wp","href":"https:\/\/api.w.org\/{rel}","templated":true}]}}