{"id":10145,"date":"2015-09-14T00:00:00","date_gmt":"2015-09-13T22:00:00","guid":{"rendered":"https:\/\/www.billin.net\/blog\/como-afecta-la-rebaja-del-irpf-2015-el-bolsillo-de-los-autonomos\/"},"modified":"2025-09-25T21:08:52","modified_gmt":"2025-09-25T19:08:52","slug":"como-afecta-la-rebaja-del-irpf-2015-el-bolsillo-de-los-autonomos","status":"publish","type":"post","link":"https:\/\/www.billin.net\/blog\/como-afecta-la-rebaja-del-irpf-2015-el-bolsillo-de-los-autonomos\/","title":{"rendered":"C\u00f3mo afecta la rebaja del IRPF al bolsillo de los aut\u00f3nomos"},"content":{"rendered":"<p>Llega el cierre del trimestre y probablemente la mayor\u00eda de profesionales y aut\u00f3nomos, podremos <strong>notar en nuestras n\u00f3minas una reducci\u00f3n o rebaja del IRPF<\/strong>, similar a la que ya se aplic\u00f3 en enero de este a\u00f1o, debido a la entrada en vigor de la segunda rebaja del IRPF 2015.<\/p>\n<p>El a<strong>delanto de seis meses de la segunda parte de la rebaja del IRPF<\/strong> prevista para el 1 de enero de 2016, supondr\u00e1 un ingreso adicional en nuestros bolsillos para este a\u00f1o, porque la <strong>rebaja del IRP<\/strong>F ya se est\u00e1 aplicando desde el <strong>12 de julio de 2015<\/strong>, en el caso de que emitas tus facturas a una empresa o a otro profesional aut\u00f3nomo.<\/p>\n<h2>C\u00f3mo podremos aplicar la rebaja del IRPF<\/h2>\n<p>Se han introducido modificaciones de diversa \u00edndole que te explicamos con detalle:<\/p>\n<ul>\n<li>A partir del 12 de julio,<strong>todos los aut\u00f3nomos que con anterioridad a esta fecha pod\u00edan retener en sus facturas un 19% en concepto de IRPF, podr\u00e1n aplicar una retenci\u00f3n del 15%.<\/strong><\/li>\n<\/ul>\n<p>Hasta la fecha, los aut\u00f3nomos que ten\u00edan unos rendimientos \u00edntegros anuales de menos de 15.000 euros, pod\u00edan aplicar en sus facturas una retenci\u00f3n del 15% desde julio de 2014 y con la reforma la medida se generaliza.<\/p>\n<ul>\n<li><strong>7% de retenci\u00f3n para los nuevos aut\u00f3nomos profesionales. <\/strong>A los nuevos aut\u00f3nomos profesionales, pod\u00edan retenerles en sus facturas un 9% en concepto de IRPF durante los 18 primeros meses como aut\u00f3nomos. A partir del 12 de julio podr\u00e1n aplicar un 7%.<\/li>\n<li><strong>Nuevo IRPF para aut\u00f3nomos administradores<\/strong>: El porcentaje de retenci\u00f3n para aquellas personas que ejercen la condici\u00f3n de <strong>administradores de una sociedad, miembros de los consejos de administraci\u00f3n<\/strong>, miembros de la junta o de \u00f3rganos representativos dentro de una empresa, que tuvieran que aplicar un pago a cuenta del 35% antes del 12 de julio, tendr\u00e1n que retenerles a partir de ahora dos puntos m\u00e1s, alcanzando el 37% de retenci\u00f3n en concepto de IRPF.<\/li>\n<li>Los <strong>aut\u00f3nomos que hasta el 12 de julio deb\u00edan aplicar un 20% de retenci\u00f3n<\/strong> en los arrendamientos, subarrendamientos, intereses y rendimientos del capital inmobiliario, pasar\u00e1n a aplicar un 19,5%<\/li>\n<li>Para <strong>aut\u00f3nomos No Residentes<\/strong>, que seg\u00fan la normativa les aplicaba un 45%, pasar\u00e1n a tributar al 47%<\/li>\n<li>Si cobramos por nuestros <strong>derechos de imagen<\/strong>, pasar\u00e1n a retenernos del 19% al 20%<\/li>\n<\/ul>\n<h2><strong>C\u00f3mo afecta a la renta de los profesionales y aut\u00f3nomos<\/strong><\/h2>\n<p><strong>Las retenciones del IRPF aplicadas en las facturas, se aplican sobre el bruto de la n\u00f3mina o factura y no sobre el neto del beneficio estimado, <\/strong>son pagos a cuenta del Impuesto de la Renta que el aut\u00f3nomo realiza por adelantado; sin olvidar que cada comunidad aut\u00f3noma tambi\u00e9n aplica su propio tipo impositivo.<\/p>\n<p>\u00c9sta bajada en el porcentaje de pagos a cuenta, adem\u00e1s, va acompa\u00f1ada de una bajada en los tipos impositivos o tramos aplicables seg\u00fan la facturaci\u00f3n, donde aplican adem\u00e1s las circunstancias personales y otros descuentos; lo notar\u00e1s, al hacer la Declaraci\u00f3n de la Renta 2015.<\/p>\n<h2>Los nuevos <a href=\"https:\/\/www.billin.net\/blog\/nuevas-tablas-irpf\/\" target=\"_blank\" rel=\"noopener noreferrer\">tramos de IRPF<\/a> 2015<\/h2>\n<ul>\n<li>El <strong>primer tramo del IRPF, <\/strong>para rentas inferiores a 12.450 euros, pasar\u00e1 del 20% aplicado desde enero de 2015, al 19.5% que se aplica ya desde el 12 de julio y no desde el 1 de enero de 2016 como estaba previsto.<\/li>\n<li>La <strong>rebaja del segundo tramo del IRPF<\/strong>, para rentas de entre 12.450 euros y 20.200 euros, pasar\u00e1 del 25% al 24,5%.<\/li>\n<li>El <strong>tercer tramo de IRPF<\/strong>, para rentas de entre 20.200 euros y 35.200 euros, bajar\u00e1 del 31% al 30,5%<\/li>\n<li>El <strong>cuarto tramo del IRPF<\/strong>, para rentas de entre 35.200 y 60.000 euros, bajar\u00e1 al 38% desde el 39% actual.<\/li>\n<li>Las <strong>rentas que superen<\/strong> los 60.000 euros, tributar\u00e1n al 46%, frente al 47% que reg\u00eda hasta antes del 12 de julio.<\/li>\n<\/ul>\n<p>Desde TeamSystem Facturas Billin, te invitamos a conocer nuestra herramienta si quieres <strong>gestionar de una forma eficiente tus facturas. <\/strong><\/p>\n<p>Con TeamSystem Facturas Billin podr\u00e1s <a href=\"https:\/\/www.billin.net\/crear-factura-gratis\/\" target=\"_blank\" rel=\"noopener noreferrer\">crear tus facturas gratis online<\/a>, almacenarlas, enviarlas a tus clientes y proveedores de una forma sencilla, segura y gratuita. Podr\u00e1s saber en todo momento si tus facturas han sido recibidas, visualizadas y aceptadas, gestionar tu tesorer\u00eda y controlar los vencimiento; todo esto con niveles de seguridad bancarios, espacio ilimitado en la nube y totalmente gratuito.<\/p>\n<p>** Foto de cabecera: Startup Stock Photos<\/p>\n","protected":false},"excerpt":{"rendered":"<p>Llega el cierre del trimestre y probablemente la mayor\u00eda de profesionales y aut\u00f3nomos, podremos notar en nuestras n\u00f3minas una reducci\u00f3n o rebaja del IRPF, similar a la que ya se aplic\u00f3 en enero de este a\u00f1o, debido a la entrada en vigor de la segunda rebaja del IRPF 2015. El adelanto de seis meses de [&hellip;]<\/p>\n","protected":false},"author":20,"featured_media":3762,"comment_status":"open","ping_status":"open","sticky":false,"template":"","format":"standard","meta":{"_acf_changed":false,"_et_pb_use_builder":"","_et_pb_old_content":"","_et_gb_content_width":"","om_disable_all_campaigns":false,"inline_featured_image":false,"footnotes":""},"categories":[1014],"tags":[1380],"class_list":{"0":"post-10145","1":"post","2":"type-post","3":"status-publish","4":"format-standard","5":"has-post-thumbnail","7":"category-fiscalidad","8":"tag-autonomos"},"acf":{"selector_de_usuario":"","fecha_de_revision":"20200515"},"yoast_head":"<!-- This site is optimized with the Yoast SEO plugin v27.1 - https:\/\/yoast.com\/product\/yoast-seo-wordpress\/ -->\n<title>C\u00f3mo afecta la rebaja del IRPF a los aut\u00f3nomos | TeamSystem Facturas Billin<\/title>\n<meta name=\"description\" content=\"Si eres aut\u00f3nomo, consulta cual es el porcentaje de IRPF que debes aplicar a tu factura, con la \u00faltima rebaja del IRPF 2015\" \/>\n<meta name=\"robots\" content=\"index, follow, max-snippet:-1, max-image-preview:large, max-video-preview:-1\" \/>\n<link rel=\"canonical\" href=\"https:\/\/www.billin.net\/blog\/como-afecta-la-rebaja-del-irpf-2015-el-bolsillo-de-los-autonomos\/\" \/>\n<meta property=\"og:locale\" content=\"es_ES\" \/>\n<meta property=\"og:type\" content=\"article\" \/>\n<meta property=\"og:title\" content=\"C\u00f3mo afecta la rebaja del IRPF a los aut\u00f3nomos | TeamSystem Facturas Billin\" \/>\n<meta property=\"og:description\" content=\"Si eres aut\u00f3nomo, consulta cual es el porcentaje de IRPF que debes aplicar a tu factura, con la \u00faltima rebaja del IRPF 2015\" \/>\n<meta property=\"og:url\" content=\"https:\/\/www.billin.net\/blog\/como-afecta-la-rebaja-del-irpf-2015-el-bolsillo-de-los-autonomos\/\" \/>\n<meta property=\"og:site_name\" content=\"Blog de TeamSystem Facturas Billin\" \/>\n<meta property=\"article:publisher\" content=\"https:\/\/www.facebook.com\/EsBillin\" \/>\n<meta property=\"article:published_time\" content=\"2015-09-13T22:00:00+00:00\" \/>\n<meta property=\"article:modified_time\" content=\"2025-09-25T19:08:52+00:00\" \/>\n<meta property=\"og:image\" content=\"https:\/\/www.billin.net\/blog\/wp-content\/uploads\/2017\/06\/59.jpg\" \/>\n\t<meta property=\"og:image:width\" content=\"1000\" \/>\n\t<meta property=\"og:image:height\" content=\"667\" \/>\n\t<meta property=\"og:image:type\" content=\"image\/jpeg\" \/>\n<meta name=\"author\" content=\"Marcos De La Cueva - CEO TeamSystem Facturas Billin\" \/>\n<meta name=\"twitter:card\" content=\"summary_large_image\" \/>\n<meta name=\"twitter:creator\" content=\"@Billin_ES\" \/>\n<meta name=\"twitter:site\" content=\"@Billin_ES\" \/>\n<meta name=\"twitter:label1\" content=\"Escrito por\" \/>\n\t<meta name=\"twitter:data1\" content=\"Marcos De La Cueva - CEO TeamSystem Facturas Billin\" \/>\n\t<meta name=\"twitter:label2\" content=\"Tiempo de lectura\" \/>\n\t<meta name=\"twitter:data2\" content=\"4 minutos\" \/>\n<script type=\"application\/ld+json\" class=\"yoast-schema-graph\">{\"@context\":\"https:\/\/schema.org\",\"@graph\":[{\"@type\":\"Article\",\"@id\":\"https:\/\/www.billin.net\/blog\/como-afecta-la-rebaja-del-irpf-2015-el-bolsillo-de-los-autonomos\/#article\",\"isPartOf\":{\"@id\":\"https:\/\/www.billin.net\/blog\/como-afecta-la-rebaja-del-irpf-2015-el-bolsillo-de-los-autonomos\/\"},\"author\":{\"name\":\"Marcos De La Cueva - CEO TeamSystem Facturas Billin\",\"@id\":\"https:\/\/www.billin.net\/blog\/#\/schema\/person\/d0339ee6e869234614541b1e80a793e7\"},\"headline\":\"C\u00f3mo afecta la rebaja del IRPF al bolsillo de los aut\u00f3nomos\",\"datePublished\":\"2015-09-13T22:00:00+00:00\",\"dateModified\":\"2025-09-25T19:08:52+00:00\",\"mainEntityOfPage\":{\"@id\":\"https:\/\/www.billin.net\/blog\/como-afecta-la-rebaja-del-irpf-2015-el-bolsillo-de-los-autonomos\/\"},\"wordCount\":713,\"commentCount\":0,\"publisher\":{\"@id\":\"https:\/\/www.billin.net\/blog\/#organization\"},\"image\":{\"@id\":\"https:\/\/www.billin.net\/blog\/como-afecta-la-rebaja-del-irpf-2015-el-bolsillo-de-los-autonomos\/#primaryimage\"},\"thumbnailUrl\":\"https:\/\/www.billin.net\/blog\/wp-content\/uploads\/2017\/06\/59.jpg\",\"keywords\":[\"Aut\u00f3nomos\"],\"articleSection\":[\"Fiscalidad\"],\"inLanguage\":\"es\",\"potentialAction\":[{\"@type\":\"CommentAction\",\"name\":\"Comment\",\"target\":[\"https:\/\/www.billin.net\/blog\/como-afecta-la-rebaja-del-irpf-2015-el-bolsillo-de-los-autonomos\/#respond\"]}]},{\"@type\":\"WebPage\",\"@id\":\"https:\/\/www.billin.net\/blog\/como-afecta-la-rebaja-del-irpf-2015-el-bolsillo-de-los-autonomos\/\",\"url\":\"https:\/\/www.billin.net\/blog\/como-afecta-la-rebaja-del-irpf-2015-el-bolsillo-de-los-autonomos\/\",\"name\":\"C\u00f3mo afecta la rebaja del IRPF a los aut\u00f3nomos | TeamSystem Facturas Billin\",\"isPartOf\":{\"@id\":\"https:\/\/www.billin.net\/blog\/#website\"},\"primaryImageOfPage\":{\"@id\":\"https:\/\/www.billin.net\/blog\/como-afecta-la-rebaja-del-irpf-2015-el-bolsillo-de-los-autonomos\/#primaryimage\"},\"image\":{\"@id\":\"https:\/\/www.billin.net\/blog\/como-afecta-la-rebaja-del-irpf-2015-el-bolsillo-de-los-autonomos\/#primaryimage\"},\"thumbnailUrl\":\"https:\/\/www.billin.net\/blog\/wp-content\/uploads\/2017\/06\/59.jpg\",\"datePublished\":\"2015-09-13T22:00:00+00:00\",\"dateModified\":\"2025-09-25T19:08:52+00:00\",\"description\":\"Si eres aut\u00f3nomo, consulta cual es el porcentaje de IRPF que debes aplicar a tu factura, con la \u00faltima rebaja del IRPF 2015\",\"breadcrumb\":{\"@id\":\"https:\/\/www.billin.net\/blog\/como-afecta-la-rebaja-del-irpf-2015-el-bolsillo-de-los-autonomos\/#breadcrumb\"},\"inLanguage\":\"es\",\"potentialAction\":[{\"@type\":\"ReadAction\",\"target\":[\"https:\/\/www.billin.net\/blog\/como-afecta-la-rebaja-del-irpf-2015-el-bolsillo-de-los-autonomos\/\"]}]},{\"@type\":\"ImageObject\",\"inLanguage\":\"es\",\"@id\":\"https:\/\/www.billin.net\/blog\/como-afecta-la-rebaja-del-irpf-2015-el-bolsillo-de-los-autonomos\/#primaryimage\",\"url\":\"https:\/\/www.billin.net\/blog\/wp-content\/uploads\/2017\/06\/59.jpg\",\"contentUrl\":\"https:\/\/www.billin.net\/blog\/wp-content\/uploads\/2017\/06\/59.jpg\",\"width\":1000,\"height\":667},{\"@type\":\"BreadcrumbList\",\"@id\":\"https:\/\/www.billin.net\/blog\/como-afecta-la-rebaja-del-irpf-2015-el-bolsillo-de-los-autonomos\/#breadcrumb\",\"itemListElement\":[{\"@type\":\"ListItem\",\"position\":1,\"name\":\"Blog\",\"item\":\"https:\/\/www.billin.net\/blog\/\"},{\"@type\":\"ListItem\",\"position\":2,\"name\":\"Fiscalidad\",\"item\":\"https:\/\/www.billin.net\/blog\/fiscalidad\/\"},{\"@type\":\"ListItem\",\"position\":3,\"name\":\"C\u00f3mo afecta la rebaja del IRPF al bolsillo de los aut\u00f3nomos\"}]},{\"@type\":\"WebSite\",\"@id\":\"https:\/\/www.billin.net\/blog\/#website\",\"url\":\"https:\/\/www.billin.net\/blog\/\",\"name\":\"Blog de Billin\",\"description\":\"Mantente informado con el blog de TeamSystem Facturas Billin:  facturaci\u00f3n, legislaci\u00f3n, contabilidad, management y toda la informaci\u00f3n \u00fatil para pymes y aut\u00f3nomos.\",\"publisher\":{\"@id\":\"https:\/\/www.billin.net\/blog\/#organization\"},\"potentialAction\":[{\"@type\":\"SearchAction\",\"target\":{\"@type\":\"EntryPoint\",\"urlTemplate\":\"https:\/\/www.billin.net\/blog\/?s={search_term_string}\"},\"query-input\":{\"@type\":\"PropertyValueSpecification\",\"valueRequired\":true,\"valueName\":\"search_term_string\"}}],\"inLanguage\":\"es\"},{\"@type\":\"Organization\",\"@id\":\"https:\/\/www.billin.net\/blog\/#organization\",\"name\":\"Billin\",\"alternateName\":\"Blog de Billin\",\"url\":\"https:\/\/www.billin.net\/blog\/\",\"logo\":{\"@type\":\"ImageObject\",\"inLanguage\":\"es\",\"@id\":\"https:\/\/www.billin.net\/blog\/#\/schema\/logo\/image\/\",\"url\":\"https:\/\/www.billin.net\/blog\/wp-content\/uploads\/2019\/06\/logotipo-billin-blog-1.png\",\"contentUrl\":\"https:\/\/www.billin.net\/blog\/wp-content\/uploads\/2019\/06\/logotipo-billin-blog-1.png\",\"width\":126,\"height\":50,\"caption\":\"Billin\"},\"image\":{\"@id\":\"https:\/\/www.billin.net\/blog\/#\/schema\/logo\/image\/\"},\"sameAs\":[\"https:\/\/www.facebook.com\/EsBillin\",\"https:\/\/x.com\/Billin_ES\",\"https:\/\/www.instagram.com\/billin_es\/\",\"https:\/\/www.linkedin.com\/company\/billin-spain\",\"https:\/\/www.youtube.com\/c\/BillinEsintercambiodefacturas\/\"],\"legalName\":\"MY EXPENSES SL\",\"contactPoint\":{\"@type\":\"ContactPoint\",\"telephone\":\"+34918318883\",\"contactType\":\"customer service\",\"email\":\"info@billin.eu\",\"availableLanguage\":\"es\"},\"foundingDate\":\"2015\",\"numberOfEmployees\":{\"@type\":\"QuantitativeValue\",\"minValue\":10,\"maxValue\":50},\"parentOrganization\":{\"@type\":\"Organization\",\"name\":\"TeamSystem\",\"url\":\"https:\/\/www.teamsystem.com\/\"},\"description\":\"Billin es el programa de facturaci\u00f3n online de TeamSystem para aut\u00f3nomos y pymes en Espa\u00f1a. Permite crear facturas, controlar gastos y cumplir con Verifactu.\",\"address\":{\"@type\":\"PostalAddress\",\"streetAddress\":\"Calle Arturo Soria, 336\",\"addressLocality\":\"Madrid\",\"addressRegion\":\"Madrid\",\"postalCode\":\"28033\",\"addressCountry\":\"ES\"}},{\"@type\":\"Person\",\"@id\":\"https:\/\/www.billin.net\/blog\/#\/schema\/person\/d0339ee6e869234614541b1e80a793e7\",\"name\":\"Marcos De La Cueva - CEO TeamSystem Facturas Billin\",\"image\":{\"@type\":\"ImageObject\",\"inLanguage\":\"es\",\"@id\":\"https:\/\/www.billin.net\/blog\/#\/schema\/person\/image\/\",\"url\":\"https:\/\/www.billin.net\/blog\/wp-content\/uploads\/2023\/10\/marcos-color-150x150.png\",\"contentUrl\":\"https:\/\/www.billin.net\/blog\/wp-content\/uploads\/2023\/10\/marcos-color-150x150.png\",\"caption\":\"Marcos De La Cueva - CEO TeamSystem Facturas Billin\"},\"description\":\"Licenciado en ADE por la Universidad Aut\u00f3noma de Madrid, Marcos De la Cueva es CEO y cofundador de TeamSystem Facturas Billin, un programa online que lleva m\u00e1s de 9 a\u00f1os ayudando a aut\u00f3nomos, peque\u00f1os negocios y gestor\u00edas a digitalizar sus presupuestos, facturas, tickets y gastos. \u00a0 Sobre Marcos De La Cueva \u00a0 Apasionado por el mundo empresarial y la tecnolog\u00eda, curs\u00f3 su M\u00e1ster de Finanzas en la Universidad Pontificia de Comillas y estuvo en el Programa de Cooperaci\u00f3n Educativa de la Universidad Aut\u00f3noma de Madrid. \u00a0 Marcos siempre ha tenido su objetivo claro: ayudar a la creaci\u00f3n de negocios financieramente sostenibles a trav\u00e9s de una herramienta de facturaci\u00f3n que les permita ahorrar tiempo y tener la contabilidad bajo control. \u00a0 Marcos De La Cueva en los medios \u2014 Noticia sobre Kit Digital y Ley Antifraude (VeriFactu) en El Economista. \u2014 Noticia sobre Kit Digital y factura electr\u00f3nica obligatoria en Diario Jur\u00eddico. \u2014 Noticia sobre el a\u00f1o de transici\u00f3n para la factura electr\u00f3nica en Muy Pymes. \u2014 Entrevista sobre factura electr\u00f3nica obligatoria en Canal Sur. \u2014 Noticia sobre el informe factura electr\u00f3nica de TeamSystem en Channel Partner. \u2014 Charla sobre productividad y Ley Crea y Crece en El Economista. \u2014 Charla sobre factura electr\u00f3nica obligatoria en Muy Pymes. \u2014 Charla sobre digitalizaci\u00f3n aut\u00f3nomos y productividad en esdiario. \u2014 Charla sobre productividad y factura electr\u00f3nica en La Raz\u00f3n. \u2014 Charla sobre factura electr\u00f3nica obligatoria en Aut\u00f3nomos y Emprendedores. \u2014 Entrevista sobre Ley Antifraude y Ley Crea y Crece en Expansi\u00f3n. \u2014 Entrevista sobre Ley Antifraude y Ley Crea y Crece en La Raz\u00f3n. \u2014 Entrevista sobre factura electr\u00f3nica obligatoria en El Economista. \u2014 Comunicado Billin y TeamSystem en Business Insider. \u2014 Entrevista en Econom\u00eda Digital. \u2014 Entrevista en Ideas para tu empresa de Vodafone. \u2014 Entrevista en M\u00e1sQradio. \u2014 Entrevista en Armas para emprender de El M\u00e9todo Gallardo. \u2014 Entrevista en KFund. \u2014 Entrevista en AXA Seguros Espa\u00f1a. \u2014 Entrevista en GestionaRadio. \u00a0 Marcos De La Cueva en eventos \u00a0 \u2014 Participaci\u00f3n como ponente en Accountex Espa\u00f1a 2023. \u00a0 Tem\u00e1ticas de especializaci\u00f3n \u00a0 negocios | startups | contabilidad| fiscalidad | empresas| asesor\u00edas| autonomos | emprendedores | peque\u00f1os negocios | econom\u00eda | ADE | pymes | desarrollo de negocio\u00a0\",\"sameAs\":[\"https:\/\/www.billin.net\/\",\"https:\/\/www.linkedin.com\/in\/marcos-de-la-cueva-19750ba3\/\"],\"url\":\"https:\/\/www.billin.net\/blog\/author\/marcosdelacueva\/\",\"jobTitle\":\"CEO y cofundador de TS Facturas Billin\"}]}<\/script>\n<!-- \/ Yoast SEO plugin. -->","yoast_head_json":{"title":"C\u00f3mo afecta la rebaja del IRPF a los aut\u00f3nomos | TeamSystem Facturas Billin","description":"Si eres aut\u00f3nomo, consulta cual es el porcentaje de IRPF que debes aplicar a tu factura, con la \u00faltima rebaja del IRPF 2015","robots":{"index":"index","follow":"follow","max-snippet":"max-snippet:-1","max-image-preview":"max-image-preview:large","max-video-preview":"max-video-preview:-1"},"canonical":"https:\/\/www.billin.net\/blog\/como-afecta-la-rebaja-del-irpf-2015-el-bolsillo-de-los-autonomos\/","og_locale":"es_ES","og_type":"article","og_title":"C\u00f3mo afecta la rebaja del IRPF a los aut\u00f3nomos | TeamSystem Facturas Billin","og_description":"Si eres aut\u00f3nomo, consulta cual es el porcentaje de IRPF que debes aplicar a tu factura, con la \u00faltima rebaja del IRPF 2015","og_url":"https:\/\/www.billin.net\/blog\/como-afecta-la-rebaja-del-irpf-2015-el-bolsillo-de-los-autonomos\/","og_site_name":"Blog de TeamSystem Facturas Billin","article_publisher":"https:\/\/www.facebook.com\/EsBillin","article_published_time":"2015-09-13T22:00:00+00:00","article_modified_time":"2025-09-25T19:08:52+00:00","og_image":[{"width":1000,"height":667,"url":"https:\/\/www.billin.net\/blog\/wp-content\/uploads\/2017\/06\/59.jpg","type":"image\/jpeg"}],"author":"Marcos De La Cueva - CEO TeamSystem Facturas Billin","twitter_card":"summary_large_image","twitter_creator":"@Billin_ES","twitter_site":"@Billin_ES","twitter_misc":{"Escrito por":"Marcos De La Cueva - CEO TeamSystem Facturas Billin","Tiempo de lectura":"4 minutos"},"schema":{"@context":"https:\/\/schema.org","@graph":[{"@type":"Article","@id":"https:\/\/www.billin.net\/blog\/como-afecta-la-rebaja-del-irpf-2015-el-bolsillo-de-los-autonomos\/#article","isPartOf":{"@id":"https:\/\/www.billin.net\/blog\/como-afecta-la-rebaja-del-irpf-2015-el-bolsillo-de-los-autonomos\/"},"author":{"name":"Marcos De La Cueva - CEO TeamSystem Facturas Billin","@id":"https:\/\/www.billin.net\/blog\/#\/schema\/person\/d0339ee6e869234614541b1e80a793e7"},"headline":"C\u00f3mo afecta la rebaja del IRPF al bolsillo de los aut\u00f3nomos","datePublished":"2015-09-13T22:00:00+00:00","dateModified":"2025-09-25T19:08:52+00:00","mainEntityOfPage":{"@id":"https:\/\/www.billin.net\/blog\/como-afecta-la-rebaja-del-irpf-2015-el-bolsillo-de-los-autonomos\/"},"wordCount":713,"commentCount":0,"publisher":{"@id":"https:\/\/www.billin.net\/blog\/#organization"},"image":{"@id":"https:\/\/www.billin.net\/blog\/como-afecta-la-rebaja-del-irpf-2015-el-bolsillo-de-los-autonomos\/#primaryimage"},"thumbnailUrl":"https:\/\/www.billin.net\/blog\/wp-content\/uploads\/2017\/06\/59.jpg","keywords":["Aut\u00f3nomos"],"articleSection":["Fiscalidad"],"inLanguage":"es","potentialAction":[{"@type":"CommentAction","name":"Comment","target":["https:\/\/www.billin.net\/blog\/como-afecta-la-rebaja-del-irpf-2015-el-bolsillo-de-los-autonomos\/#respond"]}]},{"@type":"WebPage","@id":"https:\/\/www.billin.net\/blog\/como-afecta-la-rebaja-del-irpf-2015-el-bolsillo-de-los-autonomos\/","url":"https:\/\/www.billin.net\/blog\/como-afecta-la-rebaja-del-irpf-2015-el-bolsillo-de-los-autonomos\/","name":"C\u00f3mo afecta la rebaja del IRPF a los aut\u00f3nomos | TeamSystem Facturas Billin","isPartOf":{"@id":"https:\/\/www.billin.net\/blog\/#website"},"primaryImageOfPage":{"@id":"https:\/\/www.billin.net\/blog\/como-afecta-la-rebaja-del-irpf-2015-el-bolsillo-de-los-autonomos\/#primaryimage"},"image":{"@id":"https:\/\/www.billin.net\/blog\/como-afecta-la-rebaja-del-irpf-2015-el-bolsillo-de-los-autonomos\/#primaryimage"},"thumbnailUrl":"https:\/\/www.billin.net\/blog\/wp-content\/uploads\/2017\/06\/59.jpg","datePublished":"2015-09-13T22:00:00+00:00","dateModified":"2025-09-25T19:08:52+00:00","description":"Si eres aut\u00f3nomo, consulta cual es el porcentaje de IRPF que debes aplicar a tu factura, con la \u00faltima rebaja del IRPF 2015","breadcrumb":{"@id":"https:\/\/www.billin.net\/blog\/como-afecta-la-rebaja-del-irpf-2015-el-bolsillo-de-los-autonomos\/#breadcrumb"},"inLanguage":"es","potentialAction":[{"@type":"ReadAction","target":["https:\/\/www.billin.net\/blog\/como-afecta-la-rebaja-del-irpf-2015-el-bolsillo-de-los-autonomos\/"]}]},{"@type":"ImageObject","inLanguage":"es","@id":"https:\/\/www.billin.net\/blog\/como-afecta-la-rebaja-del-irpf-2015-el-bolsillo-de-los-autonomos\/#primaryimage","url":"https:\/\/www.billin.net\/blog\/wp-content\/uploads\/2017\/06\/59.jpg","contentUrl":"https:\/\/www.billin.net\/blog\/wp-content\/uploads\/2017\/06\/59.jpg","width":1000,"height":667},{"@type":"BreadcrumbList","@id":"https:\/\/www.billin.net\/blog\/como-afecta-la-rebaja-del-irpf-2015-el-bolsillo-de-los-autonomos\/#breadcrumb","itemListElement":[{"@type":"ListItem","position":1,"name":"Blog","item":"https:\/\/www.billin.net\/blog\/"},{"@type":"ListItem","position":2,"name":"Fiscalidad","item":"https:\/\/www.billin.net\/blog\/fiscalidad\/"},{"@type":"ListItem","position":3,"name":"C\u00f3mo afecta la rebaja del IRPF al bolsillo de los aut\u00f3nomos"}]},{"@type":"WebSite","@id":"https:\/\/www.billin.net\/blog\/#website","url":"https:\/\/www.billin.net\/blog\/","name":"Blog de Billin","description":"Mantente informado con el blog de TeamSystem Facturas Billin:  facturaci\u00f3n, legislaci\u00f3n, contabilidad, management y toda la informaci\u00f3n \u00fatil para pymes y aut\u00f3nomos.","publisher":{"@id":"https:\/\/www.billin.net\/blog\/#organization"},"potentialAction":[{"@type":"SearchAction","target":{"@type":"EntryPoint","urlTemplate":"https:\/\/www.billin.net\/blog\/?s={search_term_string}"},"query-input":{"@type":"PropertyValueSpecification","valueRequired":true,"valueName":"search_term_string"}}],"inLanguage":"es"},{"@type":"Organization","@id":"https:\/\/www.billin.net\/blog\/#organization","name":"Billin","alternateName":"Blog de Billin","url":"https:\/\/www.billin.net\/blog\/","logo":{"@type":"ImageObject","inLanguage":"es","@id":"https:\/\/www.billin.net\/blog\/#\/schema\/logo\/image\/","url":"https:\/\/www.billin.net\/blog\/wp-content\/uploads\/2019\/06\/logotipo-billin-blog-1.png","contentUrl":"https:\/\/www.billin.net\/blog\/wp-content\/uploads\/2019\/06\/logotipo-billin-blog-1.png","width":126,"height":50,"caption":"Billin"},"image":{"@id":"https:\/\/www.billin.net\/blog\/#\/schema\/logo\/image\/"},"sameAs":["https:\/\/www.facebook.com\/EsBillin","https:\/\/x.com\/Billin_ES","https:\/\/www.instagram.com\/billin_es\/","https:\/\/www.linkedin.com\/company\/billin-spain","https:\/\/www.youtube.com\/c\/BillinEsintercambiodefacturas\/"],"legalName":"MY EXPENSES SL","contactPoint":{"@type":"ContactPoint","telephone":"+34918318883","contactType":"customer service","email":"info@billin.eu","availableLanguage":"es"},"foundingDate":"2015","numberOfEmployees":{"@type":"QuantitativeValue","minValue":10,"maxValue":50},"parentOrganization":{"@type":"Organization","name":"TeamSystem","url":"https:\/\/www.teamsystem.com\/"},"description":"Billin es el programa de facturaci\u00f3n online de TeamSystem para aut\u00f3nomos y pymes en Espa\u00f1a. Permite crear facturas, controlar gastos y cumplir con Verifactu.","address":{"@type":"PostalAddress","streetAddress":"Calle Arturo Soria, 336","addressLocality":"Madrid","addressRegion":"Madrid","postalCode":"28033","addressCountry":"ES"}},{"@type":"Person","@id":"https:\/\/www.billin.net\/blog\/#\/schema\/person\/d0339ee6e869234614541b1e80a793e7","name":"Marcos De La Cueva - CEO TeamSystem Facturas Billin","image":{"@type":"ImageObject","inLanguage":"es","@id":"https:\/\/www.billin.net\/blog\/#\/schema\/person\/image\/","url":"https:\/\/www.billin.net\/blog\/wp-content\/uploads\/2023\/10\/marcos-color-150x150.png","contentUrl":"https:\/\/www.billin.net\/blog\/wp-content\/uploads\/2023\/10\/marcos-color-150x150.png","caption":"Marcos De La Cueva - CEO TeamSystem Facturas Billin"},"description":"Licenciado en ADE por la Universidad Aut\u00f3noma de Madrid, Marcos De la Cueva es CEO y cofundador de TeamSystem Facturas Billin, un programa online que lleva m\u00e1s de 9 a\u00f1os ayudando a aut\u00f3nomos, peque\u00f1os negocios y gestor\u00edas a digitalizar sus presupuestos, facturas, tickets y gastos. \u00a0 Sobre Marcos De La Cueva \u00a0 Apasionado por el mundo empresarial y la tecnolog\u00eda, curs\u00f3 su M\u00e1ster de Finanzas en la Universidad Pontificia de Comillas y estuvo en el Programa de Cooperaci\u00f3n Educativa de la Universidad Aut\u00f3noma de Madrid. \u00a0 Marcos siempre ha tenido su objetivo claro: ayudar a la creaci\u00f3n de negocios financieramente sostenibles a trav\u00e9s de una herramienta de facturaci\u00f3n que les permita ahorrar tiempo y tener la contabilidad bajo control. \u00a0 Marcos De La Cueva en los medios \u2014 Noticia sobre Kit Digital y Ley Antifraude (VeriFactu) en El Economista. \u2014 Noticia sobre Kit Digital y factura electr\u00f3nica obligatoria en Diario Jur\u00eddico. \u2014 Noticia sobre el a\u00f1o de transici\u00f3n para la factura electr\u00f3nica en Muy Pymes. \u2014 Entrevista sobre factura electr\u00f3nica obligatoria en Canal Sur. \u2014 Noticia sobre el informe factura electr\u00f3nica de TeamSystem en Channel Partner. \u2014 Charla sobre productividad y Ley Crea y Crece en El Economista. \u2014 Charla sobre factura electr\u00f3nica obligatoria en Muy Pymes. \u2014 Charla sobre digitalizaci\u00f3n aut\u00f3nomos y productividad en esdiario. \u2014 Charla sobre productividad y factura electr\u00f3nica en La Raz\u00f3n. \u2014 Charla sobre factura electr\u00f3nica obligatoria en Aut\u00f3nomos y Emprendedores. \u2014 Entrevista sobre Ley Antifraude y Ley Crea y Crece en Expansi\u00f3n. \u2014 Entrevista sobre Ley Antifraude y Ley Crea y Crece en La Raz\u00f3n. \u2014 Entrevista sobre factura electr\u00f3nica obligatoria en El Economista. \u2014 Comunicado Billin y TeamSystem en Business Insider. \u2014 Entrevista en Econom\u00eda Digital. \u2014 Entrevista en Ideas para tu empresa de Vodafone. \u2014 Entrevista en M\u00e1sQradio. \u2014 Entrevista en Armas para emprender de El M\u00e9todo Gallardo. \u2014 Entrevista en KFund. \u2014 Entrevista en AXA Seguros Espa\u00f1a. \u2014 Entrevista en GestionaRadio. \u00a0 Marcos De La Cueva en eventos \u00a0 \u2014 Participaci\u00f3n como ponente en Accountex Espa\u00f1a 2023. \u00a0 Tem\u00e1ticas de especializaci\u00f3n \u00a0 negocios | startups | contabilidad| fiscalidad | empresas| asesor\u00edas| autonomos | emprendedores | peque\u00f1os negocios | econom\u00eda | ADE | pymes | desarrollo de negocio\u00a0","sameAs":["https:\/\/www.billin.net\/","https:\/\/www.linkedin.com\/in\/marcos-de-la-cueva-19750ba3\/"],"url":"https:\/\/www.billin.net\/blog\/author\/marcosdelacueva\/","jobTitle":"CEO y cofundador de TS Facturas Billin"}]}},"_links":{"self":[{"href":"https:\/\/www.billin.net\/blog\/wp-json\/wp\/v2\/posts\/10145","targetHints":{"allow":["GET"]}}],"collection":[{"href":"https:\/\/www.billin.net\/blog\/wp-json\/wp\/v2\/posts"}],"about":[{"href":"https:\/\/www.billin.net\/blog\/wp-json\/wp\/v2\/types\/post"}],"author":[{"embeddable":true,"href":"https:\/\/www.billin.net\/blog\/wp-json\/wp\/v2\/users\/20"}],"replies":[{"embeddable":true,"href":"https:\/\/www.billin.net\/blog\/wp-json\/wp\/v2\/comments?post=10145"}],"version-history":[{"count":9,"href":"https:\/\/www.billin.net\/blog\/wp-json\/wp\/v2\/posts\/10145\/revisions"}],"predecessor-version":[{"id":27927,"href":"https:\/\/www.billin.net\/blog\/wp-json\/wp\/v2\/posts\/10145\/revisions\/27927"}],"wp:featuredmedia":[{"embeddable":true,"href":"https:\/\/www.billin.net\/blog\/wp-json\/wp\/v2\/media\/3762"}],"wp:attachment":[{"href":"https:\/\/www.billin.net\/blog\/wp-json\/wp\/v2\/media?parent=10145"}],"wp:term":[{"taxonomy":"category","embeddable":true,"href":"https:\/\/www.billin.net\/blog\/wp-json\/wp\/v2\/categories?post=10145"},{"taxonomy":"post_tag","embeddable":true,"href":"https:\/\/www.billin.net\/blog\/wp-json\/wp\/v2\/tags?post=10145"}],"curies":[{"name":"wp","href":"https:\/\/api.w.org\/{rel}","templated":true}]}}