{"id":10144,"date":"2015-07-11T00:00:00","date_gmt":"2015-07-10T22:00:00","guid":{"rendered":"https:\/\/www.billin.net\/blog\/claves-de-ultima-hora-para-presentar-las-cuentas-anuales\/"},"modified":"2025-09-25T21:09:03","modified_gmt":"2025-09-25T19:09:03","slug":"claves-de-ultima-hora-para-presentar-las-cuentas-anuales","status":"publish","type":"post","link":"https:\/\/www.billin.net\/blog\/claves-de-ultima-hora-para-presentar-las-cuentas-anuales\/","title":{"rendered":"Claves de \u00faltima hora para presentar las cuentas anuales"},"content":{"rendered":"<p>Queda muy poco para que termine el plazo de presentaci\u00f3n de las <strong>cuentas anuales 2015<\/strong> en el Registro Mercantil y con todo el l\u00edo que tenemos a diario, probablemente haya alg\u00fan <strong>aut\u00f3nomo o startup<\/strong> peque\u00f1a que necesite alguna gu\u00eda o empujoncito de \u00faltimo momento.<\/p>\n<p>\u00c9ste a\u00f1o adem\u00e1s, hay que tener en cuenta las novedades introducidas en la <strong>Resoluci\u00f3n de 28 de enero de 2015<\/strong>, de la Direcci\u00f3n General de Registro y Notariado, modificando los modelos que hab\u00edamos estado utilizando hasta ahora (establecidos en la Orden JUS\/206\/2009, de 28 de enero).<\/p>\n<p>Pero, \u00bftenemos claro cu\u00e1les son los aspectos claves de la presentaci\u00f3n de las cuentas anuales y las consecuencias de no hacerlo?<\/p>\n<ol>\n<li><strong> \u00bfQui\u00e9nes est\u00e1n obligados a formular las cuentas anuales?<\/strong><\/li>\n<\/ol>\n<p>Las sociedades de responsabilidad limitada, comanditarias por acciones, de garant\u00eda rec\u00edproca y sociedades an\u00f3nimas y, en general, cualquier otra empresa e incluso profesionales aut\u00f3nomos cuando la legislaci\u00f3n as\u00ed lo exija. La obligaci\u00f3n tambi\u00e9n alcanza a las sociedades extranjeras que tengan abierta sucursal en territorio espa\u00f1ol.<\/p>\n<ol start=\"2\">\n<li><strong> Dentro de la empresa \u00bfQui\u00e9nes son los encargados de formularlas?<\/strong><\/li>\n<\/ol>\n<p>Ser\u00e1n los administradores de la sociedad en el plazo m\u00e1ximo de tres meses contados a partir del cierre del ejercicio social. Adem\u00e1s, seg\u00fan el tipo de empresa, deber\u00e1n formular el informe de gesti\u00f3n y la propuesta de aplicaci\u00f3n del resultado.<\/p>\n<ol start=\"3\">\n<li><strong> Estructura de las cuentas anuales<\/strong><\/li>\n<\/ol>\n<p>Las cuentas anuales contienen los siguientes documentos:<\/p>\n<ul>\n<li>El Balance<\/li>\n<li>La Cuenta de P\u00e9rdidas y Ganancias.<\/li>\n<li>La Memoria.<\/li>\n<li>Estado de Cambios en el Patrimonio Neto.<\/li>\n<li>Flujos de Efectivo (en determinados casos).<\/li>\n<\/ul>\n<p>Adem\u00e1s, en el caso de empresas auditadas, se debe presentar el informe de gesti\u00f3n hecho por los administradores y el informe de auditor\u00eda realizado por los auditores de la sociedad, as\u00ed como el informe de autocartera (movimientos sobre acciones propias) y la p\u00e1gina de impacto medioambiental.<\/p>\n<ol start=\"4\">\n<li><strong> \u00bfExisten modelos o formatos obligatorios? <\/strong><\/li>\n<\/ol>\n<p><em>https:\/\/www.registradores.org\/estaticasm\/modelos\/ModeloAbreviadoCastellano_2014_(20141230).pdf<\/em><\/p>\n<p>Los modelos para la <strong>presentaci\u00f3n de las cuentas anuales<\/strong> est\u00e1n regulados en la Orden JUS\/206\/2009, de 28 de enero, modificada por la Resoluci\u00f3n de 28 de enero de 2015, de la Direcci\u00f3n General de Registros y de Notariado. La utilizaci\u00f3n de los modelos oficiales es obligatoria, excepto en lo que se refiere a la memoria.<\/p>\n<p>Existen cuatro modelos:<\/p>\n<ul>\n<li>Cuentas Anuales abreviadas.<\/li>\n<li>Cuentas Anuales normales.<\/li>\n<li>Cuentas Anuales PYME.<\/li>\n<li>Cuentas anuales consolidadas<\/li>\n<\/ul>\n<ol start=\"5\">\n<li><strong>\u00bfQu\u00e9 ha cambiado con la ley del emprendedor?<\/strong><\/li>\n<\/ol>\n<p>Con la <strong>Ley de apoyo a los emprendedores<\/strong> y su internacionalizaci\u00f3n, las sociedades cuyo activo no supere los cuatro millones de euros (antes eran 2.850.000) o bien cuya cifra anual de negocios no supere los ocho millones de euros (antes eran 5.700.000), podr\u00e1n formular balance y estado de cambios en el patrimonio neto, utilizando el <strong>modelo de cuentas anuales abreviado<\/strong>.<\/p>\n<ol start=\"6\">\n<li><strong> \u00bfD\u00f3nde se depositan las cuentas anuales?<\/strong><\/li>\n<\/ol>\n<p>Las cuentas anuales se presentar\u00e1n para su dep\u00f3sito en el Registro Mercantil competente en raz\u00f3n al domicilio de la sociedad.<\/p>\n<ol start=\"7\">\n<li><strong> \u00bfCu\u00e1ndo deben depositarse?<\/strong><\/li>\n<\/ol>\n<p>Para la mayor\u00eda de las sociedades, cuyo ejercicio social coincide con el a\u00f1o natural, el plazo para el dep\u00f3sito de las cuentas anuales <strong>finaliza el d\u00eda 30 de julio<\/strong>.<\/p>\n<ol start=\"8\">\n<li><strong> \u00bfQu\u00e9 documentos se necesitan para el dep\u00f3sito?<\/strong><\/li>\n<\/ol>\n<ul>\n<li>Instancia firmada por el solicitante.<\/li>\n<li>Hoja de datos generales de identificaci\u00f3n.<\/li>\n<li>Certificaci\u00f3n, debidamente firmada, expedida por la persona facultada para ello, del acuerdo de aprobaci\u00f3n de las cuentas y de la aplicaci\u00f3n del resultado.<\/li>\n<li>Informe de auditor\u00eda, se acompa\u00f1ar\u00e1 de un certificado acreditativo de que las cuentas presentadas se corresponden con las auditadas. S\u00f3lo se presentar\u00e1 cuando la sociedad est\u00e9 obligada a auditarse o si los socios solicitaran la auditoria de la empresa.<\/li>\n<li>Informe de gesti\u00f3n, s\u00f3lo lo deben presentar las empresas que realicen el dep\u00f3sito de las cuentas anuales en su versi\u00f3n normal.<\/li>\n<li>Informe medioambiental, todas las empresas.<\/li>\n<li>Declaraci\u00f3n de acciones\/participaciones propias.<\/li>\n<\/ul>\n<ol start=\"9\">\n<li><strong> \u00bfC\u00f3mo se puede hacer este dep\u00f3sito?<\/strong><\/li>\n<\/ol>\n<p>El dep\u00f3sito se puede hacer de cuatro maneras diferentes:<\/p>\n<ul>\n<li>En soporte papel<\/li>\n<li>En soporte CD\/DVD<\/li>\n<li>Telem\u00e1tica Total<\/li>\n<li>Telem\u00e1tica Parcial<\/li>\n<\/ul>\n<p>El Registro Mercantil tiene un programa, denominado <strong>D2<\/strong>, en el que puedes rellenar los impresos y presentarlos de forma telem\u00e1tica o mediante CD.<\/p>\n<ol start=\"10\">\n<li><strong> \u00bfQu\u00e9 ocurre si no se depositan las cuentas anuales?<\/strong><\/li>\n<\/ol>\n<ul>\n<li>La sanci\u00f3n por no cumplir con la obligaci\u00f3n de presentaci\u00f3n de cuentas anuales, est\u00e1 entre 1.202 \u20ac y los 60.000 \u20ac<\/li>\n<li>Imposibilita la inscripci\u00f3n en el registro de documento alguno, salvo los relativos al cese o dimisi\u00f3n de administradores, gerentes, directores generales y liquidadores, revocaci\u00f3n de poderes o renuncia de apoderados, escrituras de disoluci\u00f3n y nombramiento de liquidadores y cualquier otro asiento que ordene la Autoridad judicial o administrativa.<\/li>\n<\/ul>\n<p>\u00bfY t\u00fa ya has presentado tus cuentas anuales? Si a\u00fan no lo has hecho y tienes que <strong>enviar facturas a tu gestor\u00eda<\/strong> de confianza, te invitamos a utilizar <strong>TeamSystem Facturas Billin<\/strong>, la herramienta que te permite el <strong>intercambio de facturas con tus clientes y proveedores<\/strong> de una forma <a href=\"https:\/\/www.billin.net\">segura, sencilla y gratuita.<\/a><\/p>\n","protected":false},"excerpt":{"rendered":"<p>Queda muy poco para que termine el plazo de presentaci\u00f3n de las cuentas anuales 2015 en el Registro Mercantil y con todo el l\u00edo que tenemos a diario, probablemente haya alg\u00fan aut\u00f3nomo o startup peque\u00f1a que necesite alguna gu\u00eda o empujoncito de \u00faltimo momento. \u00c9ste a\u00f1o adem\u00e1s, hay que tener en cuenta las novedades introducidas [&hellip;]<\/p>\n","protected":false},"author":20,"featured_media":3759,"comment_status":"open","ping_status":"open","sticky":false,"template":"","format":"standard","meta":{"_acf_changed":false,"_et_pb_use_builder":"","_et_pb_old_content":"","_et_gb_content_width":"","om_disable_all_campaigns":false,"inline_featured_image":false,"footnotes":""},"categories":[1014],"tags":[],"class_list":{"0":"post-10144","1":"post","2":"type-post","3":"status-publish","4":"format-standard","5":"has-post-thumbnail","7":"category-fiscalidad"},"acf":{"selector_de_usuario":"","fecha_de_revision":"20190821"},"yoast_head":"<!-- This site is optimized with the Yoast SEO plugin v27.1 - https:\/\/yoast.com\/product\/yoast-seo-wordpress\/ -->\n<title>Claves para presentar las cuentas anuales empresa | TeamSystem Facturas Billin<\/title>\n<meta name=\"description\" content=\"Recomendaciones de \u00faltima hora para la presentaci\u00f3n de las cuentas anuales 2015. Incluye las novedades y modificaciones legislativas\" \/>\n<meta name=\"robots\" content=\"index, follow, max-snippet:-1, max-image-preview:large, max-video-preview:-1\" \/>\n<link rel=\"canonical\" href=\"https:\/\/www.billin.net\/blog\/claves-de-ultima-hora-para-presentar-las-cuentas-anuales\/\" \/>\n<meta property=\"og:locale\" content=\"es_ES\" \/>\n<meta property=\"og:type\" content=\"article\" \/>\n<meta property=\"og:title\" content=\"Claves para presentar las cuentas anuales empresa | TeamSystem Facturas Billin\" \/>\n<meta property=\"og:description\" content=\"Recomendaciones de \u00faltima hora para la presentaci\u00f3n de las cuentas anuales 2015. Incluye las novedades y modificaciones legislativas\" \/>\n<meta property=\"og:url\" content=\"https:\/\/www.billin.net\/blog\/claves-de-ultima-hora-para-presentar-las-cuentas-anuales\/\" \/>\n<meta property=\"og:site_name\" content=\"Blog de TeamSystem Facturas Billin\" \/>\n<meta property=\"article:publisher\" content=\"https:\/\/www.facebook.com\/EsBillin\" \/>\n<meta property=\"article:published_time\" content=\"2015-07-10T22:00:00+00:00\" \/>\n<meta property=\"article:modified_time\" content=\"2025-09-25T19:09:03+00:00\" \/>\n<meta property=\"og:image\" content=\"https:\/\/www.billin.net\/blog\/wp-content\/uploads\/2017\/06\/cuentas-anuales.jpg\" \/>\n\t<meta property=\"og:image:width\" content=\"696\" \/>\n\t<meta property=\"og:image:height\" content=\"464\" \/>\n\t<meta property=\"og:image:type\" content=\"image\/jpeg\" \/>\n<meta name=\"author\" content=\"Marcos De La Cueva - CEO TeamSystem Facturas Billin\" \/>\n<meta name=\"twitter:card\" content=\"summary_large_image\" \/>\n<meta name=\"twitter:creator\" content=\"@Billin_ES\" \/>\n<meta name=\"twitter:site\" content=\"@Billin_ES\" \/>\n<meta name=\"twitter:label1\" content=\"Escrito por\" \/>\n\t<meta name=\"twitter:data1\" content=\"Marcos De La Cueva - CEO TeamSystem Facturas Billin\" \/>\n\t<meta name=\"twitter:label2\" content=\"Tiempo de lectura\" \/>\n\t<meta name=\"twitter:data2\" content=\"4 minutos\" \/>\n<script type=\"application\/ld+json\" class=\"yoast-schema-graph\">{\"@context\":\"https:\/\/schema.org\",\"@graph\":[{\"@type\":\"Article\",\"@id\":\"https:\/\/www.billin.net\/blog\/claves-de-ultima-hora-para-presentar-las-cuentas-anuales\/#article\",\"isPartOf\":{\"@id\":\"https:\/\/www.billin.net\/blog\/claves-de-ultima-hora-para-presentar-las-cuentas-anuales\/\"},\"author\":{\"name\":\"Marcos De La Cueva - CEO TeamSystem Facturas Billin\",\"@id\":\"https:\/\/www.billin.net\/blog\/#\/schema\/person\/d0339ee6e869234614541b1e80a793e7\"},\"headline\":\"Claves de \u00faltima hora para presentar las cuentas anuales\",\"datePublished\":\"2015-07-10T22:00:00+00:00\",\"dateModified\":\"2025-09-25T19:09:03+00:00\",\"mainEntityOfPage\":{\"@id\":\"https:\/\/www.billin.net\/blog\/claves-de-ultima-hora-para-presentar-las-cuentas-anuales\/\"},\"wordCount\":869,\"commentCount\":0,\"publisher\":{\"@id\":\"https:\/\/www.billin.net\/blog\/#organization\"},\"image\":{\"@id\":\"https:\/\/www.billin.net\/blog\/claves-de-ultima-hora-para-presentar-las-cuentas-anuales\/#primaryimage\"},\"thumbnailUrl\":\"https:\/\/www.billin.net\/blog\/wp-content\/uploads\/2017\/06\/cuentas-anuales.jpg\",\"articleSection\":[\"Fiscalidad\"],\"inLanguage\":\"es\",\"potentialAction\":[{\"@type\":\"CommentAction\",\"name\":\"Comment\",\"target\":[\"https:\/\/www.billin.net\/blog\/claves-de-ultima-hora-para-presentar-las-cuentas-anuales\/#respond\"]}]},{\"@type\":\"WebPage\",\"@id\":\"https:\/\/www.billin.net\/blog\/claves-de-ultima-hora-para-presentar-las-cuentas-anuales\/\",\"url\":\"https:\/\/www.billin.net\/blog\/claves-de-ultima-hora-para-presentar-las-cuentas-anuales\/\",\"name\":\"Claves para presentar las cuentas anuales empresa | TeamSystem Facturas Billin\",\"isPartOf\":{\"@id\":\"https:\/\/www.billin.net\/blog\/#website\"},\"primaryImageOfPage\":{\"@id\":\"https:\/\/www.billin.net\/blog\/claves-de-ultima-hora-para-presentar-las-cuentas-anuales\/#primaryimage\"},\"image\":{\"@id\":\"https:\/\/www.billin.net\/blog\/claves-de-ultima-hora-para-presentar-las-cuentas-anuales\/#primaryimage\"},\"thumbnailUrl\":\"https:\/\/www.billin.net\/blog\/wp-content\/uploads\/2017\/06\/cuentas-anuales.jpg\",\"datePublished\":\"2015-07-10T22:00:00+00:00\",\"dateModified\":\"2025-09-25T19:09:03+00:00\",\"description\":\"Recomendaciones de \u00faltima hora para la presentaci\u00f3n de las cuentas anuales 2015. Incluye las novedades y modificaciones legislativas\",\"breadcrumb\":{\"@id\":\"https:\/\/www.billin.net\/blog\/claves-de-ultima-hora-para-presentar-las-cuentas-anuales\/#breadcrumb\"},\"inLanguage\":\"es\",\"potentialAction\":[{\"@type\":\"ReadAction\",\"target\":[\"https:\/\/www.billin.net\/blog\/claves-de-ultima-hora-para-presentar-las-cuentas-anuales\/\"]}]},{\"@type\":\"ImageObject\",\"inLanguage\":\"es\",\"@id\":\"https:\/\/www.billin.net\/blog\/claves-de-ultima-hora-para-presentar-las-cuentas-anuales\/#primaryimage\",\"url\":\"https:\/\/www.billin.net\/blog\/wp-content\/uploads\/2017\/06\/cuentas-anuales.jpg\",\"contentUrl\":\"https:\/\/www.billin.net\/blog\/wp-content\/uploads\/2017\/06\/cuentas-anuales.jpg\",\"width\":696,\"height\":464},{\"@type\":\"BreadcrumbList\",\"@id\":\"https:\/\/www.billin.net\/blog\/claves-de-ultima-hora-para-presentar-las-cuentas-anuales\/#breadcrumb\",\"itemListElement\":[{\"@type\":\"ListItem\",\"position\":1,\"name\":\"Blog\",\"item\":\"https:\/\/www.billin.net\/blog\/\"},{\"@type\":\"ListItem\",\"position\":2,\"name\":\"Fiscalidad\",\"item\":\"https:\/\/www.billin.net\/blog\/fiscalidad\/\"},{\"@type\":\"ListItem\",\"position\":3,\"name\":\"Claves de \u00faltima hora para presentar las cuentas anuales\"}]},{\"@type\":\"WebSite\",\"@id\":\"https:\/\/www.billin.net\/blog\/#website\",\"url\":\"https:\/\/www.billin.net\/blog\/\",\"name\":\"Blog de Billin\",\"description\":\"Mantente informado con el blog de TeamSystem Facturas Billin:  facturaci\u00f3n, legislaci\u00f3n, contabilidad, management y toda la informaci\u00f3n \u00fatil para pymes y aut\u00f3nomos.\",\"publisher\":{\"@id\":\"https:\/\/www.billin.net\/blog\/#organization\"},\"potentialAction\":[{\"@type\":\"SearchAction\",\"target\":{\"@type\":\"EntryPoint\",\"urlTemplate\":\"https:\/\/www.billin.net\/blog\/?s={search_term_string}\"},\"query-input\":{\"@type\":\"PropertyValueSpecification\",\"valueRequired\":true,\"valueName\":\"search_term_string\"}}],\"inLanguage\":\"es\"},{\"@type\":\"Organization\",\"@id\":\"https:\/\/www.billin.net\/blog\/#organization\",\"name\":\"Billin\",\"alternateName\":\"Blog de Billin\",\"url\":\"https:\/\/www.billin.net\/blog\/\",\"logo\":{\"@type\":\"ImageObject\",\"inLanguage\":\"es\",\"@id\":\"https:\/\/www.billin.net\/blog\/#\/schema\/logo\/image\/\",\"url\":\"https:\/\/www.billin.net\/blog\/wp-content\/uploads\/2019\/06\/logotipo-billin-blog-1.png\",\"contentUrl\":\"https:\/\/www.billin.net\/blog\/wp-content\/uploads\/2019\/06\/logotipo-billin-blog-1.png\",\"width\":126,\"height\":50,\"caption\":\"Billin\"},\"image\":{\"@id\":\"https:\/\/www.billin.net\/blog\/#\/schema\/logo\/image\/\"},\"sameAs\":[\"https:\/\/www.facebook.com\/EsBillin\",\"https:\/\/x.com\/Billin_ES\",\"https:\/\/www.instagram.com\/billin_es\/\",\"https:\/\/www.linkedin.com\/company\/billin-spain\",\"https:\/\/www.youtube.com\/c\/BillinEsintercambiodefacturas\/\"],\"legalName\":\"MY EXPENSES SL\",\"contactPoint\":{\"@type\":\"ContactPoint\",\"telephone\":\"+34918318883\",\"contactType\":\"customer service\",\"email\":\"info@billin.eu\",\"availableLanguage\":\"es\"},\"foundingDate\":\"2015\",\"numberOfEmployees\":{\"@type\":\"QuantitativeValue\",\"minValue\":10,\"maxValue\":50},\"parentOrganization\":{\"@type\":\"Organization\",\"name\":\"TeamSystem\",\"url\":\"https:\/\/www.teamsystem.com\/\"},\"description\":\"Billin es el programa de facturaci\u00f3n online de TeamSystem para aut\u00f3nomos y pymes en Espa\u00f1a. Permite crear facturas, controlar gastos y cumplir con Verifactu.\",\"address\":{\"@type\":\"PostalAddress\",\"streetAddress\":\"Calle Arturo Soria, 336\",\"addressLocality\":\"Madrid\",\"addressRegion\":\"Madrid\",\"postalCode\":\"28033\",\"addressCountry\":\"ES\"}},{\"@type\":\"Person\",\"@id\":\"https:\/\/www.billin.net\/blog\/#\/schema\/person\/d0339ee6e869234614541b1e80a793e7\",\"name\":\"Marcos De La Cueva - CEO TeamSystem Facturas Billin\",\"image\":{\"@type\":\"ImageObject\",\"inLanguage\":\"es\",\"@id\":\"https:\/\/www.billin.net\/blog\/#\/schema\/person\/image\/\",\"url\":\"https:\/\/www.billin.net\/blog\/wp-content\/uploads\/2023\/10\/marcos-color-150x150.png\",\"contentUrl\":\"https:\/\/www.billin.net\/blog\/wp-content\/uploads\/2023\/10\/marcos-color-150x150.png\",\"caption\":\"Marcos De La Cueva - CEO TeamSystem Facturas Billin\"},\"description\":\"Licenciado en ADE por la Universidad Aut\u00f3noma de Madrid, Marcos De la Cueva es CEO y cofundador de TeamSystem Facturas Billin, un programa online que lleva m\u00e1s de 9 a\u00f1os ayudando a aut\u00f3nomos, peque\u00f1os negocios y gestor\u00edas a digitalizar sus presupuestos, facturas, tickets y gastos. \u00a0 Sobre Marcos De La Cueva \u00a0 Apasionado por el mundo empresarial y la tecnolog\u00eda, curs\u00f3 su M\u00e1ster de Finanzas en la Universidad Pontificia de Comillas y estuvo en el Programa de Cooperaci\u00f3n Educativa de la Universidad Aut\u00f3noma de Madrid. \u00a0 Marcos siempre ha tenido su objetivo claro: ayudar a la creaci\u00f3n de negocios financieramente sostenibles a trav\u00e9s de una herramienta de facturaci\u00f3n que les permita ahorrar tiempo y tener la contabilidad bajo control. \u00a0 Marcos De La Cueva en los medios \u2014 Noticia sobre Kit Digital y Ley Antifraude (VeriFactu) en El Economista. \u2014 Noticia sobre Kit Digital y factura electr\u00f3nica obligatoria en Diario Jur\u00eddico. \u2014 Noticia sobre el a\u00f1o de transici\u00f3n para la factura electr\u00f3nica en Muy Pymes. \u2014 Entrevista sobre factura electr\u00f3nica obligatoria en Canal Sur. \u2014 Noticia sobre el informe factura electr\u00f3nica de TeamSystem en Channel Partner. \u2014 Charla sobre productividad y Ley Crea y Crece en El Economista. \u2014 Charla sobre factura electr\u00f3nica obligatoria en Muy Pymes. \u2014 Charla sobre digitalizaci\u00f3n aut\u00f3nomos y productividad en esdiario. \u2014 Charla sobre productividad y factura electr\u00f3nica en La Raz\u00f3n. \u2014 Charla sobre factura electr\u00f3nica obligatoria en Aut\u00f3nomos y Emprendedores. \u2014 Entrevista sobre Ley Antifraude y Ley Crea y Crece en Expansi\u00f3n. \u2014 Entrevista sobre Ley Antifraude y Ley Crea y Crece en La Raz\u00f3n. \u2014 Entrevista sobre factura electr\u00f3nica obligatoria en El Economista. \u2014 Comunicado Billin y TeamSystem en Business Insider. \u2014 Entrevista en Econom\u00eda Digital. \u2014 Entrevista en Ideas para tu empresa de Vodafone. \u2014 Entrevista en M\u00e1sQradio. \u2014 Entrevista en Armas para emprender de El M\u00e9todo Gallardo. \u2014 Entrevista en KFund. \u2014 Entrevista en AXA Seguros Espa\u00f1a. \u2014 Entrevista en GestionaRadio. \u00a0 Marcos De La Cueva en eventos \u00a0 \u2014 Participaci\u00f3n como ponente en Accountex Espa\u00f1a 2023. \u00a0 Tem\u00e1ticas de especializaci\u00f3n \u00a0 negocios | startups | contabilidad| fiscalidad | empresas| asesor\u00edas| autonomos | emprendedores | peque\u00f1os negocios | econom\u00eda | ADE | pymes | desarrollo de negocio\u00a0\",\"sameAs\":[\"https:\/\/www.billin.net\/\",\"https:\/\/www.linkedin.com\/in\/marcos-de-la-cueva-19750ba3\/\"],\"url\":\"https:\/\/www.billin.net\/blog\/author\/marcosdelacueva\/\",\"jobTitle\":\"CEO y cofundador de TS Facturas Billin\"}]}<\/script>\n<!-- \/ Yoast SEO plugin. -->","yoast_head_json":{"title":"Claves para presentar las cuentas anuales empresa | TeamSystem Facturas Billin","description":"Recomendaciones de \u00faltima hora para la presentaci\u00f3n de las cuentas anuales 2015. Incluye las novedades y modificaciones legislativas","robots":{"index":"index","follow":"follow","max-snippet":"max-snippet:-1","max-image-preview":"max-image-preview:large","max-video-preview":"max-video-preview:-1"},"canonical":"https:\/\/www.billin.net\/blog\/claves-de-ultima-hora-para-presentar-las-cuentas-anuales\/","og_locale":"es_ES","og_type":"article","og_title":"Claves para presentar las cuentas anuales empresa | TeamSystem Facturas Billin","og_description":"Recomendaciones de \u00faltima hora para la presentaci\u00f3n de las cuentas anuales 2015. Incluye las novedades y modificaciones legislativas","og_url":"https:\/\/www.billin.net\/blog\/claves-de-ultima-hora-para-presentar-las-cuentas-anuales\/","og_site_name":"Blog de TeamSystem Facturas Billin","article_publisher":"https:\/\/www.facebook.com\/EsBillin","article_published_time":"2015-07-10T22:00:00+00:00","article_modified_time":"2025-09-25T19:09:03+00:00","og_image":[{"width":696,"height":464,"url":"https:\/\/www.billin.net\/blog\/wp-content\/uploads\/2017\/06\/cuentas-anuales.jpg","type":"image\/jpeg"}],"author":"Marcos De La Cueva - CEO TeamSystem Facturas Billin","twitter_card":"summary_large_image","twitter_creator":"@Billin_ES","twitter_site":"@Billin_ES","twitter_misc":{"Escrito por":"Marcos De La Cueva - CEO TeamSystem Facturas Billin","Tiempo de lectura":"4 minutos"},"schema":{"@context":"https:\/\/schema.org","@graph":[{"@type":"Article","@id":"https:\/\/www.billin.net\/blog\/claves-de-ultima-hora-para-presentar-las-cuentas-anuales\/#article","isPartOf":{"@id":"https:\/\/www.billin.net\/blog\/claves-de-ultima-hora-para-presentar-las-cuentas-anuales\/"},"author":{"name":"Marcos De La Cueva - CEO TeamSystem Facturas Billin","@id":"https:\/\/www.billin.net\/blog\/#\/schema\/person\/d0339ee6e869234614541b1e80a793e7"},"headline":"Claves de \u00faltima hora para presentar las cuentas anuales","datePublished":"2015-07-10T22:00:00+00:00","dateModified":"2025-09-25T19:09:03+00:00","mainEntityOfPage":{"@id":"https:\/\/www.billin.net\/blog\/claves-de-ultima-hora-para-presentar-las-cuentas-anuales\/"},"wordCount":869,"commentCount":0,"publisher":{"@id":"https:\/\/www.billin.net\/blog\/#organization"},"image":{"@id":"https:\/\/www.billin.net\/blog\/claves-de-ultima-hora-para-presentar-las-cuentas-anuales\/#primaryimage"},"thumbnailUrl":"https:\/\/www.billin.net\/blog\/wp-content\/uploads\/2017\/06\/cuentas-anuales.jpg","articleSection":["Fiscalidad"],"inLanguage":"es","potentialAction":[{"@type":"CommentAction","name":"Comment","target":["https:\/\/www.billin.net\/blog\/claves-de-ultima-hora-para-presentar-las-cuentas-anuales\/#respond"]}]},{"@type":"WebPage","@id":"https:\/\/www.billin.net\/blog\/claves-de-ultima-hora-para-presentar-las-cuentas-anuales\/","url":"https:\/\/www.billin.net\/blog\/claves-de-ultima-hora-para-presentar-las-cuentas-anuales\/","name":"Claves para presentar las cuentas anuales empresa | TeamSystem Facturas Billin","isPartOf":{"@id":"https:\/\/www.billin.net\/blog\/#website"},"primaryImageOfPage":{"@id":"https:\/\/www.billin.net\/blog\/claves-de-ultima-hora-para-presentar-las-cuentas-anuales\/#primaryimage"},"image":{"@id":"https:\/\/www.billin.net\/blog\/claves-de-ultima-hora-para-presentar-las-cuentas-anuales\/#primaryimage"},"thumbnailUrl":"https:\/\/www.billin.net\/blog\/wp-content\/uploads\/2017\/06\/cuentas-anuales.jpg","datePublished":"2015-07-10T22:00:00+00:00","dateModified":"2025-09-25T19:09:03+00:00","description":"Recomendaciones de \u00faltima hora para la presentaci\u00f3n de las cuentas anuales 2015. Incluye las novedades y modificaciones legislativas","breadcrumb":{"@id":"https:\/\/www.billin.net\/blog\/claves-de-ultima-hora-para-presentar-las-cuentas-anuales\/#breadcrumb"},"inLanguage":"es","potentialAction":[{"@type":"ReadAction","target":["https:\/\/www.billin.net\/blog\/claves-de-ultima-hora-para-presentar-las-cuentas-anuales\/"]}]},{"@type":"ImageObject","inLanguage":"es","@id":"https:\/\/www.billin.net\/blog\/claves-de-ultima-hora-para-presentar-las-cuentas-anuales\/#primaryimage","url":"https:\/\/www.billin.net\/blog\/wp-content\/uploads\/2017\/06\/cuentas-anuales.jpg","contentUrl":"https:\/\/www.billin.net\/blog\/wp-content\/uploads\/2017\/06\/cuentas-anuales.jpg","width":696,"height":464},{"@type":"BreadcrumbList","@id":"https:\/\/www.billin.net\/blog\/claves-de-ultima-hora-para-presentar-las-cuentas-anuales\/#breadcrumb","itemListElement":[{"@type":"ListItem","position":1,"name":"Blog","item":"https:\/\/www.billin.net\/blog\/"},{"@type":"ListItem","position":2,"name":"Fiscalidad","item":"https:\/\/www.billin.net\/blog\/fiscalidad\/"},{"@type":"ListItem","position":3,"name":"Claves de \u00faltima hora para presentar las cuentas anuales"}]},{"@type":"WebSite","@id":"https:\/\/www.billin.net\/blog\/#website","url":"https:\/\/www.billin.net\/blog\/","name":"Blog de Billin","description":"Mantente informado con el blog de TeamSystem Facturas Billin:  facturaci\u00f3n, legislaci\u00f3n, contabilidad, management y toda la informaci\u00f3n \u00fatil para pymes y aut\u00f3nomos.","publisher":{"@id":"https:\/\/www.billin.net\/blog\/#organization"},"potentialAction":[{"@type":"SearchAction","target":{"@type":"EntryPoint","urlTemplate":"https:\/\/www.billin.net\/blog\/?s={search_term_string}"},"query-input":{"@type":"PropertyValueSpecification","valueRequired":true,"valueName":"search_term_string"}}],"inLanguage":"es"},{"@type":"Organization","@id":"https:\/\/www.billin.net\/blog\/#organization","name":"Billin","alternateName":"Blog de Billin","url":"https:\/\/www.billin.net\/blog\/","logo":{"@type":"ImageObject","inLanguage":"es","@id":"https:\/\/www.billin.net\/blog\/#\/schema\/logo\/image\/","url":"https:\/\/www.billin.net\/blog\/wp-content\/uploads\/2019\/06\/logotipo-billin-blog-1.png","contentUrl":"https:\/\/www.billin.net\/blog\/wp-content\/uploads\/2019\/06\/logotipo-billin-blog-1.png","width":126,"height":50,"caption":"Billin"},"image":{"@id":"https:\/\/www.billin.net\/blog\/#\/schema\/logo\/image\/"},"sameAs":["https:\/\/www.facebook.com\/EsBillin","https:\/\/x.com\/Billin_ES","https:\/\/www.instagram.com\/billin_es\/","https:\/\/www.linkedin.com\/company\/billin-spain","https:\/\/www.youtube.com\/c\/BillinEsintercambiodefacturas\/"],"legalName":"MY EXPENSES SL","contactPoint":{"@type":"ContactPoint","telephone":"+34918318883","contactType":"customer service","email":"info@billin.eu","availableLanguage":"es"},"foundingDate":"2015","numberOfEmployees":{"@type":"QuantitativeValue","minValue":10,"maxValue":50},"parentOrganization":{"@type":"Organization","name":"TeamSystem","url":"https:\/\/www.teamsystem.com\/"},"description":"Billin es el programa de facturaci\u00f3n online de TeamSystem para aut\u00f3nomos y pymes en Espa\u00f1a. Permite crear facturas, controlar gastos y cumplir con Verifactu.","address":{"@type":"PostalAddress","streetAddress":"Calle Arturo Soria, 336","addressLocality":"Madrid","addressRegion":"Madrid","postalCode":"28033","addressCountry":"ES"}},{"@type":"Person","@id":"https:\/\/www.billin.net\/blog\/#\/schema\/person\/d0339ee6e869234614541b1e80a793e7","name":"Marcos De La Cueva - CEO TeamSystem Facturas Billin","image":{"@type":"ImageObject","inLanguage":"es","@id":"https:\/\/www.billin.net\/blog\/#\/schema\/person\/image\/","url":"https:\/\/www.billin.net\/blog\/wp-content\/uploads\/2023\/10\/marcos-color-150x150.png","contentUrl":"https:\/\/www.billin.net\/blog\/wp-content\/uploads\/2023\/10\/marcos-color-150x150.png","caption":"Marcos De La Cueva - CEO TeamSystem Facturas Billin"},"description":"Licenciado en ADE por la Universidad Aut\u00f3noma de Madrid, Marcos De la Cueva es CEO y cofundador de TeamSystem Facturas Billin, un programa online que lleva m\u00e1s de 9 a\u00f1os ayudando a aut\u00f3nomos, peque\u00f1os negocios y gestor\u00edas a digitalizar sus presupuestos, facturas, tickets y gastos. \u00a0 Sobre Marcos De La Cueva \u00a0 Apasionado por el mundo empresarial y la tecnolog\u00eda, curs\u00f3 su M\u00e1ster de Finanzas en la Universidad Pontificia de Comillas y estuvo en el Programa de Cooperaci\u00f3n Educativa de la Universidad Aut\u00f3noma de Madrid. \u00a0 Marcos siempre ha tenido su objetivo claro: ayudar a la creaci\u00f3n de negocios financieramente sostenibles a trav\u00e9s de una herramienta de facturaci\u00f3n que les permita ahorrar tiempo y tener la contabilidad bajo control. \u00a0 Marcos De La Cueva en los medios \u2014 Noticia sobre Kit Digital y Ley Antifraude (VeriFactu) en El Economista. \u2014 Noticia sobre Kit Digital y factura electr\u00f3nica obligatoria en Diario Jur\u00eddico. \u2014 Noticia sobre el a\u00f1o de transici\u00f3n para la factura electr\u00f3nica en Muy Pymes. \u2014 Entrevista sobre factura electr\u00f3nica obligatoria en Canal Sur. \u2014 Noticia sobre el informe factura electr\u00f3nica de TeamSystem en Channel Partner. \u2014 Charla sobre productividad y Ley Crea y Crece en El Economista. \u2014 Charla sobre factura electr\u00f3nica obligatoria en Muy Pymes. \u2014 Charla sobre digitalizaci\u00f3n aut\u00f3nomos y productividad en esdiario. \u2014 Charla sobre productividad y factura electr\u00f3nica en La Raz\u00f3n. \u2014 Charla sobre factura electr\u00f3nica obligatoria en Aut\u00f3nomos y Emprendedores. \u2014 Entrevista sobre Ley Antifraude y Ley Crea y Crece en Expansi\u00f3n. \u2014 Entrevista sobre Ley Antifraude y Ley Crea y Crece en La Raz\u00f3n. \u2014 Entrevista sobre factura electr\u00f3nica obligatoria en El Economista. \u2014 Comunicado Billin y TeamSystem en Business Insider. \u2014 Entrevista en Econom\u00eda Digital. \u2014 Entrevista en Ideas para tu empresa de Vodafone. \u2014 Entrevista en M\u00e1sQradio. \u2014 Entrevista en Armas para emprender de El M\u00e9todo Gallardo. \u2014 Entrevista en KFund. \u2014 Entrevista en AXA Seguros Espa\u00f1a. \u2014 Entrevista en GestionaRadio. \u00a0 Marcos De La Cueva en eventos \u00a0 \u2014 Participaci\u00f3n como ponente en Accountex Espa\u00f1a 2023. \u00a0 Tem\u00e1ticas de especializaci\u00f3n \u00a0 negocios | startups | contabilidad| fiscalidad | empresas| asesor\u00edas| autonomos | emprendedores | peque\u00f1os negocios | econom\u00eda | ADE | pymes | desarrollo de negocio\u00a0","sameAs":["https:\/\/www.billin.net\/","https:\/\/www.linkedin.com\/in\/marcos-de-la-cueva-19750ba3\/"],"url":"https:\/\/www.billin.net\/blog\/author\/marcosdelacueva\/","jobTitle":"CEO y cofundador de TS Facturas Billin"}]}},"_links":{"self":[{"href":"https:\/\/www.billin.net\/blog\/wp-json\/wp\/v2\/posts\/10144","targetHints":{"allow":["GET"]}}],"collection":[{"href":"https:\/\/www.billin.net\/blog\/wp-json\/wp\/v2\/posts"}],"about":[{"href":"https:\/\/www.billin.net\/blog\/wp-json\/wp\/v2\/types\/post"}],"author":[{"embeddable":true,"href":"https:\/\/www.billin.net\/blog\/wp-json\/wp\/v2\/users\/20"}],"replies":[{"embeddable":true,"href":"https:\/\/www.billin.net\/blog\/wp-json\/wp\/v2\/comments?post=10144"}],"version-history":[{"count":6,"href":"https:\/\/www.billin.net\/blog\/wp-json\/wp\/v2\/posts\/10144\/revisions"}],"predecessor-version":[{"id":27931,"href":"https:\/\/www.billin.net\/blog\/wp-json\/wp\/v2\/posts\/10144\/revisions\/27931"}],"wp:featuredmedia":[{"embeddable":true,"href":"https:\/\/www.billin.net\/blog\/wp-json\/wp\/v2\/media\/3759"}],"wp:attachment":[{"href":"https:\/\/www.billin.net\/blog\/wp-json\/wp\/v2\/media?parent=10144"}],"wp:term":[{"taxonomy":"category","embeddable":true,"href":"https:\/\/www.billin.net\/blog\/wp-json\/wp\/v2\/categories?post=10144"},{"taxonomy":"post_tag","embeddable":true,"href":"https:\/\/www.billin.net\/blog\/wp-json\/wp\/v2\/tags?post=10144"}],"curies":[{"name":"wp","href":"https:\/\/api.w.org\/{rel}","templated":true}]}}