{"id":10139,"date":"2015-08-03T00:00:00","date_gmt":"2015-08-02T22:00:00","guid":{"rendered":"https:\/\/www.billin.net\/blog\/como-crear-los-libros-de-registro-de-facturas\/"},"modified":"2025-09-25T21:09:00","modified_gmt":"2025-09-25T19:09:00","slug":"como-crear-los-libros-de-registro-de-facturas","status":"publish","type":"post","link":"https:\/\/www.billin.net\/blog\/como-crear-los-libros-de-registro-de-facturas\/","title":{"rendered":"Libro de registro de facturas emitidas: qu\u00e9 es y c\u00f3mo funciona"},"content":{"rendered":"<p><span style=\"font-weight: 400;\">El <\/span><b>libro de registro de facturas emitidas<\/b> <span style=\"font-weight: 400;\">es<\/span><span style=\"font-weight: 400;\"> uno de los <\/span><a href=\"https:\/\/www.billin.net\/blog\/los-libros-registro\/\" target=\"_blank\" rel=\"noopener\"><span style=\"font-weight: 400;\">libros de registro<\/span><\/a><span style=\"font-weight: 400;\"> obligatorios <\/span><span style=\"font-weight: 400;\">para <\/span><span style=\"font-weight: 400;\">todos los empresarios y profesionales aut\u00f3nomos <\/span><span style=\"font-weight: 400;\">que sean<\/span><span style=\"font-weight: 400;\"> sujetos pasivos del IVA.\u00a0<\/span><\/p>\n<p><span style=\"font-weight: 400;\">A este respecto, la <\/span><a href=\"https:\/\/sede.agenciatributaria.gob.es\/Sede\/iva\/facturacion-registro\/libros-registro-iva\/libro-registro-facturas-expedidas.html#:~:text=En%20el%20libro%20registro%20de,as%C3%AD%20como%20las%20facturas%20rectificativas.\" target=\"_blank\" rel=\"noopener\"><span style=\"font-weight: 400;\">AEAT<\/span><\/a><span style=\"font-weight: 400;\"> dice que: \u201cEn el libro registro de facturas expedidas se inscribir\u00e1n, una por una, las facturas expedidas por todas las operaciones sujetas al IVA, lo que incluye las<\/span><b> operaciones exentas y de autoconsumo<\/b><span style=\"font-weight: 400;\">, as\u00ed como las<\/span><b> facturas rectificativas<\/b><span style=\"font-weight: 400;\">\u201d.<\/span><\/p>\n<p><span style=\"font-weight: 400;\">Por tanto, es imprescindible para tu negocio tanto tenerlo como mantenerlo al d\u00eda. Te explicamos todo lo que tienes que saber sobre esto.<\/span><\/p>\n<p><!--more--><\/p>\n<h2>\u00bfQu\u00e9 es una factura emitida?<\/h2>\n<p><span style=\"font-weight: 400;\">Una factura emitida es un documento que detalla los bienes o servicios ofrecidos y su importe. Como proveedor, debes generarla y entregarla al cliente.\u00a0<\/span><\/p>\n<p><span style=\"font-weight: 400;\">Adem\u00e1s, es un <\/span><b>instrumento legal<\/b><span style=\"font-weight: 400;\"> que permite justificar los ingresos, calcular los impuestos y garantizar la transparencia en las transacciones econ\u00f3micas.<\/span><\/p>\n<p><span style=\"font-weight: 400;\">Pero, como no todas las operaciones son iguales, las facturas tampoco lo son. <\/span><\/p>\n<p><span style=\"font-weight: 400;\">Por ello, seg\u00fan<\/span> <span style=\"font-weight: 400;\">el<\/span><span style=\"font-weight: 400;\"> tipo de factura <\/span><span style=\"font-weight: 400;\">del que se trate<\/span> <span style=\"font-weight: 400;\">se tendr\u00e1 que registrar en uno de los siguientes<\/span><span style=\"font-weight: 400;\"> libros de registro:<\/span><\/p>\n<ul>\n<li>Libro de facturas recibidas<\/li>\n<li>Libro de facturas expedidas o emitidas<\/li>\n<li>Libro de bienes de inversi\u00f3n<\/li>\n<li>Libro de <a href=\"https:\/\/www.billin.net\/blog\/facturas-intracomunitarias-en-el-mercado-europeo\/\">operaciones intracomunitarias<\/a><\/li>\n<\/ul>\n<h2><b>\u00bfPara qu\u00e9 sirve el libro de facturas emitidas?<\/b><\/h2>\n<p><span style=\"font-weight: 400;\">Como hemos dicho, el libro de registro de facturas emitidas es obligatorio para empresas y aut\u00f3nomos porque tiene varias finalidades:<\/span><\/p>\n<ul>\n<li style=\"font-weight: 400;\" aria-level=\"1\"><b>Permite el control fiscal:<\/b><span style=\"font-weight: 400;\"> ayuda a que la Agencia Tributaria verifique el correcto cumplimiento de las obligaciones tributarias.<\/span><\/li>\n<li style=\"font-weight: 400;\" aria-level=\"1\"><b>Facilita la transparencia contable:<\/b><span style=\"font-weight: 400;\"> algo esencial para el c\u00e1lculo de los ingresos y la preparaci\u00f3n de las declaraciones de impuestos.<\/span><\/li>\n<li style=\"font-weight: 400;\" aria-level=\"1\"><b>Agiliza la gesti\u00f3n administrativa:<\/b> tanto para ti como para la Administraci\u00f3n, porque permite tener un registro ordenado de las operaciones de ventas o servicios realizados y hace que las gestiones sean m\u00e1s r\u00e1pidas y c\u00f3modas de realizar.<\/li>\n<\/ul>\n<h2><b>Contenido que debe tener el libro de registro de facturas emitidas<\/b><\/h2>\n<p><span style=\"font-weight: 400;\">Como este libro es un <\/span><b>registro oficial<\/b><span style=\"font-weight: 400;\">, su utilizaci\u00f3n y presentaci\u00f3n est\u00e1 regulada en el art\u00edculo 64 del <\/span><a href=\"https:\/\/www.boe.es\/buscar\/doc.php?id=BOE-A-2003-21845#Art%C3%ADculo64\" target=\"_blank\" rel=\"noopener\"><span style=\"font-weight: 400;\">Real Decreto 1496\/2003<\/span><\/a><span style=\"font-weight: 400;\">, que corresponde al Reglamento que regula las obligaciones de facturaci\u00f3n y que, a su vez, modifica el Reglamento del Impuesto sobre el Valor A\u00f1adido.<\/span><\/p>\n<p><span style=\"font-weight: 400;\">En este art\u00edculo 64 se determina que debe contener la siguiente informaci\u00f3n de cada una de las facturas que emitas:<\/span><\/p>\n<ul>\n<li style=\"font-weight: 400;\" aria-level=\"1\"><b>N\u00famero<\/b> <b>y serie de la factura:<\/b><span style=\"font-weight: 400;\"> identificaci\u00f3n \u00fanica de cada factura.<\/span><\/li>\n<li style=\"font-weight: 400;\" aria-level=\"1\"><b>Fecha de emisi\u00f3n y operaci\u00f3n:<\/b><span style=\"font-weight: 400;\"> indica cu\u00e1ndo se emite la factura y cu\u00e1ndo tuvo lugar la venta o prestaci\u00f3n del servicio.<\/span><\/li>\n<li style=\"font-weight: 400;\" aria-level=\"1\"><b>Identificaci\u00f3n del destinatario:<\/b><span style=\"font-weight: 400;\"> nombre,<\/span> <a href=\"https:\/\/www.billin.net\/glosario\/definicion-razon-social\/\" target=\"_blank\" rel=\"noopener\"><span style=\"font-weight: 400;\">raz\u00f3n social<\/span><\/a><span style=\"font-weight: 400;\"> o denominaci\u00f3n completa,<\/span><span style=\"font-weight: 400;\"> NIF y direcci\u00f3n del cliente.<\/span><\/li>\n<li style=\"font-weight: 400;\" aria-level=\"1\"><b>Descripci\u00f3n de la operaci\u00f3n:<\/b><span style=\"font-weight: 400;\"> bienes vendidos o servicios prestados.<\/span><\/li>\n<li style=\"font-weight: 400;\" aria-level=\"1\"><b>Base imponible y tipo de IVA:<\/b><span style=\"font-weight: 400;\"> importe sobre el que se aplica el IVA y el porcentaje correspondiente.<\/span><\/li>\n<li style=\"font-weight: 400;\" aria-level=\"1\"><b>Cuota de IVA:<\/b><span style=\"font-weight: 400;\"> importe resultante de aplicar el IVA a la base imponible.<\/span><\/li>\n<li style=\"font-weight: 400;\" aria-level=\"1\"><b>Importe total:<\/b><span style=\"font-weight: 400;\"> suma total de la factura, incluyendo el IVA.<\/span><\/li>\n<li style=\"font-weight: 400;\" aria-level=\"1\"><b>Rectificaciones:<\/b><span style=\"font-weight: 400;\"> si hay facturas modificadas, deben anotarse con los datos correspondientes.<\/span><\/li>\n<\/ul>\n<p><span style=\"font-weight: 400;\">Este libro no solo debe contener las facturas emitidas, tambi\u00e9n deben incluirse otra serie de documentos relacionados con ellas, que son imprescindibles para entender las operaciones realizadas.\u00a0<\/span><\/p>\n<p><span style=\"font-weight: 400;\">Estos documentos son:<\/span><\/p>\n<ul>\n<li style=\"font-weight: 400;\" aria-level=\"1\"><b>Facturas rectificativas:<\/b><span style=\"font-weight: 400;\"> son las facturas que corrigen errores en otras facturas emitidas anteriormente.<\/span><\/li>\n<li style=\"font-weight: 400;\" aria-level=\"1\"><b>Notas de cr\u00e9dito:<\/b><span style=\"font-weight: 400;\"> documentos que se emiten para anular total o parcialmente una factura emitida, reflejando la existencia de devoluciones o descuentos aplicados despu\u00e9s de la emisi\u00f3n de la factura original.<\/span><\/li>\n<li style=\"font-weight: 400;\" aria-level=\"1\"><b>Notas de d\u00e9bito:<\/b><span style=\"font-weight: 400;\"> documentos que se emiten para aumentar el importe de una factura emitida anteriormente para corregir un error que se haya cometido en la factura original o si se necesitan a\u00f1adir cargos adicionales.<\/span><\/li>\n<li style=\"font-weight: 400;\" aria-level=\"1\"><b>Tickets o recibos:<\/b><span style=\"font-weight: 400;\"> en ventas al por menor lo normal es emitir tickets o recibos en lugar de facturas. Entonces, estos tambi\u00e9n deben registrarse porque pueden ser utilizados como comprobantes de venta.<\/span><\/li>\n<li style=\"font-weight: 400;\" aria-level=\"1\"><b>Documentos de autoconsumo:<\/b><span style=\"font-weight: 400;\"> cuando la empresa utiliza productos o servicios para su propio consumo, este documento refleja esta operaci\u00f3n y, por lo tanto, debe registrarse en el libro de facturas emitidas.<\/span><\/li>\n<li style=\"font-weight: 400;\" aria-level=\"1\"><b>Facturas simplificadas:<\/b><span style=\"font-weight: 400;\"> son los tickets de venta. Aunque este tipo de documento contiene menos informaci\u00f3n que una factura completa, tambi\u00e9n debe registrarse.<\/span><\/li>\n<li style=\"font-weight: 400;\" aria-level=\"1\"><b>Facturas electr\u00f3nicas: <\/b><span style=\"font-weight: 400;\">como su funci\u00f3n es la misma que la de las facturas en papel, tambi\u00e9n tienen que registrarse.<\/span><\/li>\n<\/ul>\n<p><span style=\"font-weight: 400;\">En resumen,<\/span><span style=\"font-weight: 400;\"> en los libros de facturas expedidas deber\u00e1n anotarse <\/span><span style=\"font-weight: 400;\">las<\/span><a href=\"https:\/\/www.billin.net\/crear-factura-gratis\/\" target=\"_blank\" rel=\"noopener\"><span style=\"font-weight: 400;\"> facturas creadas<\/span><\/a><span style=\"font-weight: 400;\"> o documentos sustitutivos expedidos por todas las operaciones sujetas al IVA. <\/span><span style=\"font-weight: 400;\">Esto<\/span><span style=\"font-weight: 400;\">\u00a0<\/span><span style=\"font-weight: 400;\">incluye las operaciones exentas y de autoconsumo (<\/span><a href=\"https:\/\/www.billin.net\/blog\/facturas-simplificadas\/\" target=\"_blank\" rel=\"noopener\"><span style=\"font-weight: 400;\">facturas simplificadas<\/span><\/a><span style=\"font-weight: 400;\">), as\u00ed como las facturas o documentos sustitutivos de rectificaci\u00f3n<\/span><\/p>\n<p><span style=\"font-weight: 400;\">Tambi\u00e9n<\/span><span style=\"font-weight: 400;\"> deber\u00e1n anotarse en <\/span><span style=\"font-weight: 400;\">este<\/span><span style=\"font-weight: 400;\"> libro las <\/span><a href=\"https:\/\/www.billin.net\/blog\/que-es-una-factura\/\/\" target=\"_blank\" rel=\"noopener\"><span style=\"font-weight: 400;\">facturas<\/span><\/a><span style=\"font-weight: 400;\">, justificantes contables y documentos de aduanas, correspondientes a los servicios recibidos y a los bienes adquiridos o importados <\/span><span style=\"font-weight: 400;\">del extranjero.<\/span><span style=\"font-weight: 400;\">\u00a0<\/span><\/p>\n<p><span style=\"font-weight: 400;\">En cualquier caso, todos y cada uno de los documentos registrados deber\u00e1n tener completa la informaci\u00f3n obligatoria que hemos mencionado antes.<\/span><\/p>\n<h2><b>C\u00f3mo rellenar el libro registro de facturas emitidas<\/b><\/h2>\n<p><span style=\"font-weight: 400;\">Para completar correctamente este registro, sigue estas pautas:<\/span><\/p>\n<ol>\n<li style=\"font-weight: 400;\" aria-level=\"1\"><b>Registrar la factura<\/b><span style=\"font-weight: 400;\"> inmediatamente despu\u00e9s de su emisi\u00f3n.<\/span><\/li>\n<li style=\"font-weight: 400;\" aria-level=\"1\"><b>Mantener el orden cronol\u00f3gico<\/b><span style=\"font-weight: 400;\"> en el que se emite.<\/span><\/li>\n<li style=\"font-weight: 400;\" aria-level=\"1\"><b>Comprobar que todos los datos est\u00e1n completos<\/b><span style=\"font-weight: 400;\">, seg\u00fan lo que la normativa requiere.<\/span><\/li>\n<li style=\"font-weight: 400;\" aria-level=\"1\"><b>Verificar que el libro est\u00e1 en uno de los formatos permitidos<\/b><span style=\"font-weight: 400;\">, ya sea en papel o en soporte digital, siempre que se respeten los requisitos legales.<\/span><\/li>\n<\/ol>\n<p><span style=\"font-weight: 400;\">Una vez claro esto, la forma de hacer y organizar el registro es la siguiente:<\/span><\/p>\n<ul>\n<li style=\"font-weight: 400;\" aria-level=\"1\"><span style=\"font-weight: 400;\">Cada factura se <\/span><b>registra <\/b><b>de manera individual<\/b><span style=\"font-weight: 400;\"> y<\/span><span style=\"font-weight: 400;\"> por orden correlativo.<\/span><\/li>\n<li style=\"font-weight: 400;\" aria-level=\"1\"><b>Las anotaciones<\/b> <b>se pueden realizar sobre hojas separadas<\/b><span style=\"font-weight: 400;\">,<\/span><span style=\"font-weight: 400;\"> que<\/span><span style=\"font-weight: 400;\">,<\/span><span style=\"font-weight: 400;\"> despu\u00e9s<\/span><span style=\"font-weight: 400;\">,<\/span><span style=\"font-weight: 400;\"> se <\/span><span style=\"font-weight: 400;\">enumeran y encuadernan<\/span><span style=\"font-weight: 400;\"> correlativamente, <\/span><span style=\"font-weight: 400;\">formando, as\u00ed,<\/span><span style=\"font-weight: 400;\"> el libro <\/span><span style=\"font-weight: 400;\">en formato f\u00edsico.\u00a0<\/span><\/li>\n<li style=\"font-weight: 400;\" aria-level=\"1\"><span style=\"font-weight: 400;\">Tambi\u00e9n <\/span><b>se pueden registrar las facturas de forma agrupada<\/b><span style=\"font-weight: 400;\">, como si fuera un resumen cuando se cumplan unas determinadas condiciones para facilitar su revisi\u00f3n y an\u00e1lisis.<\/span><span style=\"font-weight: 400;\">\u00a0<\/span><\/li>\n<li style=\"font-weight: 400;\" aria-level=\"1\"><b>Una factura <\/b><b>se puede registrar<\/b> <b>en varios <\/b><a href=\"https:\/\/www.billin.net\/glosario\/definicion-asiento-contable\/\" target=\"_blank\" rel=\"noopener\"><b>asientos contables<\/b><\/a><b> correlativos<\/b> <span style=\"font-weight: 400;\">si dicha factura tiene<\/span><span style=\"font-weight: 400;\"> distintos tipos impositivos<\/span><span style=\"font-weight: 400;\">.<\/span><\/li>\n<li style=\"font-weight: 400;\" aria-level=\"1\"><span style=\"font-weight: 400;\">Las facturas o documentos sustitutivos rectificativos <\/span><b>se anotar\u00e1n de forma separada<\/b><span style=\"font-weight: 400;\">.\u00a0<\/span><\/li>\n<\/ul>\n<p><span style=\"font-weight: 400;\">Como acabamos de decir, existe la posibilidad de que los documentos de facturaci\u00f3n <\/span><span style=\"font-weight: 400;\">individuales se puedan sustituir <\/span><span style=\"font-weight: 400;\">por res\u00famenes.\u00a0<\/span><\/p>\n<p><span style=\"font-weight: 400;\">Esto puede ser posible <\/span><b>si hay varias facturas emitidas a un mismo cliente<\/b><span style=\"font-weight: 400;\">, as\u00ed la revisi\u00f3n y el an\u00e1lisis ser\u00e1 m\u00e1s c\u00f3modo.\u00a0<\/span><\/p>\n<p><span style=\"font-weight: 400;\">En este caso, adem\u00e1s de<\/span><span style=\"font-weight: 400;\"> constar <\/span><span style=\"font-weight: 400;\">los datos obligatorios del registro ya comentados, tambi\u00e9n ser\u00e1 necesario incluir una columna en el libro de registro con el nombre o n\u00famero de identificaci\u00f3n del cliente. Se podr\u00e1n a\u00f1adir notas adicionales que resulten de utilidad.<\/span><span style=\"font-weight: 400;\">\u00a0<\/span><\/p>\n<p><span style=\"font-weight: 400;\">Las condiciones para realizar este registro agrupado son:<\/span><\/p>\n<ul>\n<li style=\"font-weight: 400;\" aria-level=\"1\"><span style=\"font-weight: 400;\">Que en la<\/span><span style=\"font-weight: 400;\">s<\/span><span style=\"font-weight: 400;\"> factura<\/span><span style=\"font-weight: 400;\">s<\/span><span style=\"font-weight: 400;\"> emitida<\/span><span style=\"font-weight: 400;\">s<\/span> <b>no sea necesaria la identificaci\u00f3n del destinatario<\/b><span style=\"font-weight: 400;\">, <\/span><span style=\"font-weight: 400;\">porque es el mismo para todas.<\/span><\/li>\n<li style=\"font-weight: 400;\" aria-level=\"1\"><span style=\"font-weight: 400;\">Que las operaciones facturadas se hayan realizado <\/span><b>dentro de un mismo mes natura<\/b><span style=\"font-weight: 400;\">l.<\/span><\/li>\n<li style=\"font-weight: 400;\" aria-level=\"1\"><span style=\"font-weight: 400;\">Que las facturas se puedan<\/span><b> identificar individualmente<\/b><span style=\"font-weight: 400;\">, cada una con su n\u00famero \u00fanico y correlativo, aunque el registro sea agrupado.<\/span><\/li>\n<li style=\"font-weight: 400;\" aria-level=\"1\"><span style=\"font-weight: 400;\">Que a las operaciones facturadas <\/span><span style=\"font-weight: 400;\">tengan <\/span><b>aplicado<\/b><b> el mismo tipo impositivo<\/b><span style=\"font-weight: 400;\">.<\/span><\/li>\n<li style=\"font-weight: 400;\" aria-level=\"1\"><span style=\"font-weight: 400;\">Todas las facturas agrupadas <\/span><b>cumplen con los requisitos legales<\/b><span style=\"font-weight: 400;\"> exigidos.<\/span><\/li>\n<\/ul>\n<p><span style=\"font-weight: 400;\">Para que lo veas m\u00e1s claro, el registro agrupado podr\u00eda verse algo parecido a esto:<\/span><\/p>\n<figure id=\"attachment_24078\" aria-describedby=\"caption-attachment-24078\" style=\"width: 906px\" class=\"wp-caption aligncenter\"><img loading=\"lazy\" decoding=\"async\" class=\"wp-image-24078 size-full\" src=\"https:\/\/www.billin.net\/blog\/wp-content\/uploads\/2015\/08\/Billin.png\" alt=\"\" width=\"906\" height=\"289\" srcset=\"https:\/\/www.billin.net\/blog\/wp-content\/uploads\/2015\/08\/Billin.png 906w, https:\/\/www.billin.net\/blog\/wp-content\/uploads\/2015\/08\/Billin-300x96.png 300w, https:\/\/www.billin.net\/blog\/wp-content\/uploads\/2015\/08\/Billin-768x245.png 768w\" sizes=\"(max-width: 906px) 100vw, 906px\" \/><figcaption id=\"caption-attachment-24078\" class=\"wp-caption-text\">Fuente: elaboraci\u00f3n propia<\/figcaption><\/figure>\n<h2><b>Preguntas frecuentes<\/b><\/h2>\n<p><span style=\"font-weight: 400;\">Como ves, mantener un libro de facturas emitidas es m\u00e1s sencillo de lo que parece. No obstante, te dejamos un par de preguntas m\u00e1s que seguro te has hecho.<\/span><\/p>\n<h3><b>\u00bfPuedo tener el libro registro de facturas emitidas en soporte digital?<\/b><\/h3>\n<p><span style=\"font-weight: 400;\">S\u00ed, el libro puede mantenerse en soporte digital sin ning\u00fan problema. De hecho, tener el libro de registro de facturas emitidas en formato digital es muy recomendable para facilitar su gesti\u00f3n, sobre todo si se utiliza un software de contabilidad homologado por la Agencia Tributaria.<\/span><\/p>\n<p><span style=\"font-weight: 400;\">Adem\u00e1s, hay que tener muy en cuenta que el <\/span><a href=\"https:\/\/sede.agenciatributaria.gob.es\/Sede\/iva\/suministro-inmediato-informacion.html\" target=\"_blank\" rel=\"noopener\"><span style=\"font-weight: 400;\">SII (Suministro Inmediato de Informaci\u00f3n)<\/span><\/a><span style=\"font-weight: 400;\"> obliga a algunas empresas a presentar este registro de forma telem\u00e1tica.<\/span><\/p>\n<p><span style=\"font-weight: 400;\">El SII es un sistema desarrollado por la Agencia Tributaria espa\u00f1ola para la gesti\u00f3n electr\u00f3nica del IVA. El objetivo es mejorar el control tributario y facilitar el cumplimiento de las obligaciones fiscales utilizando el env\u00edo telem\u00e1tico de informaci\u00f3n sobre la facturaci\u00f3n en tiempo real.\u00a0<\/span><\/p>\n<p><span style=\"font-weight: 400;\">Por este motivo, el SII es obligatorio para:<\/span><\/p>\n<ul>\n<li style=\"font-weight: 400;\" aria-level=\"1\"><b>Empresas inscritas en el Registro de Devoluci\u00f3n Mensual del IVA (REDEME)<\/b><span style=\"font-weight: 400;\">, es decir, las que solicitan la devoluci\u00f3n mensual del IVA.<\/span><\/li>\n<li style=\"font-weight: 400;\" aria-level=\"1\"><b>Grandes empresas<\/b><span style=\"font-weight: 400;\"> cuya facturaci\u00f3n anual sea superior a 6 millones de euros.<\/span><\/li>\n<li style=\"font-weight: 400;\" aria-level=\"1\"><b>Empresas que tributan bajo el r\u00e9gimen especial <\/b><span style=\"font-weight: 400;\">de grupos de IVA.<\/span><\/li>\n<\/ul>\n<p><span style=\"font-weight: 400;\">Para el resto de empresas y aut\u00f3nomos es voluntario, aunque no tengan por qu\u00e9 tenerlo dado que sus operaciones est\u00e1n exentas o no est\u00e1n sujetas a IVA.<\/span><\/p>\n<p><span style=\"font-weight: 400;\">Como \u00faltimo apunte, dado que<\/span><span style=\"font-weight: 400;\"> los libros de <\/span><span style=\"font-weight: 400;\">registro de<\/span><span style=\"font-weight: 400;\"> facturas emitidas pueden ser llevados en medios digitales <\/span><span style=\"font-weight: 400;\">y<\/span><span style=\"font-weight: 400;\"> almacenarse en la nube<\/span><span style=\"font-weight: 400;\">, hay que tomar precauciones extra.\u00a0<\/span><\/p>\n<p><span style=\"font-weight: 400;\">Por ello,<\/span> <span style=\"font-weight: 400;\">es obligatorio conservar copias de seguridad de los ficheros, bases de datos y programas necesarios durante el periodo de prescripci\u00f3n<\/span><span style=\"font-weight: 400;\">. <\/span><span style=\"font-weight: 400;\">La forma m\u00e1s segura de <\/span><span style=\"font-weight: 400;\">crear, intercambiar y <\/span><a href=\"https:\/\/www.billin.net\/\" target=\"_blank\" rel=\"noopener\"><span style=\"font-weight: 400;\">gestionar tus facturas<\/span><\/a> <span style=\"font-weight: 400;\">es hacerlo<\/span><span style=\"font-weight: 400;\"> con TeamSystem Facturas Billin.<\/span><\/p>\n<h3><b>\u00bfQu\u00e9 diferencia hay entre el libro registro de facturas emitidas y recibidas?<\/b><\/h3>\n<p><span style=\"font-weight: 400;\">La diferencia entre ambos libros est\u00e1 en el tipo de operaciones que registra cada uno:<\/span><\/p>\n<ul>\n<li style=\"font-weight: 400;\" aria-level=\"1\"><b>Facturas emitidas:<\/b><span style=\"font-weight: 400;\"> reflejan los ingresos por ventas o servicios realizados.<\/span><\/li>\n<li style=\"font-weight: 400;\" aria-level=\"1\"><b>Facturas recibidas<\/b><b>:<\/b> <span style=\"font-weight: 400;\">recogen los gastos o compras realizadas a proveedores.<\/span><\/li>\n<\/ul>\n<p><span style=\"font-weight: 400;\">Por lo dem\u00e1s, ambos libros tienen que reflejar el mismo tipo de informaci\u00f3n de facturas en ambos casos.<\/span><\/p>\n","protected":false},"excerpt":{"rendered":"<p>El libro de registro de facturas emitidas es uno de los libros de registro obligatorios para todos los empresarios y profesionales aut\u00f3nomos que sean sujetos pasivos del IVA.\u00a0 A este respecto, la AEAT dice que: \u201cEn el libro registro de facturas expedidas se inscribir\u00e1n, una por una, las facturas expedidas por todas las operaciones sujetas [&hellip;]<\/p>\n","protected":false},"author":20,"featured_media":12929,"comment_status":"open","ping_status":"open","sticky":false,"template":"","format":"standard","meta":{"_acf_changed":false,"_et_pb_use_builder":"","_et_pb_old_content":"","_et_gb_content_width":"","om_disable_all_campaigns":false,"inline_featured_image":false,"footnotes":""},"categories":[1015],"tags":[],"class_list":{"0":"post-10139","1":"post","2":"type-post","3":"status-publish","4":"format-standard","5":"has-post-thumbnail","7":"category-facturacion"},"acf":{"selector_de_usuario":"","fecha_de_revision":"20241223"},"yoast_head":"<!-- This site is optimized with the Yoast SEO plugin v27.1 - https:\/\/yoast.com\/product\/yoast-seo-wordpress\/ -->\n<title>Libro de registro de facturas emitidas: qu\u00e9 es y c\u00f3mo funciona<\/title>\n<meta name=\"description\" content=\"Los libros de registro de facturas emitidas recogen toda la informaci\u00f3n sobre las operaciones de pago que se realizan tu negocio.\" \/>\n<meta name=\"robots\" content=\"index, follow, max-snippet:-1, max-image-preview:large, max-video-preview:-1\" \/>\n<link rel=\"canonical\" href=\"https:\/\/www.billin.net\/blog\/como-crear-los-libros-de-registro-de-facturas\/\" \/>\n<meta property=\"og:locale\" content=\"es_ES\" \/>\n<meta property=\"og:type\" content=\"article\" \/>\n<meta property=\"og:title\" content=\"Libro de registro de facturas emitidas: qu\u00e9 es y c\u00f3mo funciona\" \/>\n<meta property=\"og:description\" content=\"Los libros de registro de facturas emitidas recogen toda la informaci\u00f3n sobre las operaciones de pago que se realizan tu negocio.\" \/>\n<meta property=\"og:url\" content=\"https:\/\/www.billin.net\/blog\/como-crear-los-libros-de-registro-de-facturas\/\" \/>\n<meta property=\"og:site_name\" content=\"Blog de TeamSystem Facturas Billin\" \/>\n<meta property=\"article:publisher\" content=\"https:\/\/www.facebook.com\/EsBillin\" \/>\n<meta property=\"article:published_time\" content=\"2015-08-02T22:00:00+00:00\" \/>\n<meta property=\"article:modified_time\" content=\"2025-09-25T19:09:00+00:00\" \/>\n<meta property=\"og:image\" content=\"https:\/\/www.billin.net\/blog\/wp-content\/uploads\/2019\/10\/00.My-Billin-Nuevo-Dashboard-.png\" \/>\n\t<meta property=\"og:image:width\" content=\"1440\" \/>\n\t<meta property=\"og:image:height\" content=\"1365\" \/>\n\t<meta property=\"og:image:type\" content=\"image\/png\" \/>\n<meta name=\"author\" content=\"Marcos De La Cueva - CEO TeamSystem Facturas Billin\" \/>\n<meta name=\"twitter:card\" content=\"summary_large_image\" \/>\n<meta name=\"twitter:creator\" content=\"@Billin_ES\" \/>\n<meta name=\"twitter:site\" content=\"@Billin_ES\" \/>\n<meta name=\"twitter:label1\" content=\"Escrito por\" \/>\n\t<meta name=\"twitter:data1\" content=\"Marcos De La Cueva - CEO TeamSystem Facturas Billin\" \/>\n\t<meta name=\"twitter:label2\" content=\"Tiempo de lectura\" \/>\n\t<meta name=\"twitter:data2\" content=\"8 minutos\" \/>\n<script type=\"application\/ld+json\" class=\"yoast-schema-graph\">{\"@context\":\"https:\/\/schema.org\",\"@graph\":[{\"@type\":\"Article\",\"@id\":\"https:\/\/www.billin.net\/blog\/como-crear-los-libros-de-registro-de-facturas\/#article\",\"isPartOf\":{\"@id\":\"https:\/\/www.billin.net\/blog\/como-crear-los-libros-de-registro-de-facturas\/\"},\"author\":{\"name\":\"Marcos De La Cueva - CEO TeamSystem Facturas Billin\",\"@id\":\"https:\/\/www.billin.net\/blog\/#\/schema\/person\/d0339ee6e869234614541b1e80a793e7\"},\"headline\":\"Libro de registro de facturas emitidas: qu\u00e9 es y c\u00f3mo funciona\",\"datePublished\":\"2015-08-02T22:00:00+00:00\",\"dateModified\":\"2025-09-25T19:09:00+00:00\",\"mainEntityOfPage\":{\"@id\":\"https:\/\/www.billin.net\/blog\/como-crear-los-libros-de-registro-de-facturas\/\"},\"wordCount\":1639,\"commentCount\":0,\"publisher\":{\"@id\":\"https:\/\/www.billin.net\/blog\/#organization\"},\"image\":{\"@id\":\"https:\/\/www.billin.net\/blog\/como-crear-los-libros-de-registro-de-facturas\/#primaryimage\"},\"thumbnailUrl\":\"https:\/\/www.billin.net\/blog\/wp-content\/uploads\/2019\/10\/00.My-Billin-Nuevo-Dashboard-.png\",\"articleSection\":[\"Facturaci\u00f3n\"],\"inLanguage\":\"es\",\"potentialAction\":[{\"@type\":\"CommentAction\",\"name\":\"Comment\",\"target\":[\"https:\/\/www.billin.net\/blog\/como-crear-los-libros-de-registro-de-facturas\/#respond\"]}]},{\"@type\":\"WebPage\",\"@id\":\"https:\/\/www.billin.net\/blog\/como-crear-los-libros-de-registro-de-facturas\/\",\"url\":\"https:\/\/www.billin.net\/blog\/como-crear-los-libros-de-registro-de-facturas\/\",\"name\":\"Libro de registro de facturas emitidas: qu\u00e9 es y c\u00f3mo funciona\",\"isPartOf\":{\"@id\":\"https:\/\/www.billin.net\/blog\/#website\"},\"primaryImageOfPage\":{\"@id\":\"https:\/\/www.billin.net\/blog\/como-crear-los-libros-de-registro-de-facturas\/#primaryimage\"},\"image\":{\"@id\":\"https:\/\/www.billin.net\/blog\/como-crear-los-libros-de-registro-de-facturas\/#primaryimage\"},\"thumbnailUrl\":\"https:\/\/www.billin.net\/blog\/wp-content\/uploads\/2019\/10\/00.My-Billin-Nuevo-Dashboard-.png\",\"datePublished\":\"2015-08-02T22:00:00+00:00\",\"dateModified\":\"2025-09-25T19:09:00+00:00\",\"description\":\"Los libros de registro de facturas emitidas recogen toda la informaci\u00f3n sobre las operaciones de pago que se realizan tu negocio.\",\"breadcrumb\":{\"@id\":\"https:\/\/www.billin.net\/blog\/como-crear-los-libros-de-registro-de-facturas\/#breadcrumb\"},\"inLanguage\":\"es\",\"potentialAction\":[{\"@type\":\"ReadAction\",\"target\":[\"https:\/\/www.billin.net\/blog\/como-crear-los-libros-de-registro-de-facturas\/\"]}]},{\"@type\":\"ImageObject\",\"inLanguage\":\"es\",\"@id\":\"https:\/\/www.billin.net\/blog\/como-crear-los-libros-de-registro-de-facturas\/#primaryimage\",\"url\":\"https:\/\/www.billin.net\/blog\/wp-content\/uploads\/2019\/10\/00.My-Billin-Nuevo-Dashboard-.png\",\"contentUrl\":\"https:\/\/www.billin.net\/blog\/wp-content\/uploads\/2019\/10\/00.My-Billin-Nuevo-Dashboard-.png\",\"width\":1440,\"height\":1365,\"caption\":\"libro registro facturas emitidas\"},{\"@type\":\"BreadcrumbList\",\"@id\":\"https:\/\/www.billin.net\/blog\/como-crear-los-libros-de-registro-de-facturas\/#breadcrumb\",\"itemListElement\":[{\"@type\":\"ListItem\",\"position\":1,\"name\":\"Blog\",\"item\":\"https:\/\/www.billin.net\/blog\/\"},{\"@type\":\"ListItem\",\"position\":2,\"name\":\"Facturaci\u00f3n\",\"item\":\"https:\/\/www.billin.net\/blog\/facturacion\/\"},{\"@type\":\"ListItem\",\"position\":3,\"name\":\"Libro de registro de facturas emitidas: qu\u00e9 es y c\u00f3mo funciona\"}]},{\"@type\":\"WebSite\",\"@id\":\"https:\/\/www.billin.net\/blog\/#website\",\"url\":\"https:\/\/www.billin.net\/blog\/\",\"name\":\"Blog de Billin\",\"description\":\"Mantente informado con el blog de TeamSystem Facturas Billin:  facturaci\u00f3n, legislaci\u00f3n, contabilidad, management y toda la informaci\u00f3n \u00fatil para pymes y aut\u00f3nomos.\",\"publisher\":{\"@id\":\"https:\/\/www.billin.net\/blog\/#organization\"},\"potentialAction\":[{\"@type\":\"SearchAction\",\"target\":{\"@type\":\"EntryPoint\",\"urlTemplate\":\"https:\/\/www.billin.net\/blog\/?s={search_term_string}\"},\"query-input\":{\"@type\":\"PropertyValueSpecification\",\"valueRequired\":true,\"valueName\":\"search_term_string\"}}],\"inLanguage\":\"es\"},{\"@type\":\"Organization\",\"@id\":\"https:\/\/www.billin.net\/blog\/#organization\",\"name\":\"Billin\",\"alternateName\":\"Blog de Billin\",\"url\":\"https:\/\/www.billin.net\/blog\/\",\"logo\":{\"@type\":\"ImageObject\",\"inLanguage\":\"es\",\"@id\":\"https:\/\/www.billin.net\/blog\/#\/schema\/logo\/image\/\",\"url\":\"https:\/\/www.billin.net\/blog\/wp-content\/uploads\/2019\/06\/logotipo-billin-blog-1.png\",\"contentUrl\":\"https:\/\/www.billin.net\/blog\/wp-content\/uploads\/2019\/06\/logotipo-billin-blog-1.png\",\"width\":126,\"height\":50,\"caption\":\"Billin\"},\"image\":{\"@id\":\"https:\/\/www.billin.net\/blog\/#\/schema\/logo\/image\/\"},\"sameAs\":[\"https:\/\/www.facebook.com\/EsBillin\",\"https:\/\/x.com\/Billin_ES\",\"https:\/\/www.instagram.com\/billin_es\/\",\"https:\/\/www.linkedin.com\/company\/billin-spain\",\"https:\/\/www.youtube.com\/c\/BillinEsintercambiodefacturas\/\"],\"legalName\":\"MY EXPENSES SL\",\"contactPoint\":{\"@type\":\"ContactPoint\",\"telephone\":\"+34918318883\",\"contactType\":\"customer service\",\"email\":\"info@billin.eu\",\"availableLanguage\":\"es\"},\"foundingDate\":\"2015\",\"numberOfEmployees\":{\"@type\":\"QuantitativeValue\",\"minValue\":10,\"maxValue\":50},\"parentOrganization\":{\"@type\":\"Organization\",\"name\":\"TeamSystem\",\"url\":\"https:\/\/www.teamsystem.com\/\"},\"description\":\"Billin es el programa de facturaci\u00f3n online de TeamSystem para aut\u00f3nomos y pymes en Espa\u00f1a. Permite crear facturas, controlar gastos y cumplir con Verifactu.\",\"address\":{\"@type\":\"PostalAddress\",\"streetAddress\":\"Calle Arturo Soria, 336\",\"addressLocality\":\"Madrid\",\"addressRegion\":\"Madrid\",\"postalCode\":\"28033\",\"addressCountry\":\"ES\"}},{\"@type\":\"Person\",\"@id\":\"https:\/\/www.billin.net\/blog\/#\/schema\/person\/d0339ee6e869234614541b1e80a793e7\",\"name\":\"Marcos De La Cueva - CEO TeamSystem Facturas Billin\",\"image\":{\"@type\":\"ImageObject\",\"inLanguage\":\"es\",\"@id\":\"https:\/\/www.billin.net\/blog\/#\/schema\/person\/image\/\",\"url\":\"https:\/\/www.billin.net\/blog\/wp-content\/uploads\/2023\/10\/marcos-color-150x150.png\",\"contentUrl\":\"https:\/\/www.billin.net\/blog\/wp-content\/uploads\/2023\/10\/marcos-color-150x150.png\",\"caption\":\"Marcos De La Cueva - CEO TeamSystem Facturas Billin\"},\"description\":\"Licenciado en ADE por la Universidad Aut\u00f3noma de Madrid, Marcos De la Cueva es CEO y cofundador de TeamSystem Facturas Billin, un programa online que lleva m\u00e1s de 9 a\u00f1os ayudando a aut\u00f3nomos, peque\u00f1os negocios y gestor\u00edas a digitalizar sus presupuestos, facturas, tickets y gastos. \u00a0 Sobre Marcos De La Cueva \u00a0 Apasionado por el mundo empresarial y la tecnolog\u00eda, curs\u00f3 su M\u00e1ster de Finanzas en la Universidad Pontificia de Comillas y estuvo en el Programa de Cooperaci\u00f3n Educativa de la Universidad Aut\u00f3noma de Madrid. \u00a0 Marcos siempre ha tenido su objetivo claro: ayudar a la creaci\u00f3n de negocios financieramente sostenibles a trav\u00e9s de una herramienta de facturaci\u00f3n que les permita ahorrar tiempo y tener la contabilidad bajo control. \u00a0 Marcos De La Cueva en los medios \u2014 Noticia sobre Kit Digital y Ley Antifraude (VeriFactu) en El Economista. \u2014 Noticia sobre Kit Digital y factura electr\u00f3nica obligatoria en Diario Jur\u00eddico. \u2014 Noticia sobre el a\u00f1o de transici\u00f3n para la factura electr\u00f3nica en Muy Pymes. \u2014 Entrevista sobre factura electr\u00f3nica obligatoria en Canal Sur. \u2014 Noticia sobre el informe factura electr\u00f3nica de TeamSystem en Channel Partner. \u2014 Charla sobre productividad y Ley Crea y Crece en El Economista. \u2014 Charla sobre factura electr\u00f3nica obligatoria en Muy Pymes. \u2014 Charla sobre digitalizaci\u00f3n aut\u00f3nomos y productividad en esdiario. \u2014 Charla sobre productividad y factura electr\u00f3nica en La Raz\u00f3n. \u2014 Charla sobre factura electr\u00f3nica obligatoria en Aut\u00f3nomos y Emprendedores. \u2014 Entrevista sobre Ley Antifraude y Ley Crea y Crece en Expansi\u00f3n. \u2014 Entrevista sobre Ley Antifraude y Ley Crea y Crece en La Raz\u00f3n. \u2014 Entrevista sobre factura electr\u00f3nica obligatoria en El Economista. \u2014 Comunicado Billin y TeamSystem en Business Insider. \u2014 Entrevista en Econom\u00eda Digital. \u2014 Entrevista en Ideas para tu empresa de Vodafone. \u2014 Entrevista en M\u00e1sQradio. \u2014 Entrevista en Armas para emprender de El M\u00e9todo Gallardo. \u2014 Entrevista en KFund. \u2014 Entrevista en AXA Seguros Espa\u00f1a. \u2014 Entrevista en GestionaRadio. \u00a0 Marcos De La Cueva en eventos \u00a0 \u2014 Participaci\u00f3n como ponente en Accountex Espa\u00f1a 2023. \u00a0 Tem\u00e1ticas de especializaci\u00f3n \u00a0 negocios | startups | contabilidad| fiscalidad | empresas| asesor\u00edas| autonomos | emprendedores | peque\u00f1os negocios | econom\u00eda | ADE | pymes | desarrollo de negocio\u00a0\",\"sameAs\":[\"https:\/\/www.billin.net\/\",\"https:\/\/www.linkedin.com\/in\/marcos-de-la-cueva-19750ba3\/\"],\"url\":\"https:\/\/www.billin.net\/blog\/author\/marcosdelacueva\/\",\"jobTitle\":\"CEO y cofundador de TS Facturas Billin\"}]}<\/script>\n<!-- \/ Yoast SEO plugin. -->","yoast_head_json":{"title":"Libro de registro de facturas emitidas: qu\u00e9 es y c\u00f3mo funciona","description":"Los libros de registro de facturas emitidas recogen toda la informaci\u00f3n sobre las operaciones de pago que se realizan tu negocio.","robots":{"index":"index","follow":"follow","max-snippet":"max-snippet:-1","max-image-preview":"max-image-preview:large","max-video-preview":"max-video-preview:-1"},"canonical":"https:\/\/www.billin.net\/blog\/como-crear-los-libros-de-registro-de-facturas\/","og_locale":"es_ES","og_type":"article","og_title":"Libro de registro de facturas emitidas: qu\u00e9 es y c\u00f3mo funciona","og_description":"Los libros de registro de facturas emitidas recogen toda la informaci\u00f3n sobre las operaciones de pago que se realizan tu negocio.","og_url":"https:\/\/www.billin.net\/blog\/como-crear-los-libros-de-registro-de-facturas\/","og_site_name":"Blog de TeamSystem Facturas Billin","article_publisher":"https:\/\/www.facebook.com\/EsBillin","article_published_time":"2015-08-02T22:00:00+00:00","article_modified_time":"2025-09-25T19:09:00+00:00","og_image":[{"width":1440,"height":1365,"url":"https:\/\/www.billin.net\/blog\/wp-content\/uploads\/2019\/10\/00.My-Billin-Nuevo-Dashboard-.png","type":"image\/png"}],"author":"Marcos De La Cueva - CEO TeamSystem Facturas Billin","twitter_card":"summary_large_image","twitter_creator":"@Billin_ES","twitter_site":"@Billin_ES","twitter_misc":{"Escrito por":"Marcos De La Cueva - CEO TeamSystem Facturas Billin","Tiempo de lectura":"8 minutos"},"schema":{"@context":"https:\/\/schema.org","@graph":[{"@type":"Article","@id":"https:\/\/www.billin.net\/blog\/como-crear-los-libros-de-registro-de-facturas\/#article","isPartOf":{"@id":"https:\/\/www.billin.net\/blog\/como-crear-los-libros-de-registro-de-facturas\/"},"author":{"name":"Marcos De La Cueva - CEO TeamSystem Facturas Billin","@id":"https:\/\/www.billin.net\/blog\/#\/schema\/person\/d0339ee6e869234614541b1e80a793e7"},"headline":"Libro de registro de facturas emitidas: qu\u00e9 es y c\u00f3mo funciona","datePublished":"2015-08-02T22:00:00+00:00","dateModified":"2025-09-25T19:09:00+00:00","mainEntityOfPage":{"@id":"https:\/\/www.billin.net\/blog\/como-crear-los-libros-de-registro-de-facturas\/"},"wordCount":1639,"commentCount":0,"publisher":{"@id":"https:\/\/www.billin.net\/blog\/#organization"},"image":{"@id":"https:\/\/www.billin.net\/blog\/como-crear-los-libros-de-registro-de-facturas\/#primaryimage"},"thumbnailUrl":"https:\/\/www.billin.net\/blog\/wp-content\/uploads\/2019\/10\/00.My-Billin-Nuevo-Dashboard-.png","articleSection":["Facturaci\u00f3n"],"inLanguage":"es","potentialAction":[{"@type":"CommentAction","name":"Comment","target":["https:\/\/www.billin.net\/blog\/como-crear-los-libros-de-registro-de-facturas\/#respond"]}]},{"@type":"WebPage","@id":"https:\/\/www.billin.net\/blog\/como-crear-los-libros-de-registro-de-facturas\/","url":"https:\/\/www.billin.net\/blog\/como-crear-los-libros-de-registro-de-facturas\/","name":"Libro de registro de facturas emitidas: qu\u00e9 es y c\u00f3mo funciona","isPartOf":{"@id":"https:\/\/www.billin.net\/blog\/#website"},"primaryImageOfPage":{"@id":"https:\/\/www.billin.net\/blog\/como-crear-los-libros-de-registro-de-facturas\/#primaryimage"},"image":{"@id":"https:\/\/www.billin.net\/blog\/como-crear-los-libros-de-registro-de-facturas\/#primaryimage"},"thumbnailUrl":"https:\/\/www.billin.net\/blog\/wp-content\/uploads\/2019\/10\/00.My-Billin-Nuevo-Dashboard-.png","datePublished":"2015-08-02T22:00:00+00:00","dateModified":"2025-09-25T19:09:00+00:00","description":"Los libros de registro de facturas emitidas recogen toda la informaci\u00f3n sobre las operaciones de pago que se realizan tu negocio.","breadcrumb":{"@id":"https:\/\/www.billin.net\/blog\/como-crear-los-libros-de-registro-de-facturas\/#breadcrumb"},"inLanguage":"es","potentialAction":[{"@type":"ReadAction","target":["https:\/\/www.billin.net\/blog\/como-crear-los-libros-de-registro-de-facturas\/"]}]},{"@type":"ImageObject","inLanguage":"es","@id":"https:\/\/www.billin.net\/blog\/como-crear-los-libros-de-registro-de-facturas\/#primaryimage","url":"https:\/\/www.billin.net\/blog\/wp-content\/uploads\/2019\/10\/00.My-Billin-Nuevo-Dashboard-.png","contentUrl":"https:\/\/www.billin.net\/blog\/wp-content\/uploads\/2019\/10\/00.My-Billin-Nuevo-Dashboard-.png","width":1440,"height":1365,"caption":"libro registro facturas emitidas"},{"@type":"BreadcrumbList","@id":"https:\/\/www.billin.net\/blog\/como-crear-los-libros-de-registro-de-facturas\/#breadcrumb","itemListElement":[{"@type":"ListItem","position":1,"name":"Blog","item":"https:\/\/www.billin.net\/blog\/"},{"@type":"ListItem","position":2,"name":"Facturaci\u00f3n","item":"https:\/\/www.billin.net\/blog\/facturacion\/"},{"@type":"ListItem","position":3,"name":"Libro de registro de facturas emitidas: qu\u00e9 es y c\u00f3mo funciona"}]},{"@type":"WebSite","@id":"https:\/\/www.billin.net\/blog\/#website","url":"https:\/\/www.billin.net\/blog\/","name":"Blog de Billin","description":"Mantente informado con el blog de TeamSystem Facturas Billin:  facturaci\u00f3n, legislaci\u00f3n, contabilidad, management y toda la informaci\u00f3n \u00fatil para pymes y aut\u00f3nomos.","publisher":{"@id":"https:\/\/www.billin.net\/blog\/#organization"},"potentialAction":[{"@type":"SearchAction","target":{"@type":"EntryPoint","urlTemplate":"https:\/\/www.billin.net\/blog\/?s={search_term_string}"},"query-input":{"@type":"PropertyValueSpecification","valueRequired":true,"valueName":"search_term_string"}}],"inLanguage":"es"},{"@type":"Organization","@id":"https:\/\/www.billin.net\/blog\/#organization","name":"Billin","alternateName":"Blog de Billin","url":"https:\/\/www.billin.net\/blog\/","logo":{"@type":"ImageObject","inLanguage":"es","@id":"https:\/\/www.billin.net\/blog\/#\/schema\/logo\/image\/","url":"https:\/\/www.billin.net\/blog\/wp-content\/uploads\/2019\/06\/logotipo-billin-blog-1.png","contentUrl":"https:\/\/www.billin.net\/blog\/wp-content\/uploads\/2019\/06\/logotipo-billin-blog-1.png","width":126,"height":50,"caption":"Billin"},"image":{"@id":"https:\/\/www.billin.net\/blog\/#\/schema\/logo\/image\/"},"sameAs":["https:\/\/www.facebook.com\/EsBillin","https:\/\/x.com\/Billin_ES","https:\/\/www.instagram.com\/billin_es\/","https:\/\/www.linkedin.com\/company\/billin-spain","https:\/\/www.youtube.com\/c\/BillinEsintercambiodefacturas\/"],"legalName":"MY EXPENSES SL","contactPoint":{"@type":"ContactPoint","telephone":"+34918318883","contactType":"customer service","email":"info@billin.eu","availableLanguage":"es"},"foundingDate":"2015","numberOfEmployees":{"@type":"QuantitativeValue","minValue":10,"maxValue":50},"parentOrganization":{"@type":"Organization","name":"TeamSystem","url":"https:\/\/www.teamsystem.com\/"},"description":"Billin es el programa de facturaci\u00f3n online de TeamSystem para aut\u00f3nomos y pymes en Espa\u00f1a. Permite crear facturas, controlar gastos y cumplir con Verifactu.","address":{"@type":"PostalAddress","streetAddress":"Calle Arturo Soria, 336","addressLocality":"Madrid","addressRegion":"Madrid","postalCode":"28033","addressCountry":"ES"}},{"@type":"Person","@id":"https:\/\/www.billin.net\/blog\/#\/schema\/person\/d0339ee6e869234614541b1e80a793e7","name":"Marcos De La Cueva - CEO TeamSystem Facturas Billin","image":{"@type":"ImageObject","inLanguage":"es","@id":"https:\/\/www.billin.net\/blog\/#\/schema\/person\/image\/","url":"https:\/\/www.billin.net\/blog\/wp-content\/uploads\/2023\/10\/marcos-color-150x150.png","contentUrl":"https:\/\/www.billin.net\/blog\/wp-content\/uploads\/2023\/10\/marcos-color-150x150.png","caption":"Marcos De La Cueva - CEO TeamSystem Facturas Billin"},"description":"Licenciado en ADE por la Universidad Aut\u00f3noma de Madrid, Marcos De la Cueva es CEO y cofundador de TeamSystem Facturas Billin, un programa online que lleva m\u00e1s de 9 a\u00f1os ayudando a aut\u00f3nomos, peque\u00f1os negocios y gestor\u00edas a digitalizar sus presupuestos, facturas, tickets y gastos. \u00a0 Sobre Marcos De La Cueva \u00a0 Apasionado por el mundo empresarial y la tecnolog\u00eda, curs\u00f3 su M\u00e1ster de Finanzas en la Universidad Pontificia de Comillas y estuvo en el Programa de Cooperaci\u00f3n Educativa de la Universidad Aut\u00f3noma de Madrid. \u00a0 Marcos siempre ha tenido su objetivo claro: ayudar a la creaci\u00f3n de negocios financieramente sostenibles a trav\u00e9s de una herramienta de facturaci\u00f3n que les permita ahorrar tiempo y tener la contabilidad bajo control. \u00a0 Marcos De La Cueva en los medios \u2014 Noticia sobre Kit Digital y Ley Antifraude (VeriFactu) en El Economista. \u2014 Noticia sobre Kit Digital y factura electr\u00f3nica obligatoria en Diario Jur\u00eddico. \u2014 Noticia sobre el a\u00f1o de transici\u00f3n para la factura electr\u00f3nica en Muy Pymes. \u2014 Entrevista sobre factura electr\u00f3nica obligatoria en Canal Sur. \u2014 Noticia sobre el informe factura electr\u00f3nica de TeamSystem en Channel Partner. \u2014 Charla sobre productividad y Ley Crea y Crece en El Economista. \u2014 Charla sobre factura electr\u00f3nica obligatoria en Muy Pymes. \u2014 Charla sobre digitalizaci\u00f3n aut\u00f3nomos y productividad en esdiario. \u2014 Charla sobre productividad y factura electr\u00f3nica en La Raz\u00f3n. \u2014 Charla sobre factura electr\u00f3nica obligatoria en Aut\u00f3nomos y Emprendedores. \u2014 Entrevista sobre Ley Antifraude y Ley Crea y Crece en Expansi\u00f3n. \u2014 Entrevista sobre Ley Antifraude y Ley Crea y Crece en La Raz\u00f3n. \u2014 Entrevista sobre factura electr\u00f3nica obligatoria en El Economista. \u2014 Comunicado Billin y TeamSystem en Business Insider. \u2014 Entrevista en Econom\u00eda Digital. \u2014 Entrevista en Ideas para tu empresa de Vodafone. \u2014 Entrevista en M\u00e1sQradio. \u2014 Entrevista en Armas para emprender de El M\u00e9todo Gallardo. \u2014 Entrevista en KFund. \u2014 Entrevista en AXA Seguros Espa\u00f1a. \u2014 Entrevista en GestionaRadio. \u00a0 Marcos De La Cueva en eventos \u00a0 \u2014 Participaci\u00f3n como ponente en Accountex Espa\u00f1a 2023. \u00a0 Tem\u00e1ticas de especializaci\u00f3n \u00a0 negocios | startups | contabilidad| fiscalidad | empresas| asesor\u00edas| autonomos | emprendedores | peque\u00f1os negocios | econom\u00eda | ADE | pymes | desarrollo de negocio\u00a0","sameAs":["https:\/\/www.billin.net\/","https:\/\/www.linkedin.com\/in\/marcos-de-la-cueva-19750ba3\/"],"url":"https:\/\/www.billin.net\/blog\/author\/marcosdelacueva\/","jobTitle":"CEO y cofundador de TS Facturas Billin"}]}},"_links":{"self":[{"href":"https:\/\/www.billin.net\/blog\/wp-json\/wp\/v2\/posts\/10139","targetHints":{"allow":["GET"]}}],"collection":[{"href":"https:\/\/www.billin.net\/blog\/wp-json\/wp\/v2\/posts"}],"about":[{"href":"https:\/\/www.billin.net\/blog\/wp-json\/wp\/v2\/types\/post"}],"author":[{"embeddable":true,"href":"https:\/\/www.billin.net\/blog\/wp-json\/wp\/v2\/users\/20"}],"replies":[{"embeddable":true,"href":"https:\/\/www.billin.net\/blog\/wp-json\/wp\/v2\/comments?post=10139"}],"version-history":[{"count":18,"href":"https:\/\/www.billin.net\/blog\/wp-json\/wp\/v2\/posts\/10139\/revisions"}],"predecessor-version":[{"id":27930,"href":"https:\/\/www.billin.net\/blog\/wp-json\/wp\/v2\/posts\/10139\/revisions\/27930"}],"wp:featuredmedia":[{"embeddable":true,"href":"https:\/\/www.billin.net\/blog\/wp-json\/wp\/v2\/media\/12929"}],"wp:attachment":[{"href":"https:\/\/www.billin.net\/blog\/wp-json\/wp\/v2\/media?parent=10139"}],"wp:term":[{"taxonomy":"category","embeddable":true,"href":"https:\/\/www.billin.net\/blog\/wp-json\/wp\/v2\/categories?post=10139"},{"taxonomy":"post_tag","embeddable":true,"href":"https:\/\/www.billin.net\/blog\/wp-json\/wp\/v2\/tags?post=10139"}],"curies":[{"name":"wp","href":"https:\/\/api.w.org\/{rel}","templated":true}]}}